
{"id":5197,"date":"2025-11-18T17:59:48","date_gmt":"2025-11-18T20:59:48","guid":{"rendered":"https:\/\/cuartetoenlaweb.com.ar\/sitio\/las-pericias-mecanicas-del-choque-en-jose-c-paz-donde-fallecio-un-matrimonio\/"},"modified":"2025-11-18T17:59:48","modified_gmt":"2025-11-18T20:59:48","slug":"las-pericias-mecanicas-del-choque-en-jose-c-paz-donde-fallecio-un-matrimonio","status":"publish","type":"post","link":"https:\/\/cuartetoenlaweb.com.ar\/sitio\/las-pericias-mecanicas-del-choque-en-jose-c-paz-donde-fallecio-un-matrimonio\/","title":{"rendered":"Las pericias mec\u00e1nicas del choque en Jos\u00e9 C. Paz donde falleci\u00f3 un matrimonio"},"content":{"rendered":"<p>Buenos Aires, 18 noviembre (NA) \u2013 Las pericias mec\u00e1nicas en el caso por el choque fatal en Jos\u00e9 C. Paz, donde un matrimonio falleci\u00f3, sus tres hijos resultaron heridos y el joven Michael Carballo se encuentra detenido, revelaron que la camioneta manejada por el acusado iba entre los 70 y 100k m\/h, promediando los 88 km\/h.<\/p>\n<p>Conforme a la informaci\u00f3n aportada a la Agencia Noticias Argentinas, el perito oficial que llev\u00f3 a cabo el an\u00e1lisis del veloc\u00edmetro determin\u00f3 que Carballo superaba la m\u00e1xima permitida en la zona, que era de 60km\/h, aunque tambi\u00e9n expresa que existe cierta responsabilidad en el Renault 12, que circulaba a 15km\/h, y en el que iban las v\u00edctimas con sus hijos.<\/p>\n<p>Juan Carlos Osorio, abogado del joven detenido, indic\u00f3 a NA que los peritos de parte de las v\u00edctimas inform\u00f3 que, seg\u00fan sus c\u00e1lculos, la camioneta circulaba a 59km\/h y el experto propuesto por la defensa estima que iba a 61,75km\/h.<\/p>\n<p>Ahora, se espera saber qu\u00e9 va a pasar en las pr\u00f3ximas horas cuando la Justicia indique si aprueba o no a la negativa de la cauci\u00f3n real para la excarcelaci\u00f3n del joven: \u201cEs por una suma elevada de dinero que apelamos y pedimos que se modifique por una de garant\u00eda o juratoria\u201d.<\/p>\n<p>\u201cEstamos a la espera de esa resoluci\u00f3n que seguro ma\u00f1ana la tendremos y en ese sentido Carballo recuperar\u00e1 la libertad\u201d, expuso Osorio.<\/p>\n<p>Un punto manifestado por el defensor es que tanto el an\u00e1lisis de sangre, como el de orina, dieron negativo respecto a si manejaba bajo los efectos del alcohol o alg\u00fan tipo de estupefacientes.<\/p>\n<p>El hecho sucedi\u00f3 el viernes 31 de octubre en la intersecci\u00f3n de la Avenida Hip\u00f3lito Yrigoyen (Ruta 197) y la calle Mendoza. Producto del impacto, Renzo Ben\u00edtez y su esposa Eliana Ram\u00edrez fallecieron. #AgenciaNA<\/p>\n","protected":false},"excerpt":{"rendered":"<p>Buenos Aires, 18 noviembre (NA) \u2013 Las pericias mec\u00e1nicas en<\/p>\n","protected":false},"author":0,"featured_media":5198,"comment_status":"","ping_status":"","sticky":false,"template":"","format":"standard","meta":{"footnotes":""},"categories":[65],"tags":[],"class_list":["post-5197","post","type-post","status-publish","format-standard","has-post-thumbnail","hentry","category-pais"],"yoast_head":"<!-- This site is optimized with the Yoast SEO plugin v27.4 - https:\/\/yoast.com\/product\/yoast-seo-wordpress\/ -->\n<title>Las pericias mec\u00e1nicas del choque en Jos\u00e9 C. Paz donde falleci\u00f3 un matrimonio - Cuarteto en la Web<\/title>\n<meta name=\"robots\" content=\"index, follow, max-snippet:-1, max-image-preview:large, max-video-preview:-1\" \/>\n<link rel=\"canonical\" href=\"http:\/\/cuartetoenlaweb.com.ar\/sitio\/las-pericias-mecanicas-del-choque-en-jose-c-paz-donde-fallecio-un-matrimonio\/\" \/>\n<meta property=\"og:locale\" content=\"es_ES\" \/>\n<meta property=\"og:type\" content=\"article\" \/>\n<meta property=\"og:title\" content=\"Las pericias mec\u00e1nicas del choque en Jos\u00e9 C. Paz donde falleci\u00f3 un matrimonio - Cuarteto en la Web\" \/>\n<meta property=\"og:description\" content=\"Buenos Aires, 18 noviembre (NA) \u2013 Las pericias mec\u00e1nicas en\" \/>\n<meta property=\"og:url\" content=\"http:\/\/cuartetoenlaweb.com.ar\/sitio\/las-pericias-mecanicas-del-choque-en-jose-c-paz-donde-fallecio-un-matrimonio\/\" \/>\n<meta property=\"og:site_name\" content=\"Cuarteto en la Web\" \/>\n<meta property=\"article:published_time\" content=\"2025-11-18T20:59:48+00:00\" \/>\n<meta property=\"og:image\" content=\"http:\/\/cuartetoenlaweb.com.ar\/sitio\/wp-content\/uploads\/2025\/11\/720-1315.jpeg\" \/>\n\t<meta property=\"og:image:width\" content=\"1280\" \/>\n\t<meta property=\"og:image:height\" content=\"640\" \/>\n\t<meta property=\"og:image:type\" content=\"image\/jpeg\" \/>\n<meta name=\"twitter:card\" content=\"summary_large_image\" \/>\n<meta name=\"twitter:label1\" content=\"Tiempo de lectura\" \/>\n\t<meta name=\"twitter:data1\" content=\"2 minutos\" \/>\n<script type=\"application\/ld+json\" class=\"yoast-schema-graph\">{\"@context\":\"https:\\\/\\\/schema.org\",\"@graph\":[{\"@type\":\"Article\",\"@id\":\"http:\\\/\\\/cuartetoenlaweb.com.ar\\\/sitio\\\/las-pericias-mecanicas-del-choque-en-jose-c-paz-donde-fallecio-un-matrimonio\\\/#article\",\"isPartOf\":{\"@id\":\"http:\\\/\\\/cuartetoenlaweb.com.ar\\\/sitio\\\/las-pericias-mecanicas-del-choque-en-jose-c-paz-donde-fallecio-un-matrimonio\\\/\"},\"author\":{\"name\":\"\",\"@id\":\"\"},\"headline\":\"Las pericias mec\u00e1nicas del choque en Jos\u00e9 C. Paz donde falleci\u00f3 un matrimonio\",\"datePublished\":\"2025-11-18T20:59:48+00:00\",\"mainEntityOfPage\":{\"@id\":\"http:\\\/\\\/cuartetoenlaweb.com.ar\\\/sitio\\\/las-pericias-mecanicas-del-choque-en-jose-c-paz-donde-fallecio-un-matrimonio\\\/\"},\"wordCount\":332,\"publisher\":{\"@id\":\"http:\\\/\\\/cuartetoenlaweb.com.ar\\\/sitio\\\/#organization\"},\"image\":{\"@id\":\"http:\\\/\\\/cuartetoenlaweb.com.ar\\\/sitio\\\/las-pericias-mecanicas-del-choque-en-jose-c-paz-donde-fallecio-un-matrimonio\\\/#primaryimage\"},\"thumbnailUrl\":\"https:\\\/\\\/cuartetoenlaweb.com.ar\\\/sitio\\\/wp-content\\\/uploads\\\/2025\\\/11\\\/720-1315.jpeg\",\"articleSection\":[\"PAIS\"],\"inLanguage\":\"es\"},{\"@type\":\"WebPage\",\"@id\":\"http:\\\/\\\/cuartetoenlaweb.com.ar\\\/sitio\\\/las-pericias-mecanicas-del-choque-en-jose-c-paz-donde-fallecio-un-matrimonio\\\/\",\"url\":\"http:\\\/\\\/cuartetoenlaweb.com.ar\\\/sitio\\\/las-pericias-mecanicas-del-choque-en-jose-c-paz-donde-fallecio-un-matrimonio\\\/\",\"name\":\"Las pericias mec\u00e1nicas del choque en Jos\u00e9 C. Paz donde falleci\u00f3 un matrimonio - Cuarteto en la Web\",\"isPartOf\":{\"@id\":\"http:\\\/\\\/cuartetoenlaweb.com.ar\\\/sitio\\\/#website\"},\"primaryImageOfPage\":{\"@id\":\"http:\\\/\\\/cuartetoenlaweb.com.ar\\\/sitio\\\/las-pericias-mecanicas-del-choque-en-jose-c-paz-donde-fallecio-un-matrimonio\\\/#primaryimage\"},\"image\":{\"@id\":\"http:\\\/\\\/cuartetoenlaweb.com.ar\\\/sitio\\\/las-pericias-mecanicas-del-choque-en-jose-c-paz-donde-fallecio-un-matrimonio\\\/#primaryimage\"},\"thumbnailUrl\":\"https:\\\/\\\/cuartetoenlaweb.com.ar\\\/sitio\\\/wp-content\\\/uploads\\\/2025\\\/11\\\/720-1315.jpeg\",\"datePublished\":\"2025-11-18T20:59:48+00:00\",\"breadcrumb\":{\"@id\":\"http:\\\/\\\/cuartetoenlaweb.com.ar\\\/sitio\\\/las-pericias-mecanicas-del-choque-en-jose-c-paz-donde-fallecio-un-matrimonio\\\/#breadcrumb\"},\"inLanguage\":\"es\",\"potentialAction\":[{\"@type\":\"ReadAction\",\"target\":[\"http:\\\/\\\/cuartetoenlaweb.com.ar\\\/sitio\\\/las-pericias-mecanicas-del-choque-en-jose-c-paz-donde-fallecio-un-matrimonio\\\/\"]}]},{\"@type\":\"ImageObject\",\"inLanguage\":\"es\",\"@id\":\"http:\\\/\\\/cuartetoenlaweb.com.ar\\\/sitio\\\/las-pericias-mecanicas-del-choque-en-jose-c-paz-donde-fallecio-un-matrimonio\\\/#primaryimage\",\"url\":\"https:\\\/\\\/cuartetoenlaweb.com.ar\\\/sitio\\\/wp-content\\\/uploads\\\/2025\\\/11\\\/720-1315.jpeg\",\"contentUrl\":\"https:\\\/\\\/cuartetoenlaweb.com.ar\\\/sitio\\\/wp-content\\\/uploads\\\/2025\\\/11\\\/720-1315.jpeg\",\"width\":1280,\"height\":640},{\"@type\":\"BreadcrumbList\",\"@id\":\"http:\\\/\\\/cuartetoenlaweb.com.ar\\\/sitio\\\/las-pericias-mecanicas-del-choque-en-jose-c-paz-donde-fallecio-un-matrimonio\\\/#breadcrumb\",\"itemListElement\":[{\"@type\":\"ListItem\",\"position\":1,\"name\":\"Portada\",\"item\":\"http:\\\/\\\/cuartetoenlaweb.com.ar\\\/sitio\\\/\"},{\"@type\":\"ListItem\",\"position\":2,\"name\":\"Las pericias mec\u00e1nicas del choque en Jos\u00e9 C. Paz donde falleci\u00f3 un matrimonio\"}]},{\"@type\":\"WebSite\",\"@id\":\"http:\\\/\\\/cuartetoenlaweb.com.ar\\\/sitio\\\/#website\",\"url\":\"http:\\\/\\\/cuartetoenlaweb.com.ar\\\/sitio\\\/\",\"name\":\"Cuarteto en la Web\",\"description\":\"\",\"publisher\":{\"@id\":\"http:\\\/\\\/cuartetoenlaweb.com.ar\\\/sitio\\\/#organization\"},\"potentialAction\":[{\"@type\":\"SearchAction\",\"target\":{\"@type\":\"EntryPoint\",\"urlTemplate\":\"http:\\\/\\\/cuartetoenlaweb.com.ar\\\/sitio\\\/?s={search_term_string}\"},\"query-input\":{\"@type\":\"PropertyValueSpecification\",\"valueRequired\":true,\"valueName\":\"search_term_string\"}}],\"inLanguage\":\"es\"},{\"@type\":\"Organization\",\"@id\":\"http:\\\/\\\/cuartetoenlaweb.com.ar\\\/sitio\\\/#organization\",\"name\":\"Cuarteto en la Web\",\"url\":\"http:\\\/\\\/cuartetoenlaweb.com.ar\\\/sitio\\\/\",\"logo\":{\"@type\":\"ImageObject\",\"inLanguage\":\"es\",\"@id\":\"http:\\\/\\\/cuartetoenlaweb.com.ar\\\/sitio\\\/#\\\/schema\\\/logo\\\/image\\\/\",\"url\":\"https:\\\/\\\/cuartetoenlaweb.com.ar\\\/sitio\\\/wp-content\\\/uploads\\\/2025\\\/07\\\/cropped-cropped-logitoweb21.png\",\"contentUrl\":\"https:\\\/\\\/cuartetoenlaweb.com.ar\\\/sitio\\\/wp-content\\\/uploads\\\/2025\\\/07\\\/cropped-cropped-logitoweb21.png\",\"width\":199,\"height\":199,\"caption\":\"Cuarteto en la Web\"},\"image\":{\"@id\":\"http:\\\/\\\/cuartetoenlaweb.com.ar\\\/sitio\\\/#\\\/schema\\\/logo\\\/image\\\/\"}}]}<\/script>\n<!-- \/ Yoast SEO plugin. -->","yoast_head_json":{"title":"Las pericias mec\u00e1nicas del choque en Jos\u00e9 C. Paz donde falleci\u00f3 un matrimonio - Cuarteto en la Web","robots":{"index":"index","follow":"follow","max-snippet":"max-snippet:-1","max-image-preview":"max-image-preview:large","max-video-preview":"max-video-preview:-1"},"canonical":"http:\/\/cuartetoenlaweb.com.ar\/sitio\/las-pericias-mecanicas-del-choque-en-jose-c-paz-donde-fallecio-un-matrimonio\/","og_locale":"es_ES","og_type":"article","og_title":"Las pericias mec\u00e1nicas del choque en Jos\u00e9 C. Paz donde falleci\u00f3 un matrimonio - Cuarteto en la Web","og_description":"Buenos Aires, 18 noviembre (NA) \u2013 Las pericias mec\u00e1nicas en","og_url":"http:\/\/cuartetoenlaweb.com.ar\/sitio\/las-pericias-mecanicas-del-choque-en-jose-c-paz-donde-fallecio-un-matrimonio\/","og_site_name":"Cuarteto en la Web","article_published_time":"2025-11-18T20:59:48+00:00","og_image":[{"width":1280,"height":640,"url":"http:\/\/cuartetoenlaweb.com.ar\/sitio\/wp-content\/uploads\/2025\/11\/720-1315.jpeg","type":"image\/jpeg"}],"twitter_card":"summary_large_image","twitter_misc":{"Tiempo de lectura":"2 minutos"},"schema":{"@context":"https:\/\/schema.org","@graph":[{"@type":"Article","@id":"http:\/\/cuartetoenlaweb.com.ar\/sitio\/las-pericias-mecanicas-del-choque-en-jose-c-paz-donde-fallecio-un-matrimonio\/#article","isPartOf":{"@id":"http:\/\/cuartetoenlaweb.com.ar\/sitio\/las-pericias-mecanicas-del-choque-en-jose-c-paz-donde-fallecio-un-matrimonio\/"},"author":{"name":"","@id":""},"headline":"Las pericias mec\u00e1nicas del choque en Jos\u00e9 C. Paz donde falleci\u00f3 un matrimonio","datePublished":"2025-11-18T20:59:48+00:00","mainEntityOfPage":{"@id":"http:\/\/cuartetoenlaweb.com.ar\/sitio\/las-pericias-mecanicas-del-choque-en-jose-c-paz-donde-fallecio-un-matrimonio\/"},"wordCount":332,"publisher":{"@id":"http:\/\/cuartetoenlaweb.com.ar\/sitio\/#organization"},"image":{"@id":"http:\/\/cuartetoenlaweb.com.ar\/sitio\/las-pericias-mecanicas-del-choque-en-jose-c-paz-donde-fallecio-un-matrimonio\/#primaryimage"},"thumbnailUrl":"https:\/\/cuartetoenlaweb.com.ar\/sitio\/wp-content\/uploads\/2025\/11\/720-1315.jpeg","articleSection":["PAIS"],"inLanguage":"es"},{"@type":"WebPage","@id":"http:\/\/cuartetoenlaweb.com.ar\/sitio\/las-pericias-mecanicas-del-choque-en-jose-c-paz-donde-fallecio-un-matrimonio\/","url":"http:\/\/cuartetoenlaweb.com.ar\/sitio\/las-pericias-mecanicas-del-choque-en-jose-c-paz-donde-fallecio-un-matrimonio\/","name":"Las pericias mec\u00e1nicas del choque en Jos\u00e9 C. Paz donde falleci\u00f3 un matrimonio - Cuarteto en la Web","isPartOf":{"@id":"http:\/\/cuartetoenlaweb.com.ar\/sitio\/#website"},"primaryImageOfPage":{"@id":"http:\/\/cuartetoenlaweb.com.ar\/sitio\/las-pericias-mecanicas-del-choque-en-jose-c-paz-donde-fallecio-un-matrimonio\/#primaryimage"},"image":{"@id":"http:\/\/cuartetoenlaweb.com.ar\/sitio\/las-pericias-mecanicas-del-choque-en-jose-c-paz-donde-fallecio-un-matrimonio\/#primaryimage"},"thumbnailUrl":"https:\/\/cuartetoenlaweb.com.ar\/sitio\/wp-content\/uploads\/2025\/11\/720-1315.jpeg","datePublished":"2025-11-18T20:59:48+00:00","breadcrumb":{"@id":"http:\/\/cuartetoenlaweb.com.ar\/sitio\/las-pericias-mecanicas-del-choque-en-jose-c-paz-donde-fallecio-un-matrimonio\/#breadcrumb"},"inLanguage":"es","potentialAction":[{"@type":"ReadAction","target":["http:\/\/cuartetoenlaweb.com.ar\/sitio\/las-pericias-mecanicas-del-choque-en-jose-c-paz-donde-fallecio-un-matrimonio\/"]}]},{"@type":"ImageObject","inLanguage":"es","@id":"http:\/\/cuartetoenlaweb.com.ar\/sitio\/las-pericias-mecanicas-del-choque-en-jose-c-paz-donde-fallecio-un-matrimonio\/#primaryimage","url":"https:\/\/cuartetoenlaweb.com.ar\/sitio\/wp-content\/uploads\/2025\/11\/720-1315.jpeg","contentUrl":"https:\/\/cuartetoenlaweb.com.ar\/sitio\/wp-content\/uploads\/2025\/11\/720-1315.jpeg","width":1280,"height":640},{"@type":"BreadcrumbList","@id":"http:\/\/cuartetoenlaweb.com.ar\/sitio\/las-pericias-mecanicas-del-choque-en-jose-c-paz-donde-fallecio-un-matrimonio\/#breadcrumb","itemListElement":[{"@type":"ListItem","position":1,"name":"Portada","item":"http:\/\/cuartetoenlaweb.com.ar\/sitio\/"},{"@type":"ListItem","position":2,"name":"Las pericias mec\u00e1nicas del choque en Jos\u00e9 C. Paz donde falleci\u00f3 un matrimonio"}]},{"@type":"WebSite","@id":"http:\/\/cuartetoenlaweb.com.ar\/sitio\/#website","url":"http:\/\/cuartetoenlaweb.com.ar\/sitio\/","name":"Cuarteto en la Web","description":"","publisher":{"@id":"http:\/\/cuartetoenlaweb.com.ar\/sitio\/#organization"},"potentialAction":[{"@type":"SearchAction","target":{"@type":"EntryPoint","urlTemplate":"http:\/\/cuartetoenlaweb.com.ar\/sitio\/?s={search_term_string}"},"query-input":{"@type":"PropertyValueSpecification","valueRequired":true,"valueName":"search_term_string"}}],"inLanguage":"es"},{"@type":"Organization","@id":"http:\/\/cuartetoenlaweb.com.ar\/sitio\/#organization","name":"Cuarteto en la Web","url":"http:\/\/cuartetoenlaweb.com.ar\/sitio\/","logo":{"@type":"ImageObject","inLanguage":"es","@id":"http:\/\/cuartetoenlaweb.com.ar\/sitio\/#\/schema\/logo\/image\/","url":"https:\/\/cuartetoenlaweb.com.ar\/sitio\/wp-content\/uploads\/2025\/07\/cropped-cropped-logitoweb21.png","contentUrl":"https:\/\/cuartetoenlaweb.com.ar\/sitio\/wp-content\/uploads\/2025\/07\/cropped-cropped-logitoweb21.png","width":199,"height":199,"caption":"Cuarteto en la Web"},"image":{"@id":"http:\/\/cuartetoenlaweb.com.ar\/sitio\/#\/schema\/logo\/image\/"}}]}},"_links":{"self":[{"href":"https:\/\/cuartetoenlaweb.com.ar\/sitio\/wp-json\/wp\/v2\/posts\/5197","targetHints":{"allow":["GET"]}}],"collection":[{"href":"https:\/\/cuartetoenlaweb.com.ar\/sitio\/wp-json\/wp\/v2\/posts"}],"about":[{"href":"https:\/\/cuartetoenlaweb.com.ar\/sitio\/wp-json\/wp\/v2\/types\/post"}],"replies":[{"embeddable":true,"href":"https:\/\/cuartetoenlaweb.com.ar\/sitio\/wp-json\/wp\/v2\/comments?post=5197"}],"version-history":[{"count":0,"href":"https:\/\/cuartetoenlaweb.com.ar\/sitio\/wp-json\/wp\/v2\/posts\/5197\/revisions"}],"wp:featuredmedia":[{"embeddable":true,"href":"https:\/\/cuartetoenlaweb.com.ar\/sitio\/wp-json\/wp\/v2\/media\/5198"}],"wp:attachment":[{"href":"https:\/\/cuartetoenlaweb.com.ar\/sitio\/wp-json\/wp\/v2\/media?parent=5197"}],"wp:term":[{"taxonomy":"category","embeddable":true,"href":"https:\/\/cuartetoenlaweb.com.ar\/sitio\/wp-json\/wp\/v2\/categories?post=5197"},{"taxonomy":"post_tag","embeddable":true,"href":"https:\/\/cuartetoenlaweb.com.ar\/sitio\/wp-json\/wp\/v2\/tags?post=5197"}],"curies":[{"name":"wp","href":"https:\/\/api.w.org\/{rel}","templated":true}]}}