
{"id":5189,"date":"2025-11-18T17:59:41","date_gmt":"2025-11-18T20:59:41","guid":{"rendered":"https:\/\/cuartetoenlaweb.com.ar\/sitio\/eeuu-se-obligara-al-departamento-de-justicia-a-publicar-los-archivos-de-epstein\/"},"modified":"2025-11-18T17:59:41","modified_gmt":"2025-11-18T20:59:41","slug":"eeuu-se-obligara-al-departamento-de-justicia-a-publicar-los-archivos-de-epstein","status":"publish","type":"post","link":"https:\/\/cuartetoenlaweb.com.ar\/sitio\/eeuu-se-obligara-al-departamento-de-justicia-a-publicar-los-archivos-de-epstein\/","title":{"rendered":"EEUU: se obligar\u00e1 al Departamento de Justicia a publicar los archivos de Epstein"},"content":{"rendered":"<p>Buenos Aires, 18 noviembre (NA) \u2014 La C\u00e1mara de Representantes de Estados Unidos tom\u00f3 el martes el paso significativo de ordenar al Departamento de Justicia del presidente Donald Trump divulgar p\u00fablicamente todos sus archivos de investigaci\u00f3n sobre el ya fallecido agresor sexual convicto Jeffrey Epstein, tras meses de duros enfrentamientos internos dentro del Partido Republicano.<\/p>\n<p>La C\u00e1mara vot\u00f3 427-1 para aprobar la medida, con el representante republicano Clay Higgins, de Louisiana, como el \u00fanico miembro que vot\u00f3 en contra, report\u00f3 la cadena CNN.<\/p>\n<p>La iniciativa ahora pasa a revisi\u00f3n del Senado, donde los l\u00edderes republicanos deben decidir r\u00e1pidamente si la enviar\u00e1n al despacho de Trump para su ratificaci\u00f3n, supo la Agencia Noticias Argentinas.<\/p>\n<p>El mandatario ha dicho que firmar\u00e1 el proyecto si el Congreso lo aprueba, despu\u00e9s de meses de calificar el tema como un \u201cenga\u00f1o dem\u00f3crata\u201d.<\/p>\n<p>Este lunes, Donald Trump asegur\u00f3 que apoyaba una votaci\u00f3n en la C\u00e1mara de Representantes de Estados Unidos para publicar m\u00e1s archivos relacionados con el fallecido delincuente sexual Jeffrey Epstein, pese a que antes se hab\u00eda opuesto a la medida.<\/p>\n<p>\u201cLos republicanos de la C\u00e1mara deber\u00edan votar a favor de la publicaci\u00f3n de los archivos de Epstein porque no tenemos nada que ocultar\u201d, escribi\u00f3 Trump en su plataforma social.<\/p>\n<p> #AgenciaNA<\/p>\n","protected":false},"excerpt":{"rendered":"<p>Buenos Aires, 18 noviembre (NA) \u2014 La C\u00e1mara de Representantes<\/p>\n","protected":false},"author":0,"featured_media":5190,"comment_status":"","ping_status":"","sticky":false,"template":"","format":"standard","meta":{"footnotes":""},"categories":[65],"tags":[],"class_list":["post-5189","post","type-post","status-publish","format-standard","has-post-thumbnail","hentry","category-pais"],"yoast_head":"<!-- This site is optimized with the Yoast SEO plugin v27.4 - https:\/\/yoast.com\/product\/yoast-seo-wordpress\/ -->\n<title>EEUU: se obligar\u00e1 al Departamento de Justicia a publicar los archivos de Epstein - Cuarteto en la Web<\/title>\n<meta name=\"robots\" content=\"index, follow, max-snippet:-1, max-image-preview:large, max-video-preview:-1\" \/>\n<link rel=\"canonical\" href=\"https:\/\/cuartetoenlaweb.com.ar\/sitio\/eeuu-se-obligara-al-departamento-de-justicia-a-publicar-los-archivos-de-epstein\/\" \/>\n<meta property=\"og:locale\" content=\"es_ES\" \/>\n<meta property=\"og:type\" content=\"article\" \/>\n<meta property=\"og:title\" content=\"EEUU: se obligar\u00e1 al Departamento de Justicia a publicar los archivos de Epstein - Cuarteto en la Web\" \/>\n<meta property=\"og:description\" content=\"Buenos Aires, 18 noviembre (NA) \u2014 La C\u00e1mara de Representantes\" \/>\n<meta property=\"og:url\" content=\"https:\/\/cuartetoenlaweb.com.ar\/sitio\/eeuu-se-obligara-al-departamento-de-justicia-a-publicar-los-archivos-de-epstein\/\" \/>\n<meta property=\"og:site_name\" content=\"Cuarteto en la Web\" \/>\n<meta property=\"article:published_time\" content=\"2025-11-18T20:59:41+00:00\" \/>\n<meta property=\"og:image\" content=\"https:\/\/cuartetoenlaweb.com.ar\/sitio\/wp-content\/uploads\/2025\/11\/720-1311.jpeg\" \/>\n\t<meta property=\"og:image:width\" content=\"1027\" \/>\n\t<meta property=\"og:image:height\" content=\"720\" \/>\n\t<meta property=\"og:image:type\" content=\"image\/jpeg\" \/>\n<meta name=\"twitter:card\" content=\"summary_large_image\" \/>\n<meta name=\"twitter:label1\" content=\"Tiempo de lectura\" \/>\n\t<meta name=\"twitter:data1\" content=\"1 minuto\" \/>\n<script type=\"application\/ld+json\" class=\"yoast-schema-graph\">{\"@context\":\"https:\\\/\\\/schema.org\",\"@graph\":[{\"@type\":\"Article\",\"@id\":\"https:\\\/\\\/cuartetoenlaweb.com.ar\\\/sitio\\\/eeuu-se-obligara-al-departamento-de-justicia-a-publicar-los-archivos-de-epstein\\\/#article\",\"isPartOf\":{\"@id\":\"https:\\\/\\\/cuartetoenlaweb.com.ar\\\/sitio\\\/eeuu-se-obligara-al-departamento-de-justicia-a-publicar-los-archivos-de-epstein\\\/\"},\"author\":{\"name\":\"\",\"@id\":\"\"},\"headline\":\"EEUU: se obligar\u00e1 al Departamento de Justicia a publicar los archivos de Epstein\",\"datePublished\":\"2025-11-18T20:59:41+00:00\",\"mainEntityOfPage\":{\"@id\":\"https:\\\/\\\/cuartetoenlaweb.com.ar\\\/sitio\\\/eeuu-se-obligara-al-departamento-de-justicia-a-publicar-los-archivos-de-epstein\\\/\"},\"wordCount\":236,\"publisher\":{\"@id\":\"http:\\\/\\\/cuartetoenlaweb.com.ar\\\/sitio\\\/#organization\"},\"image\":{\"@id\":\"https:\\\/\\\/cuartetoenlaweb.com.ar\\\/sitio\\\/eeuu-se-obligara-al-departamento-de-justicia-a-publicar-los-archivos-de-epstein\\\/#primaryimage\"},\"thumbnailUrl\":\"https:\\\/\\\/cuartetoenlaweb.com.ar\\\/sitio\\\/wp-content\\\/uploads\\\/2025\\\/11\\\/720-1311.jpeg\",\"articleSection\":[\"PAIS\"],\"inLanguage\":\"es\"},{\"@type\":\"WebPage\",\"@id\":\"https:\\\/\\\/cuartetoenlaweb.com.ar\\\/sitio\\\/eeuu-se-obligara-al-departamento-de-justicia-a-publicar-los-archivos-de-epstein\\\/\",\"url\":\"https:\\\/\\\/cuartetoenlaweb.com.ar\\\/sitio\\\/eeuu-se-obligara-al-departamento-de-justicia-a-publicar-los-archivos-de-epstein\\\/\",\"name\":\"EEUU: se obligar\u00e1 al Departamento de Justicia a publicar los archivos de Epstein - Cuarteto en la Web\",\"isPartOf\":{\"@id\":\"http:\\\/\\\/cuartetoenlaweb.com.ar\\\/sitio\\\/#website\"},\"primaryImageOfPage\":{\"@id\":\"https:\\\/\\\/cuartetoenlaweb.com.ar\\\/sitio\\\/eeuu-se-obligara-al-departamento-de-justicia-a-publicar-los-archivos-de-epstein\\\/#primaryimage\"},\"image\":{\"@id\":\"https:\\\/\\\/cuartetoenlaweb.com.ar\\\/sitio\\\/eeuu-se-obligara-al-departamento-de-justicia-a-publicar-los-archivos-de-epstein\\\/#primaryimage\"},\"thumbnailUrl\":\"https:\\\/\\\/cuartetoenlaweb.com.ar\\\/sitio\\\/wp-content\\\/uploads\\\/2025\\\/11\\\/720-1311.jpeg\",\"datePublished\":\"2025-11-18T20:59:41+00:00\",\"breadcrumb\":{\"@id\":\"https:\\\/\\\/cuartetoenlaweb.com.ar\\\/sitio\\\/eeuu-se-obligara-al-departamento-de-justicia-a-publicar-los-archivos-de-epstein\\\/#breadcrumb\"},\"inLanguage\":\"es\",\"potentialAction\":[{\"@type\":\"ReadAction\",\"target\":[\"https:\\\/\\\/cuartetoenlaweb.com.ar\\\/sitio\\\/eeuu-se-obligara-al-departamento-de-justicia-a-publicar-los-archivos-de-epstein\\\/\"]}]},{\"@type\":\"ImageObject\",\"inLanguage\":\"es\",\"@id\":\"https:\\\/\\\/cuartetoenlaweb.com.ar\\\/sitio\\\/eeuu-se-obligara-al-departamento-de-justicia-a-publicar-los-archivos-de-epstein\\\/#primaryimage\",\"url\":\"https:\\\/\\\/cuartetoenlaweb.com.ar\\\/sitio\\\/wp-content\\\/uploads\\\/2025\\\/11\\\/720-1311.jpeg\",\"contentUrl\":\"https:\\\/\\\/cuartetoenlaweb.com.ar\\\/sitio\\\/wp-content\\\/uploads\\\/2025\\\/11\\\/720-1311.jpeg\",\"width\":1027,\"height\":720},{\"@type\":\"BreadcrumbList\",\"@id\":\"https:\\\/\\\/cuartetoenlaweb.com.ar\\\/sitio\\\/eeuu-se-obligara-al-departamento-de-justicia-a-publicar-los-archivos-de-epstein\\\/#breadcrumb\",\"itemListElement\":[{\"@type\":\"ListItem\",\"position\":1,\"name\":\"Portada\",\"item\":\"http:\\\/\\\/cuartetoenlaweb.com.ar\\\/sitio\\\/\"},{\"@type\":\"ListItem\",\"position\":2,\"name\":\"EEUU: se obligar\u00e1 al Departamento de Justicia a publicar los archivos de Epstein\"}]},{\"@type\":\"WebSite\",\"@id\":\"http:\\\/\\\/cuartetoenlaweb.com.ar\\\/sitio\\\/#website\",\"url\":\"http:\\\/\\\/cuartetoenlaweb.com.ar\\\/sitio\\\/\",\"name\":\"Cuarteto en la Web\",\"description\":\"\",\"publisher\":{\"@id\":\"http:\\\/\\\/cuartetoenlaweb.com.ar\\\/sitio\\\/#organization\"},\"potentialAction\":[{\"@type\":\"SearchAction\",\"target\":{\"@type\":\"EntryPoint\",\"urlTemplate\":\"http:\\\/\\\/cuartetoenlaweb.com.ar\\\/sitio\\\/?s={search_term_string}\"},\"query-input\":{\"@type\":\"PropertyValueSpecification\",\"valueRequired\":true,\"valueName\":\"search_term_string\"}}],\"inLanguage\":\"es\"},{\"@type\":\"Organization\",\"@id\":\"http:\\\/\\\/cuartetoenlaweb.com.ar\\\/sitio\\\/#organization\",\"name\":\"Cuarteto en la Web\",\"url\":\"http:\\\/\\\/cuartetoenlaweb.com.ar\\\/sitio\\\/\",\"logo\":{\"@type\":\"ImageObject\",\"inLanguage\":\"es\",\"@id\":\"http:\\\/\\\/cuartetoenlaweb.com.ar\\\/sitio\\\/#\\\/schema\\\/logo\\\/image\\\/\",\"url\":\"https:\\\/\\\/cuartetoenlaweb.com.ar\\\/sitio\\\/wp-content\\\/uploads\\\/2025\\\/07\\\/cropped-cropped-logitoweb21.png\",\"contentUrl\":\"https:\\\/\\\/cuartetoenlaweb.com.ar\\\/sitio\\\/wp-content\\\/uploads\\\/2025\\\/07\\\/cropped-cropped-logitoweb21.png\",\"width\":199,\"height\":199,\"caption\":\"Cuarteto en la Web\"},\"image\":{\"@id\":\"http:\\\/\\\/cuartetoenlaweb.com.ar\\\/sitio\\\/#\\\/schema\\\/logo\\\/image\\\/\"}}]}<\/script>\n<!-- \/ Yoast SEO plugin. -->","yoast_head_json":{"title":"EEUU: se obligar\u00e1 al Departamento de Justicia a publicar los archivos de Epstein - Cuarteto en la Web","robots":{"index":"index","follow":"follow","max-snippet":"max-snippet:-1","max-image-preview":"max-image-preview:large","max-video-preview":"max-video-preview:-1"},"canonical":"https:\/\/cuartetoenlaweb.com.ar\/sitio\/eeuu-se-obligara-al-departamento-de-justicia-a-publicar-los-archivos-de-epstein\/","og_locale":"es_ES","og_type":"article","og_title":"EEUU: se obligar\u00e1 al Departamento de Justicia a publicar los archivos de Epstein - Cuarteto en la Web","og_description":"Buenos Aires, 18 noviembre (NA) \u2014 La C\u00e1mara de Representantes","og_url":"https:\/\/cuartetoenlaweb.com.ar\/sitio\/eeuu-se-obligara-al-departamento-de-justicia-a-publicar-los-archivos-de-epstein\/","og_site_name":"Cuarteto en la Web","article_published_time":"2025-11-18T20:59:41+00:00","og_image":[{"width":1027,"height":720,"url":"https:\/\/cuartetoenlaweb.com.ar\/sitio\/wp-content\/uploads\/2025\/11\/720-1311.jpeg","type":"image\/jpeg"}],"twitter_card":"summary_large_image","twitter_misc":{"Tiempo de lectura":"1 minuto"},"schema":{"@context":"https:\/\/schema.org","@graph":[{"@type":"Article","@id":"https:\/\/cuartetoenlaweb.com.ar\/sitio\/eeuu-se-obligara-al-departamento-de-justicia-a-publicar-los-archivos-de-epstein\/#article","isPartOf":{"@id":"https:\/\/cuartetoenlaweb.com.ar\/sitio\/eeuu-se-obligara-al-departamento-de-justicia-a-publicar-los-archivos-de-epstein\/"},"author":{"name":"","@id":""},"headline":"EEUU: se obligar\u00e1 al Departamento de Justicia a publicar los archivos de Epstein","datePublished":"2025-11-18T20:59:41+00:00","mainEntityOfPage":{"@id":"https:\/\/cuartetoenlaweb.com.ar\/sitio\/eeuu-se-obligara-al-departamento-de-justicia-a-publicar-los-archivos-de-epstein\/"},"wordCount":236,"publisher":{"@id":"http:\/\/cuartetoenlaweb.com.ar\/sitio\/#organization"},"image":{"@id":"https:\/\/cuartetoenlaweb.com.ar\/sitio\/eeuu-se-obligara-al-departamento-de-justicia-a-publicar-los-archivos-de-epstein\/#primaryimage"},"thumbnailUrl":"https:\/\/cuartetoenlaweb.com.ar\/sitio\/wp-content\/uploads\/2025\/11\/720-1311.jpeg","articleSection":["PAIS"],"inLanguage":"es"},{"@type":"WebPage","@id":"https:\/\/cuartetoenlaweb.com.ar\/sitio\/eeuu-se-obligara-al-departamento-de-justicia-a-publicar-los-archivos-de-epstein\/","url":"https:\/\/cuartetoenlaweb.com.ar\/sitio\/eeuu-se-obligara-al-departamento-de-justicia-a-publicar-los-archivos-de-epstein\/","name":"EEUU: se obligar\u00e1 al Departamento de Justicia a publicar los archivos de Epstein - Cuarteto en la Web","isPartOf":{"@id":"http:\/\/cuartetoenlaweb.com.ar\/sitio\/#website"},"primaryImageOfPage":{"@id":"https:\/\/cuartetoenlaweb.com.ar\/sitio\/eeuu-se-obligara-al-departamento-de-justicia-a-publicar-los-archivos-de-epstein\/#primaryimage"},"image":{"@id":"https:\/\/cuartetoenlaweb.com.ar\/sitio\/eeuu-se-obligara-al-departamento-de-justicia-a-publicar-los-archivos-de-epstein\/#primaryimage"},"thumbnailUrl":"https:\/\/cuartetoenlaweb.com.ar\/sitio\/wp-content\/uploads\/2025\/11\/720-1311.jpeg","datePublished":"2025-11-18T20:59:41+00:00","breadcrumb":{"@id":"https:\/\/cuartetoenlaweb.com.ar\/sitio\/eeuu-se-obligara-al-departamento-de-justicia-a-publicar-los-archivos-de-epstein\/#breadcrumb"},"inLanguage":"es","potentialAction":[{"@type":"ReadAction","target":["https:\/\/cuartetoenlaweb.com.ar\/sitio\/eeuu-se-obligara-al-departamento-de-justicia-a-publicar-los-archivos-de-epstein\/"]}]},{"@type":"ImageObject","inLanguage":"es","@id":"https:\/\/cuartetoenlaweb.com.ar\/sitio\/eeuu-se-obligara-al-departamento-de-justicia-a-publicar-los-archivos-de-epstein\/#primaryimage","url":"https:\/\/cuartetoenlaweb.com.ar\/sitio\/wp-content\/uploads\/2025\/11\/720-1311.jpeg","contentUrl":"https:\/\/cuartetoenlaweb.com.ar\/sitio\/wp-content\/uploads\/2025\/11\/720-1311.jpeg","width":1027,"height":720},{"@type":"BreadcrumbList","@id":"https:\/\/cuartetoenlaweb.com.ar\/sitio\/eeuu-se-obligara-al-departamento-de-justicia-a-publicar-los-archivos-de-epstein\/#breadcrumb","itemListElement":[{"@type":"ListItem","position":1,"name":"Portada","item":"http:\/\/cuartetoenlaweb.com.ar\/sitio\/"},{"@type":"ListItem","position":2,"name":"EEUU: se obligar\u00e1 al Departamento de Justicia a publicar los archivos de Epstein"}]},{"@type":"WebSite","@id":"http:\/\/cuartetoenlaweb.com.ar\/sitio\/#website","url":"http:\/\/cuartetoenlaweb.com.ar\/sitio\/","name":"Cuarteto en la Web","description":"","publisher":{"@id":"http:\/\/cuartetoenlaweb.com.ar\/sitio\/#organization"},"potentialAction":[{"@type":"SearchAction","target":{"@type":"EntryPoint","urlTemplate":"http:\/\/cuartetoenlaweb.com.ar\/sitio\/?s={search_term_string}"},"query-input":{"@type":"PropertyValueSpecification","valueRequired":true,"valueName":"search_term_string"}}],"inLanguage":"es"},{"@type":"Organization","@id":"http:\/\/cuartetoenlaweb.com.ar\/sitio\/#organization","name":"Cuarteto en la Web","url":"http:\/\/cuartetoenlaweb.com.ar\/sitio\/","logo":{"@type":"ImageObject","inLanguage":"es","@id":"http:\/\/cuartetoenlaweb.com.ar\/sitio\/#\/schema\/logo\/image\/","url":"https:\/\/cuartetoenlaweb.com.ar\/sitio\/wp-content\/uploads\/2025\/07\/cropped-cropped-logitoweb21.png","contentUrl":"https:\/\/cuartetoenlaweb.com.ar\/sitio\/wp-content\/uploads\/2025\/07\/cropped-cropped-logitoweb21.png","width":199,"height":199,"caption":"Cuarteto en la Web"},"image":{"@id":"http:\/\/cuartetoenlaweb.com.ar\/sitio\/#\/schema\/logo\/image\/"}}]}},"_links":{"self":[{"href":"https:\/\/cuartetoenlaweb.com.ar\/sitio\/wp-json\/wp\/v2\/posts\/5189","targetHints":{"allow":["GET"]}}],"collection":[{"href":"https:\/\/cuartetoenlaweb.com.ar\/sitio\/wp-json\/wp\/v2\/posts"}],"about":[{"href":"https:\/\/cuartetoenlaweb.com.ar\/sitio\/wp-json\/wp\/v2\/types\/post"}],"replies":[{"embeddable":true,"href":"https:\/\/cuartetoenlaweb.com.ar\/sitio\/wp-json\/wp\/v2\/comments?post=5189"}],"version-history":[{"count":0,"href":"https:\/\/cuartetoenlaweb.com.ar\/sitio\/wp-json\/wp\/v2\/posts\/5189\/revisions"}],"wp:featuredmedia":[{"embeddable":true,"href":"https:\/\/cuartetoenlaweb.com.ar\/sitio\/wp-json\/wp\/v2\/media\/5190"}],"wp:attachment":[{"href":"https:\/\/cuartetoenlaweb.com.ar\/sitio\/wp-json\/wp\/v2\/media?parent=5189"}],"wp:term":[{"taxonomy":"category","embeddable":true,"href":"https:\/\/cuartetoenlaweb.com.ar\/sitio\/wp-json\/wp\/v2\/categories?post=5189"},{"taxonomy":"post_tag","embeddable":true,"href":"https:\/\/cuartetoenlaweb.com.ar\/sitio\/wp-json\/wp\/v2\/tags?post=5189"}],"curies":[{"name":"wp","href":"https:\/\/api.w.org\/{rel}","templated":true}]}}