
{"id":5187,"date":"2025-11-18T17:59:40","date_gmt":"2025-11-18T20:59:40","guid":{"rendered":"https:\/\/cuartetoenlaweb.com.ar\/sitio\/asi-es-la-mansion-que-tini-stoessel-y-rodrigo-de-paul-estan-construyendo-en-san-isidro-spa-cava-de-vinos-y-mucho-lujo\/"},"modified":"2025-11-18T17:59:40","modified_gmt":"2025-11-18T20:59:40","slug":"asi-es-la-mansion-que-tini-stoessel-y-rodrigo-de-paul-estan-construyendo-en-san-isidro-spa-cava-de-vinos-y-mucho-lujo","status":"publish","type":"post","link":"https:\/\/cuartetoenlaweb.com.ar\/sitio\/asi-es-la-mansion-que-tini-stoessel-y-rodrigo-de-paul-estan-construyendo-en-san-isidro-spa-cava-de-vinos-y-mucho-lujo\/","title":{"rendered":"As\u00ed es la mansi\u00f3n que Tini Stoessel y Rodrigo de Paul est\u00e1n construyendo en San Isidro: spa, cava de vinos y mucho lujo:"},"content":{"rendered":"<p>En medio de los rumores que se\u00f1alan al 5 de diciembre como la posible fecha de boda, <strong><a href=\"https:\/\/www.paparazzi.com.ar\/tag\/tini-stoessel\/\">Tini Stoessel<\/a><\/strong> y <strong>Rodrigo De Paul<\/strong> suman un nuevo cap\u00edtulo a su historia: la construcci\u00f3n de una casa imponente en un predio ultraprivado de Lomas de San Isidro. All\u00ed, en un terreno dividido en solo cuatro parcelas, estar\u00edan levantando la propiedad en la que planean instalarse cuando regresen al pa\u00eds.<\/p>\n<p>Desde Tarde o Temprano, <strong>Fernanda Iglesias<\/strong> mostr\u00f3 im\u00e1genes a\u00e9reas del proyecto y explic\u00f3, con tono m\u00e1s que sugerente, <em>\u201cVan a convivir apenas con tres familias m\u00e1s\u201d<\/em>. El detalle, que llam\u00f3 r\u00e1pidamente la atenci\u00f3n, subraya la decisi\u00f3n de la pareja de evitar cualquier barrio tradicional y optar por un desarrollo m\u00ednimo, pensado para asegurar silencio y resguardo.<\/p>\n<p>La construcci\u00f3n avanza en un entorno verde, rodeado de vegetaci\u00f3n y lejos del tr\u00e1nsito habitual. En el programa, la periodista detall\u00f3 que la zona elegida por <strong><a href=\"https:\/\/www.paparazzi.com.ar\/romances\/tini-stoessel-y-rodrigo-de-paul-la-foto-rumbo-al-aeropuerto-a-donde-viajaron\/\">Tini Stoessel<\/a><\/strong> y <strong>Rodrigo De Paul<\/strong> combina perfil residencial con un nivel de privacidad que pocas figuras p\u00fablicas consiguen dentro del Gran Buenos Aires.<\/p>\n<div class=\"mt-box \">\n<h4 class=\"mt-heading\">Mir\u00e1 Tambi\u00e9n<\/h4>\n<p><a href=\"https:\/\/www.paparazzi.com.ar\/videos\/exclusivo-la-sensible-revelacion-de-luis-ventura-sobre-sus-noches-duermo-con-los-seres-queridos-que-ya-partieron\/\"><\/p>\n<div class=\"mt-content\">\n<div class=\"mt-image-container\"><img decoding=\"async\" src=\"https:\/\/www.paparazzi.com.ar\/wp-content\/uploads\/2025\/11\/Ventura-1-359x226.jpg\" alt=\"\u00a1Exclusivo! La sensible revelaci\u00f3n de Luis Ventura sobre sus noches: &quot;Duermo con los seres queridos que ya partieron&quot;\" class=\"mt-image\" loading=\"lazy\" \/><\/div>\n<h5 class=\"mt-title\">\u00a1Exclusivo! La sensible revelaci\u00f3n de Luis Ventura sobre sus noches: \u00abDuermo con los seres queridos que ya partieron\u00bb<\/h5>\n<\/div>\n<p><\/a><\/div>\n<p>Aunque no trascendieron especificaciones internas, los planos obtenidos por el ciclo dejan entrever un proyecto de grandes dimensiones que incluir\u00eda espacios dise\u00f1ados para el confort total: ambientes amplios, sectores de descanso y una distribuci\u00f3n pensada para el uso \u00edntimo, m\u00e1s que para la exposici\u00f3n. Nada de accesos abiertos ni calles concurridas: todo apunta al hermetismo absoluto.<\/p>\n<h2 class=\"wp-block-heading\">LA MANSI\u00d3N QUE EST\u00c1N CONSTRUYENDO TINI Y RODRIGO DE PAUL<\/h2>\n<p>Entre vecinos, la presencia de arquitectos, m\u00e1quinas y movimiento constante no pas\u00f3 desapercibida, pero el barrio funciona como un peque\u00f1o enclave cerrado, donde cada lote tiene su propio per\u00edmetro y su propio sistema de seguridad. En ese contexto, la mudanza de una <a href=\"https:\/\/www.paparazzi.com.ar\/teve\/tini-stoessel-fulmino-a-marcelo-tinelli-en-su-show-con-un-terrible-mensaje\/\">pareja<\/a> tan conocida resulta, por lo menos, un atractivo adicional para quienes siguen de cerca la vida de los famosos.<\/p>\n<p>Para cerrar el informe, Iglesias remarc\u00f3 el rasgo que m\u00e1s define al exclusivo desarrollo: <em>\u201cEs una calle sin salida, lo que se llama en franc\u00e9s cul-de-sac. Solo llegan hasta ac\u00e1 quienes viven en el barrio, lo que les garantiza mucha privacidad\u201d<\/em>.<\/p>\n<div class=\"mt-box \">\n<h4 class=\"mt-heading\">Mir\u00e1 Tambi\u00e9n<\/h4>\n<p><a href=\"https:\/\/www.paparazzi.com.ar\/teve\/juana-repetto-conto-con-dolor-los-riesgos-que-corre-su-embarazo-estamos-previendo-una\/\"><\/p>\n<div class=\"mt-content\">\n<div class=\"mt-image-container\"><img decoding=\"async\" src=\"https:\/\/www.paparazzi.com.ar\/wp-content\/uploads\/2025\/11\/Juana-Repetto-conto-con-dolor-los-riesgos-que-corre-su-embarazo-22Estamos-previendo-una\u202622-359x226.jpg\" alt=\"Juana Repetto cont\u00f3 con dolor los riesgos que corre su embarazo: &quot;Estamos previendo una\u2026&quot;\" class=\"mt-image\" loading=\"lazy\" \/><\/div>\n<h5 class=\"mt-title\">Juana Repetto cont\u00f3 con dolor los riesgos que corre su embarazo: \u00abEstamos previendo una\u2026\u00bb<\/h5>\n<\/div>\n<p><\/a><\/div>\n<div class=\"mt-box \">\n<h4 class=\"mt-heading\">Mir\u00e1 Tambi\u00e9n<\/h4>\n<p><a href=\"https:\/\/www.paparazzi.com.ar\/teve\/pampita-se-metio-en-la-pelea-de-la-china-suarez-con-vicuna-y-ardio-todo-no-me-gusta-que-mis-hijos-la\/\"><\/p>\n<div class=\"mt-content\">\n<div class=\"mt-image-container\"><img decoding=\"async\" src=\"https:\/\/www.paparazzi.com.ar\/wp-content\/uploads\/2025\/11\/Pampita-se-metio-en-la-pelea-de-la-China-Suarez-con-Vicuna-y-ardio-todo-22No-me-gusta-que-mis-hijos-la.22-359x226.jpg\" alt=\"Pampita se meti\u00f3 en la pelea de la China Su\u00e1rez con Vicu\u00f1a y ardi\u00f3 todo: &quot;No me gusta que mis hijos la...&quot;\" class=\"mt-image\" loading=\"lazy\" \/><\/div>\n<h5 class=\"mt-title\">Pampita se meti\u00f3 en la pelea de la China Su\u00e1rez con Vicu\u00f1a y ardi\u00f3 todo: \u00abNo me gusta que mis hijos la&#8230;\u00bb<\/h5>\n<\/div>\n<p><\/a><\/div>\n<p>The post <a href=\"https:\/\/www.paparazzi.com.ar\/teve\/asi-es-la-mansion-que-tini-stoessel-y-rodrigo-de-paul-estan-construyendo-en-san-isidro-spa-cava-de-vinos-y-mucho-lujo\/\">As\u00ed es la mansi\u00f3n que Tini Stoessel y Rodrigo de Paul est\u00e1n construyendo en San Isidro: spa, cava de vinos y mucho lujo:<\/a> appeared first on <a href=\"https:\/\/www.paparazzi.com.ar\">Revista Paparazzi<\/a>.<\/p>\n","protected":false},"excerpt":{"rendered":"<p>En medio de los rumores que se\u00f1alan al 5 de<\/p>\n","protected":false},"author":0,"featured_media":5188,"comment_status":"","ping_status":"","sticky":false,"template":"","format":"standard","meta":{"footnotes":""},"categories":[12],"tags":[],"class_list":["post-5187","post","type-post","status-publish","format-standard","has-post-thumbnail","hentry","category-espectaculo"],"yoast_head":"<!-- This site is optimized with the Yoast SEO plugin v27.4 - https:\/\/yoast.com\/product\/yoast-seo-wordpress\/ -->\n<title>As\u00ed es la mansi\u00f3n que Tini Stoessel y Rodrigo de Paul est\u00e1n construyendo en San Isidro: spa, cava de vinos y mucho lujo: - Cuarteto en la Web<\/title>\n<meta name=\"robots\" content=\"index, follow, max-snippet:-1, max-image-preview:large, max-video-preview:-1\" \/>\n<link rel=\"canonical\" href=\"https:\/\/cuartetoenlaweb.com.ar\/sitio\/asi-es-la-mansion-que-tini-stoessel-y-rodrigo-de-paul-estan-construyendo-en-san-isidro-spa-cava-de-vinos-y-mucho-lujo\/\" \/>\n<meta property=\"og:locale\" content=\"es_ES\" \/>\n<meta property=\"og:type\" content=\"article\" \/>\n<meta property=\"og:title\" content=\"As\u00ed es la mansi\u00f3n que Tini Stoessel y Rodrigo de Paul est\u00e1n construyendo en San Isidro: spa, cava de vinos y mucho lujo: - Cuarteto en la Web\" \/>\n<meta property=\"og:description\" content=\"En medio de los rumores que se\u00f1alan al 5 de\" \/>\n<meta property=\"og:url\" content=\"https:\/\/cuartetoenlaweb.com.ar\/sitio\/asi-es-la-mansion-que-tini-stoessel-y-rodrigo-de-paul-estan-construyendo-en-san-isidro-spa-cava-de-vinos-y-mucho-lujo\/\" \/>\n<meta property=\"og:site_name\" content=\"Cuarteto en la Web\" \/>\n<meta property=\"article:published_time\" content=\"2025-11-18T20:59:40+00:00\" \/>\n<meta property=\"og:image\" content=\"https:\/\/cuartetoenlaweb.com.ar\/sitio\/wp-content\/uploads\/2025\/11\/Ventura-1-359x226-46.jpg\" \/>\n\t<meta property=\"og:image:width\" content=\"359\" \/>\n\t<meta property=\"og:image:height\" content=\"226\" \/>\n\t<meta property=\"og:image:type\" content=\"image\/jpeg\" \/>\n<meta name=\"twitter:card\" content=\"summary_large_image\" \/>\n<meta name=\"twitter:label1\" content=\"Tiempo de lectura\" \/>\n\t<meta name=\"twitter:data1\" content=\"2 minutos\" \/>\n<script type=\"application\/ld+json\" class=\"yoast-schema-graph\">{\"@context\":\"https:\\\/\\\/schema.org\",\"@graph\":[{\"@type\":\"Article\",\"@id\":\"https:\\\/\\\/cuartetoenlaweb.com.ar\\\/sitio\\\/asi-es-la-mansion-que-tini-stoessel-y-rodrigo-de-paul-estan-construyendo-en-san-isidro-spa-cava-de-vinos-y-mucho-lujo\\\/#article\",\"isPartOf\":{\"@id\":\"https:\\\/\\\/cuartetoenlaweb.com.ar\\\/sitio\\\/asi-es-la-mansion-que-tini-stoessel-y-rodrigo-de-paul-estan-construyendo-en-san-isidro-spa-cava-de-vinos-y-mucho-lujo\\\/\"},\"author\":{\"name\":\"\",\"@id\":\"\"},\"headline\":\"As\u00ed es la mansi\u00f3n que Tini Stoessel y Rodrigo de Paul est\u00e1n construyendo en San Isidro: spa, cava de vinos y mucho lujo:\",\"datePublished\":\"2025-11-18T20:59:40+00:00\",\"mainEntityOfPage\":{\"@id\":\"https:\\\/\\\/cuartetoenlaweb.com.ar\\\/sitio\\\/asi-es-la-mansion-que-tini-stoessel-y-rodrigo-de-paul-estan-construyendo-en-san-isidro-spa-cava-de-vinos-y-mucho-lujo\\\/\"},\"wordCount\":493,\"publisher\":{\"@id\":\"http:\\\/\\\/cuartetoenlaweb.com.ar\\\/sitio\\\/#organization\"},\"image\":{\"@id\":\"https:\\\/\\\/cuartetoenlaweb.com.ar\\\/sitio\\\/asi-es-la-mansion-que-tini-stoessel-y-rodrigo-de-paul-estan-construyendo-en-san-isidro-spa-cava-de-vinos-y-mucho-lujo\\\/#primaryimage\"},\"thumbnailUrl\":\"https:\\\/\\\/cuartetoenlaweb.com.ar\\\/sitio\\\/wp-content\\\/uploads\\\/2025\\\/11\\\/Ventura-1-359x226-46.jpg\",\"articleSection\":[\"ESPECT\u00c1CULO\"],\"inLanguage\":\"es\"},{\"@type\":\"WebPage\",\"@id\":\"https:\\\/\\\/cuartetoenlaweb.com.ar\\\/sitio\\\/asi-es-la-mansion-que-tini-stoessel-y-rodrigo-de-paul-estan-construyendo-en-san-isidro-spa-cava-de-vinos-y-mucho-lujo\\\/\",\"url\":\"https:\\\/\\\/cuartetoenlaweb.com.ar\\\/sitio\\\/asi-es-la-mansion-que-tini-stoessel-y-rodrigo-de-paul-estan-construyendo-en-san-isidro-spa-cava-de-vinos-y-mucho-lujo\\\/\",\"name\":\"As\u00ed es la mansi\u00f3n que Tini Stoessel y Rodrigo de Paul est\u00e1n construyendo en San Isidro: spa, cava de vinos y mucho lujo: - Cuarteto en la Web\",\"isPartOf\":{\"@id\":\"http:\\\/\\\/cuartetoenlaweb.com.ar\\\/sitio\\\/#website\"},\"primaryImageOfPage\":{\"@id\":\"https:\\\/\\\/cuartetoenlaweb.com.ar\\\/sitio\\\/asi-es-la-mansion-que-tini-stoessel-y-rodrigo-de-paul-estan-construyendo-en-san-isidro-spa-cava-de-vinos-y-mucho-lujo\\\/#primaryimage\"},\"image\":{\"@id\":\"https:\\\/\\\/cuartetoenlaweb.com.ar\\\/sitio\\\/asi-es-la-mansion-que-tini-stoessel-y-rodrigo-de-paul-estan-construyendo-en-san-isidro-spa-cava-de-vinos-y-mucho-lujo\\\/#primaryimage\"},\"thumbnailUrl\":\"https:\\\/\\\/cuartetoenlaweb.com.ar\\\/sitio\\\/wp-content\\\/uploads\\\/2025\\\/11\\\/Ventura-1-359x226-46.jpg\",\"datePublished\":\"2025-11-18T20:59:40+00:00\",\"breadcrumb\":{\"@id\":\"https:\\\/\\\/cuartetoenlaweb.com.ar\\\/sitio\\\/asi-es-la-mansion-que-tini-stoessel-y-rodrigo-de-paul-estan-construyendo-en-san-isidro-spa-cava-de-vinos-y-mucho-lujo\\\/#breadcrumb\"},\"inLanguage\":\"es\",\"potentialAction\":[{\"@type\":\"ReadAction\",\"target\":[\"https:\\\/\\\/cuartetoenlaweb.com.ar\\\/sitio\\\/asi-es-la-mansion-que-tini-stoessel-y-rodrigo-de-paul-estan-construyendo-en-san-isidro-spa-cava-de-vinos-y-mucho-lujo\\\/\"]}]},{\"@type\":\"ImageObject\",\"inLanguage\":\"es\",\"@id\":\"https:\\\/\\\/cuartetoenlaweb.com.ar\\\/sitio\\\/asi-es-la-mansion-que-tini-stoessel-y-rodrigo-de-paul-estan-construyendo-en-san-isidro-spa-cava-de-vinos-y-mucho-lujo\\\/#primaryimage\",\"url\":\"https:\\\/\\\/cuartetoenlaweb.com.ar\\\/sitio\\\/wp-content\\\/uploads\\\/2025\\\/11\\\/Ventura-1-359x226-46.jpg\",\"contentUrl\":\"https:\\\/\\\/cuartetoenlaweb.com.ar\\\/sitio\\\/wp-content\\\/uploads\\\/2025\\\/11\\\/Ventura-1-359x226-46.jpg\",\"width\":359,\"height\":226},{\"@type\":\"BreadcrumbList\",\"@id\":\"https:\\\/\\\/cuartetoenlaweb.com.ar\\\/sitio\\\/asi-es-la-mansion-que-tini-stoessel-y-rodrigo-de-paul-estan-construyendo-en-san-isidro-spa-cava-de-vinos-y-mucho-lujo\\\/#breadcrumb\",\"itemListElement\":[{\"@type\":\"ListItem\",\"position\":1,\"name\":\"Portada\",\"item\":\"http:\\\/\\\/cuartetoenlaweb.com.ar\\\/sitio\\\/\"},{\"@type\":\"ListItem\",\"position\":2,\"name\":\"As\u00ed es la mansi\u00f3n que Tini Stoessel y Rodrigo de Paul est\u00e1n construyendo en San Isidro: spa, cava de vinos y mucho lujo:\"}]},{\"@type\":\"WebSite\",\"@id\":\"http:\\\/\\\/cuartetoenlaweb.com.ar\\\/sitio\\\/#website\",\"url\":\"http:\\\/\\\/cuartetoenlaweb.com.ar\\\/sitio\\\/\",\"name\":\"Cuarteto en la Web\",\"description\":\"\",\"publisher\":{\"@id\":\"http:\\\/\\\/cuartetoenlaweb.com.ar\\\/sitio\\\/#organization\"},\"potentialAction\":[{\"@type\":\"SearchAction\",\"target\":{\"@type\":\"EntryPoint\",\"urlTemplate\":\"http:\\\/\\\/cuartetoenlaweb.com.ar\\\/sitio\\\/?s={search_term_string}\"},\"query-input\":{\"@type\":\"PropertyValueSpecification\",\"valueRequired\":true,\"valueName\":\"search_term_string\"}}],\"inLanguage\":\"es\"},{\"@type\":\"Organization\",\"@id\":\"http:\\\/\\\/cuartetoenlaweb.com.ar\\\/sitio\\\/#organization\",\"name\":\"Cuarteto en la Web\",\"url\":\"http:\\\/\\\/cuartetoenlaweb.com.ar\\\/sitio\\\/\",\"logo\":{\"@type\":\"ImageObject\",\"inLanguage\":\"es\",\"@id\":\"http:\\\/\\\/cuartetoenlaweb.com.ar\\\/sitio\\\/#\\\/schema\\\/logo\\\/image\\\/\",\"url\":\"https:\\\/\\\/cuartetoenlaweb.com.ar\\\/sitio\\\/wp-content\\\/uploads\\\/2025\\\/07\\\/cropped-cropped-logitoweb21.png\",\"contentUrl\":\"https:\\\/\\\/cuartetoenlaweb.com.ar\\\/sitio\\\/wp-content\\\/uploads\\\/2025\\\/07\\\/cropped-cropped-logitoweb21.png\",\"width\":199,\"height\":199,\"caption\":\"Cuarteto en la Web\"},\"image\":{\"@id\":\"http:\\\/\\\/cuartetoenlaweb.com.ar\\\/sitio\\\/#\\\/schema\\\/logo\\\/image\\\/\"}}]}<\/script>\n<!-- \/ Yoast SEO plugin. -->","yoast_head_json":{"title":"As\u00ed es la mansi\u00f3n que Tini Stoessel y Rodrigo de Paul est\u00e1n construyendo en San Isidro: spa, cava de vinos y mucho lujo: - Cuarteto en la Web","robots":{"index":"index","follow":"follow","max-snippet":"max-snippet:-1","max-image-preview":"max-image-preview:large","max-video-preview":"max-video-preview:-1"},"canonical":"https:\/\/cuartetoenlaweb.com.ar\/sitio\/asi-es-la-mansion-que-tini-stoessel-y-rodrigo-de-paul-estan-construyendo-en-san-isidro-spa-cava-de-vinos-y-mucho-lujo\/","og_locale":"es_ES","og_type":"article","og_title":"As\u00ed es la mansi\u00f3n que Tini Stoessel y Rodrigo de Paul est\u00e1n construyendo en San Isidro: spa, cava de vinos y mucho lujo: - Cuarteto en la Web","og_description":"En medio de los rumores que se\u00f1alan al 5 de","og_url":"https:\/\/cuartetoenlaweb.com.ar\/sitio\/asi-es-la-mansion-que-tini-stoessel-y-rodrigo-de-paul-estan-construyendo-en-san-isidro-spa-cava-de-vinos-y-mucho-lujo\/","og_site_name":"Cuarteto en la Web","article_published_time":"2025-11-18T20:59:40+00:00","og_image":[{"width":359,"height":226,"url":"https:\/\/cuartetoenlaweb.com.ar\/sitio\/wp-content\/uploads\/2025\/11\/Ventura-1-359x226-46.jpg","type":"image\/jpeg"}],"twitter_card":"summary_large_image","twitter_misc":{"Tiempo de lectura":"2 minutos"},"schema":{"@context":"https:\/\/schema.org","@graph":[{"@type":"Article","@id":"https:\/\/cuartetoenlaweb.com.ar\/sitio\/asi-es-la-mansion-que-tini-stoessel-y-rodrigo-de-paul-estan-construyendo-en-san-isidro-spa-cava-de-vinos-y-mucho-lujo\/#article","isPartOf":{"@id":"https:\/\/cuartetoenlaweb.com.ar\/sitio\/asi-es-la-mansion-que-tini-stoessel-y-rodrigo-de-paul-estan-construyendo-en-san-isidro-spa-cava-de-vinos-y-mucho-lujo\/"},"author":{"name":"","@id":""},"headline":"As\u00ed es la mansi\u00f3n que Tini Stoessel y Rodrigo de Paul est\u00e1n construyendo en San Isidro: spa, cava de vinos y mucho lujo:","datePublished":"2025-11-18T20:59:40+00:00","mainEntityOfPage":{"@id":"https:\/\/cuartetoenlaweb.com.ar\/sitio\/asi-es-la-mansion-que-tini-stoessel-y-rodrigo-de-paul-estan-construyendo-en-san-isidro-spa-cava-de-vinos-y-mucho-lujo\/"},"wordCount":493,"publisher":{"@id":"http:\/\/cuartetoenlaweb.com.ar\/sitio\/#organization"},"image":{"@id":"https:\/\/cuartetoenlaweb.com.ar\/sitio\/asi-es-la-mansion-que-tini-stoessel-y-rodrigo-de-paul-estan-construyendo-en-san-isidro-spa-cava-de-vinos-y-mucho-lujo\/#primaryimage"},"thumbnailUrl":"https:\/\/cuartetoenlaweb.com.ar\/sitio\/wp-content\/uploads\/2025\/11\/Ventura-1-359x226-46.jpg","articleSection":["ESPECT\u00c1CULO"],"inLanguage":"es"},{"@type":"WebPage","@id":"https:\/\/cuartetoenlaweb.com.ar\/sitio\/asi-es-la-mansion-que-tini-stoessel-y-rodrigo-de-paul-estan-construyendo-en-san-isidro-spa-cava-de-vinos-y-mucho-lujo\/","url":"https:\/\/cuartetoenlaweb.com.ar\/sitio\/asi-es-la-mansion-que-tini-stoessel-y-rodrigo-de-paul-estan-construyendo-en-san-isidro-spa-cava-de-vinos-y-mucho-lujo\/","name":"As\u00ed es la mansi\u00f3n que Tini Stoessel y Rodrigo de Paul est\u00e1n construyendo en San Isidro: spa, cava de vinos y mucho lujo: - Cuarteto en la Web","isPartOf":{"@id":"http:\/\/cuartetoenlaweb.com.ar\/sitio\/#website"},"primaryImageOfPage":{"@id":"https:\/\/cuartetoenlaweb.com.ar\/sitio\/asi-es-la-mansion-que-tini-stoessel-y-rodrigo-de-paul-estan-construyendo-en-san-isidro-spa-cava-de-vinos-y-mucho-lujo\/#primaryimage"},"image":{"@id":"https:\/\/cuartetoenlaweb.com.ar\/sitio\/asi-es-la-mansion-que-tini-stoessel-y-rodrigo-de-paul-estan-construyendo-en-san-isidro-spa-cava-de-vinos-y-mucho-lujo\/#primaryimage"},"thumbnailUrl":"https:\/\/cuartetoenlaweb.com.ar\/sitio\/wp-content\/uploads\/2025\/11\/Ventura-1-359x226-46.jpg","datePublished":"2025-11-18T20:59:40+00:00","breadcrumb":{"@id":"https:\/\/cuartetoenlaweb.com.ar\/sitio\/asi-es-la-mansion-que-tini-stoessel-y-rodrigo-de-paul-estan-construyendo-en-san-isidro-spa-cava-de-vinos-y-mucho-lujo\/#breadcrumb"},"inLanguage":"es","potentialAction":[{"@type":"ReadAction","target":["https:\/\/cuartetoenlaweb.com.ar\/sitio\/asi-es-la-mansion-que-tini-stoessel-y-rodrigo-de-paul-estan-construyendo-en-san-isidro-spa-cava-de-vinos-y-mucho-lujo\/"]}]},{"@type":"ImageObject","inLanguage":"es","@id":"https:\/\/cuartetoenlaweb.com.ar\/sitio\/asi-es-la-mansion-que-tini-stoessel-y-rodrigo-de-paul-estan-construyendo-en-san-isidro-spa-cava-de-vinos-y-mucho-lujo\/#primaryimage","url":"https:\/\/cuartetoenlaweb.com.ar\/sitio\/wp-content\/uploads\/2025\/11\/Ventura-1-359x226-46.jpg","contentUrl":"https:\/\/cuartetoenlaweb.com.ar\/sitio\/wp-content\/uploads\/2025\/11\/Ventura-1-359x226-46.jpg","width":359,"height":226},{"@type":"BreadcrumbList","@id":"https:\/\/cuartetoenlaweb.com.ar\/sitio\/asi-es-la-mansion-que-tini-stoessel-y-rodrigo-de-paul-estan-construyendo-en-san-isidro-spa-cava-de-vinos-y-mucho-lujo\/#breadcrumb","itemListElement":[{"@type":"ListItem","position":1,"name":"Portada","item":"http:\/\/cuartetoenlaweb.com.ar\/sitio\/"},{"@type":"ListItem","position":2,"name":"As\u00ed es la mansi\u00f3n que Tini Stoessel y Rodrigo de Paul est\u00e1n construyendo en San Isidro: spa, cava de vinos y mucho lujo:"}]},{"@type":"WebSite","@id":"http:\/\/cuartetoenlaweb.com.ar\/sitio\/#website","url":"http:\/\/cuartetoenlaweb.com.ar\/sitio\/","name":"Cuarteto en la Web","description":"","publisher":{"@id":"http:\/\/cuartetoenlaweb.com.ar\/sitio\/#organization"},"potentialAction":[{"@type":"SearchAction","target":{"@type":"EntryPoint","urlTemplate":"http:\/\/cuartetoenlaweb.com.ar\/sitio\/?s={search_term_string}"},"query-input":{"@type":"PropertyValueSpecification","valueRequired":true,"valueName":"search_term_string"}}],"inLanguage":"es"},{"@type":"Organization","@id":"http:\/\/cuartetoenlaweb.com.ar\/sitio\/#organization","name":"Cuarteto en la Web","url":"http:\/\/cuartetoenlaweb.com.ar\/sitio\/","logo":{"@type":"ImageObject","inLanguage":"es","@id":"http:\/\/cuartetoenlaweb.com.ar\/sitio\/#\/schema\/logo\/image\/","url":"https:\/\/cuartetoenlaweb.com.ar\/sitio\/wp-content\/uploads\/2025\/07\/cropped-cropped-logitoweb21.png","contentUrl":"https:\/\/cuartetoenlaweb.com.ar\/sitio\/wp-content\/uploads\/2025\/07\/cropped-cropped-logitoweb21.png","width":199,"height":199,"caption":"Cuarteto en la Web"},"image":{"@id":"http:\/\/cuartetoenlaweb.com.ar\/sitio\/#\/schema\/logo\/image\/"}}]}},"_links":{"self":[{"href":"https:\/\/cuartetoenlaweb.com.ar\/sitio\/wp-json\/wp\/v2\/posts\/5187","targetHints":{"allow":["GET"]}}],"collection":[{"href":"https:\/\/cuartetoenlaweb.com.ar\/sitio\/wp-json\/wp\/v2\/posts"}],"about":[{"href":"https:\/\/cuartetoenlaweb.com.ar\/sitio\/wp-json\/wp\/v2\/types\/post"}],"replies":[{"embeddable":true,"href":"https:\/\/cuartetoenlaweb.com.ar\/sitio\/wp-json\/wp\/v2\/comments?post=5187"}],"version-history":[{"count":0,"href":"https:\/\/cuartetoenlaweb.com.ar\/sitio\/wp-json\/wp\/v2\/posts\/5187\/revisions"}],"wp:featuredmedia":[{"embeddable":true,"href":"https:\/\/cuartetoenlaweb.com.ar\/sitio\/wp-json\/wp\/v2\/media\/5188"}],"wp:attachment":[{"href":"https:\/\/cuartetoenlaweb.com.ar\/sitio\/wp-json\/wp\/v2\/media?parent=5187"}],"wp:term":[{"taxonomy":"category","embeddable":true,"href":"https:\/\/cuartetoenlaweb.com.ar\/sitio\/wp-json\/wp\/v2\/categories?post=5187"},{"taxonomy":"post_tag","embeddable":true,"href":"https:\/\/cuartetoenlaweb.com.ar\/sitio\/wp-json\/wp\/v2\/tags?post=5187"}],"curies":[{"name":"wp","href":"https:\/\/api.w.org\/{rel}","templated":true}]}}