
{"id":5181,"date":"2025-11-18T16:59:50","date_gmt":"2025-11-18T19:59:50","guid":{"rendered":"https:\/\/cuartetoenlaweb.com.ar\/sitio\/santiago-bausili-la-acumulacion-de-reservas-llegara-con-el-exito-del-programa\/"},"modified":"2025-11-18T16:59:50","modified_gmt":"2025-11-18T19:59:50","slug":"santiago-bausili-la-acumulacion-de-reservas-llegara-con-el-exito-del-programa","status":"publish","type":"post","link":"https:\/\/cuartetoenlaweb.com.ar\/sitio\/santiago-bausili-la-acumulacion-de-reservas-llegara-con-el-exito-del-programa\/","title":{"rendered":"Santiago Bausili: \u201cLa acumulaci\u00f3n de reservas llegar\u00e1 con el \u00e9xito del programa&quot;"},"content":{"rendered":"<p>Buenos Aires, 18 noviembre (NA)\u2013 El presidente del Banco Central de la Rep\u00fablica Argentina (BCRA), Santiago Basuili, sostuvo hoy que la acumulaci\u00f3n de reservas \u201cser\u00e1 consecuencia del \u00e9xito del programa\u201d.<\/p>\n<p>De esta forma, el titular de la entidad financiera afirm\u00f3 que el objetivo del Gobierno es bajar la inflaci\u00f3n y estabilizar el d\u00f3lar, y que no avanzar\u00e1 en la compra de divisas si eso tiene como consecuencia una suba en el tipo de cambio, seg\u00fan lo averiguado por la Agencia de Noticias Argentinas.<\/p>\n<p>\u201cLa acumulaci\u00f3n de reservas ser\u00e1 consecuencia del \u00e9xito del programa, no su motor. Eso es lo que se observ\u00f3 en todos los programas de estabilizaci\u00f3n exitosos. Es una m\u00e9trica del programa\u201d, indic\u00f3 Bausili en el Simposio Internacional de Econom\u00eda, en el Hotel Alvear.<\/p>\n<p>El funcionario enfatiz\u00f3 con que el objetivo de acumular reservas \u201cno puede ser a cualquier costo, de manera que pueda poner en riesgo la estabilidad econ\u00f3mica\u201d.<\/p>\n<p>En ese sentido, el titular del Central afirm\u00f3 que la meta final del programa econ\u00f3mico es \u201cla flotaci\u00f3n cambiaria con competencia de monedas\u201d y se\u00f1al\u00f3 que desde el Gobierno priorizan \u201clas restricciones de implementaci\u00f3n sobre el principio de libertad, que se busca conseguir en el tiempo\u201d.<\/p>\n<p>Y manifest\u00f3 que la siguiente etapa del programa ser\u00e1 \u201cpromover un equilibrio monetario\u201d que resulte en \u201cla reducci\u00f3n de la inflaci\u00f3n\u201d y \u201cmejorar el balance del Banco Central mediante la acumulaci\u00f3n de reservas en su activo\u201d.<\/p>\n<p>\u201cSon objetivos perfectamente compatibles. La clave est\u00e1 en la remonetizaci\u00f3n de la econom\u00eda\u201d, afianz\u00f3 en el evento organizado por los Amigos de la Universidad de Tel Aviv en Argentina.<\/p>\n<p>Y agreg\u00f3: \u201cHasta que no cambie la estructura productiva del pa\u00eds, la acumulaci\u00f3n de reservas se dar\u00e1 en un ciclo virtuoso de desarrollo, y no con un tipo de cambio artificialmente alto que refleja una econom\u00eda deprimida\u201d.<\/p>\n<p>En otro tramo, Bausili se mostr\u00f3 optimista con una baja del indicador del riesgo pa\u00eds, lo que le permitir\u00e1 al Gobierno colocar deuda en moneda extranjera.<\/p>\n<p>\u201cSi el Tesoro recupera el acceso al mercado de capitales, el BCRA dejar\u00e1 de proveer las reservas para enfrentar los pagos, y la remonetizaci\u00f3n se reflejar\u00e1 en acumulaci\u00f3n de reservas. Lo que no podemos hacer es forzar el ritmo\u201d, insisti\u00f3. #AgenciaNA<\/p>\n","protected":false},"excerpt":{"rendered":"<p>Buenos Aires, 18 noviembre (NA)\u2013 El presidente del Banco Central<\/p>\n","protected":false},"author":0,"featured_media":5182,"comment_status":"","ping_status":"","sticky":false,"template":"","format":"standard","meta":{"footnotes":""},"categories":[65],"tags":[],"class_list":["post-5181","post","type-post","status-publish","format-standard","has-post-thumbnail","hentry","category-pais"],"yoast_head":"<!-- This site is optimized with the Yoast SEO plugin v27.4 - https:\/\/yoast.com\/product\/yoast-seo-wordpress\/ -->\n<title>Santiago Bausili: \u201cLa acumulaci\u00f3n de reservas llegar\u00e1 con el \u00e9xito del programa&quot; - Cuarteto en la Web<\/title>\n<meta name=\"robots\" content=\"index, follow, max-snippet:-1, max-image-preview:large, max-video-preview:-1\" \/>\n<link rel=\"canonical\" href=\"http:\/\/cuartetoenlaweb.com.ar\/sitio\/santiago-bausili-la-acumulacion-de-reservas-llegara-con-el-exito-del-programa\/\" \/>\n<meta property=\"og:locale\" content=\"es_ES\" \/>\n<meta property=\"og:type\" content=\"article\" \/>\n<meta property=\"og:title\" content=\"Santiago Bausili: \u201cLa acumulaci\u00f3n de reservas llegar\u00e1 con el \u00e9xito del programa&quot; - Cuarteto en la Web\" \/>\n<meta property=\"og:description\" content=\"Buenos Aires, 18 noviembre (NA)\u2013 El presidente del Banco Central\" \/>\n<meta property=\"og:url\" content=\"http:\/\/cuartetoenlaweb.com.ar\/sitio\/santiago-bausili-la-acumulacion-de-reservas-llegara-con-el-exito-del-programa\/\" \/>\n<meta property=\"og:site_name\" content=\"Cuarteto en la Web\" \/>\n<meta property=\"article:published_time\" content=\"2025-11-18T19:59:50+00:00\" \/>\n<meta property=\"og:image\" content=\"http:\/\/cuartetoenlaweb.com.ar\/sitio\/wp-content\/uploads\/2025\/11\/720-1310.jpeg\" \/>\n\t<meta property=\"og:image:width\" content=\"1004\" \/>\n\t<meta property=\"og:image:height\" content=\"720\" \/>\n\t<meta property=\"og:image:type\" content=\"image\/jpeg\" \/>\n<meta name=\"twitter:card\" content=\"summary_large_image\" \/>\n<meta name=\"twitter:label1\" content=\"Tiempo de lectura\" \/>\n\t<meta name=\"twitter:data1\" content=\"2 minutos\" \/>\n<script type=\"application\/ld+json\" class=\"yoast-schema-graph\">{\"@context\":\"https:\\\/\\\/schema.org\",\"@graph\":[{\"@type\":\"Article\",\"@id\":\"http:\\\/\\\/cuartetoenlaweb.com.ar\\\/sitio\\\/santiago-bausili-la-acumulacion-de-reservas-llegara-con-el-exito-del-programa\\\/#article\",\"isPartOf\":{\"@id\":\"http:\\\/\\\/cuartetoenlaweb.com.ar\\\/sitio\\\/santiago-bausili-la-acumulacion-de-reservas-llegara-con-el-exito-del-programa\\\/\"},\"author\":{\"name\":\"\",\"@id\":\"\"},\"headline\":\"Santiago Bausili: \u201cLa acumulaci\u00f3n de reservas llegar\u00e1 con el \u00e9xito del programa&quot;\",\"datePublished\":\"2025-11-18T19:59:50+00:00\",\"mainEntityOfPage\":{\"@id\":\"http:\\\/\\\/cuartetoenlaweb.com.ar\\\/sitio\\\/santiago-bausili-la-acumulacion-de-reservas-llegara-con-el-exito-del-programa\\\/\"},\"wordCount\":405,\"publisher\":{\"@id\":\"http:\\\/\\\/cuartetoenlaweb.com.ar\\\/sitio\\\/#organization\"},\"image\":{\"@id\":\"http:\\\/\\\/cuartetoenlaweb.com.ar\\\/sitio\\\/santiago-bausili-la-acumulacion-de-reservas-llegara-con-el-exito-del-programa\\\/#primaryimage\"},\"thumbnailUrl\":\"https:\\\/\\\/cuartetoenlaweb.com.ar\\\/sitio\\\/wp-content\\\/uploads\\\/2025\\\/11\\\/720-1310.jpeg\",\"articleSection\":[\"PAIS\"],\"inLanguage\":\"es\"},{\"@type\":\"WebPage\",\"@id\":\"http:\\\/\\\/cuartetoenlaweb.com.ar\\\/sitio\\\/santiago-bausili-la-acumulacion-de-reservas-llegara-con-el-exito-del-programa\\\/\",\"url\":\"http:\\\/\\\/cuartetoenlaweb.com.ar\\\/sitio\\\/santiago-bausili-la-acumulacion-de-reservas-llegara-con-el-exito-del-programa\\\/\",\"name\":\"Santiago Bausili: \u201cLa acumulaci\u00f3n de reservas llegar\u00e1 con el \u00e9xito del programa&quot; - Cuarteto en la Web\",\"isPartOf\":{\"@id\":\"http:\\\/\\\/cuartetoenlaweb.com.ar\\\/sitio\\\/#website\"},\"primaryImageOfPage\":{\"@id\":\"http:\\\/\\\/cuartetoenlaweb.com.ar\\\/sitio\\\/santiago-bausili-la-acumulacion-de-reservas-llegara-con-el-exito-del-programa\\\/#primaryimage\"},\"image\":{\"@id\":\"http:\\\/\\\/cuartetoenlaweb.com.ar\\\/sitio\\\/santiago-bausili-la-acumulacion-de-reservas-llegara-con-el-exito-del-programa\\\/#primaryimage\"},\"thumbnailUrl\":\"https:\\\/\\\/cuartetoenlaweb.com.ar\\\/sitio\\\/wp-content\\\/uploads\\\/2025\\\/11\\\/720-1310.jpeg\",\"datePublished\":\"2025-11-18T19:59:50+00:00\",\"breadcrumb\":{\"@id\":\"http:\\\/\\\/cuartetoenlaweb.com.ar\\\/sitio\\\/santiago-bausili-la-acumulacion-de-reservas-llegara-con-el-exito-del-programa\\\/#breadcrumb\"},\"inLanguage\":\"es\",\"potentialAction\":[{\"@type\":\"ReadAction\",\"target\":[\"http:\\\/\\\/cuartetoenlaweb.com.ar\\\/sitio\\\/santiago-bausili-la-acumulacion-de-reservas-llegara-con-el-exito-del-programa\\\/\"]}]},{\"@type\":\"ImageObject\",\"inLanguage\":\"es\",\"@id\":\"http:\\\/\\\/cuartetoenlaweb.com.ar\\\/sitio\\\/santiago-bausili-la-acumulacion-de-reservas-llegara-con-el-exito-del-programa\\\/#primaryimage\",\"url\":\"https:\\\/\\\/cuartetoenlaweb.com.ar\\\/sitio\\\/wp-content\\\/uploads\\\/2025\\\/11\\\/720-1310.jpeg\",\"contentUrl\":\"https:\\\/\\\/cuartetoenlaweb.com.ar\\\/sitio\\\/wp-content\\\/uploads\\\/2025\\\/11\\\/720-1310.jpeg\",\"width\":1004,\"height\":720},{\"@type\":\"BreadcrumbList\",\"@id\":\"http:\\\/\\\/cuartetoenlaweb.com.ar\\\/sitio\\\/santiago-bausili-la-acumulacion-de-reservas-llegara-con-el-exito-del-programa\\\/#breadcrumb\",\"itemListElement\":[{\"@type\":\"ListItem\",\"position\":1,\"name\":\"Portada\",\"item\":\"http:\\\/\\\/cuartetoenlaweb.com.ar\\\/sitio\\\/\"},{\"@type\":\"ListItem\",\"position\":2,\"name\":\"Santiago Bausili: \u201cLa acumulaci\u00f3n de reservas llegar\u00e1 con el \u00e9xito del programa&quot;\"}]},{\"@type\":\"WebSite\",\"@id\":\"http:\\\/\\\/cuartetoenlaweb.com.ar\\\/sitio\\\/#website\",\"url\":\"http:\\\/\\\/cuartetoenlaweb.com.ar\\\/sitio\\\/\",\"name\":\"Cuarteto en la Web\",\"description\":\"\",\"publisher\":{\"@id\":\"http:\\\/\\\/cuartetoenlaweb.com.ar\\\/sitio\\\/#organization\"},\"potentialAction\":[{\"@type\":\"SearchAction\",\"target\":{\"@type\":\"EntryPoint\",\"urlTemplate\":\"http:\\\/\\\/cuartetoenlaweb.com.ar\\\/sitio\\\/?s={search_term_string}\"},\"query-input\":{\"@type\":\"PropertyValueSpecification\",\"valueRequired\":true,\"valueName\":\"search_term_string\"}}],\"inLanguage\":\"es\"},{\"@type\":\"Organization\",\"@id\":\"http:\\\/\\\/cuartetoenlaweb.com.ar\\\/sitio\\\/#organization\",\"name\":\"Cuarteto en la Web\",\"url\":\"http:\\\/\\\/cuartetoenlaweb.com.ar\\\/sitio\\\/\",\"logo\":{\"@type\":\"ImageObject\",\"inLanguage\":\"es\",\"@id\":\"http:\\\/\\\/cuartetoenlaweb.com.ar\\\/sitio\\\/#\\\/schema\\\/logo\\\/image\\\/\",\"url\":\"https:\\\/\\\/cuartetoenlaweb.com.ar\\\/sitio\\\/wp-content\\\/uploads\\\/2025\\\/07\\\/cropped-cropped-logitoweb21.png\",\"contentUrl\":\"https:\\\/\\\/cuartetoenlaweb.com.ar\\\/sitio\\\/wp-content\\\/uploads\\\/2025\\\/07\\\/cropped-cropped-logitoweb21.png\",\"width\":199,\"height\":199,\"caption\":\"Cuarteto en la Web\"},\"image\":{\"@id\":\"http:\\\/\\\/cuartetoenlaweb.com.ar\\\/sitio\\\/#\\\/schema\\\/logo\\\/image\\\/\"}}]}<\/script>\n<!-- \/ Yoast SEO plugin. -->","yoast_head_json":{"title":"Santiago Bausili: \u201cLa acumulaci\u00f3n de reservas llegar\u00e1 con el \u00e9xito del programa&quot; - Cuarteto en la Web","robots":{"index":"index","follow":"follow","max-snippet":"max-snippet:-1","max-image-preview":"max-image-preview:large","max-video-preview":"max-video-preview:-1"},"canonical":"http:\/\/cuartetoenlaweb.com.ar\/sitio\/santiago-bausili-la-acumulacion-de-reservas-llegara-con-el-exito-del-programa\/","og_locale":"es_ES","og_type":"article","og_title":"Santiago Bausili: \u201cLa acumulaci\u00f3n de reservas llegar\u00e1 con el \u00e9xito del programa&quot; - Cuarteto en la Web","og_description":"Buenos Aires, 18 noviembre (NA)\u2013 El presidente del Banco Central","og_url":"http:\/\/cuartetoenlaweb.com.ar\/sitio\/santiago-bausili-la-acumulacion-de-reservas-llegara-con-el-exito-del-programa\/","og_site_name":"Cuarteto en la Web","article_published_time":"2025-11-18T19:59:50+00:00","og_image":[{"width":1004,"height":720,"url":"http:\/\/cuartetoenlaweb.com.ar\/sitio\/wp-content\/uploads\/2025\/11\/720-1310.jpeg","type":"image\/jpeg"}],"twitter_card":"summary_large_image","twitter_misc":{"Tiempo de lectura":"2 minutos"},"schema":{"@context":"https:\/\/schema.org","@graph":[{"@type":"Article","@id":"http:\/\/cuartetoenlaweb.com.ar\/sitio\/santiago-bausili-la-acumulacion-de-reservas-llegara-con-el-exito-del-programa\/#article","isPartOf":{"@id":"http:\/\/cuartetoenlaweb.com.ar\/sitio\/santiago-bausili-la-acumulacion-de-reservas-llegara-con-el-exito-del-programa\/"},"author":{"name":"","@id":""},"headline":"Santiago Bausili: \u201cLa acumulaci\u00f3n de reservas llegar\u00e1 con el \u00e9xito del programa&quot;","datePublished":"2025-11-18T19:59:50+00:00","mainEntityOfPage":{"@id":"http:\/\/cuartetoenlaweb.com.ar\/sitio\/santiago-bausili-la-acumulacion-de-reservas-llegara-con-el-exito-del-programa\/"},"wordCount":405,"publisher":{"@id":"http:\/\/cuartetoenlaweb.com.ar\/sitio\/#organization"},"image":{"@id":"http:\/\/cuartetoenlaweb.com.ar\/sitio\/santiago-bausili-la-acumulacion-de-reservas-llegara-con-el-exito-del-programa\/#primaryimage"},"thumbnailUrl":"https:\/\/cuartetoenlaweb.com.ar\/sitio\/wp-content\/uploads\/2025\/11\/720-1310.jpeg","articleSection":["PAIS"],"inLanguage":"es"},{"@type":"WebPage","@id":"http:\/\/cuartetoenlaweb.com.ar\/sitio\/santiago-bausili-la-acumulacion-de-reservas-llegara-con-el-exito-del-programa\/","url":"http:\/\/cuartetoenlaweb.com.ar\/sitio\/santiago-bausili-la-acumulacion-de-reservas-llegara-con-el-exito-del-programa\/","name":"Santiago Bausili: \u201cLa acumulaci\u00f3n de reservas llegar\u00e1 con el \u00e9xito del programa&quot; - Cuarteto en la Web","isPartOf":{"@id":"http:\/\/cuartetoenlaweb.com.ar\/sitio\/#website"},"primaryImageOfPage":{"@id":"http:\/\/cuartetoenlaweb.com.ar\/sitio\/santiago-bausili-la-acumulacion-de-reservas-llegara-con-el-exito-del-programa\/#primaryimage"},"image":{"@id":"http:\/\/cuartetoenlaweb.com.ar\/sitio\/santiago-bausili-la-acumulacion-de-reservas-llegara-con-el-exito-del-programa\/#primaryimage"},"thumbnailUrl":"https:\/\/cuartetoenlaweb.com.ar\/sitio\/wp-content\/uploads\/2025\/11\/720-1310.jpeg","datePublished":"2025-11-18T19:59:50+00:00","breadcrumb":{"@id":"http:\/\/cuartetoenlaweb.com.ar\/sitio\/santiago-bausili-la-acumulacion-de-reservas-llegara-con-el-exito-del-programa\/#breadcrumb"},"inLanguage":"es","potentialAction":[{"@type":"ReadAction","target":["http:\/\/cuartetoenlaweb.com.ar\/sitio\/santiago-bausili-la-acumulacion-de-reservas-llegara-con-el-exito-del-programa\/"]}]},{"@type":"ImageObject","inLanguage":"es","@id":"http:\/\/cuartetoenlaweb.com.ar\/sitio\/santiago-bausili-la-acumulacion-de-reservas-llegara-con-el-exito-del-programa\/#primaryimage","url":"https:\/\/cuartetoenlaweb.com.ar\/sitio\/wp-content\/uploads\/2025\/11\/720-1310.jpeg","contentUrl":"https:\/\/cuartetoenlaweb.com.ar\/sitio\/wp-content\/uploads\/2025\/11\/720-1310.jpeg","width":1004,"height":720},{"@type":"BreadcrumbList","@id":"http:\/\/cuartetoenlaweb.com.ar\/sitio\/santiago-bausili-la-acumulacion-de-reservas-llegara-con-el-exito-del-programa\/#breadcrumb","itemListElement":[{"@type":"ListItem","position":1,"name":"Portada","item":"http:\/\/cuartetoenlaweb.com.ar\/sitio\/"},{"@type":"ListItem","position":2,"name":"Santiago Bausili: \u201cLa acumulaci\u00f3n de reservas llegar\u00e1 con el \u00e9xito del programa&quot;"}]},{"@type":"WebSite","@id":"http:\/\/cuartetoenlaweb.com.ar\/sitio\/#website","url":"http:\/\/cuartetoenlaweb.com.ar\/sitio\/","name":"Cuarteto en la Web","description":"","publisher":{"@id":"http:\/\/cuartetoenlaweb.com.ar\/sitio\/#organization"},"potentialAction":[{"@type":"SearchAction","target":{"@type":"EntryPoint","urlTemplate":"http:\/\/cuartetoenlaweb.com.ar\/sitio\/?s={search_term_string}"},"query-input":{"@type":"PropertyValueSpecification","valueRequired":true,"valueName":"search_term_string"}}],"inLanguage":"es"},{"@type":"Organization","@id":"http:\/\/cuartetoenlaweb.com.ar\/sitio\/#organization","name":"Cuarteto en la Web","url":"http:\/\/cuartetoenlaweb.com.ar\/sitio\/","logo":{"@type":"ImageObject","inLanguage":"es","@id":"http:\/\/cuartetoenlaweb.com.ar\/sitio\/#\/schema\/logo\/image\/","url":"https:\/\/cuartetoenlaweb.com.ar\/sitio\/wp-content\/uploads\/2025\/07\/cropped-cropped-logitoweb21.png","contentUrl":"https:\/\/cuartetoenlaweb.com.ar\/sitio\/wp-content\/uploads\/2025\/07\/cropped-cropped-logitoweb21.png","width":199,"height":199,"caption":"Cuarteto en la Web"},"image":{"@id":"http:\/\/cuartetoenlaweb.com.ar\/sitio\/#\/schema\/logo\/image\/"}}]}},"_links":{"self":[{"href":"https:\/\/cuartetoenlaweb.com.ar\/sitio\/wp-json\/wp\/v2\/posts\/5181","targetHints":{"allow":["GET"]}}],"collection":[{"href":"https:\/\/cuartetoenlaweb.com.ar\/sitio\/wp-json\/wp\/v2\/posts"}],"about":[{"href":"https:\/\/cuartetoenlaweb.com.ar\/sitio\/wp-json\/wp\/v2\/types\/post"}],"replies":[{"embeddable":true,"href":"https:\/\/cuartetoenlaweb.com.ar\/sitio\/wp-json\/wp\/v2\/comments?post=5181"}],"version-history":[{"count":0,"href":"https:\/\/cuartetoenlaweb.com.ar\/sitio\/wp-json\/wp\/v2\/posts\/5181\/revisions"}],"wp:featuredmedia":[{"embeddable":true,"href":"https:\/\/cuartetoenlaweb.com.ar\/sitio\/wp-json\/wp\/v2\/media\/5182"}],"wp:attachment":[{"href":"https:\/\/cuartetoenlaweb.com.ar\/sitio\/wp-json\/wp\/v2\/media?parent=5181"}],"wp:term":[{"taxonomy":"category","embeddable":true,"href":"https:\/\/cuartetoenlaweb.com.ar\/sitio\/wp-json\/wp\/v2\/categories?post=5181"},{"taxonomy":"post_tag","embeddable":true,"href":"https:\/\/cuartetoenlaweb.com.ar\/sitio\/wp-json\/wp\/v2\/tags?post=5181"}],"curies":[{"name":"wp","href":"https:\/\/api.w.org\/{rel}","templated":true}]}}