
{"id":5179,"date":"2025-11-18T16:59:48","date_gmt":"2025-11-18T19:59:48","guid":{"rendered":"https:\/\/cuartetoenlaweb.com.ar\/sitio\/el-gobierno-fijara-fecha-para-presentar-las-reformas-laboral-e-impositiva\/"},"modified":"2025-11-18T16:59:48","modified_gmt":"2025-11-18T19:59:48","slug":"el-gobierno-fijara-fecha-para-presentar-las-reformas-laboral-e-impositiva","status":"publish","type":"post","link":"https:\/\/cuartetoenlaweb.com.ar\/sitio\/el-gobierno-fijara-fecha-para-presentar-las-reformas-laboral-e-impositiva\/","title":{"rendered":"El Gobierno fijar\u00e1 fecha para presentar las reformas laboral e impositiva"},"content":{"rendered":"<p>Buenos Aires, 18 noviembre (NA) &#8212; La mesa pol\u00edtica del Gobierno se reuni\u00f3 hoy en Casa Rosada para repasar la estrategia legislativa tendiente a aprobar el Presupuesto 2026, en momentos en que se vienen realizando contactos con los gobernadores con ese mismo objetivo.<\/p>\n<p>En ese marco trascendi\u00f3 que a\u00fan siguen sin estar redactados los proyectos de reformas laboral e impositiva con los que La Libertad Avanza buscar\u00e1 avanzar apenas tenga encaminado el Presupuesto, pero participantes del encuentro dejaron trascender que en la reuni\u00f3n \u00abse habl\u00f3 de ponerle fechas a la presentaciones de los textos y ser\u00e1 en pr\u00f3ximos d\u00edas\u00bb.<\/p>\n<p>De la cumbre participaron la secretaria general de la Presidencia, Karina Milei; el jefe de Gabinete, Manuel Adorni; el ministro del Interior, Diego Santilli; la de Seguridad, Patricia Bullrich; el asesor presidencial, Santiago Caputo, y el titular de la C\u00e1mara de Diputados, Mart\u00edn Menem.<\/p>\n<p>En esta oportunidad asisti\u00f3 adem\u00e1s el ministro de Econom\u00eda, Luis Caputo, para ser consultado por los fondos que se podr\u00edan destinar a los gobernadores, a fin de limar los detalles de las negociaciones con las provincias y los bloques legislativos para aprobar el Presupuesto 2026.<\/p>\n<p>Una fuente de Casa Rosada dijo que \u00abel Presupuesto ya se est\u00e1 trabajando con la c\u00e1mara nueva\u00bb en mente y se est\u00e1n haciendo \u00abretoques\u00bb al proyecto original \u00abque piden los gobernadores y que se har\u00e1n despu\u00e9s del 10 de diciembre para poder dictaminar nuevamente con la nueva conformaci\u00f3n de la C\u00e1mara de Diputados\u00bb.<\/p>\n<p>\u00abLa negociaci\u00f3n con los gobernadores por los fondos y obras a las provincias lo maneja Santilli con Econom\u00eda directamente. Hablamos de ir coordinando fechas de presentaci\u00f3n de los textos de reforma laboral y tributaria en estos d\u00edas\u00bb, detall\u00f3 el participante de la reuni\u00f3n a un grupo de medios, entre ellos la Agencia Noticias Argentinas.<\/p>\n<p>Tambi\u00e9n se\u00f1al\u00f3 que Naci\u00f3n le pidi\u00f3 a las provincias \u00abque acompa\u00f1en con la baja de impuestos y ayuden a instalar desde el territorio la boleta \u00fanica electoral\u00bb en los distritos donde todav\u00eda se hacen elecciones locales con papeletas m\u00faltiples.<\/p>\n<p>Por \u00faltimo, la mesa pol\u00edtica analiz\u00f3 los movimientos que se est\u00e1n dando en la conformaci\u00f3n de los bloques de la C\u00e1mara baja y al respecto vieron con buenos ojos que diputados de provincias como Misiones, Salta, Tucum\u00e1n y Catamarca, todas ellas con gobernadores aliados, formar\u00edan un Interbloque federal de provincias, que podr\u00eda ayudar a la bancada de La Libertad Avanza en varias votaciones.<\/p>\n<p>Tambi\u00e9n en el oficialismo nacional destacaron la posibilidad de tener apoyo de diputados de R\u00edo Negro y Neuqu\u00e9n que \u00abya estaban por su cuenta\u00bb, y aclararon: \u00abNo trabajamos para que se rompa nada en las C\u00e1maras, si se ven movimientos es porque el kirchnerismo est\u00e1 en ca\u00edda libre\u00bb.<\/p>\n<p>#AgenciaNA<\/p>\n","protected":false},"excerpt":{"rendered":"<p>Buenos Aires, 18 noviembre (NA) &#8212; La mesa pol\u00edtica del<\/p>\n","protected":false},"author":0,"featured_media":5180,"comment_status":"","ping_status":"","sticky":false,"template":"","format":"standard","meta":{"footnotes":""},"categories":[65],"tags":[],"class_list":["post-5179","post","type-post","status-publish","format-standard","has-post-thumbnail","hentry","category-pais"],"yoast_head":"<!-- This site is optimized with the Yoast SEO plugin v27.4 - https:\/\/yoast.com\/product\/yoast-seo-wordpress\/ -->\n<title>El Gobierno fijar\u00e1 fecha para presentar las reformas laboral e impositiva - Cuarteto en la Web<\/title>\n<meta name=\"robots\" content=\"index, follow, max-snippet:-1, max-image-preview:large, max-video-preview:-1\" \/>\n<link rel=\"canonical\" href=\"http:\/\/cuartetoenlaweb.com.ar\/sitio\/el-gobierno-fijara-fecha-para-presentar-las-reformas-laboral-e-impositiva\/\" \/>\n<meta property=\"og:locale\" content=\"es_ES\" \/>\n<meta property=\"og:type\" content=\"article\" \/>\n<meta property=\"og:title\" content=\"El Gobierno fijar\u00e1 fecha para presentar las reformas laboral e impositiva - Cuarteto en la Web\" \/>\n<meta property=\"og:description\" content=\"Buenos Aires, 18 noviembre (NA) &#8212; La mesa pol\u00edtica del\" \/>\n<meta property=\"og:url\" content=\"http:\/\/cuartetoenlaweb.com.ar\/sitio\/el-gobierno-fijara-fecha-para-presentar-las-reformas-laboral-e-impositiva\/\" \/>\n<meta property=\"og:site_name\" content=\"Cuarteto en la Web\" \/>\n<meta property=\"article:published_time\" content=\"2025-11-18T19:59:48+00:00\" \/>\n<meta property=\"og:image\" content=\"http:\/\/cuartetoenlaweb.com.ar\/sitio\/wp-content\/uploads\/2025\/11\/720-1309.jpeg\" \/>\n\t<meta property=\"og:image:width\" content=\"960\" \/>\n\t<meta property=\"og:image:height\" content=\"720\" \/>\n\t<meta property=\"og:image:type\" content=\"image\/jpeg\" \/>\n<meta name=\"twitter:card\" content=\"summary_large_image\" \/>\n<meta name=\"twitter:label1\" content=\"Tiempo de lectura\" \/>\n\t<meta name=\"twitter:data1\" content=\"2 minutos\" \/>\n<script type=\"application\/ld+json\" class=\"yoast-schema-graph\">{\"@context\":\"https:\\\/\\\/schema.org\",\"@graph\":[{\"@type\":\"Article\",\"@id\":\"http:\\\/\\\/cuartetoenlaweb.com.ar\\\/sitio\\\/el-gobierno-fijara-fecha-para-presentar-las-reformas-laboral-e-impositiva\\\/#article\",\"isPartOf\":{\"@id\":\"http:\\\/\\\/cuartetoenlaweb.com.ar\\\/sitio\\\/el-gobierno-fijara-fecha-para-presentar-las-reformas-laboral-e-impositiva\\\/\"},\"author\":{\"name\":\"\",\"@id\":\"\"},\"headline\":\"El Gobierno fijar\u00e1 fecha para presentar las reformas laboral e impositiva\",\"datePublished\":\"2025-11-18T19:59:48+00:00\",\"mainEntityOfPage\":{\"@id\":\"http:\\\/\\\/cuartetoenlaweb.com.ar\\\/sitio\\\/el-gobierno-fijara-fecha-para-presentar-las-reformas-laboral-e-impositiva\\\/\"},\"wordCount\":492,\"publisher\":{\"@id\":\"http:\\\/\\\/cuartetoenlaweb.com.ar\\\/sitio\\\/#organization\"},\"image\":{\"@id\":\"http:\\\/\\\/cuartetoenlaweb.com.ar\\\/sitio\\\/el-gobierno-fijara-fecha-para-presentar-las-reformas-laboral-e-impositiva\\\/#primaryimage\"},\"thumbnailUrl\":\"https:\\\/\\\/cuartetoenlaweb.com.ar\\\/sitio\\\/wp-content\\\/uploads\\\/2025\\\/11\\\/720-1309.jpeg\",\"articleSection\":[\"PAIS\"],\"inLanguage\":\"es\"},{\"@type\":\"WebPage\",\"@id\":\"http:\\\/\\\/cuartetoenlaweb.com.ar\\\/sitio\\\/el-gobierno-fijara-fecha-para-presentar-las-reformas-laboral-e-impositiva\\\/\",\"url\":\"http:\\\/\\\/cuartetoenlaweb.com.ar\\\/sitio\\\/el-gobierno-fijara-fecha-para-presentar-las-reformas-laboral-e-impositiva\\\/\",\"name\":\"El Gobierno fijar\u00e1 fecha para presentar las reformas laboral e impositiva - Cuarteto en la Web\",\"isPartOf\":{\"@id\":\"http:\\\/\\\/cuartetoenlaweb.com.ar\\\/sitio\\\/#website\"},\"primaryImageOfPage\":{\"@id\":\"http:\\\/\\\/cuartetoenlaweb.com.ar\\\/sitio\\\/el-gobierno-fijara-fecha-para-presentar-las-reformas-laboral-e-impositiva\\\/#primaryimage\"},\"image\":{\"@id\":\"http:\\\/\\\/cuartetoenlaweb.com.ar\\\/sitio\\\/el-gobierno-fijara-fecha-para-presentar-las-reformas-laboral-e-impositiva\\\/#primaryimage\"},\"thumbnailUrl\":\"https:\\\/\\\/cuartetoenlaweb.com.ar\\\/sitio\\\/wp-content\\\/uploads\\\/2025\\\/11\\\/720-1309.jpeg\",\"datePublished\":\"2025-11-18T19:59:48+00:00\",\"breadcrumb\":{\"@id\":\"http:\\\/\\\/cuartetoenlaweb.com.ar\\\/sitio\\\/el-gobierno-fijara-fecha-para-presentar-las-reformas-laboral-e-impositiva\\\/#breadcrumb\"},\"inLanguage\":\"es\",\"potentialAction\":[{\"@type\":\"ReadAction\",\"target\":[\"http:\\\/\\\/cuartetoenlaweb.com.ar\\\/sitio\\\/el-gobierno-fijara-fecha-para-presentar-las-reformas-laboral-e-impositiva\\\/\"]}]},{\"@type\":\"ImageObject\",\"inLanguage\":\"es\",\"@id\":\"http:\\\/\\\/cuartetoenlaweb.com.ar\\\/sitio\\\/el-gobierno-fijara-fecha-para-presentar-las-reformas-laboral-e-impositiva\\\/#primaryimage\",\"url\":\"https:\\\/\\\/cuartetoenlaweb.com.ar\\\/sitio\\\/wp-content\\\/uploads\\\/2025\\\/11\\\/720-1309.jpeg\",\"contentUrl\":\"https:\\\/\\\/cuartetoenlaweb.com.ar\\\/sitio\\\/wp-content\\\/uploads\\\/2025\\\/11\\\/720-1309.jpeg\",\"width\":960,\"height\":720},{\"@type\":\"BreadcrumbList\",\"@id\":\"http:\\\/\\\/cuartetoenlaweb.com.ar\\\/sitio\\\/el-gobierno-fijara-fecha-para-presentar-las-reformas-laboral-e-impositiva\\\/#breadcrumb\",\"itemListElement\":[{\"@type\":\"ListItem\",\"position\":1,\"name\":\"Portada\",\"item\":\"http:\\\/\\\/cuartetoenlaweb.com.ar\\\/sitio\\\/\"},{\"@type\":\"ListItem\",\"position\":2,\"name\":\"El Gobierno fijar\u00e1 fecha para presentar las reformas laboral e impositiva\"}]},{\"@type\":\"WebSite\",\"@id\":\"http:\\\/\\\/cuartetoenlaweb.com.ar\\\/sitio\\\/#website\",\"url\":\"http:\\\/\\\/cuartetoenlaweb.com.ar\\\/sitio\\\/\",\"name\":\"Cuarteto en la Web\",\"description\":\"\",\"publisher\":{\"@id\":\"http:\\\/\\\/cuartetoenlaweb.com.ar\\\/sitio\\\/#organization\"},\"potentialAction\":[{\"@type\":\"SearchAction\",\"target\":{\"@type\":\"EntryPoint\",\"urlTemplate\":\"http:\\\/\\\/cuartetoenlaweb.com.ar\\\/sitio\\\/?s={search_term_string}\"},\"query-input\":{\"@type\":\"PropertyValueSpecification\",\"valueRequired\":true,\"valueName\":\"search_term_string\"}}],\"inLanguage\":\"es\"},{\"@type\":\"Organization\",\"@id\":\"http:\\\/\\\/cuartetoenlaweb.com.ar\\\/sitio\\\/#organization\",\"name\":\"Cuarteto en la Web\",\"url\":\"http:\\\/\\\/cuartetoenlaweb.com.ar\\\/sitio\\\/\",\"logo\":{\"@type\":\"ImageObject\",\"inLanguage\":\"es\",\"@id\":\"http:\\\/\\\/cuartetoenlaweb.com.ar\\\/sitio\\\/#\\\/schema\\\/logo\\\/image\\\/\",\"url\":\"https:\\\/\\\/cuartetoenlaweb.com.ar\\\/sitio\\\/wp-content\\\/uploads\\\/2025\\\/07\\\/cropped-cropped-logitoweb21.png\",\"contentUrl\":\"https:\\\/\\\/cuartetoenlaweb.com.ar\\\/sitio\\\/wp-content\\\/uploads\\\/2025\\\/07\\\/cropped-cropped-logitoweb21.png\",\"width\":199,\"height\":199,\"caption\":\"Cuarteto en la Web\"},\"image\":{\"@id\":\"http:\\\/\\\/cuartetoenlaweb.com.ar\\\/sitio\\\/#\\\/schema\\\/logo\\\/image\\\/\"}}]}<\/script>\n<!-- \/ Yoast SEO plugin. -->","yoast_head_json":{"title":"El Gobierno fijar\u00e1 fecha para presentar las reformas laboral e impositiva - Cuarteto en la Web","robots":{"index":"index","follow":"follow","max-snippet":"max-snippet:-1","max-image-preview":"max-image-preview:large","max-video-preview":"max-video-preview:-1"},"canonical":"http:\/\/cuartetoenlaweb.com.ar\/sitio\/el-gobierno-fijara-fecha-para-presentar-las-reformas-laboral-e-impositiva\/","og_locale":"es_ES","og_type":"article","og_title":"El Gobierno fijar\u00e1 fecha para presentar las reformas laboral e impositiva - Cuarteto en la Web","og_description":"Buenos Aires, 18 noviembre (NA) &#8212; La mesa pol\u00edtica del","og_url":"http:\/\/cuartetoenlaweb.com.ar\/sitio\/el-gobierno-fijara-fecha-para-presentar-las-reformas-laboral-e-impositiva\/","og_site_name":"Cuarteto en la Web","article_published_time":"2025-11-18T19:59:48+00:00","og_image":[{"width":960,"height":720,"url":"http:\/\/cuartetoenlaweb.com.ar\/sitio\/wp-content\/uploads\/2025\/11\/720-1309.jpeg","type":"image\/jpeg"}],"twitter_card":"summary_large_image","twitter_misc":{"Tiempo de lectura":"2 minutos"},"schema":{"@context":"https:\/\/schema.org","@graph":[{"@type":"Article","@id":"http:\/\/cuartetoenlaweb.com.ar\/sitio\/el-gobierno-fijara-fecha-para-presentar-las-reformas-laboral-e-impositiva\/#article","isPartOf":{"@id":"http:\/\/cuartetoenlaweb.com.ar\/sitio\/el-gobierno-fijara-fecha-para-presentar-las-reformas-laboral-e-impositiva\/"},"author":{"name":"","@id":""},"headline":"El Gobierno fijar\u00e1 fecha para presentar las reformas laboral e impositiva","datePublished":"2025-11-18T19:59:48+00:00","mainEntityOfPage":{"@id":"http:\/\/cuartetoenlaweb.com.ar\/sitio\/el-gobierno-fijara-fecha-para-presentar-las-reformas-laboral-e-impositiva\/"},"wordCount":492,"publisher":{"@id":"http:\/\/cuartetoenlaweb.com.ar\/sitio\/#organization"},"image":{"@id":"http:\/\/cuartetoenlaweb.com.ar\/sitio\/el-gobierno-fijara-fecha-para-presentar-las-reformas-laboral-e-impositiva\/#primaryimage"},"thumbnailUrl":"https:\/\/cuartetoenlaweb.com.ar\/sitio\/wp-content\/uploads\/2025\/11\/720-1309.jpeg","articleSection":["PAIS"],"inLanguage":"es"},{"@type":"WebPage","@id":"http:\/\/cuartetoenlaweb.com.ar\/sitio\/el-gobierno-fijara-fecha-para-presentar-las-reformas-laboral-e-impositiva\/","url":"http:\/\/cuartetoenlaweb.com.ar\/sitio\/el-gobierno-fijara-fecha-para-presentar-las-reformas-laboral-e-impositiva\/","name":"El Gobierno fijar\u00e1 fecha para presentar las reformas laboral e impositiva - Cuarteto en la Web","isPartOf":{"@id":"http:\/\/cuartetoenlaweb.com.ar\/sitio\/#website"},"primaryImageOfPage":{"@id":"http:\/\/cuartetoenlaweb.com.ar\/sitio\/el-gobierno-fijara-fecha-para-presentar-las-reformas-laboral-e-impositiva\/#primaryimage"},"image":{"@id":"http:\/\/cuartetoenlaweb.com.ar\/sitio\/el-gobierno-fijara-fecha-para-presentar-las-reformas-laboral-e-impositiva\/#primaryimage"},"thumbnailUrl":"https:\/\/cuartetoenlaweb.com.ar\/sitio\/wp-content\/uploads\/2025\/11\/720-1309.jpeg","datePublished":"2025-11-18T19:59:48+00:00","breadcrumb":{"@id":"http:\/\/cuartetoenlaweb.com.ar\/sitio\/el-gobierno-fijara-fecha-para-presentar-las-reformas-laboral-e-impositiva\/#breadcrumb"},"inLanguage":"es","potentialAction":[{"@type":"ReadAction","target":["http:\/\/cuartetoenlaweb.com.ar\/sitio\/el-gobierno-fijara-fecha-para-presentar-las-reformas-laboral-e-impositiva\/"]}]},{"@type":"ImageObject","inLanguage":"es","@id":"http:\/\/cuartetoenlaweb.com.ar\/sitio\/el-gobierno-fijara-fecha-para-presentar-las-reformas-laboral-e-impositiva\/#primaryimage","url":"https:\/\/cuartetoenlaweb.com.ar\/sitio\/wp-content\/uploads\/2025\/11\/720-1309.jpeg","contentUrl":"https:\/\/cuartetoenlaweb.com.ar\/sitio\/wp-content\/uploads\/2025\/11\/720-1309.jpeg","width":960,"height":720},{"@type":"BreadcrumbList","@id":"http:\/\/cuartetoenlaweb.com.ar\/sitio\/el-gobierno-fijara-fecha-para-presentar-las-reformas-laboral-e-impositiva\/#breadcrumb","itemListElement":[{"@type":"ListItem","position":1,"name":"Portada","item":"http:\/\/cuartetoenlaweb.com.ar\/sitio\/"},{"@type":"ListItem","position":2,"name":"El Gobierno fijar\u00e1 fecha para presentar las reformas laboral e impositiva"}]},{"@type":"WebSite","@id":"http:\/\/cuartetoenlaweb.com.ar\/sitio\/#website","url":"http:\/\/cuartetoenlaweb.com.ar\/sitio\/","name":"Cuarteto en la Web","description":"","publisher":{"@id":"http:\/\/cuartetoenlaweb.com.ar\/sitio\/#organization"},"potentialAction":[{"@type":"SearchAction","target":{"@type":"EntryPoint","urlTemplate":"http:\/\/cuartetoenlaweb.com.ar\/sitio\/?s={search_term_string}"},"query-input":{"@type":"PropertyValueSpecification","valueRequired":true,"valueName":"search_term_string"}}],"inLanguage":"es"},{"@type":"Organization","@id":"http:\/\/cuartetoenlaweb.com.ar\/sitio\/#organization","name":"Cuarteto en la Web","url":"http:\/\/cuartetoenlaweb.com.ar\/sitio\/","logo":{"@type":"ImageObject","inLanguage":"es","@id":"http:\/\/cuartetoenlaweb.com.ar\/sitio\/#\/schema\/logo\/image\/","url":"https:\/\/cuartetoenlaweb.com.ar\/sitio\/wp-content\/uploads\/2025\/07\/cropped-cropped-logitoweb21.png","contentUrl":"https:\/\/cuartetoenlaweb.com.ar\/sitio\/wp-content\/uploads\/2025\/07\/cropped-cropped-logitoweb21.png","width":199,"height":199,"caption":"Cuarteto en la Web"},"image":{"@id":"http:\/\/cuartetoenlaweb.com.ar\/sitio\/#\/schema\/logo\/image\/"}}]}},"_links":{"self":[{"href":"https:\/\/cuartetoenlaweb.com.ar\/sitio\/wp-json\/wp\/v2\/posts\/5179","targetHints":{"allow":["GET"]}}],"collection":[{"href":"https:\/\/cuartetoenlaweb.com.ar\/sitio\/wp-json\/wp\/v2\/posts"}],"about":[{"href":"https:\/\/cuartetoenlaweb.com.ar\/sitio\/wp-json\/wp\/v2\/types\/post"}],"replies":[{"embeddable":true,"href":"https:\/\/cuartetoenlaweb.com.ar\/sitio\/wp-json\/wp\/v2\/comments?post=5179"}],"version-history":[{"count":0,"href":"https:\/\/cuartetoenlaweb.com.ar\/sitio\/wp-json\/wp\/v2\/posts\/5179\/revisions"}],"wp:featuredmedia":[{"embeddable":true,"href":"https:\/\/cuartetoenlaweb.com.ar\/sitio\/wp-json\/wp\/v2\/media\/5180"}],"wp:attachment":[{"href":"https:\/\/cuartetoenlaweb.com.ar\/sitio\/wp-json\/wp\/v2\/media?parent=5179"}],"wp:term":[{"taxonomy":"category","embeddable":true,"href":"https:\/\/cuartetoenlaweb.com.ar\/sitio\/wp-json\/wp\/v2\/categories?post=5179"},{"taxonomy":"post_tag","embeddable":true,"href":"https:\/\/cuartetoenlaweb.com.ar\/sitio\/wp-json\/wp\/v2\/tags?post=5179"}],"curies":[{"name":"wp","href":"https:\/\/api.w.org\/{rel}","templated":true}]}}