
{"id":5171,"date":"2025-11-18T15:59:48","date_gmt":"2025-11-18T18:59:48","guid":{"rendered":"https:\/\/cuartetoenlaweb.com.ar\/sitio\/mataron-de-un-tiro-en-la-cabeza-a-un-joven-de-20-anos-para-robarle-la-bicicleta\/"},"modified":"2025-11-18T15:59:48","modified_gmt":"2025-11-18T18:59:48","slug":"mataron-de-un-tiro-en-la-cabeza-a-un-joven-de-20-anos-para-robarle-la-bicicleta","status":"publish","type":"post","link":"https:\/\/cuartetoenlaweb.com.ar\/sitio\/mataron-de-un-tiro-en-la-cabeza-a-un-joven-de-20-anos-para-robarle-la-bicicleta\/","title":{"rendered":"Mataron de un tiro en la cabeza a un joven de 20 a\u00f1os para robarle la bicicleta"},"content":{"rendered":"<p>Buenos Aires, 18 noviembre (NA) \u2014 Un joven de 20 a\u00f1os fue asesinado de un disparo en la cabeza por dos delincuentes que intentaron robarle la bicicleta en el partido bonaerense de Esteban Echeverr\u00eda.<\/p>\n<p>La Agencia Noticias Argentinas se contact\u00f3 con Kiara Alegre, la mejor amiga de la v\u00edctima, identificada como Nazareno Isern, y manifest\u00f3: \u201cMe lo mataron delante de mis ojos\u201d.<\/p>\n<p>La muchacha explic\u00f3 que se encontraba junto al damnificado en el kil\u00f3metro 8 de la autopista Riccheri y Colectora sur, donde \u201cNaza se resisti\u00f3\u201d, motivo por el que \u201clos tipos sacaron un arma y le dispararon\u201d.<\/p>\n<p>\u201cCuando me giro para verlo ya no estaba m\u00e1s conmigo\u201d, lament\u00f3 Kiara, quien agreg\u00f3 que los padres \u201cest\u00e1n en shock\u201d: \u201cMe siento destruida\u201d.<\/p>\n<p>Peritos de la Polic\u00eda Cient\u00edfica constataron que Nazareno sufri\u00f3 un impacto de bala en la cabeza, mientras que la causa fue caratulada como \u201chomicidio en ocasi\u00f3n de robo\u201d y continuaba la b\u00fasqueda de los ladrones.<\/p>\n<p>#AgenciaNA<\/p>\n","protected":false},"excerpt":{"rendered":"<p>Buenos Aires, 18 noviembre (NA) \u2014 Un joven de 20<\/p>\n","protected":false},"author":0,"featured_media":5172,"comment_status":"","ping_status":"","sticky":false,"template":"","format":"standard","meta":{"footnotes":""},"categories":[65],"tags":[],"class_list":["post-5171","post","type-post","status-publish","format-standard","has-post-thumbnail","hentry","category-pais"],"yoast_head":"<!-- This site is optimized with the Yoast SEO plugin v27.4 - https:\/\/yoast.com\/product\/yoast-seo-wordpress\/ -->\n<title>Mataron de un tiro en la cabeza a un joven de 20 a\u00f1os para robarle la bicicleta - Cuarteto en la Web<\/title>\n<meta name=\"robots\" content=\"index, follow, max-snippet:-1, max-image-preview:large, max-video-preview:-1\" \/>\n<link rel=\"canonical\" href=\"https:\/\/cuartetoenlaweb.com.ar\/sitio\/mataron-de-un-tiro-en-la-cabeza-a-un-joven-de-20-anos-para-robarle-la-bicicleta\/\" \/>\n<meta property=\"og:locale\" content=\"es_ES\" \/>\n<meta property=\"og:type\" content=\"article\" \/>\n<meta property=\"og:title\" content=\"Mataron de un tiro en la cabeza a un joven de 20 a\u00f1os para robarle la bicicleta - Cuarteto en la Web\" \/>\n<meta property=\"og:description\" content=\"Buenos Aires, 18 noviembre (NA) \u2014 Un joven de 20\" \/>\n<meta property=\"og:url\" content=\"https:\/\/cuartetoenlaweb.com.ar\/sitio\/mataron-de-un-tiro-en-la-cabeza-a-un-joven-de-20-anos-para-robarle-la-bicicleta\/\" \/>\n<meta property=\"og:site_name\" content=\"Cuarteto en la Web\" \/>\n<meta property=\"article:published_time\" content=\"2025-11-18T18:59:48+00:00\" \/>\n<meta property=\"og:image\" content=\"https:\/\/cuartetoenlaweb.com.ar\/sitio\/wp-content\/uploads\/2025\/11\/720-1306.jpeg\" \/>\n\t<meta property=\"og:image:width\" content=\"1108\" \/>\n\t<meta property=\"og:image:height\" content=\"720\" \/>\n\t<meta property=\"og:image:type\" content=\"image\/jpeg\" \/>\n<meta name=\"twitter:card\" content=\"summary_large_image\" \/>\n<meta name=\"twitter:label1\" content=\"Tiempo de lectura\" \/>\n\t<meta name=\"twitter:data1\" content=\"1 minuto\" \/>\n<script type=\"application\/ld+json\" class=\"yoast-schema-graph\">{\"@context\":\"https:\\\/\\\/schema.org\",\"@graph\":[{\"@type\":\"Article\",\"@id\":\"https:\\\/\\\/cuartetoenlaweb.com.ar\\\/sitio\\\/mataron-de-un-tiro-en-la-cabeza-a-un-joven-de-20-anos-para-robarle-la-bicicleta\\\/#article\",\"isPartOf\":{\"@id\":\"https:\\\/\\\/cuartetoenlaweb.com.ar\\\/sitio\\\/mataron-de-un-tiro-en-la-cabeza-a-un-joven-de-20-anos-para-robarle-la-bicicleta\\\/\"},\"author\":{\"name\":\"\",\"@id\":\"\"},\"headline\":\"Mataron de un tiro en la cabeza a un joven de 20 a\u00f1os para robarle la bicicleta\",\"datePublished\":\"2025-11-18T18:59:48+00:00\",\"mainEntityOfPage\":{\"@id\":\"https:\\\/\\\/cuartetoenlaweb.com.ar\\\/sitio\\\/mataron-de-un-tiro-en-la-cabeza-a-un-joven-de-20-anos-para-robarle-la-bicicleta\\\/\"},\"wordCount\":180,\"publisher\":{\"@id\":\"http:\\\/\\\/cuartetoenlaweb.com.ar\\\/sitio\\\/#organization\"},\"image\":{\"@id\":\"https:\\\/\\\/cuartetoenlaweb.com.ar\\\/sitio\\\/mataron-de-un-tiro-en-la-cabeza-a-un-joven-de-20-anos-para-robarle-la-bicicleta\\\/#primaryimage\"},\"thumbnailUrl\":\"https:\\\/\\\/cuartetoenlaweb.com.ar\\\/sitio\\\/wp-content\\\/uploads\\\/2025\\\/11\\\/720-1306.jpeg\",\"articleSection\":[\"PAIS\"],\"inLanguage\":\"es\"},{\"@type\":\"WebPage\",\"@id\":\"https:\\\/\\\/cuartetoenlaweb.com.ar\\\/sitio\\\/mataron-de-un-tiro-en-la-cabeza-a-un-joven-de-20-anos-para-robarle-la-bicicleta\\\/\",\"url\":\"https:\\\/\\\/cuartetoenlaweb.com.ar\\\/sitio\\\/mataron-de-un-tiro-en-la-cabeza-a-un-joven-de-20-anos-para-robarle-la-bicicleta\\\/\",\"name\":\"Mataron de un tiro en la cabeza a un joven de 20 a\u00f1os para robarle la bicicleta - Cuarteto en la Web\",\"isPartOf\":{\"@id\":\"http:\\\/\\\/cuartetoenlaweb.com.ar\\\/sitio\\\/#website\"},\"primaryImageOfPage\":{\"@id\":\"https:\\\/\\\/cuartetoenlaweb.com.ar\\\/sitio\\\/mataron-de-un-tiro-en-la-cabeza-a-un-joven-de-20-anos-para-robarle-la-bicicleta\\\/#primaryimage\"},\"image\":{\"@id\":\"https:\\\/\\\/cuartetoenlaweb.com.ar\\\/sitio\\\/mataron-de-un-tiro-en-la-cabeza-a-un-joven-de-20-anos-para-robarle-la-bicicleta\\\/#primaryimage\"},\"thumbnailUrl\":\"https:\\\/\\\/cuartetoenlaweb.com.ar\\\/sitio\\\/wp-content\\\/uploads\\\/2025\\\/11\\\/720-1306.jpeg\",\"datePublished\":\"2025-11-18T18:59:48+00:00\",\"breadcrumb\":{\"@id\":\"https:\\\/\\\/cuartetoenlaweb.com.ar\\\/sitio\\\/mataron-de-un-tiro-en-la-cabeza-a-un-joven-de-20-anos-para-robarle-la-bicicleta\\\/#breadcrumb\"},\"inLanguage\":\"es\",\"potentialAction\":[{\"@type\":\"ReadAction\",\"target\":[\"https:\\\/\\\/cuartetoenlaweb.com.ar\\\/sitio\\\/mataron-de-un-tiro-en-la-cabeza-a-un-joven-de-20-anos-para-robarle-la-bicicleta\\\/\"]}]},{\"@type\":\"ImageObject\",\"inLanguage\":\"es\",\"@id\":\"https:\\\/\\\/cuartetoenlaweb.com.ar\\\/sitio\\\/mataron-de-un-tiro-en-la-cabeza-a-un-joven-de-20-anos-para-robarle-la-bicicleta\\\/#primaryimage\",\"url\":\"https:\\\/\\\/cuartetoenlaweb.com.ar\\\/sitio\\\/wp-content\\\/uploads\\\/2025\\\/11\\\/720-1306.jpeg\",\"contentUrl\":\"https:\\\/\\\/cuartetoenlaweb.com.ar\\\/sitio\\\/wp-content\\\/uploads\\\/2025\\\/11\\\/720-1306.jpeg\",\"width\":1108,\"height\":720},{\"@type\":\"BreadcrumbList\",\"@id\":\"https:\\\/\\\/cuartetoenlaweb.com.ar\\\/sitio\\\/mataron-de-un-tiro-en-la-cabeza-a-un-joven-de-20-anos-para-robarle-la-bicicleta\\\/#breadcrumb\",\"itemListElement\":[{\"@type\":\"ListItem\",\"position\":1,\"name\":\"Portada\",\"item\":\"http:\\\/\\\/cuartetoenlaweb.com.ar\\\/sitio\\\/\"},{\"@type\":\"ListItem\",\"position\":2,\"name\":\"Mataron de un tiro en la cabeza a un joven de 20 a\u00f1os para robarle la bicicleta\"}]},{\"@type\":\"WebSite\",\"@id\":\"http:\\\/\\\/cuartetoenlaweb.com.ar\\\/sitio\\\/#website\",\"url\":\"http:\\\/\\\/cuartetoenlaweb.com.ar\\\/sitio\\\/\",\"name\":\"Cuarteto en la Web\",\"description\":\"\",\"publisher\":{\"@id\":\"http:\\\/\\\/cuartetoenlaweb.com.ar\\\/sitio\\\/#organization\"},\"potentialAction\":[{\"@type\":\"SearchAction\",\"target\":{\"@type\":\"EntryPoint\",\"urlTemplate\":\"http:\\\/\\\/cuartetoenlaweb.com.ar\\\/sitio\\\/?s={search_term_string}\"},\"query-input\":{\"@type\":\"PropertyValueSpecification\",\"valueRequired\":true,\"valueName\":\"search_term_string\"}}],\"inLanguage\":\"es\"},{\"@type\":\"Organization\",\"@id\":\"http:\\\/\\\/cuartetoenlaweb.com.ar\\\/sitio\\\/#organization\",\"name\":\"Cuarteto en la Web\",\"url\":\"http:\\\/\\\/cuartetoenlaweb.com.ar\\\/sitio\\\/\",\"logo\":{\"@type\":\"ImageObject\",\"inLanguage\":\"es\",\"@id\":\"http:\\\/\\\/cuartetoenlaweb.com.ar\\\/sitio\\\/#\\\/schema\\\/logo\\\/image\\\/\",\"url\":\"https:\\\/\\\/cuartetoenlaweb.com.ar\\\/sitio\\\/wp-content\\\/uploads\\\/2025\\\/07\\\/cropped-cropped-logitoweb21.png\",\"contentUrl\":\"https:\\\/\\\/cuartetoenlaweb.com.ar\\\/sitio\\\/wp-content\\\/uploads\\\/2025\\\/07\\\/cropped-cropped-logitoweb21.png\",\"width\":199,\"height\":199,\"caption\":\"Cuarteto en la Web\"},\"image\":{\"@id\":\"http:\\\/\\\/cuartetoenlaweb.com.ar\\\/sitio\\\/#\\\/schema\\\/logo\\\/image\\\/\"}}]}<\/script>\n<!-- \/ Yoast SEO plugin. -->","yoast_head_json":{"title":"Mataron de un tiro en la cabeza a un joven de 20 a\u00f1os para robarle la bicicleta - Cuarteto en la Web","robots":{"index":"index","follow":"follow","max-snippet":"max-snippet:-1","max-image-preview":"max-image-preview:large","max-video-preview":"max-video-preview:-1"},"canonical":"https:\/\/cuartetoenlaweb.com.ar\/sitio\/mataron-de-un-tiro-en-la-cabeza-a-un-joven-de-20-anos-para-robarle-la-bicicleta\/","og_locale":"es_ES","og_type":"article","og_title":"Mataron de un tiro en la cabeza a un joven de 20 a\u00f1os para robarle la bicicleta - Cuarteto en la Web","og_description":"Buenos Aires, 18 noviembre (NA) \u2014 Un joven de 20","og_url":"https:\/\/cuartetoenlaweb.com.ar\/sitio\/mataron-de-un-tiro-en-la-cabeza-a-un-joven-de-20-anos-para-robarle-la-bicicleta\/","og_site_name":"Cuarteto en la Web","article_published_time":"2025-11-18T18:59:48+00:00","og_image":[{"width":1108,"height":720,"url":"https:\/\/cuartetoenlaweb.com.ar\/sitio\/wp-content\/uploads\/2025\/11\/720-1306.jpeg","type":"image\/jpeg"}],"twitter_card":"summary_large_image","twitter_misc":{"Tiempo de lectura":"1 minuto"},"schema":{"@context":"https:\/\/schema.org","@graph":[{"@type":"Article","@id":"https:\/\/cuartetoenlaweb.com.ar\/sitio\/mataron-de-un-tiro-en-la-cabeza-a-un-joven-de-20-anos-para-robarle-la-bicicleta\/#article","isPartOf":{"@id":"https:\/\/cuartetoenlaweb.com.ar\/sitio\/mataron-de-un-tiro-en-la-cabeza-a-un-joven-de-20-anos-para-robarle-la-bicicleta\/"},"author":{"name":"","@id":""},"headline":"Mataron de un tiro en la cabeza a un joven de 20 a\u00f1os para robarle la bicicleta","datePublished":"2025-11-18T18:59:48+00:00","mainEntityOfPage":{"@id":"https:\/\/cuartetoenlaweb.com.ar\/sitio\/mataron-de-un-tiro-en-la-cabeza-a-un-joven-de-20-anos-para-robarle-la-bicicleta\/"},"wordCount":180,"publisher":{"@id":"http:\/\/cuartetoenlaweb.com.ar\/sitio\/#organization"},"image":{"@id":"https:\/\/cuartetoenlaweb.com.ar\/sitio\/mataron-de-un-tiro-en-la-cabeza-a-un-joven-de-20-anos-para-robarle-la-bicicleta\/#primaryimage"},"thumbnailUrl":"https:\/\/cuartetoenlaweb.com.ar\/sitio\/wp-content\/uploads\/2025\/11\/720-1306.jpeg","articleSection":["PAIS"],"inLanguage":"es"},{"@type":"WebPage","@id":"https:\/\/cuartetoenlaweb.com.ar\/sitio\/mataron-de-un-tiro-en-la-cabeza-a-un-joven-de-20-anos-para-robarle-la-bicicleta\/","url":"https:\/\/cuartetoenlaweb.com.ar\/sitio\/mataron-de-un-tiro-en-la-cabeza-a-un-joven-de-20-anos-para-robarle-la-bicicleta\/","name":"Mataron de un tiro en la cabeza a un joven de 20 a\u00f1os para robarle la bicicleta - Cuarteto en la Web","isPartOf":{"@id":"http:\/\/cuartetoenlaweb.com.ar\/sitio\/#website"},"primaryImageOfPage":{"@id":"https:\/\/cuartetoenlaweb.com.ar\/sitio\/mataron-de-un-tiro-en-la-cabeza-a-un-joven-de-20-anos-para-robarle-la-bicicleta\/#primaryimage"},"image":{"@id":"https:\/\/cuartetoenlaweb.com.ar\/sitio\/mataron-de-un-tiro-en-la-cabeza-a-un-joven-de-20-anos-para-robarle-la-bicicleta\/#primaryimage"},"thumbnailUrl":"https:\/\/cuartetoenlaweb.com.ar\/sitio\/wp-content\/uploads\/2025\/11\/720-1306.jpeg","datePublished":"2025-11-18T18:59:48+00:00","breadcrumb":{"@id":"https:\/\/cuartetoenlaweb.com.ar\/sitio\/mataron-de-un-tiro-en-la-cabeza-a-un-joven-de-20-anos-para-robarle-la-bicicleta\/#breadcrumb"},"inLanguage":"es","potentialAction":[{"@type":"ReadAction","target":["https:\/\/cuartetoenlaweb.com.ar\/sitio\/mataron-de-un-tiro-en-la-cabeza-a-un-joven-de-20-anos-para-robarle-la-bicicleta\/"]}]},{"@type":"ImageObject","inLanguage":"es","@id":"https:\/\/cuartetoenlaweb.com.ar\/sitio\/mataron-de-un-tiro-en-la-cabeza-a-un-joven-de-20-anos-para-robarle-la-bicicleta\/#primaryimage","url":"https:\/\/cuartetoenlaweb.com.ar\/sitio\/wp-content\/uploads\/2025\/11\/720-1306.jpeg","contentUrl":"https:\/\/cuartetoenlaweb.com.ar\/sitio\/wp-content\/uploads\/2025\/11\/720-1306.jpeg","width":1108,"height":720},{"@type":"BreadcrumbList","@id":"https:\/\/cuartetoenlaweb.com.ar\/sitio\/mataron-de-un-tiro-en-la-cabeza-a-un-joven-de-20-anos-para-robarle-la-bicicleta\/#breadcrumb","itemListElement":[{"@type":"ListItem","position":1,"name":"Portada","item":"http:\/\/cuartetoenlaweb.com.ar\/sitio\/"},{"@type":"ListItem","position":2,"name":"Mataron de un tiro en la cabeza a un joven de 20 a\u00f1os para robarle la bicicleta"}]},{"@type":"WebSite","@id":"http:\/\/cuartetoenlaweb.com.ar\/sitio\/#website","url":"http:\/\/cuartetoenlaweb.com.ar\/sitio\/","name":"Cuarteto en la Web","description":"","publisher":{"@id":"http:\/\/cuartetoenlaweb.com.ar\/sitio\/#organization"},"potentialAction":[{"@type":"SearchAction","target":{"@type":"EntryPoint","urlTemplate":"http:\/\/cuartetoenlaweb.com.ar\/sitio\/?s={search_term_string}"},"query-input":{"@type":"PropertyValueSpecification","valueRequired":true,"valueName":"search_term_string"}}],"inLanguage":"es"},{"@type":"Organization","@id":"http:\/\/cuartetoenlaweb.com.ar\/sitio\/#organization","name":"Cuarteto en la Web","url":"http:\/\/cuartetoenlaweb.com.ar\/sitio\/","logo":{"@type":"ImageObject","inLanguage":"es","@id":"http:\/\/cuartetoenlaweb.com.ar\/sitio\/#\/schema\/logo\/image\/","url":"https:\/\/cuartetoenlaweb.com.ar\/sitio\/wp-content\/uploads\/2025\/07\/cropped-cropped-logitoweb21.png","contentUrl":"https:\/\/cuartetoenlaweb.com.ar\/sitio\/wp-content\/uploads\/2025\/07\/cropped-cropped-logitoweb21.png","width":199,"height":199,"caption":"Cuarteto en la Web"},"image":{"@id":"http:\/\/cuartetoenlaweb.com.ar\/sitio\/#\/schema\/logo\/image\/"}}]}},"_links":{"self":[{"href":"https:\/\/cuartetoenlaweb.com.ar\/sitio\/wp-json\/wp\/v2\/posts\/5171","targetHints":{"allow":["GET"]}}],"collection":[{"href":"https:\/\/cuartetoenlaweb.com.ar\/sitio\/wp-json\/wp\/v2\/posts"}],"about":[{"href":"https:\/\/cuartetoenlaweb.com.ar\/sitio\/wp-json\/wp\/v2\/types\/post"}],"replies":[{"embeddable":true,"href":"https:\/\/cuartetoenlaweb.com.ar\/sitio\/wp-json\/wp\/v2\/comments?post=5171"}],"version-history":[{"count":0,"href":"https:\/\/cuartetoenlaweb.com.ar\/sitio\/wp-json\/wp\/v2\/posts\/5171\/revisions"}],"wp:featuredmedia":[{"embeddable":true,"href":"https:\/\/cuartetoenlaweb.com.ar\/sitio\/wp-json\/wp\/v2\/media\/5172"}],"wp:attachment":[{"href":"https:\/\/cuartetoenlaweb.com.ar\/sitio\/wp-json\/wp\/v2\/media?parent=5171"}],"wp:term":[{"taxonomy":"category","embeddable":true,"href":"https:\/\/cuartetoenlaweb.com.ar\/sitio\/wp-json\/wp\/v2\/categories?post=5171"},{"taxonomy":"post_tag","embeddable":true,"href":"https:\/\/cuartetoenlaweb.com.ar\/sitio\/wp-json\/wp\/v2\/tags?post=5171"}],"curies":[{"name":"wp","href":"https:\/\/api.w.org\/{rel}","templated":true}]}}