
{"id":4435,"date":"2025-11-15T16:01:54","date_gmt":"2025-11-15T19:01:54","guid":{"rendered":"https:\/\/cuartetoenlaweb.com.ar\/sitio\/jannik-sinner-se-metio-en-la-final-del-atp-finals-y-espera-a-su-rival\/"},"modified":"2025-11-15T16:01:54","modified_gmt":"2025-11-15T19:01:54","slug":"jannik-sinner-se-metio-en-la-final-del-atp-finals-y-espera-a-su-rival","status":"publish","type":"post","link":"https:\/\/cuartetoenlaweb.com.ar\/sitio\/jannik-sinner-se-metio-en-la-final-del-atp-finals-y-espera-a-su-rival\/","title":{"rendered":"Jannik Sinner se meti\u00f3 en la final del ATP Finals y espera a su rival"},"content":{"rendered":"<p>Buenos Aires, 15 noviembre (NA) \u2013 El italino Jannik Sinner volvi\u00f3 a demostrar por qu\u00e9 atraviesa uno de los mejores momentos de su carrera luego de meterse en la final de las ATP Finals en Tur\u00edn tras derrotar al australiano Alex De Mi\u00f1aur. <\/p>\n<p>Sinner se llev\u00f3 el duelo por 7-5 y 6-2 en una hora y 52 minutos de juego, seg\u00fan se inform\u00f3 la Agencia Noticias Argentinas. El italiano contaba con el aliento total del p\u00fablico local y un nivel que roza la perfecci\u00f3n en canchas r\u00e1pidas bajo techo, el n\u00famero dos del mundo estir\u00f3 a 30 su racha de victorias seguidas en esta superficie y qued\u00f3 a la espera de su rival, que saldr\u00e1 del duelo entre Carlos Alcaraz y Felix Auger-Aliassime.<\/p>\n<p>El inicio del partido exigi\u00f3 al m\u00e1ximo al n\u00famero dos del mundo, que debi\u00f3 resistir varias oportunidades de quiebre en contra y lidiar con un De Mi\u00f1aur que busc\u00f3 romper todos los pron\u00f3sticos.<\/p>\n<p>El australiano lleg\u00f3 a tener tres break points en el comienzo y mostr\u00f3 un nivel muy por encima del que hab\u00eda tenido en la fase de grupos. Sin embargo, Sinner sostuvo el saque con autoridad, encontr\u00f3 la precisi\u00f3n en los momentos clave y termin\u00f3 quebrando con el marcador 5-5.<\/p>\n<p>A partir de ah\u00ed, el italiano sali\u00f3 decidido a imponer su ritmo y lo logr\u00f3 con una r\u00e1faga de cuatro juegos consecutivos que dejaron sin respuestas a De Mi\u00f1aur. El australiano apenas pudo sostener sus turnos de saque, pero nunca encontr\u00f3 la manera de incomodar al local, que manej\u00f3 cada intercambio con una superioridad apabullante y sell\u00f3 el segundo set por 6-2.<\/p>\n<p>De esta manera, Sinner buscar\u00e1 mantener su racha en el ATP Finals, en donde no pierde desde el 2023 y ahora deber\u00e1 esperar a su rival, que saldr\u00e1 del duelo entre Alcaraz y Auger-Aliassime. #AgenciaNA<\/p>\n","protected":false},"excerpt":{"rendered":"<p>Buenos Aires, 15 noviembre (NA) \u2013 El italino Jannik Sinner<\/p>\n","protected":false},"author":0,"featured_media":4436,"comment_status":"","ping_status":"","sticky":false,"template":"","format":"standard","meta":{"footnotes":""},"categories":[65],"tags":[],"class_list":["post-4435","post","type-post","status-publish","format-standard","has-post-thumbnail","hentry","category-pais"],"yoast_head":"<!-- This site is optimized with the Yoast SEO plugin v27.5 - https:\/\/yoast.com\/product\/yoast-seo-wordpress\/ -->\n<title>Jannik Sinner se meti\u00f3 en la final del ATP Finals y espera a su rival - Cuarteto en la Web<\/title>\n<meta name=\"robots\" content=\"index, follow, max-snippet:-1, max-image-preview:large, max-video-preview:-1\" \/>\n<link rel=\"canonical\" href=\"https:\/\/cuartetoenlaweb.com.ar\/sitio\/jannik-sinner-se-metio-en-la-final-del-atp-finals-y-espera-a-su-rival\/\" \/>\n<meta property=\"og:locale\" content=\"es_ES\" \/>\n<meta property=\"og:type\" content=\"article\" \/>\n<meta property=\"og:title\" content=\"Jannik Sinner se meti\u00f3 en la final del ATP Finals y espera a su rival - Cuarteto en la Web\" \/>\n<meta property=\"og:description\" content=\"Buenos Aires, 15 noviembre (NA) \u2013 El italino Jannik Sinner\" \/>\n<meta property=\"og:url\" content=\"https:\/\/cuartetoenlaweb.com.ar\/sitio\/jannik-sinner-se-metio-en-la-final-del-atp-finals-y-espera-a-su-rival\/\" \/>\n<meta property=\"og:site_name\" content=\"Cuarteto en la Web\" \/>\n<meta property=\"article:published_time\" content=\"2025-11-15T19:01:54+00:00\" \/>\n<meta property=\"og:image\" content=\"https:\/\/cuartetoenlaweb.com.ar\/sitio\/wp-content\/uploads\/2025\/11\/720-1061.jpeg\" \/>\n\t<meta property=\"og:image:width\" content=\"576\" \/>\n\t<meta property=\"og:image:height\" content=\"720\" \/>\n\t<meta property=\"og:image:type\" content=\"image\/jpeg\" \/>\n<meta name=\"twitter:card\" content=\"summary_large_image\" \/>\n<meta name=\"twitter:label1\" content=\"Tiempo de lectura\" \/>\n\t<meta name=\"twitter:data1\" content=\"2 minutos\" \/>\n<script type=\"application\/ld+json\" class=\"yoast-schema-graph\">{\"@context\":\"https:\\\/\\\/schema.org\",\"@graph\":[{\"@type\":\"Article\",\"@id\":\"https:\\\/\\\/cuartetoenlaweb.com.ar\\\/sitio\\\/jannik-sinner-se-metio-en-la-final-del-atp-finals-y-espera-a-su-rival\\\/#article\",\"isPartOf\":{\"@id\":\"https:\\\/\\\/cuartetoenlaweb.com.ar\\\/sitio\\\/jannik-sinner-se-metio-en-la-final-del-atp-finals-y-espera-a-su-rival\\\/\"},\"author\":{\"name\":\"\",\"@id\":\"\"},\"headline\":\"Jannik Sinner se meti\u00f3 en la final del ATP Finals y espera a su rival\",\"datePublished\":\"2025-11-15T19:01:54+00:00\",\"mainEntityOfPage\":{\"@id\":\"https:\\\/\\\/cuartetoenlaweb.com.ar\\\/sitio\\\/jannik-sinner-se-metio-en-la-final-del-atp-finals-y-espera-a-su-rival\\\/\"},\"wordCount\":327,\"publisher\":{\"@id\":\"https:\\\/\\\/cuartetoenlaweb.com.ar\\\/sitio\\\/#organization\"},\"image\":{\"@id\":\"https:\\\/\\\/cuartetoenlaweb.com.ar\\\/sitio\\\/jannik-sinner-se-metio-en-la-final-del-atp-finals-y-espera-a-su-rival\\\/#primaryimage\"},\"thumbnailUrl\":\"https:\\\/\\\/cuartetoenlaweb.com.ar\\\/sitio\\\/wp-content\\\/uploads\\\/2025\\\/11\\\/720-1061.jpeg\",\"articleSection\":[\"PAIS\"],\"inLanguage\":\"es\"},{\"@type\":\"WebPage\",\"@id\":\"https:\\\/\\\/cuartetoenlaweb.com.ar\\\/sitio\\\/jannik-sinner-se-metio-en-la-final-del-atp-finals-y-espera-a-su-rival\\\/\",\"url\":\"https:\\\/\\\/cuartetoenlaweb.com.ar\\\/sitio\\\/jannik-sinner-se-metio-en-la-final-del-atp-finals-y-espera-a-su-rival\\\/\",\"name\":\"Jannik Sinner se meti\u00f3 en la final del ATP Finals y espera a su rival - Cuarteto en la Web\",\"isPartOf\":{\"@id\":\"https:\\\/\\\/cuartetoenlaweb.com.ar\\\/sitio\\\/#website\"},\"primaryImageOfPage\":{\"@id\":\"https:\\\/\\\/cuartetoenlaweb.com.ar\\\/sitio\\\/jannik-sinner-se-metio-en-la-final-del-atp-finals-y-espera-a-su-rival\\\/#primaryimage\"},\"image\":{\"@id\":\"https:\\\/\\\/cuartetoenlaweb.com.ar\\\/sitio\\\/jannik-sinner-se-metio-en-la-final-del-atp-finals-y-espera-a-su-rival\\\/#primaryimage\"},\"thumbnailUrl\":\"https:\\\/\\\/cuartetoenlaweb.com.ar\\\/sitio\\\/wp-content\\\/uploads\\\/2025\\\/11\\\/720-1061.jpeg\",\"datePublished\":\"2025-11-15T19:01:54+00:00\",\"breadcrumb\":{\"@id\":\"https:\\\/\\\/cuartetoenlaweb.com.ar\\\/sitio\\\/jannik-sinner-se-metio-en-la-final-del-atp-finals-y-espera-a-su-rival\\\/#breadcrumb\"},\"inLanguage\":\"es\",\"potentialAction\":[{\"@type\":\"ReadAction\",\"target\":[\"https:\\\/\\\/cuartetoenlaweb.com.ar\\\/sitio\\\/jannik-sinner-se-metio-en-la-final-del-atp-finals-y-espera-a-su-rival\\\/\"]}]},{\"@type\":\"ImageObject\",\"inLanguage\":\"es\",\"@id\":\"https:\\\/\\\/cuartetoenlaweb.com.ar\\\/sitio\\\/jannik-sinner-se-metio-en-la-final-del-atp-finals-y-espera-a-su-rival\\\/#primaryimage\",\"url\":\"https:\\\/\\\/cuartetoenlaweb.com.ar\\\/sitio\\\/wp-content\\\/uploads\\\/2025\\\/11\\\/720-1061.jpeg\",\"contentUrl\":\"https:\\\/\\\/cuartetoenlaweb.com.ar\\\/sitio\\\/wp-content\\\/uploads\\\/2025\\\/11\\\/720-1061.jpeg\",\"width\":576,\"height\":720},{\"@type\":\"BreadcrumbList\",\"@id\":\"https:\\\/\\\/cuartetoenlaweb.com.ar\\\/sitio\\\/jannik-sinner-se-metio-en-la-final-del-atp-finals-y-espera-a-su-rival\\\/#breadcrumb\",\"itemListElement\":[{\"@type\":\"ListItem\",\"position\":1,\"name\":\"Portada\",\"item\":\"https:\\\/\\\/cuartetoenlaweb.com.ar\\\/sitio\\\/\"},{\"@type\":\"ListItem\",\"position\":2,\"name\":\"Jannik Sinner se meti\u00f3 en la final del ATP Finals y espera a su rival\"}]},{\"@type\":\"WebSite\",\"@id\":\"https:\\\/\\\/cuartetoenlaweb.com.ar\\\/sitio\\\/#website\",\"url\":\"https:\\\/\\\/cuartetoenlaweb.com.ar\\\/sitio\\\/\",\"name\":\"Cuarteto en la Web\",\"description\":\"\",\"publisher\":{\"@id\":\"https:\\\/\\\/cuartetoenlaweb.com.ar\\\/sitio\\\/#organization\"},\"potentialAction\":[{\"@type\":\"SearchAction\",\"target\":{\"@type\":\"EntryPoint\",\"urlTemplate\":\"https:\\\/\\\/cuartetoenlaweb.com.ar\\\/sitio\\\/?s={search_term_string}\"},\"query-input\":{\"@type\":\"PropertyValueSpecification\",\"valueRequired\":true,\"valueName\":\"search_term_string\"}}],\"inLanguage\":\"es\"},{\"@type\":\"Organization\",\"@id\":\"https:\\\/\\\/cuartetoenlaweb.com.ar\\\/sitio\\\/#organization\",\"name\":\"Cuarteto en la Web\",\"url\":\"https:\\\/\\\/cuartetoenlaweb.com.ar\\\/sitio\\\/\",\"logo\":{\"@type\":\"ImageObject\",\"inLanguage\":\"es\",\"@id\":\"https:\\\/\\\/cuartetoenlaweb.com.ar\\\/sitio\\\/#\\\/schema\\\/logo\\\/image\\\/\",\"url\":\"https:\\\/\\\/cuartetoenlaweb.com.ar\\\/sitio\\\/wp-content\\\/uploads\\\/2025\\\/07\\\/cropped-cropped-logitoweb21.png\",\"contentUrl\":\"https:\\\/\\\/cuartetoenlaweb.com.ar\\\/sitio\\\/wp-content\\\/uploads\\\/2025\\\/07\\\/cropped-cropped-logitoweb21.png\",\"width\":199,\"height\":199,\"caption\":\"Cuarteto en la Web\"},\"image\":{\"@id\":\"https:\\\/\\\/cuartetoenlaweb.com.ar\\\/sitio\\\/#\\\/schema\\\/logo\\\/image\\\/\"}}]}<\/script>\n<!-- \/ Yoast SEO plugin. -->","yoast_head_json":{"title":"Jannik Sinner se meti\u00f3 en la final del ATP Finals y espera a su rival - Cuarteto en la Web","robots":{"index":"index","follow":"follow","max-snippet":"max-snippet:-1","max-image-preview":"max-image-preview:large","max-video-preview":"max-video-preview:-1"},"canonical":"https:\/\/cuartetoenlaweb.com.ar\/sitio\/jannik-sinner-se-metio-en-la-final-del-atp-finals-y-espera-a-su-rival\/","og_locale":"es_ES","og_type":"article","og_title":"Jannik Sinner se meti\u00f3 en la final del ATP Finals y espera a su rival - Cuarteto en la Web","og_description":"Buenos Aires, 15 noviembre (NA) \u2013 El italino Jannik Sinner","og_url":"https:\/\/cuartetoenlaweb.com.ar\/sitio\/jannik-sinner-se-metio-en-la-final-del-atp-finals-y-espera-a-su-rival\/","og_site_name":"Cuarteto en la Web","article_published_time":"2025-11-15T19:01:54+00:00","og_image":[{"width":576,"height":720,"url":"https:\/\/cuartetoenlaweb.com.ar\/sitio\/wp-content\/uploads\/2025\/11\/720-1061.jpeg","type":"image\/jpeg"}],"twitter_card":"summary_large_image","twitter_misc":{"Tiempo de lectura":"2 minutos"},"schema":{"@context":"https:\/\/schema.org","@graph":[{"@type":"Article","@id":"https:\/\/cuartetoenlaweb.com.ar\/sitio\/jannik-sinner-se-metio-en-la-final-del-atp-finals-y-espera-a-su-rival\/#article","isPartOf":{"@id":"https:\/\/cuartetoenlaweb.com.ar\/sitio\/jannik-sinner-se-metio-en-la-final-del-atp-finals-y-espera-a-su-rival\/"},"author":{"name":"","@id":""},"headline":"Jannik Sinner se meti\u00f3 en la final del ATP Finals y espera a su rival","datePublished":"2025-11-15T19:01:54+00:00","mainEntityOfPage":{"@id":"https:\/\/cuartetoenlaweb.com.ar\/sitio\/jannik-sinner-se-metio-en-la-final-del-atp-finals-y-espera-a-su-rival\/"},"wordCount":327,"publisher":{"@id":"https:\/\/cuartetoenlaweb.com.ar\/sitio\/#organization"},"image":{"@id":"https:\/\/cuartetoenlaweb.com.ar\/sitio\/jannik-sinner-se-metio-en-la-final-del-atp-finals-y-espera-a-su-rival\/#primaryimage"},"thumbnailUrl":"https:\/\/cuartetoenlaweb.com.ar\/sitio\/wp-content\/uploads\/2025\/11\/720-1061.jpeg","articleSection":["PAIS"],"inLanguage":"es"},{"@type":"WebPage","@id":"https:\/\/cuartetoenlaweb.com.ar\/sitio\/jannik-sinner-se-metio-en-la-final-del-atp-finals-y-espera-a-su-rival\/","url":"https:\/\/cuartetoenlaweb.com.ar\/sitio\/jannik-sinner-se-metio-en-la-final-del-atp-finals-y-espera-a-su-rival\/","name":"Jannik Sinner se meti\u00f3 en la final del ATP Finals y espera a su rival - Cuarteto en la Web","isPartOf":{"@id":"https:\/\/cuartetoenlaweb.com.ar\/sitio\/#website"},"primaryImageOfPage":{"@id":"https:\/\/cuartetoenlaweb.com.ar\/sitio\/jannik-sinner-se-metio-en-la-final-del-atp-finals-y-espera-a-su-rival\/#primaryimage"},"image":{"@id":"https:\/\/cuartetoenlaweb.com.ar\/sitio\/jannik-sinner-se-metio-en-la-final-del-atp-finals-y-espera-a-su-rival\/#primaryimage"},"thumbnailUrl":"https:\/\/cuartetoenlaweb.com.ar\/sitio\/wp-content\/uploads\/2025\/11\/720-1061.jpeg","datePublished":"2025-11-15T19:01:54+00:00","breadcrumb":{"@id":"https:\/\/cuartetoenlaweb.com.ar\/sitio\/jannik-sinner-se-metio-en-la-final-del-atp-finals-y-espera-a-su-rival\/#breadcrumb"},"inLanguage":"es","potentialAction":[{"@type":"ReadAction","target":["https:\/\/cuartetoenlaweb.com.ar\/sitio\/jannik-sinner-se-metio-en-la-final-del-atp-finals-y-espera-a-su-rival\/"]}]},{"@type":"ImageObject","inLanguage":"es","@id":"https:\/\/cuartetoenlaweb.com.ar\/sitio\/jannik-sinner-se-metio-en-la-final-del-atp-finals-y-espera-a-su-rival\/#primaryimage","url":"https:\/\/cuartetoenlaweb.com.ar\/sitio\/wp-content\/uploads\/2025\/11\/720-1061.jpeg","contentUrl":"https:\/\/cuartetoenlaweb.com.ar\/sitio\/wp-content\/uploads\/2025\/11\/720-1061.jpeg","width":576,"height":720},{"@type":"BreadcrumbList","@id":"https:\/\/cuartetoenlaweb.com.ar\/sitio\/jannik-sinner-se-metio-en-la-final-del-atp-finals-y-espera-a-su-rival\/#breadcrumb","itemListElement":[{"@type":"ListItem","position":1,"name":"Portada","item":"https:\/\/cuartetoenlaweb.com.ar\/sitio\/"},{"@type":"ListItem","position":2,"name":"Jannik Sinner se meti\u00f3 en la final del ATP Finals y espera a su rival"}]},{"@type":"WebSite","@id":"https:\/\/cuartetoenlaweb.com.ar\/sitio\/#website","url":"https:\/\/cuartetoenlaweb.com.ar\/sitio\/","name":"Cuarteto en la Web","description":"","publisher":{"@id":"https:\/\/cuartetoenlaweb.com.ar\/sitio\/#organization"},"potentialAction":[{"@type":"SearchAction","target":{"@type":"EntryPoint","urlTemplate":"https:\/\/cuartetoenlaweb.com.ar\/sitio\/?s={search_term_string}"},"query-input":{"@type":"PropertyValueSpecification","valueRequired":true,"valueName":"search_term_string"}}],"inLanguage":"es"},{"@type":"Organization","@id":"https:\/\/cuartetoenlaweb.com.ar\/sitio\/#organization","name":"Cuarteto en la Web","url":"https:\/\/cuartetoenlaweb.com.ar\/sitio\/","logo":{"@type":"ImageObject","inLanguage":"es","@id":"https:\/\/cuartetoenlaweb.com.ar\/sitio\/#\/schema\/logo\/image\/","url":"https:\/\/cuartetoenlaweb.com.ar\/sitio\/wp-content\/uploads\/2025\/07\/cropped-cropped-logitoweb21.png","contentUrl":"https:\/\/cuartetoenlaweb.com.ar\/sitio\/wp-content\/uploads\/2025\/07\/cropped-cropped-logitoweb21.png","width":199,"height":199,"caption":"Cuarteto en la Web"},"image":{"@id":"https:\/\/cuartetoenlaweb.com.ar\/sitio\/#\/schema\/logo\/image\/"}}]}},"_links":{"self":[{"href":"https:\/\/cuartetoenlaweb.com.ar\/sitio\/wp-json\/wp\/v2\/posts\/4435","targetHints":{"allow":["GET"]}}],"collection":[{"href":"https:\/\/cuartetoenlaweb.com.ar\/sitio\/wp-json\/wp\/v2\/posts"}],"about":[{"href":"https:\/\/cuartetoenlaweb.com.ar\/sitio\/wp-json\/wp\/v2\/types\/post"}],"replies":[{"embeddable":true,"href":"https:\/\/cuartetoenlaweb.com.ar\/sitio\/wp-json\/wp\/v2\/comments?post=4435"}],"version-history":[{"count":0,"href":"https:\/\/cuartetoenlaweb.com.ar\/sitio\/wp-json\/wp\/v2\/posts\/4435\/revisions"}],"wp:featuredmedia":[{"embeddable":true,"href":"https:\/\/cuartetoenlaweb.com.ar\/sitio\/wp-json\/wp\/v2\/media\/4436"}],"wp:attachment":[{"href":"https:\/\/cuartetoenlaweb.com.ar\/sitio\/wp-json\/wp\/v2\/media?parent=4435"}],"wp:term":[{"taxonomy":"category","embeddable":true,"href":"https:\/\/cuartetoenlaweb.com.ar\/sitio\/wp-json\/wp\/v2\/categories?post=4435"},{"taxonomy":"post_tag","embeddable":true,"href":"https:\/\/cuartetoenlaweb.com.ar\/sitio\/wp-json\/wp\/v2\/tags?post=4435"}],"curies":[{"name":"wp","href":"https:\/\/api.w.org\/{rel}","templated":true}]}}