
{"id":4409,"date":"2025-11-15T14:05:38","date_gmt":"2025-11-15T17:05:38","guid":{"rendered":"https:\/\/cuartetoenlaweb.com.ar\/sitio\/diego-santilli-visito-neuquen-y-se-entrevisto-con-rolando-figueroa\/"},"modified":"2025-11-15T14:05:38","modified_gmt":"2025-11-15T17:05:38","slug":"diego-santilli-visito-neuquen-y-se-entrevisto-con-rolando-figueroa","status":"publish","type":"post","link":"https:\/\/cuartetoenlaweb.com.ar\/sitio\/diego-santilli-visito-neuquen-y-se-entrevisto-con-rolando-figueroa\/","title":{"rendered":"Diego Santilli visit\u00f3 Neuqu\u00e9n y se entrevist\u00f3 con Rolando Figueroa"},"content":{"rendered":"<p>Buenos Aires, 15 noviembre (NA) \u2013 El Ministro del Interior, Diego Santilli, se reuni\u00f3 con el gobernador de Neuqu\u00e9n, Rolando Figueroa, con quien dialogaron sobre el Presupuesto 2026 y las reformas que plantea el Poder Ejecutivo.<\/p>\n<p>El intercambio forma parte de la agenda que encar\u00f3 Santilli con el objetivo de trabajar en conjunto con los gobernadores, \u201cescuchar sus agendas y propuestas de trabajo, y a su vez, dialogar con el Congreso Nacional para impulsar y promover las reformas estructurales que la Argentina necesita\u201d.<\/p>\n<p>Durante la jornada, Santilli y Figueroa destacaron \u201cla importancia del trabajo rec\u00edproco y el di\u00e1logo entre las provincias y la Naci\u00f3n\u201d.<\/p>\n<p>Sobre la mesa estuvo la discusi\u00f3n sobre la Ley de Presupuesto 2026, la reforma tributaria, la modernizaci\u00f3n laboral y el nuevo C\u00f3digo Penal.<\/p>\n<p>Figueroa remarc\u00f3 que \u201cNeuqu\u00e9n va a cumplir un rol fundamental en el dise\u00f1o y en la construcci\u00f3n de la nueva Argentina\u201d y consider\u00f3 que el di\u00e1logo \u201csiempre va a ser productivo\u201d. <\/p>\n<p>\u201cNosotros no peleamos por pelear, peleamos por Neuqu\u00e9n\u201d, dijo el mandatario provincial y agreg\u00f3 que desde su gobierno se apoyar\u00e1 \u201ccada trabajo que beneficie a Neuqu\u00e9n y nos impulse al crecimiento\u201d.<\/p>\n<p>\u201cHay muchos puntos de mirada de crecimiento que coinciden, y hay algunos que a lo mejor no. Pero es importante trabajar sobre las coincidencias y avanzar en ellas es un inicio de un gran camino. En ese camino uno va dialogando sobre puntos que quiz\u00e1s no se tienen coincidencias plenas, pero estamos convencidos que estamos en un c\u00edrculo virtuoso\u201d, indic\u00f3 Figueroa.<\/p>\n<p>Por su parte, Santilli explic\u00f3 que se trata de su primera visita oficial a Neuqu\u00e9n, que fue \u201cencomendada por el presidente de la Naci\u00f3n, Javier Milei, para llevar adelante agendas comunes: la que tienen el gobernador y la provincia, y la que tiene de reformas el presidente hacia adelante\u201d.<\/p>\n<p>Dijo que entre los temas de inter\u00e9s del gobierno nacional se encuentran el \u201cgenerar trabajo para salir de la informalidad y pasar a la formalidad; bajar impuestos, como lo viene haciendo el presidente en estos 20 meses de gesti\u00f3n; resolver situaciones que cada una de las provincias tiene, en este caso Neuqu\u00e9n y, obviamente, tambi\u00e9n tener un presupuesto hacia adelante, que es lo que estamos empezando a conversar con los gobernadores\u00bb.<\/p>\n<p>Tambi\u00e9n mencion\u00f3 la necesidad de contar con \u201cun c\u00f3digo penal nuevo\u201d, y expres\u00f3: \u201cHay que tomar un ejemplo: lo est\u00e1 llevando adelante la provincia tambi\u00e9n con sus c\u00f3digos. Ese es el camino\u201d.<\/p>\n<p>Del encuentro tambi\u00e9n participaron el ministro Jefe de Gabinete de la provincia, Juan Luis Ousset y el titular de la cartera de Econom\u00eda, Producci\u00f3n e Industria, Guillermo Koenig. #AgenciaNA<\/p>\n","protected":false},"excerpt":{"rendered":"<p>Buenos Aires, 15 noviembre (NA) \u2013 El Ministro del Interior,<\/p>\n","protected":false},"author":0,"featured_media":4410,"comment_status":"","ping_status":"","sticky":false,"template":"","format":"standard","meta":{"footnotes":""},"categories":[65],"tags":[],"class_list":["post-4409","post","type-post","status-publish","format-standard","has-post-thumbnail","hentry","category-pais"],"yoast_head":"<!-- This site is optimized with the Yoast SEO plugin v27.5 - https:\/\/yoast.com\/product\/yoast-seo-wordpress\/ -->\n<title>Diego Santilli visit\u00f3 Neuqu\u00e9n y se entrevist\u00f3 con Rolando Figueroa - Cuarteto en la Web<\/title>\n<meta name=\"robots\" content=\"index, follow, max-snippet:-1, max-image-preview:large, max-video-preview:-1\" \/>\n<link rel=\"canonical\" href=\"https:\/\/cuartetoenlaweb.com.ar\/sitio\/diego-santilli-visito-neuquen-y-se-entrevisto-con-rolando-figueroa\/\" \/>\n<meta property=\"og:locale\" content=\"es_ES\" \/>\n<meta property=\"og:type\" content=\"article\" \/>\n<meta property=\"og:title\" content=\"Diego Santilli visit\u00f3 Neuqu\u00e9n y se entrevist\u00f3 con Rolando Figueroa - Cuarteto en la Web\" \/>\n<meta property=\"og:description\" content=\"Buenos Aires, 15 noviembre (NA) \u2013 El Ministro del Interior,\" \/>\n<meta property=\"og:url\" content=\"https:\/\/cuartetoenlaweb.com.ar\/sitio\/diego-santilli-visito-neuquen-y-se-entrevisto-con-rolando-figueroa\/\" \/>\n<meta property=\"og:site_name\" content=\"Cuarteto en la Web\" \/>\n<meta property=\"article:published_time\" content=\"2025-11-15T17:05:38+00:00\" \/>\n<meta property=\"og:image\" content=\"https:\/\/cuartetoenlaweb.com.ar\/sitio\/wp-content\/uploads\/2025\/11\/720-1050.jpeg\" \/>\n\t<meta property=\"og:image:width\" content=\"1080\" \/>\n\t<meta property=\"og:image:height\" content=\"720\" \/>\n\t<meta property=\"og:image:type\" content=\"image\/jpeg\" \/>\n<meta name=\"twitter:card\" content=\"summary_large_image\" \/>\n<meta name=\"twitter:label1\" content=\"Tiempo de lectura\" \/>\n\t<meta name=\"twitter:data1\" content=\"2 minutos\" \/>\n<script type=\"application\/ld+json\" class=\"yoast-schema-graph\">{\"@context\":\"https:\\\/\\\/schema.org\",\"@graph\":[{\"@type\":\"Article\",\"@id\":\"https:\\\/\\\/cuartetoenlaweb.com.ar\\\/sitio\\\/diego-santilli-visito-neuquen-y-se-entrevisto-con-rolando-figueroa\\\/#article\",\"isPartOf\":{\"@id\":\"https:\\\/\\\/cuartetoenlaweb.com.ar\\\/sitio\\\/diego-santilli-visito-neuquen-y-se-entrevisto-con-rolando-figueroa\\\/\"},\"author\":{\"name\":\"\",\"@id\":\"\"},\"headline\":\"Diego Santilli visit\u00f3 Neuqu\u00e9n y se entrevist\u00f3 con Rolando Figueroa\",\"datePublished\":\"2025-11-15T17:05:38+00:00\",\"mainEntityOfPage\":{\"@id\":\"https:\\\/\\\/cuartetoenlaweb.com.ar\\\/sitio\\\/diego-santilli-visito-neuquen-y-se-entrevisto-con-rolando-figueroa\\\/\"},\"wordCount\":465,\"publisher\":{\"@id\":\"https:\\\/\\\/cuartetoenlaweb.com.ar\\\/sitio\\\/#organization\"},\"image\":{\"@id\":\"https:\\\/\\\/cuartetoenlaweb.com.ar\\\/sitio\\\/diego-santilli-visito-neuquen-y-se-entrevisto-con-rolando-figueroa\\\/#primaryimage\"},\"thumbnailUrl\":\"https:\\\/\\\/cuartetoenlaweb.com.ar\\\/sitio\\\/wp-content\\\/uploads\\\/2025\\\/11\\\/720-1050.jpeg\",\"articleSection\":[\"PAIS\"],\"inLanguage\":\"es\"},{\"@type\":\"WebPage\",\"@id\":\"https:\\\/\\\/cuartetoenlaweb.com.ar\\\/sitio\\\/diego-santilli-visito-neuquen-y-se-entrevisto-con-rolando-figueroa\\\/\",\"url\":\"https:\\\/\\\/cuartetoenlaweb.com.ar\\\/sitio\\\/diego-santilli-visito-neuquen-y-se-entrevisto-con-rolando-figueroa\\\/\",\"name\":\"Diego Santilli visit\u00f3 Neuqu\u00e9n y se entrevist\u00f3 con Rolando Figueroa - Cuarteto en la Web\",\"isPartOf\":{\"@id\":\"https:\\\/\\\/cuartetoenlaweb.com.ar\\\/sitio\\\/#website\"},\"primaryImageOfPage\":{\"@id\":\"https:\\\/\\\/cuartetoenlaweb.com.ar\\\/sitio\\\/diego-santilli-visito-neuquen-y-se-entrevisto-con-rolando-figueroa\\\/#primaryimage\"},\"image\":{\"@id\":\"https:\\\/\\\/cuartetoenlaweb.com.ar\\\/sitio\\\/diego-santilli-visito-neuquen-y-se-entrevisto-con-rolando-figueroa\\\/#primaryimage\"},\"thumbnailUrl\":\"https:\\\/\\\/cuartetoenlaweb.com.ar\\\/sitio\\\/wp-content\\\/uploads\\\/2025\\\/11\\\/720-1050.jpeg\",\"datePublished\":\"2025-11-15T17:05:38+00:00\",\"breadcrumb\":{\"@id\":\"https:\\\/\\\/cuartetoenlaweb.com.ar\\\/sitio\\\/diego-santilli-visito-neuquen-y-se-entrevisto-con-rolando-figueroa\\\/#breadcrumb\"},\"inLanguage\":\"es\",\"potentialAction\":[{\"@type\":\"ReadAction\",\"target\":[\"https:\\\/\\\/cuartetoenlaweb.com.ar\\\/sitio\\\/diego-santilli-visito-neuquen-y-se-entrevisto-con-rolando-figueroa\\\/\"]}]},{\"@type\":\"ImageObject\",\"inLanguage\":\"es\",\"@id\":\"https:\\\/\\\/cuartetoenlaweb.com.ar\\\/sitio\\\/diego-santilli-visito-neuquen-y-se-entrevisto-con-rolando-figueroa\\\/#primaryimage\",\"url\":\"https:\\\/\\\/cuartetoenlaweb.com.ar\\\/sitio\\\/wp-content\\\/uploads\\\/2025\\\/11\\\/720-1050.jpeg\",\"contentUrl\":\"https:\\\/\\\/cuartetoenlaweb.com.ar\\\/sitio\\\/wp-content\\\/uploads\\\/2025\\\/11\\\/720-1050.jpeg\",\"width\":1080,\"height\":720},{\"@type\":\"BreadcrumbList\",\"@id\":\"https:\\\/\\\/cuartetoenlaweb.com.ar\\\/sitio\\\/diego-santilli-visito-neuquen-y-se-entrevisto-con-rolando-figueroa\\\/#breadcrumb\",\"itemListElement\":[{\"@type\":\"ListItem\",\"position\":1,\"name\":\"Portada\",\"item\":\"https:\\\/\\\/cuartetoenlaweb.com.ar\\\/sitio\\\/\"},{\"@type\":\"ListItem\",\"position\":2,\"name\":\"Diego Santilli visit\u00f3 Neuqu\u00e9n y se entrevist\u00f3 con Rolando Figueroa\"}]},{\"@type\":\"WebSite\",\"@id\":\"https:\\\/\\\/cuartetoenlaweb.com.ar\\\/sitio\\\/#website\",\"url\":\"https:\\\/\\\/cuartetoenlaweb.com.ar\\\/sitio\\\/\",\"name\":\"Cuarteto en la Web\",\"description\":\"\",\"publisher\":{\"@id\":\"https:\\\/\\\/cuartetoenlaweb.com.ar\\\/sitio\\\/#organization\"},\"potentialAction\":[{\"@type\":\"SearchAction\",\"target\":{\"@type\":\"EntryPoint\",\"urlTemplate\":\"https:\\\/\\\/cuartetoenlaweb.com.ar\\\/sitio\\\/?s={search_term_string}\"},\"query-input\":{\"@type\":\"PropertyValueSpecification\",\"valueRequired\":true,\"valueName\":\"search_term_string\"}}],\"inLanguage\":\"es\"},{\"@type\":\"Organization\",\"@id\":\"https:\\\/\\\/cuartetoenlaweb.com.ar\\\/sitio\\\/#organization\",\"name\":\"Cuarteto en la Web\",\"url\":\"https:\\\/\\\/cuartetoenlaweb.com.ar\\\/sitio\\\/\",\"logo\":{\"@type\":\"ImageObject\",\"inLanguage\":\"es\",\"@id\":\"https:\\\/\\\/cuartetoenlaweb.com.ar\\\/sitio\\\/#\\\/schema\\\/logo\\\/image\\\/\",\"url\":\"https:\\\/\\\/cuartetoenlaweb.com.ar\\\/sitio\\\/wp-content\\\/uploads\\\/2025\\\/07\\\/cropped-cropped-logitoweb21.png\",\"contentUrl\":\"https:\\\/\\\/cuartetoenlaweb.com.ar\\\/sitio\\\/wp-content\\\/uploads\\\/2025\\\/07\\\/cropped-cropped-logitoweb21.png\",\"width\":199,\"height\":199,\"caption\":\"Cuarteto en la Web\"},\"image\":{\"@id\":\"https:\\\/\\\/cuartetoenlaweb.com.ar\\\/sitio\\\/#\\\/schema\\\/logo\\\/image\\\/\"}}]}<\/script>\n<!-- \/ Yoast SEO plugin. -->","yoast_head_json":{"title":"Diego Santilli visit\u00f3 Neuqu\u00e9n y se entrevist\u00f3 con Rolando Figueroa - Cuarteto en la Web","robots":{"index":"index","follow":"follow","max-snippet":"max-snippet:-1","max-image-preview":"max-image-preview:large","max-video-preview":"max-video-preview:-1"},"canonical":"https:\/\/cuartetoenlaweb.com.ar\/sitio\/diego-santilli-visito-neuquen-y-se-entrevisto-con-rolando-figueroa\/","og_locale":"es_ES","og_type":"article","og_title":"Diego Santilli visit\u00f3 Neuqu\u00e9n y se entrevist\u00f3 con Rolando Figueroa - Cuarteto en la Web","og_description":"Buenos Aires, 15 noviembre (NA) \u2013 El Ministro del Interior,","og_url":"https:\/\/cuartetoenlaweb.com.ar\/sitio\/diego-santilli-visito-neuquen-y-se-entrevisto-con-rolando-figueroa\/","og_site_name":"Cuarteto en la Web","article_published_time":"2025-11-15T17:05:38+00:00","og_image":[{"width":1080,"height":720,"url":"https:\/\/cuartetoenlaweb.com.ar\/sitio\/wp-content\/uploads\/2025\/11\/720-1050.jpeg","type":"image\/jpeg"}],"twitter_card":"summary_large_image","twitter_misc":{"Tiempo de lectura":"2 minutos"},"schema":{"@context":"https:\/\/schema.org","@graph":[{"@type":"Article","@id":"https:\/\/cuartetoenlaweb.com.ar\/sitio\/diego-santilli-visito-neuquen-y-se-entrevisto-con-rolando-figueroa\/#article","isPartOf":{"@id":"https:\/\/cuartetoenlaweb.com.ar\/sitio\/diego-santilli-visito-neuquen-y-se-entrevisto-con-rolando-figueroa\/"},"author":{"name":"","@id":""},"headline":"Diego Santilli visit\u00f3 Neuqu\u00e9n y se entrevist\u00f3 con Rolando Figueroa","datePublished":"2025-11-15T17:05:38+00:00","mainEntityOfPage":{"@id":"https:\/\/cuartetoenlaweb.com.ar\/sitio\/diego-santilli-visito-neuquen-y-se-entrevisto-con-rolando-figueroa\/"},"wordCount":465,"publisher":{"@id":"https:\/\/cuartetoenlaweb.com.ar\/sitio\/#organization"},"image":{"@id":"https:\/\/cuartetoenlaweb.com.ar\/sitio\/diego-santilli-visito-neuquen-y-se-entrevisto-con-rolando-figueroa\/#primaryimage"},"thumbnailUrl":"https:\/\/cuartetoenlaweb.com.ar\/sitio\/wp-content\/uploads\/2025\/11\/720-1050.jpeg","articleSection":["PAIS"],"inLanguage":"es"},{"@type":"WebPage","@id":"https:\/\/cuartetoenlaweb.com.ar\/sitio\/diego-santilli-visito-neuquen-y-se-entrevisto-con-rolando-figueroa\/","url":"https:\/\/cuartetoenlaweb.com.ar\/sitio\/diego-santilli-visito-neuquen-y-se-entrevisto-con-rolando-figueroa\/","name":"Diego Santilli visit\u00f3 Neuqu\u00e9n y se entrevist\u00f3 con Rolando Figueroa - Cuarteto en la Web","isPartOf":{"@id":"https:\/\/cuartetoenlaweb.com.ar\/sitio\/#website"},"primaryImageOfPage":{"@id":"https:\/\/cuartetoenlaweb.com.ar\/sitio\/diego-santilli-visito-neuquen-y-se-entrevisto-con-rolando-figueroa\/#primaryimage"},"image":{"@id":"https:\/\/cuartetoenlaweb.com.ar\/sitio\/diego-santilli-visito-neuquen-y-se-entrevisto-con-rolando-figueroa\/#primaryimage"},"thumbnailUrl":"https:\/\/cuartetoenlaweb.com.ar\/sitio\/wp-content\/uploads\/2025\/11\/720-1050.jpeg","datePublished":"2025-11-15T17:05:38+00:00","breadcrumb":{"@id":"https:\/\/cuartetoenlaweb.com.ar\/sitio\/diego-santilli-visito-neuquen-y-se-entrevisto-con-rolando-figueroa\/#breadcrumb"},"inLanguage":"es","potentialAction":[{"@type":"ReadAction","target":["https:\/\/cuartetoenlaweb.com.ar\/sitio\/diego-santilli-visito-neuquen-y-se-entrevisto-con-rolando-figueroa\/"]}]},{"@type":"ImageObject","inLanguage":"es","@id":"https:\/\/cuartetoenlaweb.com.ar\/sitio\/diego-santilli-visito-neuquen-y-se-entrevisto-con-rolando-figueroa\/#primaryimage","url":"https:\/\/cuartetoenlaweb.com.ar\/sitio\/wp-content\/uploads\/2025\/11\/720-1050.jpeg","contentUrl":"https:\/\/cuartetoenlaweb.com.ar\/sitio\/wp-content\/uploads\/2025\/11\/720-1050.jpeg","width":1080,"height":720},{"@type":"BreadcrumbList","@id":"https:\/\/cuartetoenlaweb.com.ar\/sitio\/diego-santilli-visito-neuquen-y-se-entrevisto-con-rolando-figueroa\/#breadcrumb","itemListElement":[{"@type":"ListItem","position":1,"name":"Portada","item":"https:\/\/cuartetoenlaweb.com.ar\/sitio\/"},{"@type":"ListItem","position":2,"name":"Diego Santilli visit\u00f3 Neuqu\u00e9n y se entrevist\u00f3 con Rolando Figueroa"}]},{"@type":"WebSite","@id":"https:\/\/cuartetoenlaweb.com.ar\/sitio\/#website","url":"https:\/\/cuartetoenlaweb.com.ar\/sitio\/","name":"Cuarteto en la Web","description":"","publisher":{"@id":"https:\/\/cuartetoenlaweb.com.ar\/sitio\/#organization"},"potentialAction":[{"@type":"SearchAction","target":{"@type":"EntryPoint","urlTemplate":"https:\/\/cuartetoenlaweb.com.ar\/sitio\/?s={search_term_string}"},"query-input":{"@type":"PropertyValueSpecification","valueRequired":true,"valueName":"search_term_string"}}],"inLanguage":"es"},{"@type":"Organization","@id":"https:\/\/cuartetoenlaweb.com.ar\/sitio\/#organization","name":"Cuarteto en la Web","url":"https:\/\/cuartetoenlaweb.com.ar\/sitio\/","logo":{"@type":"ImageObject","inLanguage":"es","@id":"https:\/\/cuartetoenlaweb.com.ar\/sitio\/#\/schema\/logo\/image\/","url":"https:\/\/cuartetoenlaweb.com.ar\/sitio\/wp-content\/uploads\/2025\/07\/cropped-cropped-logitoweb21.png","contentUrl":"https:\/\/cuartetoenlaweb.com.ar\/sitio\/wp-content\/uploads\/2025\/07\/cropped-cropped-logitoweb21.png","width":199,"height":199,"caption":"Cuarteto en la Web"},"image":{"@id":"https:\/\/cuartetoenlaweb.com.ar\/sitio\/#\/schema\/logo\/image\/"}}]}},"_links":{"self":[{"href":"https:\/\/cuartetoenlaweb.com.ar\/sitio\/wp-json\/wp\/v2\/posts\/4409","targetHints":{"allow":["GET"]}}],"collection":[{"href":"https:\/\/cuartetoenlaweb.com.ar\/sitio\/wp-json\/wp\/v2\/posts"}],"about":[{"href":"https:\/\/cuartetoenlaweb.com.ar\/sitio\/wp-json\/wp\/v2\/types\/post"}],"replies":[{"embeddable":true,"href":"https:\/\/cuartetoenlaweb.com.ar\/sitio\/wp-json\/wp\/v2\/comments?post=4409"}],"version-history":[{"count":0,"href":"https:\/\/cuartetoenlaweb.com.ar\/sitio\/wp-json\/wp\/v2\/posts\/4409\/revisions"}],"wp:featuredmedia":[{"embeddable":true,"href":"https:\/\/cuartetoenlaweb.com.ar\/sitio\/wp-json\/wp\/v2\/media\/4410"}],"wp:attachment":[{"href":"https:\/\/cuartetoenlaweb.com.ar\/sitio\/wp-json\/wp\/v2\/media?parent=4409"}],"wp:term":[{"taxonomy":"category","embeddable":true,"href":"https:\/\/cuartetoenlaweb.com.ar\/sitio\/wp-json\/wp\/v2\/categories?post=4409"},{"taxonomy":"post_tag","embeddable":true,"href":"https:\/\/cuartetoenlaweb.com.ar\/sitio\/wp-json\/wp\/v2\/tags?post=4409"}],"curies":[{"name":"wp","href":"https:\/\/api.w.org\/{rel}","templated":true}]}}