
{"id":4405,"date":"2025-11-15T13:02:22","date_gmt":"2025-11-15T16:02:22","guid":{"rendered":"https:\/\/cuartetoenlaweb.com.ar\/sitio\/ola-de-calor-en-buenos-aires-mar-del-plata-santa-fe-rosario-y-cordoba-tras-las-lluvias-baja-la-temperatura\/"},"modified":"2025-11-15T13:02:22","modified_gmt":"2025-11-15T16:02:22","slug":"ola-de-calor-en-buenos-aires-mar-del-plata-santa-fe-rosario-y-cordoba-tras-las-lluvias-baja-la-temperatura","status":"publish","type":"post","link":"https:\/\/cuartetoenlaweb.com.ar\/sitio\/ola-de-calor-en-buenos-aires-mar-del-plata-santa-fe-rosario-y-cordoba-tras-las-lluvias-baja-la-temperatura\/","title":{"rendered":"Ola de calor en Buenos Aires, Mar del Plata, Santa Fe, Rosario y C\u00f3rdoba: tras las lluvias baja la temperatura"},"content":{"rendered":"<p>Buenos Aires, 15 noviembre (NA) \u2013 El calor lleg\u00f3 para quedarse en gran parte del pa\u00eds, m\u00e1s all\u00e1 de alguna jornada tranquila, el Servicio Meteorol\u00f3gico Nacional (SMN) ya adelant\u00f3 que se vienen tres meses con temperaturas m\u00e1s altas de las habituales en gran parte del pa\u00eds. <\/p>\n<p>Seg\u00fan informaron a la Agencia Noticias Argentinas meteor\u00f3logos del SMN, en la zona central del pa\u00eds, d\u00f3nde se est\u00e1 sintiendo fuerte el calor este s\u00e1bado 15 de noviembre, habr\u00e1 un alivio en las marcas t\u00e9rmicas a partir de la noche luego de las lluvias que se esperan, algunas fuertes. <\/p>\n<p>OLA DE LA CALOR: C\u00d3MO SIGUE EL CLIMA<\/p>\n<p>Una de las ciudades de la zona central del pa\u00eds que m\u00e1s sufre el calor es C\u00f3rdoba: en la capital provincial al mediod\u00eda el term\u00f3metro superaba los 30 grados pero luego de las lluvias de la tarde bajar\u00e1n las marcas t\u00e9rmicas y el domingo habr\u00e1 algo de alivio.<\/p>\n<p>Otra ciudad que est\u00e1 viviendo un verano adelantado, algo que agradecen los turistas, es Mar del Plata, que tuvo una ma\u00f1ana a pleno sol, con la temperatura rozando los 30 grados. <\/p>\n<p>En la \u201cCiudad Feliz\u201d se esperan lluvias hacia la noche y esto provocar\u00e1 una dr\u00e1stica baja en las temperaturas, algo que se mantendr\u00e1 durante el transcurso de toda la semana que viene. <\/p>\n<p>En las ciudades de Rosario y Santa Fe se vive un panorama similar, con temperaturas que rondaron los 30 grados llegando al mediod\u00eda pero luego de las lluvias fuertes habr\u00e1 dos d\u00edas de alivio, el domingo 16 y el lunes 17, para luego retornar el calor fuerte.<\/p>\n<p> Finalmente, en la Ciudad de Buenos Aires y el Conurbano Bonaerense el calor se est\u00e1 haciendo sentir y se espera que luego de las lluvias de la noche, que ser\u00e1n fuertes, bajen las marcas t\u00e9rmicas y haya algunas horas de alivio en toda la zona del AMBA.<\/p>\n<p>RECOMENDACIONES DEL SMN POR TORMENTAS FUERTES<\/p>\n<p> 1. No saques la basura. Retir\u00e1 objetos que impidan que el agua escurra.<br \/>\n 2. Evit\u00e1 actividades al aire libre.<br \/>\n 3. No te refugies cerca de \u00e1rboles y postes de electricidad que puedan caerse.<br \/>\n 4. Para minimizar el riesgo de ser alcanzado por un rayo, no permanezcas en playas, r\u00edos, lagunas o piletas.<br \/>\n 5. Estate atento ante la posible ca\u00edda de granizo.<br \/>\n 6. Informate por las autoridades. Ten\u00e9 siempre lista una mochila de emergencias con linterna, radio, documentos y tel\u00e9fono.<\/p>\n<p>#AgenciaNA<\/p>\n","protected":false},"excerpt":{"rendered":"<p>Buenos Aires, 15 noviembre (NA) \u2013 El calor lleg\u00f3 para<\/p>\n","protected":false},"author":0,"featured_media":4406,"comment_status":"","ping_status":"","sticky":false,"template":"","format":"standard","meta":{"footnotes":""},"categories":[65],"tags":[],"class_list":["post-4405","post","type-post","status-publish","format-standard","has-post-thumbnail","hentry","category-pais"],"yoast_head":"<!-- This site is optimized with the Yoast SEO plugin v27.5 - https:\/\/yoast.com\/product\/yoast-seo-wordpress\/ -->\n<title>Ola de calor en Buenos Aires, Mar del Plata, Santa Fe, Rosario y C\u00f3rdoba: tras las lluvias baja la temperatura - Cuarteto en la Web<\/title>\n<meta name=\"robots\" content=\"index, follow, max-snippet:-1, max-image-preview:large, max-video-preview:-1\" \/>\n<link rel=\"canonical\" href=\"https:\/\/cuartetoenlaweb.com.ar\/sitio\/ola-de-calor-en-buenos-aires-mar-del-plata-santa-fe-rosario-y-cordoba-tras-las-lluvias-baja-la-temperatura\/\" \/>\n<meta property=\"og:locale\" content=\"es_ES\" \/>\n<meta property=\"og:type\" content=\"article\" \/>\n<meta property=\"og:title\" content=\"Ola de calor en Buenos Aires, Mar del Plata, Santa Fe, Rosario y C\u00f3rdoba: tras las lluvias baja la temperatura - Cuarteto en la Web\" \/>\n<meta property=\"og:description\" content=\"Buenos Aires, 15 noviembre (NA) \u2013 El calor lleg\u00f3 para\" \/>\n<meta property=\"og:url\" content=\"https:\/\/cuartetoenlaweb.com.ar\/sitio\/ola-de-calor-en-buenos-aires-mar-del-plata-santa-fe-rosario-y-cordoba-tras-las-lluvias-baja-la-temperatura\/\" \/>\n<meta property=\"og:site_name\" content=\"Cuarteto en la Web\" \/>\n<meta property=\"article:published_time\" content=\"2025-11-15T16:02:22+00:00\" \/>\n<meta property=\"og:image\" content=\"https:\/\/cuartetoenlaweb.com.ar\/sitio\/wp-content\/uploads\/2025\/11\/720-1049.jpeg\" \/>\n\t<meta property=\"og:image:width\" content=\"1280\" \/>\n\t<meta property=\"og:image:height\" content=\"650\" \/>\n\t<meta property=\"og:image:type\" content=\"image\/jpeg\" \/>\n<meta name=\"twitter:card\" content=\"summary_large_image\" \/>\n<meta name=\"twitter:label1\" content=\"Tiempo de lectura\" \/>\n\t<meta name=\"twitter:data1\" content=\"2 minutos\" \/>\n<script type=\"application\/ld+json\" class=\"yoast-schema-graph\">{\"@context\":\"https:\\\/\\\/schema.org\",\"@graph\":[{\"@type\":\"Article\",\"@id\":\"https:\\\/\\\/cuartetoenlaweb.com.ar\\\/sitio\\\/ola-de-calor-en-buenos-aires-mar-del-plata-santa-fe-rosario-y-cordoba-tras-las-lluvias-baja-la-temperatura\\\/#article\",\"isPartOf\":{\"@id\":\"https:\\\/\\\/cuartetoenlaweb.com.ar\\\/sitio\\\/ola-de-calor-en-buenos-aires-mar-del-plata-santa-fe-rosario-y-cordoba-tras-las-lluvias-baja-la-temperatura\\\/\"},\"author\":{\"name\":\"\",\"@id\":\"\"},\"headline\":\"Ola de calor en Buenos Aires, Mar del Plata, Santa Fe, Rosario y C\u00f3rdoba: tras las lluvias baja la temperatura\",\"datePublished\":\"2025-11-15T16:02:22+00:00\",\"mainEntityOfPage\":{\"@id\":\"https:\\\/\\\/cuartetoenlaweb.com.ar\\\/sitio\\\/ola-de-calor-en-buenos-aires-mar-del-plata-santa-fe-rosario-y-cordoba-tras-las-lluvias-baja-la-temperatura\\\/\"},\"wordCount\":429,\"publisher\":{\"@id\":\"http:\\\/\\\/cuartetoenlaweb.com.ar\\\/sitio\\\/#organization\"},\"image\":{\"@id\":\"https:\\\/\\\/cuartetoenlaweb.com.ar\\\/sitio\\\/ola-de-calor-en-buenos-aires-mar-del-plata-santa-fe-rosario-y-cordoba-tras-las-lluvias-baja-la-temperatura\\\/#primaryimage\"},\"thumbnailUrl\":\"https:\\\/\\\/cuartetoenlaweb.com.ar\\\/sitio\\\/wp-content\\\/uploads\\\/2025\\\/11\\\/720-1049.jpeg\",\"articleSection\":[\"PAIS\"],\"inLanguage\":\"es\"},{\"@type\":\"WebPage\",\"@id\":\"https:\\\/\\\/cuartetoenlaweb.com.ar\\\/sitio\\\/ola-de-calor-en-buenos-aires-mar-del-plata-santa-fe-rosario-y-cordoba-tras-las-lluvias-baja-la-temperatura\\\/\",\"url\":\"https:\\\/\\\/cuartetoenlaweb.com.ar\\\/sitio\\\/ola-de-calor-en-buenos-aires-mar-del-plata-santa-fe-rosario-y-cordoba-tras-las-lluvias-baja-la-temperatura\\\/\",\"name\":\"Ola de calor en Buenos Aires, Mar del Plata, Santa Fe, Rosario y C\u00f3rdoba: tras las lluvias baja la temperatura - Cuarteto en la Web\",\"isPartOf\":{\"@id\":\"http:\\\/\\\/cuartetoenlaweb.com.ar\\\/sitio\\\/#website\"},\"primaryImageOfPage\":{\"@id\":\"https:\\\/\\\/cuartetoenlaweb.com.ar\\\/sitio\\\/ola-de-calor-en-buenos-aires-mar-del-plata-santa-fe-rosario-y-cordoba-tras-las-lluvias-baja-la-temperatura\\\/#primaryimage\"},\"image\":{\"@id\":\"https:\\\/\\\/cuartetoenlaweb.com.ar\\\/sitio\\\/ola-de-calor-en-buenos-aires-mar-del-plata-santa-fe-rosario-y-cordoba-tras-las-lluvias-baja-la-temperatura\\\/#primaryimage\"},\"thumbnailUrl\":\"https:\\\/\\\/cuartetoenlaweb.com.ar\\\/sitio\\\/wp-content\\\/uploads\\\/2025\\\/11\\\/720-1049.jpeg\",\"datePublished\":\"2025-11-15T16:02:22+00:00\",\"breadcrumb\":{\"@id\":\"https:\\\/\\\/cuartetoenlaweb.com.ar\\\/sitio\\\/ola-de-calor-en-buenos-aires-mar-del-plata-santa-fe-rosario-y-cordoba-tras-las-lluvias-baja-la-temperatura\\\/#breadcrumb\"},\"inLanguage\":\"es\",\"potentialAction\":[{\"@type\":\"ReadAction\",\"target\":[\"https:\\\/\\\/cuartetoenlaweb.com.ar\\\/sitio\\\/ola-de-calor-en-buenos-aires-mar-del-plata-santa-fe-rosario-y-cordoba-tras-las-lluvias-baja-la-temperatura\\\/\"]}]},{\"@type\":\"ImageObject\",\"inLanguage\":\"es\",\"@id\":\"https:\\\/\\\/cuartetoenlaweb.com.ar\\\/sitio\\\/ola-de-calor-en-buenos-aires-mar-del-plata-santa-fe-rosario-y-cordoba-tras-las-lluvias-baja-la-temperatura\\\/#primaryimage\",\"url\":\"https:\\\/\\\/cuartetoenlaweb.com.ar\\\/sitio\\\/wp-content\\\/uploads\\\/2025\\\/11\\\/720-1049.jpeg\",\"contentUrl\":\"https:\\\/\\\/cuartetoenlaweb.com.ar\\\/sitio\\\/wp-content\\\/uploads\\\/2025\\\/11\\\/720-1049.jpeg\",\"width\":1280,\"height\":650},{\"@type\":\"BreadcrumbList\",\"@id\":\"https:\\\/\\\/cuartetoenlaweb.com.ar\\\/sitio\\\/ola-de-calor-en-buenos-aires-mar-del-plata-santa-fe-rosario-y-cordoba-tras-las-lluvias-baja-la-temperatura\\\/#breadcrumb\",\"itemListElement\":[{\"@type\":\"ListItem\",\"position\":1,\"name\":\"Portada\",\"item\":\"http:\\\/\\\/cuartetoenlaweb.com.ar\\\/sitio\\\/\"},{\"@type\":\"ListItem\",\"position\":2,\"name\":\"Ola de calor en Buenos Aires, Mar del Plata, Santa Fe, Rosario y C\u00f3rdoba: tras las lluvias baja la temperatura\"}]},{\"@type\":\"WebSite\",\"@id\":\"http:\\\/\\\/cuartetoenlaweb.com.ar\\\/sitio\\\/#website\",\"url\":\"http:\\\/\\\/cuartetoenlaweb.com.ar\\\/sitio\\\/\",\"name\":\"Cuarteto en la Web\",\"description\":\"\",\"publisher\":{\"@id\":\"http:\\\/\\\/cuartetoenlaweb.com.ar\\\/sitio\\\/#organization\"},\"potentialAction\":[{\"@type\":\"SearchAction\",\"target\":{\"@type\":\"EntryPoint\",\"urlTemplate\":\"http:\\\/\\\/cuartetoenlaweb.com.ar\\\/sitio\\\/?s={search_term_string}\"},\"query-input\":{\"@type\":\"PropertyValueSpecification\",\"valueRequired\":true,\"valueName\":\"search_term_string\"}}],\"inLanguage\":\"es\"},{\"@type\":\"Organization\",\"@id\":\"http:\\\/\\\/cuartetoenlaweb.com.ar\\\/sitio\\\/#organization\",\"name\":\"Cuarteto en la Web\",\"url\":\"http:\\\/\\\/cuartetoenlaweb.com.ar\\\/sitio\\\/\",\"logo\":{\"@type\":\"ImageObject\",\"inLanguage\":\"es\",\"@id\":\"http:\\\/\\\/cuartetoenlaweb.com.ar\\\/sitio\\\/#\\\/schema\\\/logo\\\/image\\\/\",\"url\":\"https:\\\/\\\/cuartetoenlaweb.com.ar\\\/sitio\\\/wp-content\\\/uploads\\\/2025\\\/07\\\/cropped-cropped-logitoweb21.png\",\"contentUrl\":\"https:\\\/\\\/cuartetoenlaweb.com.ar\\\/sitio\\\/wp-content\\\/uploads\\\/2025\\\/07\\\/cropped-cropped-logitoweb21.png\",\"width\":199,\"height\":199,\"caption\":\"Cuarteto en la Web\"},\"image\":{\"@id\":\"http:\\\/\\\/cuartetoenlaweb.com.ar\\\/sitio\\\/#\\\/schema\\\/logo\\\/image\\\/\"}}]}<\/script>\n<!-- \/ Yoast SEO plugin. -->","yoast_head_json":{"title":"Ola de calor en Buenos Aires, Mar del Plata, Santa Fe, Rosario y C\u00f3rdoba: tras las lluvias baja la temperatura - Cuarteto en la Web","robots":{"index":"index","follow":"follow","max-snippet":"max-snippet:-1","max-image-preview":"max-image-preview:large","max-video-preview":"max-video-preview:-1"},"canonical":"https:\/\/cuartetoenlaweb.com.ar\/sitio\/ola-de-calor-en-buenos-aires-mar-del-plata-santa-fe-rosario-y-cordoba-tras-las-lluvias-baja-la-temperatura\/","og_locale":"es_ES","og_type":"article","og_title":"Ola de calor en Buenos Aires, Mar del Plata, Santa Fe, Rosario y C\u00f3rdoba: tras las lluvias baja la temperatura - Cuarteto en la Web","og_description":"Buenos Aires, 15 noviembre (NA) \u2013 El calor lleg\u00f3 para","og_url":"https:\/\/cuartetoenlaweb.com.ar\/sitio\/ola-de-calor-en-buenos-aires-mar-del-plata-santa-fe-rosario-y-cordoba-tras-las-lluvias-baja-la-temperatura\/","og_site_name":"Cuarteto en la Web","article_published_time":"2025-11-15T16:02:22+00:00","og_image":[{"width":1280,"height":650,"url":"https:\/\/cuartetoenlaweb.com.ar\/sitio\/wp-content\/uploads\/2025\/11\/720-1049.jpeg","type":"image\/jpeg"}],"twitter_card":"summary_large_image","twitter_misc":{"Tiempo de lectura":"2 minutos"},"schema":{"@context":"https:\/\/schema.org","@graph":[{"@type":"Article","@id":"https:\/\/cuartetoenlaweb.com.ar\/sitio\/ola-de-calor-en-buenos-aires-mar-del-plata-santa-fe-rosario-y-cordoba-tras-las-lluvias-baja-la-temperatura\/#article","isPartOf":{"@id":"https:\/\/cuartetoenlaweb.com.ar\/sitio\/ola-de-calor-en-buenos-aires-mar-del-plata-santa-fe-rosario-y-cordoba-tras-las-lluvias-baja-la-temperatura\/"},"author":{"name":"","@id":""},"headline":"Ola de calor en Buenos Aires, Mar del Plata, Santa Fe, Rosario y C\u00f3rdoba: tras las lluvias baja la temperatura","datePublished":"2025-11-15T16:02:22+00:00","mainEntityOfPage":{"@id":"https:\/\/cuartetoenlaweb.com.ar\/sitio\/ola-de-calor-en-buenos-aires-mar-del-plata-santa-fe-rosario-y-cordoba-tras-las-lluvias-baja-la-temperatura\/"},"wordCount":429,"publisher":{"@id":"http:\/\/cuartetoenlaweb.com.ar\/sitio\/#organization"},"image":{"@id":"https:\/\/cuartetoenlaweb.com.ar\/sitio\/ola-de-calor-en-buenos-aires-mar-del-plata-santa-fe-rosario-y-cordoba-tras-las-lluvias-baja-la-temperatura\/#primaryimage"},"thumbnailUrl":"https:\/\/cuartetoenlaweb.com.ar\/sitio\/wp-content\/uploads\/2025\/11\/720-1049.jpeg","articleSection":["PAIS"],"inLanguage":"es"},{"@type":"WebPage","@id":"https:\/\/cuartetoenlaweb.com.ar\/sitio\/ola-de-calor-en-buenos-aires-mar-del-plata-santa-fe-rosario-y-cordoba-tras-las-lluvias-baja-la-temperatura\/","url":"https:\/\/cuartetoenlaweb.com.ar\/sitio\/ola-de-calor-en-buenos-aires-mar-del-plata-santa-fe-rosario-y-cordoba-tras-las-lluvias-baja-la-temperatura\/","name":"Ola de calor en Buenos Aires, Mar del Plata, Santa Fe, Rosario y C\u00f3rdoba: tras las lluvias baja la temperatura - Cuarteto en la Web","isPartOf":{"@id":"http:\/\/cuartetoenlaweb.com.ar\/sitio\/#website"},"primaryImageOfPage":{"@id":"https:\/\/cuartetoenlaweb.com.ar\/sitio\/ola-de-calor-en-buenos-aires-mar-del-plata-santa-fe-rosario-y-cordoba-tras-las-lluvias-baja-la-temperatura\/#primaryimage"},"image":{"@id":"https:\/\/cuartetoenlaweb.com.ar\/sitio\/ola-de-calor-en-buenos-aires-mar-del-plata-santa-fe-rosario-y-cordoba-tras-las-lluvias-baja-la-temperatura\/#primaryimage"},"thumbnailUrl":"https:\/\/cuartetoenlaweb.com.ar\/sitio\/wp-content\/uploads\/2025\/11\/720-1049.jpeg","datePublished":"2025-11-15T16:02:22+00:00","breadcrumb":{"@id":"https:\/\/cuartetoenlaweb.com.ar\/sitio\/ola-de-calor-en-buenos-aires-mar-del-plata-santa-fe-rosario-y-cordoba-tras-las-lluvias-baja-la-temperatura\/#breadcrumb"},"inLanguage":"es","potentialAction":[{"@type":"ReadAction","target":["https:\/\/cuartetoenlaweb.com.ar\/sitio\/ola-de-calor-en-buenos-aires-mar-del-plata-santa-fe-rosario-y-cordoba-tras-las-lluvias-baja-la-temperatura\/"]}]},{"@type":"ImageObject","inLanguage":"es","@id":"https:\/\/cuartetoenlaweb.com.ar\/sitio\/ola-de-calor-en-buenos-aires-mar-del-plata-santa-fe-rosario-y-cordoba-tras-las-lluvias-baja-la-temperatura\/#primaryimage","url":"https:\/\/cuartetoenlaweb.com.ar\/sitio\/wp-content\/uploads\/2025\/11\/720-1049.jpeg","contentUrl":"https:\/\/cuartetoenlaweb.com.ar\/sitio\/wp-content\/uploads\/2025\/11\/720-1049.jpeg","width":1280,"height":650},{"@type":"BreadcrumbList","@id":"https:\/\/cuartetoenlaweb.com.ar\/sitio\/ola-de-calor-en-buenos-aires-mar-del-plata-santa-fe-rosario-y-cordoba-tras-las-lluvias-baja-la-temperatura\/#breadcrumb","itemListElement":[{"@type":"ListItem","position":1,"name":"Portada","item":"http:\/\/cuartetoenlaweb.com.ar\/sitio\/"},{"@type":"ListItem","position":2,"name":"Ola de calor en Buenos Aires, Mar del Plata, Santa Fe, Rosario y C\u00f3rdoba: tras las lluvias baja la temperatura"}]},{"@type":"WebSite","@id":"http:\/\/cuartetoenlaweb.com.ar\/sitio\/#website","url":"http:\/\/cuartetoenlaweb.com.ar\/sitio\/","name":"Cuarteto en la Web","description":"","publisher":{"@id":"http:\/\/cuartetoenlaweb.com.ar\/sitio\/#organization"},"potentialAction":[{"@type":"SearchAction","target":{"@type":"EntryPoint","urlTemplate":"http:\/\/cuartetoenlaweb.com.ar\/sitio\/?s={search_term_string}"},"query-input":{"@type":"PropertyValueSpecification","valueRequired":true,"valueName":"search_term_string"}}],"inLanguage":"es"},{"@type":"Organization","@id":"http:\/\/cuartetoenlaweb.com.ar\/sitio\/#organization","name":"Cuarteto en la Web","url":"http:\/\/cuartetoenlaweb.com.ar\/sitio\/","logo":{"@type":"ImageObject","inLanguage":"es","@id":"http:\/\/cuartetoenlaweb.com.ar\/sitio\/#\/schema\/logo\/image\/","url":"https:\/\/cuartetoenlaweb.com.ar\/sitio\/wp-content\/uploads\/2025\/07\/cropped-cropped-logitoweb21.png","contentUrl":"https:\/\/cuartetoenlaweb.com.ar\/sitio\/wp-content\/uploads\/2025\/07\/cropped-cropped-logitoweb21.png","width":199,"height":199,"caption":"Cuarteto en la Web"},"image":{"@id":"http:\/\/cuartetoenlaweb.com.ar\/sitio\/#\/schema\/logo\/image\/"}}]}},"_links":{"self":[{"href":"https:\/\/cuartetoenlaweb.com.ar\/sitio\/wp-json\/wp\/v2\/posts\/4405","targetHints":{"allow":["GET"]}}],"collection":[{"href":"https:\/\/cuartetoenlaweb.com.ar\/sitio\/wp-json\/wp\/v2\/posts"}],"about":[{"href":"https:\/\/cuartetoenlaweb.com.ar\/sitio\/wp-json\/wp\/v2\/types\/post"}],"replies":[{"embeddable":true,"href":"https:\/\/cuartetoenlaweb.com.ar\/sitio\/wp-json\/wp\/v2\/comments?post=4405"}],"version-history":[{"count":0,"href":"https:\/\/cuartetoenlaweb.com.ar\/sitio\/wp-json\/wp\/v2\/posts\/4405\/revisions"}],"wp:featuredmedia":[{"embeddable":true,"href":"https:\/\/cuartetoenlaweb.com.ar\/sitio\/wp-json\/wp\/v2\/media\/4406"}],"wp:attachment":[{"href":"https:\/\/cuartetoenlaweb.com.ar\/sitio\/wp-json\/wp\/v2\/media?parent=4405"}],"wp:term":[{"taxonomy":"category","embeddable":true,"href":"https:\/\/cuartetoenlaweb.com.ar\/sitio\/wp-json\/wp\/v2\/categories?post=4405"},{"taxonomy":"post_tag","embeddable":true,"href":"https:\/\/cuartetoenlaweb.com.ar\/sitio\/wp-json\/wp\/v2\/tags?post=4405"}],"curies":[{"name":"wp","href":"https:\/\/api.w.org\/{rel}","templated":true}]}}