
{"id":4403,"date":"2025-11-15T13:02:20","date_gmt":"2025-11-15T16:02:20","guid":{"rendered":"https:\/\/cuartetoenlaweb.com.ar\/sitio\/un-campeon-del-mundo-con-argentina-ingreso-al-salon-de-la-fama-internacional-del-futbol\/"},"modified":"2025-11-15T13:02:20","modified_gmt":"2025-11-15T16:02:20","slug":"un-campeon-del-mundo-con-argentina-ingreso-al-salon-de-la-fama-internacional-del-futbol","status":"publish","type":"post","link":"https:\/\/cuartetoenlaweb.com.ar\/sitio\/un-campeon-del-mundo-con-argentina-ingreso-al-salon-de-la-fama-internacional-del-futbol\/","title":{"rendered":"Un campe\u00f3n del mundo con Argentina ingres\u00f3 al Sal\u00f3n de la Fama Internacional del F\u00fatbol"},"content":{"rendered":"<p>Buenos Aires, 15 noviembre (NA) \u2013 El arquero argentino campe\u00f3n del mundo en 1978, Ubaldo Matildo Fillol, ingres\u00f3 en el Sal\u00f3n de la Fama Internacional del F\u00fatbol en un evento que tuvo lugar en la ciudad de Pachuca, en M\u00e9xico.<\/p>\n<p>Seg\u00fan pudo saber la Agencia Noticias Argentinas, la entidad que naci\u00f3 en 2011 y cuenta con el aval de la FIFA reconoci\u00f3 al ex arquero de River junto a otras figuras del f\u00fatbol mundial como el colombiano Ren\u00e9 Higuita, el brasile\u00f1o Dunga, el espa\u00f1ol Iker Casillas, el uruguayo Diego Forl\u00e1n, el ingl\u00e9s Gary Lineker y el neerland\u00e9s Ronald Koeman.<\/p>\n<p>\u201cEstoy realmente emocionado, contento y feliz. Estar en el Sal\u00f3n de la Fama es algo que realmente yo so\u00f1aba. Quiero compartir este hermoso premio con mis compa\u00f1eros y cuerpo t\u00e9cnico de esa hermosa selecci\u00f3n de 1978 que le dio el primer t\u00edtulo mundial a mi pa\u00eds\u201d declar\u00f3 el ex arquero de 75 a\u00f1os.<\/p>\n<p>Fillol debut\u00f3 en la Argentina el 3 de julio de 1974, en el Mundial de Alemania. Entre 1974 y 1985 ataj\u00f3 en 58 partidos oficiales, disput\u00f3 las Copas del Mundo de Argentina 1978, donde fue campe\u00f3n, y Espa\u00f1a 1982.<\/p>\n<p>Adem\u00e1s, el oriundo de San Miguel del Monte ataj\u00f3 en todo el recorrido de Eliminatorias Sudamericanas hacia el bicampeonato mundial de M\u00e9xico 1986, cita en la que no estuvo presente.<\/p>\n<p>En la Selecci\u00f3n, el ex Quilmes, Racing y V\u00e9lez fue superado en presencias por Emiliano \u00b4Dibu\u00b4 Mart\u00ednez y Sergio Romero, quien sigue al frente de este listado con 96 partidos.<\/p>\n<p>#AgenciaNA<\/p>\n","protected":false},"excerpt":{"rendered":"<p>Buenos Aires, 15 noviembre (NA) \u2013 El arquero argentino campe\u00f3n<\/p>\n","protected":false},"author":0,"featured_media":4404,"comment_status":"","ping_status":"","sticky":false,"template":"","format":"standard","meta":{"footnotes":""},"categories":[65],"tags":[],"class_list":["post-4403","post","type-post","status-publish","format-standard","has-post-thumbnail","hentry","category-pais"],"yoast_head":"<!-- This site is optimized with the Yoast SEO plugin v27.5 - https:\/\/yoast.com\/product\/yoast-seo-wordpress\/ -->\n<title>Un campe\u00f3n del mundo con Argentina ingres\u00f3 al Sal\u00f3n de la Fama Internacional del F\u00fatbol - Cuarteto en la Web<\/title>\n<meta name=\"robots\" content=\"index, follow, max-snippet:-1, max-image-preview:large, max-video-preview:-1\" \/>\n<link rel=\"canonical\" href=\"https:\/\/cuartetoenlaweb.com.ar\/sitio\/un-campeon-del-mundo-con-argentina-ingreso-al-salon-de-la-fama-internacional-del-futbol\/\" \/>\n<meta property=\"og:locale\" content=\"es_ES\" \/>\n<meta property=\"og:type\" content=\"article\" \/>\n<meta property=\"og:title\" content=\"Un campe\u00f3n del mundo con Argentina ingres\u00f3 al Sal\u00f3n de la Fama Internacional del F\u00fatbol - Cuarteto en la Web\" \/>\n<meta property=\"og:description\" content=\"Buenos Aires, 15 noviembre (NA) \u2013 El arquero argentino campe\u00f3n\" \/>\n<meta property=\"og:url\" content=\"https:\/\/cuartetoenlaweb.com.ar\/sitio\/un-campeon-del-mundo-con-argentina-ingreso-al-salon-de-la-fama-internacional-del-futbol\/\" \/>\n<meta property=\"og:site_name\" content=\"Cuarteto en la Web\" \/>\n<meta property=\"article:published_time\" content=\"2025-11-15T16:02:20+00:00\" \/>\n<meta property=\"og:image\" content=\"https:\/\/cuartetoenlaweb.com.ar\/sitio\/wp-content\/uploads\/2025\/11\/720-1048.jpeg\" \/>\n\t<meta property=\"og:image:width\" content=\"1064\" \/>\n\t<meta property=\"og:image:height\" content=\"720\" \/>\n\t<meta property=\"og:image:type\" content=\"image\/jpeg\" \/>\n<meta name=\"twitter:card\" content=\"summary_large_image\" \/>\n<meta name=\"twitter:label1\" content=\"Tiempo de lectura\" \/>\n\t<meta name=\"twitter:data1\" content=\"1 minuto\" \/>\n<script type=\"application\/ld+json\" class=\"yoast-schema-graph\">{\"@context\":\"https:\\\/\\\/schema.org\",\"@graph\":[{\"@type\":\"Article\",\"@id\":\"https:\\\/\\\/cuartetoenlaweb.com.ar\\\/sitio\\\/un-campeon-del-mundo-con-argentina-ingreso-al-salon-de-la-fama-internacional-del-futbol\\\/#article\",\"isPartOf\":{\"@id\":\"https:\\\/\\\/cuartetoenlaweb.com.ar\\\/sitio\\\/un-campeon-del-mundo-con-argentina-ingreso-al-salon-de-la-fama-internacional-del-futbol\\\/\"},\"author\":{\"name\":\"\",\"@id\":\"\"},\"headline\":\"Un campe\u00f3n del mundo con Argentina ingres\u00f3 al Sal\u00f3n de la Fama Internacional del F\u00fatbol\",\"datePublished\":\"2025-11-15T16:02:20+00:00\",\"mainEntityOfPage\":{\"@id\":\"https:\\\/\\\/cuartetoenlaweb.com.ar\\\/sitio\\\/un-campeon-del-mundo-con-argentina-ingreso-al-salon-de-la-fama-internacional-del-futbol\\\/\"},\"wordCount\":281,\"publisher\":{\"@id\":\"http:\\\/\\\/cuartetoenlaweb.com.ar\\\/sitio\\\/#organization\"},\"image\":{\"@id\":\"https:\\\/\\\/cuartetoenlaweb.com.ar\\\/sitio\\\/un-campeon-del-mundo-con-argentina-ingreso-al-salon-de-la-fama-internacional-del-futbol\\\/#primaryimage\"},\"thumbnailUrl\":\"https:\\\/\\\/cuartetoenlaweb.com.ar\\\/sitio\\\/wp-content\\\/uploads\\\/2025\\\/11\\\/720-1048.jpeg\",\"articleSection\":[\"PAIS\"],\"inLanguage\":\"es\"},{\"@type\":\"WebPage\",\"@id\":\"https:\\\/\\\/cuartetoenlaweb.com.ar\\\/sitio\\\/un-campeon-del-mundo-con-argentina-ingreso-al-salon-de-la-fama-internacional-del-futbol\\\/\",\"url\":\"https:\\\/\\\/cuartetoenlaweb.com.ar\\\/sitio\\\/un-campeon-del-mundo-con-argentina-ingreso-al-salon-de-la-fama-internacional-del-futbol\\\/\",\"name\":\"Un campe\u00f3n del mundo con Argentina ingres\u00f3 al Sal\u00f3n de la Fama Internacional del F\u00fatbol - Cuarteto en la Web\",\"isPartOf\":{\"@id\":\"http:\\\/\\\/cuartetoenlaweb.com.ar\\\/sitio\\\/#website\"},\"primaryImageOfPage\":{\"@id\":\"https:\\\/\\\/cuartetoenlaweb.com.ar\\\/sitio\\\/un-campeon-del-mundo-con-argentina-ingreso-al-salon-de-la-fama-internacional-del-futbol\\\/#primaryimage\"},\"image\":{\"@id\":\"https:\\\/\\\/cuartetoenlaweb.com.ar\\\/sitio\\\/un-campeon-del-mundo-con-argentina-ingreso-al-salon-de-la-fama-internacional-del-futbol\\\/#primaryimage\"},\"thumbnailUrl\":\"https:\\\/\\\/cuartetoenlaweb.com.ar\\\/sitio\\\/wp-content\\\/uploads\\\/2025\\\/11\\\/720-1048.jpeg\",\"datePublished\":\"2025-11-15T16:02:20+00:00\",\"breadcrumb\":{\"@id\":\"https:\\\/\\\/cuartetoenlaweb.com.ar\\\/sitio\\\/un-campeon-del-mundo-con-argentina-ingreso-al-salon-de-la-fama-internacional-del-futbol\\\/#breadcrumb\"},\"inLanguage\":\"es\",\"potentialAction\":[{\"@type\":\"ReadAction\",\"target\":[\"https:\\\/\\\/cuartetoenlaweb.com.ar\\\/sitio\\\/un-campeon-del-mundo-con-argentina-ingreso-al-salon-de-la-fama-internacional-del-futbol\\\/\"]}]},{\"@type\":\"ImageObject\",\"inLanguage\":\"es\",\"@id\":\"https:\\\/\\\/cuartetoenlaweb.com.ar\\\/sitio\\\/un-campeon-del-mundo-con-argentina-ingreso-al-salon-de-la-fama-internacional-del-futbol\\\/#primaryimage\",\"url\":\"https:\\\/\\\/cuartetoenlaweb.com.ar\\\/sitio\\\/wp-content\\\/uploads\\\/2025\\\/11\\\/720-1048.jpeg\",\"contentUrl\":\"https:\\\/\\\/cuartetoenlaweb.com.ar\\\/sitio\\\/wp-content\\\/uploads\\\/2025\\\/11\\\/720-1048.jpeg\",\"width\":1064,\"height\":720},{\"@type\":\"BreadcrumbList\",\"@id\":\"https:\\\/\\\/cuartetoenlaweb.com.ar\\\/sitio\\\/un-campeon-del-mundo-con-argentina-ingreso-al-salon-de-la-fama-internacional-del-futbol\\\/#breadcrumb\",\"itemListElement\":[{\"@type\":\"ListItem\",\"position\":1,\"name\":\"Portada\",\"item\":\"http:\\\/\\\/cuartetoenlaweb.com.ar\\\/sitio\\\/\"},{\"@type\":\"ListItem\",\"position\":2,\"name\":\"Un campe\u00f3n del mundo con Argentina ingres\u00f3 al Sal\u00f3n de la Fama Internacional del F\u00fatbol\"}]},{\"@type\":\"WebSite\",\"@id\":\"http:\\\/\\\/cuartetoenlaweb.com.ar\\\/sitio\\\/#website\",\"url\":\"http:\\\/\\\/cuartetoenlaweb.com.ar\\\/sitio\\\/\",\"name\":\"Cuarteto en la Web\",\"description\":\"\",\"publisher\":{\"@id\":\"http:\\\/\\\/cuartetoenlaweb.com.ar\\\/sitio\\\/#organization\"},\"potentialAction\":[{\"@type\":\"SearchAction\",\"target\":{\"@type\":\"EntryPoint\",\"urlTemplate\":\"http:\\\/\\\/cuartetoenlaweb.com.ar\\\/sitio\\\/?s={search_term_string}\"},\"query-input\":{\"@type\":\"PropertyValueSpecification\",\"valueRequired\":true,\"valueName\":\"search_term_string\"}}],\"inLanguage\":\"es\"},{\"@type\":\"Organization\",\"@id\":\"http:\\\/\\\/cuartetoenlaweb.com.ar\\\/sitio\\\/#organization\",\"name\":\"Cuarteto en la Web\",\"url\":\"http:\\\/\\\/cuartetoenlaweb.com.ar\\\/sitio\\\/\",\"logo\":{\"@type\":\"ImageObject\",\"inLanguage\":\"es\",\"@id\":\"http:\\\/\\\/cuartetoenlaweb.com.ar\\\/sitio\\\/#\\\/schema\\\/logo\\\/image\\\/\",\"url\":\"https:\\\/\\\/cuartetoenlaweb.com.ar\\\/sitio\\\/wp-content\\\/uploads\\\/2025\\\/07\\\/cropped-cropped-logitoweb21.png\",\"contentUrl\":\"https:\\\/\\\/cuartetoenlaweb.com.ar\\\/sitio\\\/wp-content\\\/uploads\\\/2025\\\/07\\\/cropped-cropped-logitoweb21.png\",\"width\":199,\"height\":199,\"caption\":\"Cuarteto en la Web\"},\"image\":{\"@id\":\"http:\\\/\\\/cuartetoenlaweb.com.ar\\\/sitio\\\/#\\\/schema\\\/logo\\\/image\\\/\"}}]}<\/script>\n<!-- \/ Yoast SEO plugin. -->","yoast_head_json":{"title":"Un campe\u00f3n del mundo con Argentina ingres\u00f3 al Sal\u00f3n de la Fama Internacional del F\u00fatbol - Cuarteto en la Web","robots":{"index":"index","follow":"follow","max-snippet":"max-snippet:-1","max-image-preview":"max-image-preview:large","max-video-preview":"max-video-preview:-1"},"canonical":"https:\/\/cuartetoenlaweb.com.ar\/sitio\/un-campeon-del-mundo-con-argentina-ingreso-al-salon-de-la-fama-internacional-del-futbol\/","og_locale":"es_ES","og_type":"article","og_title":"Un campe\u00f3n del mundo con Argentina ingres\u00f3 al Sal\u00f3n de la Fama Internacional del F\u00fatbol - Cuarteto en la Web","og_description":"Buenos Aires, 15 noviembre (NA) \u2013 El arquero argentino campe\u00f3n","og_url":"https:\/\/cuartetoenlaweb.com.ar\/sitio\/un-campeon-del-mundo-con-argentina-ingreso-al-salon-de-la-fama-internacional-del-futbol\/","og_site_name":"Cuarteto en la Web","article_published_time":"2025-11-15T16:02:20+00:00","og_image":[{"width":1064,"height":720,"url":"https:\/\/cuartetoenlaweb.com.ar\/sitio\/wp-content\/uploads\/2025\/11\/720-1048.jpeg","type":"image\/jpeg"}],"twitter_card":"summary_large_image","twitter_misc":{"Tiempo de lectura":"1 minuto"},"schema":{"@context":"https:\/\/schema.org","@graph":[{"@type":"Article","@id":"https:\/\/cuartetoenlaweb.com.ar\/sitio\/un-campeon-del-mundo-con-argentina-ingreso-al-salon-de-la-fama-internacional-del-futbol\/#article","isPartOf":{"@id":"https:\/\/cuartetoenlaweb.com.ar\/sitio\/un-campeon-del-mundo-con-argentina-ingreso-al-salon-de-la-fama-internacional-del-futbol\/"},"author":{"name":"","@id":""},"headline":"Un campe\u00f3n del mundo con Argentina ingres\u00f3 al Sal\u00f3n de la Fama Internacional del F\u00fatbol","datePublished":"2025-11-15T16:02:20+00:00","mainEntityOfPage":{"@id":"https:\/\/cuartetoenlaweb.com.ar\/sitio\/un-campeon-del-mundo-con-argentina-ingreso-al-salon-de-la-fama-internacional-del-futbol\/"},"wordCount":281,"publisher":{"@id":"http:\/\/cuartetoenlaweb.com.ar\/sitio\/#organization"},"image":{"@id":"https:\/\/cuartetoenlaweb.com.ar\/sitio\/un-campeon-del-mundo-con-argentina-ingreso-al-salon-de-la-fama-internacional-del-futbol\/#primaryimage"},"thumbnailUrl":"https:\/\/cuartetoenlaweb.com.ar\/sitio\/wp-content\/uploads\/2025\/11\/720-1048.jpeg","articleSection":["PAIS"],"inLanguage":"es"},{"@type":"WebPage","@id":"https:\/\/cuartetoenlaweb.com.ar\/sitio\/un-campeon-del-mundo-con-argentina-ingreso-al-salon-de-la-fama-internacional-del-futbol\/","url":"https:\/\/cuartetoenlaweb.com.ar\/sitio\/un-campeon-del-mundo-con-argentina-ingreso-al-salon-de-la-fama-internacional-del-futbol\/","name":"Un campe\u00f3n del mundo con Argentina ingres\u00f3 al Sal\u00f3n de la Fama Internacional del F\u00fatbol - Cuarteto en la Web","isPartOf":{"@id":"http:\/\/cuartetoenlaweb.com.ar\/sitio\/#website"},"primaryImageOfPage":{"@id":"https:\/\/cuartetoenlaweb.com.ar\/sitio\/un-campeon-del-mundo-con-argentina-ingreso-al-salon-de-la-fama-internacional-del-futbol\/#primaryimage"},"image":{"@id":"https:\/\/cuartetoenlaweb.com.ar\/sitio\/un-campeon-del-mundo-con-argentina-ingreso-al-salon-de-la-fama-internacional-del-futbol\/#primaryimage"},"thumbnailUrl":"https:\/\/cuartetoenlaweb.com.ar\/sitio\/wp-content\/uploads\/2025\/11\/720-1048.jpeg","datePublished":"2025-11-15T16:02:20+00:00","breadcrumb":{"@id":"https:\/\/cuartetoenlaweb.com.ar\/sitio\/un-campeon-del-mundo-con-argentina-ingreso-al-salon-de-la-fama-internacional-del-futbol\/#breadcrumb"},"inLanguage":"es","potentialAction":[{"@type":"ReadAction","target":["https:\/\/cuartetoenlaweb.com.ar\/sitio\/un-campeon-del-mundo-con-argentina-ingreso-al-salon-de-la-fama-internacional-del-futbol\/"]}]},{"@type":"ImageObject","inLanguage":"es","@id":"https:\/\/cuartetoenlaweb.com.ar\/sitio\/un-campeon-del-mundo-con-argentina-ingreso-al-salon-de-la-fama-internacional-del-futbol\/#primaryimage","url":"https:\/\/cuartetoenlaweb.com.ar\/sitio\/wp-content\/uploads\/2025\/11\/720-1048.jpeg","contentUrl":"https:\/\/cuartetoenlaweb.com.ar\/sitio\/wp-content\/uploads\/2025\/11\/720-1048.jpeg","width":1064,"height":720},{"@type":"BreadcrumbList","@id":"https:\/\/cuartetoenlaweb.com.ar\/sitio\/un-campeon-del-mundo-con-argentina-ingreso-al-salon-de-la-fama-internacional-del-futbol\/#breadcrumb","itemListElement":[{"@type":"ListItem","position":1,"name":"Portada","item":"http:\/\/cuartetoenlaweb.com.ar\/sitio\/"},{"@type":"ListItem","position":2,"name":"Un campe\u00f3n del mundo con Argentina ingres\u00f3 al Sal\u00f3n de la Fama Internacional del F\u00fatbol"}]},{"@type":"WebSite","@id":"http:\/\/cuartetoenlaweb.com.ar\/sitio\/#website","url":"http:\/\/cuartetoenlaweb.com.ar\/sitio\/","name":"Cuarteto en la Web","description":"","publisher":{"@id":"http:\/\/cuartetoenlaweb.com.ar\/sitio\/#organization"},"potentialAction":[{"@type":"SearchAction","target":{"@type":"EntryPoint","urlTemplate":"http:\/\/cuartetoenlaweb.com.ar\/sitio\/?s={search_term_string}"},"query-input":{"@type":"PropertyValueSpecification","valueRequired":true,"valueName":"search_term_string"}}],"inLanguage":"es"},{"@type":"Organization","@id":"http:\/\/cuartetoenlaweb.com.ar\/sitio\/#organization","name":"Cuarteto en la Web","url":"http:\/\/cuartetoenlaweb.com.ar\/sitio\/","logo":{"@type":"ImageObject","inLanguage":"es","@id":"http:\/\/cuartetoenlaweb.com.ar\/sitio\/#\/schema\/logo\/image\/","url":"https:\/\/cuartetoenlaweb.com.ar\/sitio\/wp-content\/uploads\/2025\/07\/cropped-cropped-logitoweb21.png","contentUrl":"https:\/\/cuartetoenlaweb.com.ar\/sitio\/wp-content\/uploads\/2025\/07\/cropped-cropped-logitoweb21.png","width":199,"height":199,"caption":"Cuarteto en la Web"},"image":{"@id":"http:\/\/cuartetoenlaweb.com.ar\/sitio\/#\/schema\/logo\/image\/"}}]}},"_links":{"self":[{"href":"https:\/\/cuartetoenlaweb.com.ar\/sitio\/wp-json\/wp\/v2\/posts\/4403","targetHints":{"allow":["GET"]}}],"collection":[{"href":"https:\/\/cuartetoenlaweb.com.ar\/sitio\/wp-json\/wp\/v2\/posts"}],"about":[{"href":"https:\/\/cuartetoenlaweb.com.ar\/sitio\/wp-json\/wp\/v2\/types\/post"}],"replies":[{"embeddable":true,"href":"https:\/\/cuartetoenlaweb.com.ar\/sitio\/wp-json\/wp\/v2\/comments?post=4403"}],"version-history":[{"count":0,"href":"https:\/\/cuartetoenlaweb.com.ar\/sitio\/wp-json\/wp\/v2\/posts\/4403\/revisions"}],"wp:featuredmedia":[{"embeddable":true,"href":"https:\/\/cuartetoenlaweb.com.ar\/sitio\/wp-json\/wp\/v2\/media\/4404"}],"wp:attachment":[{"href":"https:\/\/cuartetoenlaweb.com.ar\/sitio\/wp-json\/wp\/v2\/media?parent=4403"}],"wp:term":[{"taxonomy":"category","embeddable":true,"href":"https:\/\/cuartetoenlaweb.com.ar\/sitio\/wp-json\/wp\/v2\/categories?post=4403"},{"taxonomy":"post_tag","embeddable":true,"href":"https:\/\/cuartetoenlaweb.com.ar\/sitio\/wp-json\/wp\/v2\/tags?post=4403"}],"curies":[{"name":"wp","href":"https:\/\/api.w.org\/{rel}","templated":true}]}}