
{"id":4401,"date":"2025-11-15T13:02:18","date_gmt":"2025-11-15T16:02:18","guid":{"rendered":"https:\/\/cuartetoenlaweb.com.ar\/sitio\/detengan-la-guerra-maduro-pide-al-pueblo-de-ee-uu-frenar-el-despliegue-militar-en-el-caribe\/"},"modified":"2025-11-15T13:02:18","modified_gmt":"2025-11-15T16:02:18","slug":"detengan-la-guerra-maduro-pide-al-pueblo-de-ee-uu-frenar-el-despliegue-militar-en-el-caribe","status":"publish","type":"post","link":"https:\/\/cuartetoenlaweb.com.ar\/sitio\/detengan-la-guerra-maduro-pide-al-pueblo-de-ee-uu-frenar-el-despliegue-militar-en-el-caribe\/","title":{"rendered":"\u201cDetengan la guerra\u201d: Maduro pide al pueblo de EE.UU. frenar el despliegue militar en el Caribe"},"content":{"rendered":"<p>Buenos Aires, 15 de noviembre (NA) &#8211; El presidente de Venezuela, Nicol\u00e1s Maduro, se dirigi\u00f3 al pueblo de Estados Unidos (EE.UU.) para solicitar que \u00abparen la mano enloquecida de quien ordena bombardear\u00bb y llevar una guerra a Sudam\u00e9rica y el Caribe. El llamado se da en el contexto del despliegue militar estadounidense en la regi\u00f3n, que la administraci\u00f3n de Donald Trump atribuye a la lucha contra el narcotr\u00e1fico.<\/p>\n<p>\u00abDetengan la guerra, no a la guerra\u00bb, exclam\u00f3 el mandatario este viernes en un encuentro internacional de juristas en Caracas contra el despliegue militar de EE.UU. en el Caribe, transmitido por el canal estatal VTV. En este marco, Maduro inst\u00f3 a los ciudadanos estadounidenses a \u00abjugar un papel estelar\u00bb para \u00abdetener lo que pudiera ser una tragedia\u00bb para toda Am\u00e9rica.<\/p>\n<p>Seg\u00fan pudo conocer la Agencia Noticias Argentinas a trav\u00e9s de informes de otros medios internacionales, el jefe de Estado chavista reiter\u00f3 su mensaje de paz, diciendo en ingl\u00e9s: \u00abPeace, peace, peace. The order is peace, war no\u00bb. Adem\u00e1s, pregunt\u00f3 a la audiencia y al pueblo de EE.UU.: \u00ab\u00bfQueremos otra Gaza ahora en Suram\u00e9rica? \u00bfQu\u00e9 dice el pueblo de Estados Unidos? (&#8230;) D\u00e9jenme decirles que no. Aqu\u00ed triunfar\u00e1 la paz\u00bb. Insisti\u00f3 en su rechazo a conflictos prolongados: \u00abNo m\u00e1s guerras interminables. No m\u00e1s guerras injustas. No m\u00e1s Libia. No m\u00e1s Afganist\u00e1n\u00bb.<\/p>\n<p>CONTEXTO DEL DESPLIEGUE MILITAR<\/p>\n<p>Las declaraciones de Maduro se produjeron un d\u00eda despu\u00e9s de que el secretario de Guerra de EE.UU., Pete Hegseth, anunciara la operaci\u00f3n militar \u00abSouthern Spear\u00bb (Lanza del Sur), vinculada a la lucha de Washington contra el narcotr\u00e1fico en Latinoam\u00e9rica y que coincide con una creciente presi\u00f3n del Gobierno de Trump sobre Venezuela.<\/p>\n<p>Aunque no se ofrecieron detalles concretos, se presume que \u00abSouthern Spear\u00bb engloba el despliegue naval y a\u00e9reo ordenado por Trump desde agosto pasado en el mar Caribe, cerca de aguas venezolanas. El Pent\u00e1gono, por su parte, public\u00f3 im\u00e1genes del portaaviones USS Gerald R Ford , el buque de guerra m\u00e1s grande del mundo, acompa\u00f1ado de otros tres buques de guerra, con un bombardero de largo alcance y varios aviones de combate sobrevolando la formaci\u00f3n.<\/p>\n<p>ATAQUES EN EL CARIBE<\/p>\n<p>El Comando Sur de EE.UU. inform\u00f3 de un nuevo ataque a una embarcaci\u00f3n en aguas internacionales ocurrido el 10 de noviembre, como parte de la operaci\u00f3n &#8216;Lanza del Sur&#8217;, en el que murieron los cuatro tripulantes de la lancha. Las fuerzas armadas detallaron que los hombres fueron \u00abasesinados\u00bb en un \u00abataque cin\u00e9tico letal\u00bb contra una ruta supuestamente utilizada por organizaciones criminales. Este incidente eleva la cifra a cerca de 80 muertos en m\u00e1s de una veintena de ataques desde agosto pasado cerca de las costas venezolanas.<\/p>\n<p>#AgenciaNA<\/p>\n","protected":false},"excerpt":{"rendered":"<p>Buenos Aires, 15 de noviembre (NA) &#8211; El presidente de<\/p>\n","protected":false},"author":0,"featured_media":4402,"comment_status":"","ping_status":"","sticky":false,"template":"","format":"standard","meta":{"footnotes":""},"categories":[65],"tags":[],"class_list":["post-4401","post","type-post","status-publish","format-standard","has-post-thumbnail","hentry","category-pais"],"yoast_head":"<!-- This site is optimized with the Yoast SEO plugin v27.5 - https:\/\/yoast.com\/product\/yoast-seo-wordpress\/ -->\n<title>\u201cDetengan la guerra\u201d: Maduro pide al pueblo de EE.UU. frenar el despliegue militar en el Caribe - Cuarteto en la Web<\/title>\n<meta name=\"robots\" content=\"index, follow, max-snippet:-1, max-image-preview:large, max-video-preview:-1\" \/>\n<link rel=\"canonical\" href=\"https:\/\/cuartetoenlaweb.com.ar\/sitio\/detengan-la-guerra-maduro-pide-al-pueblo-de-ee-uu-frenar-el-despliegue-militar-en-el-caribe\/\" \/>\n<meta property=\"og:locale\" content=\"es_ES\" \/>\n<meta property=\"og:type\" content=\"article\" \/>\n<meta property=\"og:title\" content=\"\u201cDetengan la guerra\u201d: Maduro pide al pueblo de EE.UU. frenar el despliegue militar en el Caribe - Cuarteto en la Web\" \/>\n<meta property=\"og:description\" content=\"Buenos Aires, 15 de noviembre (NA) &#8211; El presidente de\" \/>\n<meta property=\"og:url\" content=\"https:\/\/cuartetoenlaweb.com.ar\/sitio\/detengan-la-guerra-maduro-pide-al-pueblo-de-ee-uu-frenar-el-despliegue-militar-en-el-caribe\/\" \/>\n<meta property=\"og:site_name\" content=\"Cuarteto en la Web\" \/>\n<meta property=\"article:published_time\" content=\"2025-11-15T16:02:18+00:00\" \/>\n<meta property=\"og:image\" content=\"https:\/\/cuartetoenlaweb.com.ar\/sitio\/wp-content\/uploads\/2025\/11\/720-1047.jpeg\" \/>\n\t<meta property=\"og:image:width\" content=\"1094\" \/>\n\t<meta property=\"og:image:height\" content=\"720\" \/>\n\t<meta property=\"og:image:type\" content=\"image\/jpeg\" \/>\n<meta name=\"twitter:card\" content=\"summary_large_image\" \/>\n<meta name=\"twitter:label1\" content=\"Tiempo de lectura\" \/>\n\t<meta name=\"twitter:data1\" content=\"2 minutos\" \/>\n<script type=\"application\/ld+json\" class=\"yoast-schema-graph\">{\"@context\":\"https:\\\/\\\/schema.org\",\"@graph\":[{\"@type\":\"Article\",\"@id\":\"https:\\\/\\\/cuartetoenlaweb.com.ar\\\/sitio\\\/detengan-la-guerra-maduro-pide-al-pueblo-de-ee-uu-frenar-el-despliegue-militar-en-el-caribe\\\/#article\",\"isPartOf\":{\"@id\":\"https:\\\/\\\/cuartetoenlaweb.com.ar\\\/sitio\\\/detengan-la-guerra-maduro-pide-al-pueblo-de-ee-uu-frenar-el-despliegue-militar-en-el-caribe\\\/\"},\"author\":{\"name\":\"\",\"@id\":\"\"},\"headline\":\"\u201cDetengan la guerra\u201d: Maduro pide al pueblo de EE.UU. frenar el despliegue militar en el Caribe\",\"datePublished\":\"2025-11-15T16:02:18+00:00\",\"mainEntityOfPage\":{\"@id\":\"https:\\\/\\\/cuartetoenlaweb.com.ar\\\/sitio\\\/detengan-la-guerra-maduro-pide-al-pueblo-de-ee-uu-frenar-el-despliegue-militar-en-el-caribe\\\/\"},\"wordCount\":489,\"publisher\":{\"@id\":\"http:\\\/\\\/cuartetoenlaweb.com.ar\\\/sitio\\\/#organization\"},\"image\":{\"@id\":\"https:\\\/\\\/cuartetoenlaweb.com.ar\\\/sitio\\\/detengan-la-guerra-maduro-pide-al-pueblo-de-ee-uu-frenar-el-despliegue-militar-en-el-caribe\\\/#primaryimage\"},\"thumbnailUrl\":\"https:\\\/\\\/cuartetoenlaweb.com.ar\\\/sitio\\\/wp-content\\\/uploads\\\/2025\\\/11\\\/720-1047.jpeg\",\"articleSection\":[\"PAIS\"],\"inLanguage\":\"es\"},{\"@type\":\"WebPage\",\"@id\":\"https:\\\/\\\/cuartetoenlaweb.com.ar\\\/sitio\\\/detengan-la-guerra-maduro-pide-al-pueblo-de-ee-uu-frenar-el-despliegue-militar-en-el-caribe\\\/\",\"url\":\"https:\\\/\\\/cuartetoenlaweb.com.ar\\\/sitio\\\/detengan-la-guerra-maduro-pide-al-pueblo-de-ee-uu-frenar-el-despliegue-militar-en-el-caribe\\\/\",\"name\":\"\u201cDetengan la guerra\u201d: Maduro pide al pueblo de EE.UU. frenar el despliegue militar en el Caribe - Cuarteto en la Web\",\"isPartOf\":{\"@id\":\"http:\\\/\\\/cuartetoenlaweb.com.ar\\\/sitio\\\/#website\"},\"primaryImageOfPage\":{\"@id\":\"https:\\\/\\\/cuartetoenlaweb.com.ar\\\/sitio\\\/detengan-la-guerra-maduro-pide-al-pueblo-de-ee-uu-frenar-el-despliegue-militar-en-el-caribe\\\/#primaryimage\"},\"image\":{\"@id\":\"https:\\\/\\\/cuartetoenlaweb.com.ar\\\/sitio\\\/detengan-la-guerra-maduro-pide-al-pueblo-de-ee-uu-frenar-el-despliegue-militar-en-el-caribe\\\/#primaryimage\"},\"thumbnailUrl\":\"https:\\\/\\\/cuartetoenlaweb.com.ar\\\/sitio\\\/wp-content\\\/uploads\\\/2025\\\/11\\\/720-1047.jpeg\",\"datePublished\":\"2025-11-15T16:02:18+00:00\",\"breadcrumb\":{\"@id\":\"https:\\\/\\\/cuartetoenlaweb.com.ar\\\/sitio\\\/detengan-la-guerra-maduro-pide-al-pueblo-de-ee-uu-frenar-el-despliegue-militar-en-el-caribe\\\/#breadcrumb\"},\"inLanguage\":\"es\",\"potentialAction\":[{\"@type\":\"ReadAction\",\"target\":[\"https:\\\/\\\/cuartetoenlaweb.com.ar\\\/sitio\\\/detengan-la-guerra-maduro-pide-al-pueblo-de-ee-uu-frenar-el-despliegue-militar-en-el-caribe\\\/\"]}]},{\"@type\":\"ImageObject\",\"inLanguage\":\"es\",\"@id\":\"https:\\\/\\\/cuartetoenlaweb.com.ar\\\/sitio\\\/detengan-la-guerra-maduro-pide-al-pueblo-de-ee-uu-frenar-el-despliegue-militar-en-el-caribe\\\/#primaryimage\",\"url\":\"https:\\\/\\\/cuartetoenlaweb.com.ar\\\/sitio\\\/wp-content\\\/uploads\\\/2025\\\/11\\\/720-1047.jpeg\",\"contentUrl\":\"https:\\\/\\\/cuartetoenlaweb.com.ar\\\/sitio\\\/wp-content\\\/uploads\\\/2025\\\/11\\\/720-1047.jpeg\",\"width\":1094,\"height\":720},{\"@type\":\"BreadcrumbList\",\"@id\":\"https:\\\/\\\/cuartetoenlaweb.com.ar\\\/sitio\\\/detengan-la-guerra-maduro-pide-al-pueblo-de-ee-uu-frenar-el-despliegue-militar-en-el-caribe\\\/#breadcrumb\",\"itemListElement\":[{\"@type\":\"ListItem\",\"position\":1,\"name\":\"Portada\",\"item\":\"http:\\\/\\\/cuartetoenlaweb.com.ar\\\/sitio\\\/\"},{\"@type\":\"ListItem\",\"position\":2,\"name\":\"\u201cDetengan la guerra\u201d: Maduro pide al pueblo de EE.UU. frenar el despliegue militar en el Caribe\"}]},{\"@type\":\"WebSite\",\"@id\":\"http:\\\/\\\/cuartetoenlaweb.com.ar\\\/sitio\\\/#website\",\"url\":\"http:\\\/\\\/cuartetoenlaweb.com.ar\\\/sitio\\\/\",\"name\":\"Cuarteto en la Web\",\"description\":\"\",\"publisher\":{\"@id\":\"http:\\\/\\\/cuartetoenlaweb.com.ar\\\/sitio\\\/#organization\"},\"potentialAction\":[{\"@type\":\"SearchAction\",\"target\":{\"@type\":\"EntryPoint\",\"urlTemplate\":\"http:\\\/\\\/cuartetoenlaweb.com.ar\\\/sitio\\\/?s={search_term_string}\"},\"query-input\":{\"@type\":\"PropertyValueSpecification\",\"valueRequired\":true,\"valueName\":\"search_term_string\"}}],\"inLanguage\":\"es\"},{\"@type\":\"Organization\",\"@id\":\"http:\\\/\\\/cuartetoenlaweb.com.ar\\\/sitio\\\/#organization\",\"name\":\"Cuarteto en la Web\",\"url\":\"http:\\\/\\\/cuartetoenlaweb.com.ar\\\/sitio\\\/\",\"logo\":{\"@type\":\"ImageObject\",\"inLanguage\":\"es\",\"@id\":\"http:\\\/\\\/cuartetoenlaweb.com.ar\\\/sitio\\\/#\\\/schema\\\/logo\\\/image\\\/\",\"url\":\"https:\\\/\\\/cuartetoenlaweb.com.ar\\\/sitio\\\/wp-content\\\/uploads\\\/2025\\\/07\\\/cropped-cropped-logitoweb21.png\",\"contentUrl\":\"https:\\\/\\\/cuartetoenlaweb.com.ar\\\/sitio\\\/wp-content\\\/uploads\\\/2025\\\/07\\\/cropped-cropped-logitoweb21.png\",\"width\":199,\"height\":199,\"caption\":\"Cuarteto en la Web\"},\"image\":{\"@id\":\"http:\\\/\\\/cuartetoenlaweb.com.ar\\\/sitio\\\/#\\\/schema\\\/logo\\\/image\\\/\"}}]}<\/script>\n<!-- \/ Yoast SEO plugin. -->","yoast_head_json":{"title":"\u201cDetengan la guerra\u201d: Maduro pide al pueblo de EE.UU. frenar el despliegue militar en el Caribe - Cuarteto en la Web","robots":{"index":"index","follow":"follow","max-snippet":"max-snippet:-1","max-image-preview":"max-image-preview:large","max-video-preview":"max-video-preview:-1"},"canonical":"https:\/\/cuartetoenlaweb.com.ar\/sitio\/detengan-la-guerra-maduro-pide-al-pueblo-de-ee-uu-frenar-el-despliegue-militar-en-el-caribe\/","og_locale":"es_ES","og_type":"article","og_title":"\u201cDetengan la guerra\u201d: Maduro pide al pueblo de EE.UU. frenar el despliegue militar en el Caribe - Cuarteto en la Web","og_description":"Buenos Aires, 15 de noviembre (NA) &#8211; El presidente de","og_url":"https:\/\/cuartetoenlaweb.com.ar\/sitio\/detengan-la-guerra-maduro-pide-al-pueblo-de-ee-uu-frenar-el-despliegue-militar-en-el-caribe\/","og_site_name":"Cuarteto en la Web","article_published_time":"2025-11-15T16:02:18+00:00","og_image":[{"width":1094,"height":720,"url":"https:\/\/cuartetoenlaweb.com.ar\/sitio\/wp-content\/uploads\/2025\/11\/720-1047.jpeg","type":"image\/jpeg"}],"twitter_card":"summary_large_image","twitter_misc":{"Tiempo de lectura":"2 minutos"},"schema":{"@context":"https:\/\/schema.org","@graph":[{"@type":"Article","@id":"https:\/\/cuartetoenlaweb.com.ar\/sitio\/detengan-la-guerra-maduro-pide-al-pueblo-de-ee-uu-frenar-el-despliegue-militar-en-el-caribe\/#article","isPartOf":{"@id":"https:\/\/cuartetoenlaweb.com.ar\/sitio\/detengan-la-guerra-maduro-pide-al-pueblo-de-ee-uu-frenar-el-despliegue-militar-en-el-caribe\/"},"author":{"name":"","@id":""},"headline":"\u201cDetengan la guerra\u201d: Maduro pide al pueblo de EE.UU. frenar el despliegue militar en el Caribe","datePublished":"2025-11-15T16:02:18+00:00","mainEntityOfPage":{"@id":"https:\/\/cuartetoenlaweb.com.ar\/sitio\/detengan-la-guerra-maduro-pide-al-pueblo-de-ee-uu-frenar-el-despliegue-militar-en-el-caribe\/"},"wordCount":489,"publisher":{"@id":"http:\/\/cuartetoenlaweb.com.ar\/sitio\/#organization"},"image":{"@id":"https:\/\/cuartetoenlaweb.com.ar\/sitio\/detengan-la-guerra-maduro-pide-al-pueblo-de-ee-uu-frenar-el-despliegue-militar-en-el-caribe\/#primaryimage"},"thumbnailUrl":"https:\/\/cuartetoenlaweb.com.ar\/sitio\/wp-content\/uploads\/2025\/11\/720-1047.jpeg","articleSection":["PAIS"],"inLanguage":"es"},{"@type":"WebPage","@id":"https:\/\/cuartetoenlaweb.com.ar\/sitio\/detengan-la-guerra-maduro-pide-al-pueblo-de-ee-uu-frenar-el-despliegue-militar-en-el-caribe\/","url":"https:\/\/cuartetoenlaweb.com.ar\/sitio\/detengan-la-guerra-maduro-pide-al-pueblo-de-ee-uu-frenar-el-despliegue-militar-en-el-caribe\/","name":"\u201cDetengan la guerra\u201d: Maduro pide al pueblo de EE.UU. frenar el despliegue militar en el Caribe - Cuarteto en la Web","isPartOf":{"@id":"http:\/\/cuartetoenlaweb.com.ar\/sitio\/#website"},"primaryImageOfPage":{"@id":"https:\/\/cuartetoenlaweb.com.ar\/sitio\/detengan-la-guerra-maduro-pide-al-pueblo-de-ee-uu-frenar-el-despliegue-militar-en-el-caribe\/#primaryimage"},"image":{"@id":"https:\/\/cuartetoenlaweb.com.ar\/sitio\/detengan-la-guerra-maduro-pide-al-pueblo-de-ee-uu-frenar-el-despliegue-militar-en-el-caribe\/#primaryimage"},"thumbnailUrl":"https:\/\/cuartetoenlaweb.com.ar\/sitio\/wp-content\/uploads\/2025\/11\/720-1047.jpeg","datePublished":"2025-11-15T16:02:18+00:00","breadcrumb":{"@id":"https:\/\/cuartetoenlaweb.com.ar\/sitio\/detengan-la-guerra-maduro-pide-al-pueblo-de-ee-uu-frenar-el-despliegue-militar-en-el-caribe\/#breadcrumb"},"inLanguage":"es","potentialAction":[{"@type":"ReadAction","target":["https:\/\/cuartetoenlaweb.com.ar\/sitio\/detengan-la-guerra-maduro-pide-al-pueblo-de-ee-uu-frenar-el-despliegue-militar-en-el-caribe\/"]}]},{"@type":"ImageObject","inLanguage":"es","@id":"https:\/\/cuartetoenlaweb.com.ar\/sitio\/detengan-la-guerra-maduro-pide-al-pueblo-de-ee-uu-frenar-el-despliegue-militar-en-el-caribe\/#primaryimage","url":"https:\/\/cuartetoenlaweb.com.ar\/sitio\/wp-content\/uploads\/2025\/11\/720-1047.jpeg","contentUrl":"https:\/\/cuartetoenlaweb.com.ar\/sitio\/wp-content\/uploads\/2025\/11\/720-1047.jpeg","width":1094,"height":720},{"@type":"BreadcrumbList","@id":"https:\/\/cuartetoenlaweb.com.ar\/sitio\/detengan-la-guerra-maduro-pide-al-pueblo-de-ee-uu-frenar-el-despliegue-militar-en-el-caribe\/#breadcrumb","itemListElement":[{"@type":"ListItem","position":1,"name":"Portada","item":"http:\/\/cuartetoenlaweb.com.ar\/sitio\/"},{"@type":"ListItem","position":2,"name":"\u201cDetengan la guerra\u201d: Maduro pide al pueblo de EE.UU. frenar el despliegue militar en el Caribe"}]},{"@type":"WebSite","@id":"http:\/\/cuartetoenlaweb.com.ar\/sitio\/#website","url":"http:\/\/cuartetoenlaweb.com.ar\/sitio\/","name":"Cuarteto en la Web","description":"","publisher":{"@id":"http:\/\/cuartetoenlaweb.com.ar\/sitio\/#organization"},"potentialAction":[{"@type":"SearchAction","target":{"@type":"EntryPoint","urlTemplate":"http:\/\/cuartetoenlaweb.com.ar\/sitio\/?s={search_term_string}"},"query-input":{"@type":"PropertyValueSpecification","valueRequired":true,"valueName":"search_term_string"}}],"inLanguage":"es"},{"@type":"Organization","@id":"http:\/\/cuartetoenlaweb.com.ar\/sitio\/#organization","name":"Cuarteto en la Web","url":"http:\/\/cuartetoenlaweb.com.ar\/sitio\/","logo":{"@type":"ImageObject","inLanguage":"es","@id":"http:\/\/cuartetoenlaweb.com.ar\/sitio\/#\/schema\/logo\/image\/","url":"https:\/\/cuartetoenlaweb.com.ar\/sitio\/wp-content\/uploads\/2025\/07\/cropped-cropped-logitoweb21.png","contentUrl":"https:\/\/cuartetoenlaweb.com.ar\/sitio\/wp-content\/uploads\/2025\/07\/cropped-cropped-logitoweb21.png","width":199,"height":199,"caption":"Cuarteto en la Web"},"image":{"@id":"http:\/\/cuartetoenlaweb.com.ar\/sitio\/#\/schema\/logo\/image\/"}}]}},"_links":{"self":[{"href":"https:\/\/cuartetoenlaweb.com.ar\/sitio\/wp-json\/wp\/v2\/posts\/4401","targetHints":{"allow":["GET"]}}],"collection":[{"href":"https:\/\/cuartetoenlaweb.com.ar\/sitio\/wp-json\/wp\/v2\/posts"}],"about":[{"href":"https:\/\/cuartetoenlaweb.com.ar\/sitio\/wp-json\/wp\/v2\/types\/post"}],"replies":[{"embeddable":true,"href":"https:\/\/cuartetoenlaweb.com.ar\/sitio\/wp-json\/wp\/v2\/comments?post=4401"}],"version-history":[{"count":0,"href":"https:\/\/cuartetoenlaweb.com.ar\/sitio\/wp-json\/wp\/v2\/posts\/4401\/revisions"}],"wp:featuredmedia":[{"embeddable":true,"href":"https:\/\/cuartetoenlaweb.com.ar\/sitio\/wp-json\/wp\/v2\/media\/4402"}],"wp:attachment":[{"href":"https:\/\/cuartetoenlaweb.com.ar\/sitio\/wp-json\/wp\/v2\/media?parent=4401"}],"wp:term":[{"taxonomy":"category","embeddable":true,"href":"https:\/\/cuartetoenlaweb.com.ar\/sitio\/wp-json\/wp\/v2\/categories?post=4401"},{"taxonomy":"post_tag","embeddable":true,"href":"https:\/\/cuartetoenlaweb.com.ar\/sitio\/wp-json\/wp\/v2\/tags?post=4401"}],"curies":[{"name":"wp","href":"https:\/\/api.w.org\/{rel}","templated":true}]}}