
{"id":4399,"date":"2025-11-15T13:02:16","date_gmt":"2025-11-15T16:02:16","guid":{"rendered":"https:\/\/cuartetoenlaweb.com.ar\/sitio\/el-incendio-en-spegazzini-la-sombra-quimica-sobre-la-salud\/"},"modified":"2025-11-15T13:02:16","modified_gmt":"2025-11-15T16:02:16","slug":"el-incendio-en-spegazzini-la-sombra-quimica-sobre-la-salud","status":"publish","type":"post","link":"https:\/\/cuartetoenlaweb.com.ar\/sitio\/el-incendio-en-spegazzini-la-sombra-quimica-sobre-la-salud\/","title":{"rendered":"El Incendio en Spegazzini: La sombra qu\u00edmica sobre la salud"},"content":{"rendered":"<p>Buenos Aires, 15 de noviembre (NA).- La impactante explosi\u00f3n e incendio ocurrida en el Polo Industrial de Spegazzini, que afect\u00f3 al menos a dos plantas de agroqu\u00edmicos, no solo dej\u00f3 un saldo de heridos por la onda expansiva y da\u00f1os materiales, sino que abri\u00f3 un grave interrogante sobre las consecuencias a largo plazo en la salud de los habitantes y trabajadores de la zona, debido a la columna de humo y la dispersi\u00f3n de sustancias t\u00f3xicas.<\/p>\n<p>La combusti\u00f3n de productos agroqu\u00edmicos \u2013que incluyen pesticidas, herbicidas y fertilizantes\u2013 genera una compleja mezcla de gases y part\u00edculas que pueden ser altamente da\u00f1inas al ser inhaladas o entrar en contacto con la piel, seg\u00fan pudo averiguar Noticias Argentinas en consulta con especialistas.<\/p>\n<p>EL C\u00d3CTEL T\u00d3XICO: AGRAVAMIENTO RESPIRATORIO Y RIESGO CR\u00d3NICO<\/p>\n<p>Aunque las autoridades a\u00fan no han emitido un listado definitivo de las sustancias qu\u00edmicas liberadas en el aire tras la emergencia, los expertos en toxicolog\u00eda ambiental y salud p\u00fablica advierten sobre los peligros inherentes a este tipo de siniestros.<\/p>\n<p> * Problemas Respiratorios Agudos: A corto plazo, la exposici\u00f3n a estos humos puede provocar desde irritaci\u00f3n severa en ojos, nariz y garganta hasta ataques de asma, bronquitis aguda y neumonitis qu\u00edmica. Los compuestos org\u00e1nicos vol\u00e1tiles (COV) y el holl\u00edn, que act\u00faan como veh\u00edculos de las toxinas, son especialmente peligrosos para ni\u00f1os, ancianos y personas con afecciones respiratorias preexistentes.<br \/>\n * Agroqu\u00edmicos Espec\u00edficos: Si entre las sustancias quemadas hab\u00eda organofosforados o carbamatos (tipos comunes de pesticidas), la exposici\u00f3n podr\u00eda derivar en s\u00edndromes de intoxicaci\u00f3n, afectando el sistema nervioso y generando s\u00edntomas como n\u00e1useas, v\u00f3mitos, mareos y, en casos graves, convulsiones.<br \/>\n * Riesgo Cr\u00f3nico y Oncog\u00e9nico: La mayor preocupaci\u00f3n a mediano y largo plazo recae en la posible liberaci\u00f3n de compuestos persistentes o carcin\u00f3genos, como dioxinas y furanos, que se forman durante la combusti\u00f3n incompleta de materiales que contienen cloro. Estos contaminantes pueden depositarse en el suelo y el agua, ingresar a la cadena alimentaria y aumentar el riesgo de padecer c\u00e1ncer, problemas endocrinos y alteraciones del sistema inmunitario a\u00f1os despu\u00e9s de la exposici\u00f3n inicial.<\/p>\n<p>Fabi\u00e1n Garc\u00eda, Director de Defensa Civil de la Provincia de Buenos Aires en declaraciones a Noticias Argentinas intent\u00f3 llevar tranquilidad a la poblaci\u00f3n asegurando que \u00abno hay ning\u00fan tipo de problema para los vecinos\u00bb y que el incendio estaba contenido. No obstante, la principal recomendaci\u00f3n de su \u00e1rea para los residentes de la zona fue: \u00abque cierren las puertas, las ventanas y eviten circular por la zona\u00bb debido al humo.<\/p>\n<p>RECOMENDACIONES Y PR\u00d3XIMOS PASOS<\/p>\n<p>Ante la incertidumbre, las autoridades de Defensa Civil han recomendado a los vecinos de Spegazzini y zonas aleda\u00f1as evitar el contacto con el holl\u00edn y el material particulado depositado, no consumir frutas y verduras de huertas cercanas sin un an\u00e1lisis previo y mantener ventanas cerradas. La comunidad espera ahora la m\u00e1xima transparencia y celeridad por parte de los organismos de control ambiental para determinar qu\u00e9 qu\u00edmicos se liberaron y c\u00f3mo mitigar el impacto en la salud de miles de personas. #AgenciaNA.<\/p>\n","protected":false},"excerpt":{"rendered":"<p>Buenos Aires, 15 de noviembre (NA).- La impactante explosi\u00f3n e<\/p>\n","protected":false},"author":0,"featured_media":4400,"comment_status":"","ping_status":"","sticky":false,"template":"","format":"standard","meta":{"footnotes":""},"categories":[65],"tags":[],"class_list":["post-4399","post","type-post","status-publish","format-standard","has-post-thumbnail","hentry","category-pais"],"yoast_head":"<!-- This site is optimized with the Yoast SEO plugin v27.5 - https:\/\/yoast.com\/product\/yoast-seo-wordpress\/ -->\n<title>El Incendio en Spegazzini: La sombra qu\u00edmica sobre la salud - Cuarteto en la Web<\/title>\n<meta name=\"robots\" content=\"index, follow, max-snippet:-1, max-image-preview:large, max-video-preview:-1\" \/>\n<link rel=\"canonical\" href=\"https:\/\/cuartetoenlaweb.com.ar\/sitio\/el-incendio-en-spegazzini-la-sombra-quimica-sobre-la-salud\/\" \/>\n<meta property=\"og:locale\" content=\"es_ES\" \/>\n<meta property=\"og:type\" content=\"article\" \/>\n<meta property=\"og:title\" content=\"El Incendio en Spegazzini: La sombra qu\u00edmica sobre la salud - Cuarteto en la Web\" \/>\n<meta property=\"og:description\" content=\"Buenos Aires, 15 de noviembre (NA).- La impactante explosi\u00f3n e\" \/>\n<meta property=\"og:url\" content=\"https:\/\/cuartetoenlaweb.com.ar\/sitio\/el-incendio-en-spegazzini-la-sombra-quimica-sobre-la-salud\/\" \/>\n<meta property=\"og:site_name\" content=\"Cuarteto en la Web\" \/>\n<meta property=\"article:published_time\" content=\"2025-11-15T16:02:16+00:00\" \/>\n<meta property=\"og:image\" content=\"https:\/\/cuartetoenlaweb.com.ar\/sitio\/wp-content\/uploads\/2025\/11\/720-1046.jpeg\" \/>\n\t<meta property=\"og:image:width\" content=\"1080\" \/>\n\t<meta property=\"og:image:height\" content=\"720\" \/>\n\t<meta property=\"og:image:type\" content=\"image\/jpeg\" \/>\n<meta name=\"twitter:card\" content=\"summary_large_image\" \/>\n<meta name=\"twitter:label1\" content=\"Tiempo de lectura\" \/>\n\t<meta name=\"twitter:data1\" content=\"3 minutos\" \/>\n<script type=\"application\/ld+json\" class=\"yoast-schema-graph\">{\"@context\":\"https:\\\/\\\/schema.org\",\"@graph\":[{\"@type\":\"Article\",\"@id\":\"https:\\\/\\\/cuartetoenlaweb.com.ar\\\/sitio\\\/el-incendio-en-spegazzini-la-sombra-quimica-sobre-la-salud\\\/#article\",\"isPartOf\":{\"@id\":\"https:\\\/\\\/cuartetoenlaweb.com.ar\\\/sitio\\\/el-incendio-en-spegazzini-la-sombra-quimica-sobre-la-salud\\\/\"},\"author\":{\"name\":\"\",\"@id\":\"\"},\"headline\":\"El Incendio en Spegazzini: La sombra qu\u00edmica sobre la salud\",\"datePublished\":\"2025-11-15T16:02:16+00:00\",\"mainEntityOfPage\":{\"@id\":\"https:\\\/\\\/cuartetoenlaweb.com.ar\\\/sitio\\\/el-incendio-en-spegazzini-la-sombra-quimica-sobre-la-salud\\\/\"},\"wordCount\":559,\"publisher\":{\"@id\":\"http:\\\/\\\/cuartetoenlaweb.com.ar\\\/sitio\\\/#organization\"},\"image\":{\"@id\":\"https:\\\/\\\/cuartetoenlaweb.com.ar\\\/sitio\\\/el-incendio-en-spegazzini-la-sombra-quimica-sobre-la-salud\\\/#primaryimage\"},\"thumbnailUrl\":\"https:\\\/\\\/cuartetoenlaweb.com.ar\\\/sitio\\\/wp-content\\\/uploads\\\/2025\\\/11\\\/720-1046.jpeg\",\"articleSection\":[\"PAIS\"],\"inLanguage\":\"es\"},{\"@type\":\"WebPage\",\"@id\":\"https:\\\/\\\/cuartetoenlaweb.com.ar\\\/sitio\\\/el-incendio-en-spegazzini-la-sombra-quimica-sobre-la-salud\\\/\",\"url\":\"https:\\\/\\\/cuartetoenlaweb.com.ar\\\/sitio\\\/el-incendio-en-spegazzini-la-sombra-quimica-sobre-la-salud\\\/\",\"name\":\"El Incendio en Spegazzini: La sombra qu\u00edmica sobre la salud - Cuarteto en la Web\",\"isPartOf\":{\"@id\":\"http:\\\/\\\/cuartetoenlaweb.com.ar\\\/sitio\\\/#website\"},\"primaryImageOfPage\":{\"@id\":\"https:\\\/\\\/cuartetoenlaweb.com.ar\\\/sitio\\\/el-incendio-en-spegazzini-la-sombra-quimica-sobre-la-salud\\\/#primaryimage\"},\"image\":{\"@id\":\"https:\\\/\\\/cuartetoenlaweb.com.ar\\\/sitio\\\/el-incendio-en-spegazzini-la-sombra-quimica-sobre-la-salud\\\/#primaryimage\"},\"thumbnailUrl\":\"https:\\\/\\\/cuartetoenlaweb.com.ar\\\/sitio\\\/wp-content\\\/uploads\\\/2025\\\/11\\\/720-1046.jpeg\",\"datePublished\":\"2025-11-15T16:02:16+00:00\",\"breadcrumb\":{\"@id\":\"https:\\\/\\\/cuartetoenlaweb.com.ar\\\/sitio\\\/el-incendio-en-spegazzini-la-sombra-quimica-sobre-la-salud\\\/#breadcrumb\"},\"inLanguage\":\"es\",\"potentialAction\":[{\"@type\":\"ReadAction\",\"target\":[\"https:\\\/\\\/cuartetoenlaweb.com.ar\\\/sitio\\\/el-incendio-en-spegazzini-la-sombra-quimica-sobre-la-salud\\\/\"]}]},{\"@type\":\"ImageObject\",\"inLanguage\":\"es\",\"@id\":\"https:\\\/\\\/cuartetoenlaweb.com.ar\\\/sitio\\\/el-incendio-en-spegazzini-la-sombra-quimica-sobre-la-salud\\\/#primaryimage\",\"url\":\"https:\\\/\\\/cuartetoenlaweb.com.ar\\\/sitio\\\/wp-content\\\/uploads\\\/2025\\\/11\\\/720-1046.jpeg\",\"contentUrl\":\"https:\\\/\\\/cuartetoenlaweb.com.ar\\\/sitio\\\/wp-content\\\/uploads\\\/2025\\\/11\\\/720-1046.jpeg\",\"width\":1080,\"height\":720},{\"@type\":\"BreadcrumbList\",\"@id\":\"https:\\\/\\\/cuartetoenlaweb.com.ar\\\/sitio\\\/el-incendio-en-spegazzini-la-sombra-quimica-sobre-la-salud\\\/#breadcrumb\",\"itemListElement\":[{\"@type\":\"ListItem\",\"position\":1,\"name\":\"Portada\",\"item\":\"http:\\\/\\\/cuartetoenlaweb.com.ar\\\/sitio\\\/\"},{\"@type\":\"ListItem\",\"position\":2,\"name\":\"El Incendio en Spegazzini: La sombra qu\u00edmica sobre la salud\"}]},{\"@type\":\"WebSite\",\"@id\":\"http:\\\/\\\/cuartetoenlaweb.com.ar\\\/sitio\\\/#website\",\"url\":\"http:\\\/\\\/cuartetoenlaweb.com.ar\\\/sitio\\\/\",\"name\":\"Cuarteto en la Web\",\"description\":\"\",\"publisher\":{\"@id\":\"http:\\\/\\\/cuartetoenlaweb.com.ar\\\/sitio\\\/#organization\"},\"potentialAction\":[{\"@type\":\"SearchAction\",\"target\":{\"@type\":\"EntryPoint\",\"urlTemplate\":\"http:\\\/\\\/cuartetoenlaweb.com.ar\\\/sitio\\\/?s={search_term_string}\"},\"query-input\":{\"@type\":\"PropertyValueSpecification\",\"valueRequired\":true,\"valueName\":\"search_term_string\"}}],\"inLanguage\":\"es\"},{\"@type\":\"Organization\",\"@id\":\"http:\\\/\\\/cuartetoenlaweb.com.ar\\\/sitio\\\/#organization\",\"name\":\"Cuarteto en la Web\",\"url\":\"http:\\\/\\\/cuartetoenlaweb.com.ar\\\/sitio\\\/\",\"logo\":{\"@type\":\"ImageObject\",\"inLanguage\":\"es\",\"@id\":\"http:\\\/\\\/cuartetoenlaweb.com.ar\\\/sitio\\\/#\\\/schema\\\/logo\\\/image\\\/\",\"url\":\"https:\\\/\\\/cuartetoenlaweb.com.ar\\\/sitio\\\/wp-content\\\/uploads\\\/2025\\\/07\\\/cropped-cropped-logitoweb21.png\",\"contentUrl\":\"https:\\\/\\\/cuartetoenlaweb.com.ar\\\/sitio\\\/wp-content\\\/uploads\\\/2025\\\/07\\\/cropped-cropped-logitoweb21.png\",\"width\":199,\"height\":199,\"caption\":\"Cuarteto en la Web\"},\"image\":{\"@id\":\"http:\\\/\\\/cuartetoenlaweb.com.ar\\\/sitio\\\/#\\\/schema\\\/logo\\\/image\\\/\"}}]}<\/script>\n<!-- \/ Yoast SEO plugin. -->","yoast_head_json":{"title":"El Incendio en Spegazzini: La sombra qu\u00edmica sobre la salud - Cuarteto en la Web","robots":{"index":"index","follow":"follow","max-snippet":"max-snippet:-1","max-image-preview":"max-image-preview:large","max-video-preview":"max-video-preview:-1"},"canonical":"https:\/\/cuartetoenlaweb.com.ar\/sitio\/el-incendio-en-spegazzini-la-sombra-quimica-sobre-la-salud\/","og_locale":"es_ES","og_type":"article","og_title":"El Incendio en Spegazzini: La sombra qu\u00edmica sobre la salud - Cuarteto en la Web","og_description":"Buenos Aires, 15 de noviembre (NA).- La impactante explosi\u00f3n e","og_url":"https:\/\/cuartetoenlaweb.com.ar\/sitio\/el-incendio-en-spegazzini-la-sombra-quimica-sobre-la-salud\/","og_site_name":"Cuarteto en la Web","article_published_time":"2025-11-15T16:02:16+00:00","og_image":[{"width":1080,"height":720,"url":"https:\/\/cuartetoenlaweb.com.ar\/sitio\/wp-content\/uploads\/2025\/11\/720-1046.jpeg","type":"image\/jpeg"}],"twitter_card":"summary_large_image","twitter_misc":{"Tiempo de lectura":"3 minutos"},"schema":{"@context":"https:\/\/schema.org","@graph":[{"@type":"Article","@id":"https:\/\/cuartetoenlaweb.com.ar\/sitio\/el-incendio-en-spegazzini-la-sombra-quimica-sobre-la-salud\/#article","isPartOf":{"@id":"https:\/\/cuartetoenlaweb.com.ar\/sitio\/el-incendio-en-spegazzini-la-sombra-quimica-sobre-la-salud\/"},"author":{"name":"","@id":""},"headline":"El Incendio en Spegazzini: La sombra qu\u00edmica sobre la salud","datePublished":"2025-11-15T16:02:16+00:00","mainEntityOfPage":{"@id":"https:\/\/cuartetoenlaweb.com.ar\/sitio\/el-incendio-en-spegazzini-la-sombra-quimica-sobre-la-salud\/"},"wordCount":559,"publisher":{"@id":"http:\/\/cuartetoenlaweb.com.ar\/sitio\/#organization"},"image":{"@id":"https:\/\/cuartetoenlaweb.com.ar\/sitio\/el-incendio-en-spegazzini-la-sombra-quimica-sobre-la-salud\/#primaryimage"},"thumbnailUrl":"https:\/\/cuartetoenlaweb.com.ar\/sitio\/wp-content\/uploads\/2025\/11\/720-1046.jpeg","articleSection":["PAIS"],"inLanguage":"es"},{"@type":"WebPage","@id":"https:\/\/cuartetoenlaweb.com.ar\/sitio\/el-incendio-en-spegazzini-la-sombra-quimica-sobre-la-salud\/","url":"https:\/\/cuartetoenlaweb.com.ar\/sitio\/el-incendio-en-spegazzini-la-sombra-quimica-sobre-la-salud\/","name":"El Incendio en Spegazzini: La sombra qu\u00edmica sobre la salud - Cuarteto en la Web","isPartOf":{"@id":"http:\/\/cuartetoenlaweb.com.ar\/sitio\/#website"},"primaryImageOfPage":{"@id":"https:\/\/cuartetoenlaweb.com.ar\/sitio\/el-incendio-en-spegazzini-la-sombra-quimica-sobre-la-salud\/#primaryimage"},"image":{"@id":"https:\/\/cuartetoenlaweb.com.ar\/sitio\/el-incendio-en-spegazzini-la-sombra-quimica-sobre-la-salud\/#primaryimage"},"thumbnailUrl":"https:\/\/cuartetoenlaweb.com.ar\/sitio\/wp-content\/uploads\/2025\/11\/720-1046.jpeg","datePublished":"2025-11-15T16:02:16+00:00","breadcrumb":{"@id":"https:\/\/cuartetoenlaweb.com.ar\/sitio\/el-incendio-en-spegazzini-la-sombra-quimica-sobre-la-salud\/#breadcrumb"},"inLanguage":"es","potentialAction":[{"@type":"ReadAction","target":["https:\/\/cuartetoenlaweb.com.ar\/sitio\/el-incendio-en-spegazzini-la-sombra-quimica-sobre-la-salud\/"]}]},{"@type":"ImageObject","inLanguage":"es","@id":"https:\/\/cuartetoenlaweb.com.ar\/sitio\/el-incendio-en-spegazzini-la-sombra-quimica-sobre-la-salud\/#primaryimage","url":"https:\/\/cuartetoenlaweb.com.ar\/sitio\/wp-content\/uploads\/2025\/11\/720-1046.jpeg","contentUrl":"https:\/\/cuartetoenlaweb.com.ar\/sitio\/wp-content\/uploads\/2025\/11\/720-1046.jpeg","width":1080,"height":720},{"@type":"BreadcrumbList","@id":"https:\/\/cuartetoenlaweb.com.ar\/sitio\/el-incendio-en-spegazzini-la-sombra-quimica-sobre-la-salud\/#breadcrumb","itemListElement":[{"@type":"ListItem","position":1,"name":"Portada","item":"http:\/\/cuartetoenlaweb.com.ar\/sitio\/"},{"@type":"ListItem","position":2,"name":"El Incendio en Spegazzini: La sombra qu\u00edmica sobre la salud"}]},{"@type":"WebSite","@id":"http:\/\/cuartetoenlaweb.com.ar\/sitio\/#website","url":"http:\/\/cuartetoenlaweb.com.ar\/sitio\/","name":"Cuarteto en la Web","description":"","publisher":{"@id":"http:\/\/cuartetoenlaweb.com.ar\/sitio\/#organization"},"potentialAction":[{"@type":"SearchAction","target":{"@type":"EntryPoint","urlTemplate":"http:\/\/cuartetoenlaweb.com.ar\/sitio\/?s={search_term_string}"},"query-input":{"@type":"PropertyValueSpecification","valueRequired":true,"valueName":"search_term_string"}}],"inLanguage":"es"},{"@type":"Organization","@id":"http:\/\/cuartetoenlaweb.com.ar\/sitio\/#organization","name":"Cuarteto en la Web","url":"http:\/\/cuartetoenlaweb.com.ar\/sitio\/","logo":{"@type":"ImageObject","inLanguage":"es","@id":"http:\/\/cuartetoenlaweb.com.ar\/sitio\/#\/schema\/logo\/image\/","url":"https:\/\/cuartetoenlaweb.com.ar\/sitio\/wp-content\/uploads\/2025\/07\/cropped-cropped-logitoweb21.png","contentUrl":"https:\/\/cuartetoenlaweb.com.ar\/sitio\/wp-content\/uploads\/2025\/07\/cropped-cropped-logitoweb21.png","width":199,"height":199,"caption":"Cuarteto en la Web"},"image":{"@id":"http:\/\/cuartetoenlaweb.com.ar\/sitio\/#\/schema\/logo\/image\/"}}]}},"_links":{"self":[{"href":"https:\/\/cuartetoenlaweb.com.ar\/sitio\/wp-json\/wp\/v2\/posts\/4399","targetHints":{"allow":["GET"]}}],"collection":[{"href":"https:\/\/cuartetoenlaweb.com.ar\/sitio\/wp-json\/wp\/v2\/posts"}],"about":[{"href":"https:\/\/cuartetoenlaweb.com.ar\/sitio\/wp-json\/wp\/v2\/types\/post"}],"replies":[{"embeddable":true,"href":"https:\/\/cuartetoenlaweb.com.ar\/sitio\/wp-json\/wp\/v2\/comments?post=4399"}],"version-history":[{"count":0,"href":"https:\/\/cuartetoenlaweb.com.ar\/sitio\/wp-json\/wp\/v2\/posts\/4399\/revisions"}],"wp:featuredmedia":[{"embeddable":true,"href":"https:\/\/cuartetoenlaweb.com.ar\/sitio\/wp-json\/wp\/v2\/media\/4400"}],"wp:attachment":[{"href":"https:\/\/cuartetoenlaweb.com.ar\/sitio\/wp-json\/wp\/v2\/media?parent=4399"}],"wp:term":[{"taxonomy":"category","embeddable":true,"href":"https:\/\/cuartetoenlaweb.com.ar\/sitio\/wp-json\/wp\/v2\/categories?post=4399"},{"taxonomy":"post_tag","embeddable":true,"href":"https:\/\/cuartetoenlaweb.com.ar\/sitio\/wp-json\/wp\/v2\/tags?post=4399"}],"curies":[{"name":"wp","href":"https:\/\/api.w.org\/{rel}","templated":true}]}}