
{"id":4397,"date":"2025-11-15T13:02:12","date_gmt":"2025-11-15T16:02:12","guid":{"rendered":"https:\/\/cuartetoenlaweb.com.ar\/sitio\/explosion-en-ezeiza-10-preguntas-y-10-respuestas-tras-el-desastre-en-el-polo-industrial\/"},"modified":"2025-11-15T13:02:12","modified_gmt":"2025-11-15T16:02:12","slug":"explosion-en-ezeiza-10-preguntas-y-10-respuestas-tras-el-desastre-en-el-polo-industrial","status":"publish","type":"post","link":"https:\/\/cuartetoenlaweb.com.ar\/sitio\/explosion-en-ezeiza-10-preguntas-y-10-respuestas-tras-el-desastre-en-el-polo-industrial\/","title":{"rendered":"Explosi\u00f3n en Ezeiza: 10 preguntas y 10 respuestas tras el desastre en el Polo Industrial"},"content":{"rendered":"<p>Buenos Aires, 15 de noviembre de 2025 (NA) &#8212; La Municipalidad de Ezeiza emiti\u00f3 un comunicado oficial a las 6:15 de la ma\u00f1ana con la actualizaci\u00f3n del estado de situaci\u00f3n sobre el incendio de grandes proporciones en el Pol\u00edgono Industrial de Carlos Spegazzini.<\/p>\n<p>Seg\u00fan supo Noticias Argentinas, el informe confirma que la empresa Iron Mountain es una de las afectadas por las llamas y aclara el origen de la densa nube de humo negro.<\/p>\n<p>Aqu\u00ed, 10 preguntas y 10 respuestas clave seg\u00fan el parte oficial:<\/p>\n<p>1. \u00bfD\u00d3NDE Y CU\u00c1NDO COMENZ\u00d3 EL INCENDIO?<\/p>\n<p>El fuego habr\u00eda comenzado aproximadamente a las 21:00 horas del viernes en la planta de la empresa Logischem, dedicada al almacenamiento y distribuci\u00f3n de productos qu\u00edmicos. El municipio aclar\u00f3 que la empresa \u00abcuenta con planos aprobados y habilitaci\u00f3n vigente\u00bb.<\/p>\n<p>2. \u00bfHAY V\u00cdCTIMAS FATALES O HERIDOS GRAVES?<\/p>\n<p>No. El comunicado oficial de las 6:15 hs. informa que fueron trasladados 8 personas al Hospital de Ezeiza (2 efectivos policiales y 6 civiles). Afortunadamente, \u00abtodos se encuentran fuera de peligro\u00bb.<\/p>\n<p>3. \u00bfQU\u00c9 EMPRESAS FUERON AFECTADAS?<\/p>\n<p>El incendio se extendi\u00f3 a varias empresas linderas, entre ellas Iron Mountain, Larroca Minera, Almac\u00e9n de Fr\u00edo, Aditivos Alimentarios y una distribuidora Sal\u00f3n.<\/p>\n<p>4. \u00bfCU\u00c1L ES EL MAYOR RIESGO EN ESTE MOMENTO?<\/p>\n<p>El operativo de los cuerpos de Bomberos se centra actualmente en proteger a la empresa Flamia, la cual \u00abalmacena productos altamente inflamables\u00bb, para evitar una mayor propagaci\u00f3n.<\/p>\n<p>5. \u00bfCORREN RIESGO SINTEPLAST O MOLINOS CA\u00d1UELAS?<\/p>\n<p>No. El parte oficial indica que empresas como Sinteplast y Molinos Ca\u00f1uelas, que tambi\u00e9n manejan materiales inflamables, \u00abse reportan fuera de peligro en este momento\u00bb.<\/p>\n<p>6. \u00bfCU\u00c1NDO VAN A APAGAR EL FUEGO?<\/p>\n<p>El operativo est\u00e1 a cargo del Ministerio de Seguridad de la Provincia de Buenos Aires. Se prev\u00e9 que las tareas de extinci\u00f3n podr\u00edan prolongarse entre 24 y 36 horas m\u00e1s.<\/p>\n<p>7. \u00bfEL AIRE EST\u00c1 CONTAMINADO? \u00bfLA NUBE ES T\u00d3XICA?<\/p>\n<p>Oficialmente, no. El municipio inform\u00f3 que \u00abal momento, no se detectan signos de propagaci\u00f3n de contaminaci\u00f3n qu\u00edmica en el aire\u00bb. Tampoco se recibieron llamados por s\u00edntomas de intoxicaci\u00f3n en la poblaci\u00f3n.<\/p>\n<p>8. SI NO ES QU\u00cdMICO, \u00bfPOR QU\u00c9 LA NUBE DE HUMO ES TAN NEGRA?<\/p>\n<p>La \u00abdensa nube negra visible\u00bb es el resultado de la \u00abcombusti\u00f3n de neum\u00e1ticos en la planta de Larroca Minera\u00bb.<\/p>\n<p>9. \u00bfQU\u00c9 CALLES O AUTOPISTAS EST\u00c1N CORTADAS?<\/p>\n<p>La Autopista Ezeiza-Ca\u00f1uelas permanecer\u00e1 cerrada en ambos sentidos (desde Ezeiza hasta Spegazzini) \u00abhasta nuevo aviso\u00bb. Se pide evitar la zona para no entorpecer las labores de extinci\u00f3n.<\/p>\n<p>10. \u00bfSE SABE QU\u00c9 ORIGIN\u00d3 LA EXPLOSI\u00d3N?<\/p>\n<p>Todav\u00eda no. Las autoridades informaron que \u00aba\u00fan no existen hip\u00f3tesis firmes sobre el origen del incendio y la detonaci\u00f3n\u00bb.<\/p>\n<p>#AgenciaNA<\/p>\n","protected":false},"excerpt":{"rendered":"<p>Buenos Aires, 15 de noviembre de 2025 (NA) &#8212; La<\/p>\n","protected":false},"author":0,"featured_media":4398,"comment_status":"","ping_status":"","sticky":false,"template":"","format":"standard","meta":{"footnotes":""},"categories":[65],"tags":[],"class_list":["post-4397","post","type-post","status-publish","format-standard","has-post-thumbnail","hentry","category-pais"],"yoast_head":"<!-- This site is optimized with the Yoast SEO plugin v27.5 - https:\/\/yoast.com\/product\/yoast-seo-wordpress\/ -->\n<title>Explosi\u00f3n en Ezeiza: 10 preguntas y 10 respuestas tras el desastre en el Polo Industrial - Cuarteto en la Web<\/title>\n<meta name=\"robots\" content=\"index, follow, max-snippet:-1, max-image-preview:large, max-video-preview:-1\" \/>\n<link rel=\"canonical\" href=\"https:\/\/cuartetoenlaweb.com.ar\/sitio\/explosion-en-ezeiza-10-preguntas-y-10-respuestas-tras-el-desastre-en-el-polo-industrial\/\" \/>\n<meta property=\"og:locale\" content=\"es_ES\" \/>\n<meta property=\"og:type\" content=\"article\" \/>\n<meta property=\"og:title\" content=\"Explosi\u00f3n en Ezeiza: 10 preguntas y 10 respuestas tras el desastre en el Polo Industrial - Cuarteto en la Web\" \/>\n<meta property=\"og:description\" content=\"Buenos Aires, 15 de noviembre de 2025 (NA) &#8212; La\" \/>\n<meta property=\"og:url\" content=\"https:\/\/cuartetoenlaweb.com.ar\/sitio\/explosion-en-ezeiza-10-preguntas-y-10-respuestas-tras-el-desastre-en-el-polo-industrial\/\" \/>\n<meta property=\"og:site_name\" content=\"Cuarteto en la Web\" \/>\n<meta property=\"article:published_time\" content=\"2025-11-15T16:02:12+00:00\" \/>\n<meta property=\"og:image\" content=\"https:\/\/cuartetoenlaweb.com.ar\/sitio\/wp-content\/uploads\/2025\/11\/720-1045.jpeg\" \/>\n\t<meta property=\"og:image:width\" content=\"1080\" \/>\n\t<meta property=\"og:image:height\" content=\"720\" \/>\n\t<meta property=\"og:image:type\" content=\"image\/jpeg\" \/>\n<meta name=\"twitter:card\" content=\"summary_large_image\" \/>\n<meta name=\"twitter:label1\" content=\"Tiempo de lectura\" \/>\n\t<meta name=\"twitter:data1\" content=\"2 minutos\" \/>\n<script type=\"application\/ld+json\" class=\"yoast-schema-graph\">{\"@context\":\"https:\\\/\\\/schema.org\",\"@graph\":[{\"@type\":\"Article\",\"@id\":\"https:\\\/\\\/cuartetoenlaweb.com.ar\\\/sitio\\\/explosion-en-ezeiza-10-preguntas-y-10-respuestas-tras-el-desastre-en-el-polo-industrial\\\/#article\",\"isPartOf\":{\"@id\":\"https:\\\/\\\/cuartetoenlaweb.com.ar\\\/sitio\\\/explosion-en-ezeiza-10-preguntas-y-10-respuestas-tras-el-desastre-en-el-polo-industrial\\\/\"},\"author\":{\"name\":\"\",\"@id\":\"\"},\"headline\":\"Explosi\u00f3n en Ezeiza: 10 preguntas y 10 respuestas tras el desastre en el Polo Industrial\",\"datePublished\":\"2025-11-15T16:02:12+00:00\",\"mainEntityOfPage\":{\"@id\":\"https:\\\/\\\/cuartetoenlaweb.com.ar\\\/sitio\\\/explosion-en-ezeiza-10-preguntas-y-10-respuestas-tras-el-desastre-en-el-polo-industrial\\\/\"},\"wordCount\":471,\"publisher\":{\"@id\":\"http:\\\/\\\/cuartetoenlaweb.com.ar\\\/sitio\\\/#organization\"},\"image\":{\"@id\":\"https:\\\/\\\/cuartetoenlaweb.com.ar\\\/sitio\\\/explosion-en-ezeiza-10-preguntas-y-10-respuestas-tras-el-desastre-en-el-polo-industrial\\\/#primaryimage\"},\"thumbnailUrl\":\"https:\\\/\\\/cuartetoenlaweb.com.ar\\\/sitio\\\/wp-content\\\/uploads\\\/2025\\\/11\\\/720-1045.jpeg\",\"articleSection\":[\"PAIS\"],\"inLanguage\":\"es\"},{\"@type\":\"WebPage\",\"@id\":\"https:\\\/\\\/cuartetoenlaweb.com.ar\\\/sitio\\\/explosion-en-ezeiza-10-preguntas-y-10-respuestas-tras-el-desastre-en-el-polo-industrial\\\/\",\"url\":\"https:\\\/\\\/cuartetoenlaweb.com.ar\\\/sitio\\\/explosion-en-ezeiza-10-preguntas-y-10-respuestas-tras-el-desastre-en-el-polo-industrial\\\/\",\"name\":\"Explosi\u00f3n en Ezeiza: 10 preguntas y 10 respuestas tras el desastre en el Polo Industrial - Cuarteto en la Web\",\"isPartOf\":{\"@id\":\"http:\\\/\\\/cuartetoenlaweb.com.ar\\\/sitio\\\/#website\"},\"primaryImageOfPage\":{\"@id\":\"https:\\\/\\\/cuartetoenlaweb.com.ar\\\/sitio\\\/explosion-en-ezeiza-10-preguntas-y-10-respuestas-tras-el-desastre-en-el-polo-industrial\\\/#primaryimage\"},\"image\":{\"@id\":\"https:\\\/\\\/cuartetoenlaweb.com.ar\\\/sitio\\\/explosion-en-ezeiza-10-preguntas-y-10-respuestas-tras-el-desastre-en-el-polo-industrial\\\/#primaryimage\"},\"thumbnailUrl\":\"https:\\\/\\\/cuartetoenlaweb.com.ar\\\/sitio\\\/wp-content\\\/uploads\\\/2025\\\/11\\\/720-1045.jpeg\",\"datePublished\":\"2025-11-15T16:02:12+00:00\",\"breadcrumb\":{\"@id\":\"https:\\\/\\\/cuartetoenlaweb.com.ar\\\/sitio\\\/explosion-en-ezeiza-10-preguntas-y-10-respuestas-tras-el-desastre-en-el-polo-industrial\\\/#breadcrumb\"},\"inLanguage\":\"es\",\"potentialAction\":[{\"@type\":\"ReadAction\",\"target\":[\"https:\\\/\\\/cuartetoenlaweb.com.ar\\\/sitio\\\/explosion-en-ezeiza-10-preguntas-y-10-respuestas-tras-el-desastre-en-el-polo-industrial\\\/\"]}]},{\"@type\":\"ImageObject\",\"inLanguage\":\"es\",\"@id\":\"https:\\\/\\\/cuartetoenlaweb.com.ar\\\/sitio\\\/explosion-en-ezeiza-10-preguntas-y-10-respuestas-tras-el-desastre-en-el-polo-industrial\\\/#primaryimage\",\"url\":\"https:\\\/\\\/cuartetoenlaweb.com.ar\\\/sitio\\\/wp-content\\\/uploads\\\/2025\\\/11\\\/720-1045.jpeg\",\"contentUrl\":\"https:\\\/\\\/cuartetoenlaweb.com.ar\\\/sitio\\\/wp-content\\\/uploads\\\/2025\\\/11\\\/720-1045.jpeg\",\"width\":1080,\"height\":720},{\"@type\":\"BreadcrumbList\",\"@id\":\"https:\\\/\\\/cuartetoenlaweb.com.ar\\\/sitio\\\/explosion-en-ezeiza-10-preguntas-y-10-respuestas-tras-el-desastre-en-el-polo-industrial\\\/#breadcrumb\",\"itemListElement\":[{\"@type\":\"ListItem\",\"position\":1,\"name\":\"Portada\",\"item\":\"http:\\\/\\\/cuartetoenlaweb.com.ar\\\/sitio\\\/\"},{\"@type\":\"ListItem\",\"position\":2,\"name\":\"Explosi\u00f3n en Ezeiza: 10 preguntas y 10 respuestas tras el desastre en el Polo Industrial\"}]},{\"@type\":\"WebSite\",\"@id\":\"http:\\\/\\\/cuartetoenlaweb.com.ar\\\/sitio\\\/#website\",\"url\":\"http:\\\/\\\/cuartetoenlaweb.com.ar\\\/sitio\\\/\",\"name\":\"Cuarteto en la Web\",\"description\":\"\",\"publisher\":{\"@id\":\"http:\\\/\\\/cuartetoenlaweb.com.ar\\\/sitio\\\/#organization\"},\"potentialAction\":[{\"@type\":\"SearchAction\",\"target\":{\"@type\":\"EntryPoint\",\"urlTemplate\":\"http:\\\/\\\/cuartetoenlaweb.com.ar\\\/sitio\\\/?s={search_term_string}\"},\"query-input\":{\"@type\":\"PropertyValueSpecification\",\"valueRequired\":true,\"valueName\":\"search_term_string\"}}],\"inLanguage\":\"es\"},{\"@type\":\"Organization\",\"@id\":\"http:\\\/\\\/cuartetoenlaweb.com.ar\\\/sitio\\\/#organization\",\"name\":\"Cuarteto en la Web\",\"url\":\"http:\\\/\\\/cuartetoenlaweb.com.ar\\\/sitio\\\/\",\"logo\":{\"@type\":\"ImageObject\",\"inLanguage\":\"es\",\"@id\":\"http:\\\/\\\/cuartetoenlaweb.com.ar\\\/sitio\\\/#\\\/schema\\\/logo\\\/image\\\/\",\"url\":\"https:\\\/\\\/cuartetoenlaweb.com.ar\\\/sitio\\\/wp-content\\\/uploads\\\/2025\\\/07\\\/cropped-cropped-logitoweb21.png\",\"contentUrl\":\"https:\\\/\\\/cuartetoenlaweb.com.ar\\\/sitio\\\/wp-content\\\/uploads\\\/2025\\\/07\\\/cropped-cropped-logitoweb21.png\",\"width\":199,\"height\":199,\"caption\":\"Cuarteto en la Web\"},\"image\":{\"@id\":\"http:\\\/\\\/cuartetoenlaweb.com.ar\\\/sitio\\\/#\\\/schema\\\/logo\\\/image\\\/\"}}]}<\/script>\n<!-- \/ Yoast SEO plugin. -->","yoast_head_json":{"title":"Explosi\u00f3n en Ezeiza: 10 preguntas y 10 respuestas tras el desastre en el Polo Industrial - Cuarteto en la Web","robots":{"index":"index","follow":"follow","max-snippet":"max-snippet:-1","max-image-preview":"max-image-preview:large","max-video-preview":"max-video-preview:-1"},"canonical":"https:\/\/cuartetoenlaweb.com.ar\/sitio\/explosion-en-ezeiza-10-preguntas-y-10-respuestas-tras-el-desastre-en-el-polo-industrial\/","og_locale":"es_ES","og_type":"article","og_title":"Explosi\u00f3n en Ezeiza: 10 preguntas y 10 respuestas tras el desastre en el Polo Industrial - Cuarteto en la Web","og_description":"Buenos Aires, 15 de noviembre de 2025 (NA) &#8212; La","og_url":"https:\/\/cuartetoenlaweb.com.ar\/sitio\/explosion-en-ezeiza-10-preguntas-y-10-respuestas-tras-el-desastre-en-el-polo-industrial\/","og_site_name":"Cuarteto en la Web","article_published_time":"2025-11-15T16:02:12+00:00","og_image":[{"width":1080,"height":720,"url":"https:\/\/cuartetoenlaweb.com.ar\/sitio\/wp-content\/uploads\/2025\/11\/720-1045.jpeg","type":"image\/jpeg"}],"twitter_card":"summary_large_image","twitter_misc":{"Tiempo de lectura":"2 minutos"},"schema":{"@context":"https:\/\/schema.org","@graph":[{"@type":"Article","@id":"https:\/\/cuartetoenlaweb.com.ar\/sitio\/explosion-en-ezeiza-10-preguntas-y-10-respuestas-tras-el-desastre-en-el-polo-industrial\/#article","isPartOf":{"@id":"https:\/\/cuartetoenlaweb.com.ar\/sitio\/explosion-en-ezeiza-10-preguntas-y-10-respuestas-tras-el-desastre-en-el-polo-industrial\/"},"author":{"name":"","@id":""},"headline":"Explosi\u00f3n en Ezeiza: 10 preguntas y 10 respuestas tras el desastre en el Polo Industrial","datePublished":"2025-11-15T16:02:12+00:00","mainEntityOfPage":{"@id":"https:\/\/cuartetoenlaweb.com.ar\/sitio\/explosion-en-ezeiza-10-preguntas-y-10-respuestas-tras-el-desastre-en-el-polo-industrial\/"},"wordCount":471,"publisher":{"@id":"http:\/\/cuartetoenlaweb.com.ar\/sitio\/#organization"},"image":{"@id":"https:\/\/cuartetoenlaweb.com.ar\/sitio\/explosion-en-ezeiza-10-preguntas-y-10-respuestas-tras-el-desastre-en-el-polo-industrial\/#primaryimage"},"thumbnailUrl":"https:\/\/cuartetoenlaweb.com.ar\/sitio\/wp-content\/uploads\/2025\/11\/720-1045.jpeg","articleSection":["PAIS"],"inLanguage":"es"},{"@type":"WebPage","@id":"https:\/\/cuartetoenlaweb.com.ar\/sitio\/explosion-en-ezeiza-10-preguntas-y-10-respuestas-tras-el-desastre-en-el-polo-industrial\/","url":"https:\/\/cuartetoenlaweb.com.ar\/sitio\/explosion-en-ezeiza-10-preguntas-y-10-respuestas-tras-el-desastre-en-el-polo-industrial\/","name":"Explosi\u00f3n en Ezeiza: 10 preguntas y 10 respuestas tras el desastre en el Polo Industrial - Cuarteto en la Web","isPartOf":{"@id":"http:\/\/cuartetoenlaweb.com.ar\/sitio\/#website"},"primaryImageOfPage":{"@id":"https:\/\/cuartetoenlaweb.com.ar\/sitio\/explosion-en-ezeiza-10-preguntas-y-10-respuestas-tras-el-desastre-en-el-polo-industrial\/#primaryimage"},"image":{"@id":"https:\/\/cuartetoenlaweb.com.ar\/sitio\/explosion-en-ezeiza-10-preguntas-y-10-respuestas-tras-el-desastre-en-el-polo-industrial\/#primaryimage"},"thumbnailUrl":"https:\/\/cuartetoenlaweb.com.ar\/sitio\/wp-content\/uploads\/2025\/11\/720-1045.jpeg","datePublished":"2025-11-15T16:02:12+00:00","breadcrumb":{"@id":"https:\/\/cuartetoenlaweb.com.ar\/sitio\/explosion-en-ezeiza-10-preguntas-y-10-respuestas-tras-el-desastre-en-el-polo-industrial\/#breadcrumb"},"inLanguage":"es","potentialAction":[{"@type":"ReadAction","target":["https:\/\/cuartetoenlaweb.com.ar\/sitio\/explosion-en-ezeiza-10-preguntas-y-10-respuestas-tras-el-desastre-en-el-polo-industrial\/"]}]},{"@type":"ImageObject","inLanguage":"es","@id":"https:\/\/cuartetoenlaweb.com.ar\/sitio\/explosion-en-ezeiza-10-preguntas-y-10-respuestas-tras-el-desastre-en-el-polo-industrial\/#primaryimage","url":"https:\/\/cuartetoenlaweb.com.ar\/sitio\/wp-content\/uploads\/2025\/11\/720-1045.jpeg","contentUrl":"https:\/\/cuartetoenlaweb.com.ar\/sitio\/wp-content\/uploads\/2025\/11\/720-1045.jpeg","width":1080,"height":720},{"@type":"BreadcrumbList","@id":"https:\/\/cuartetoenlaweb.com.ar\/sitio\/explosion-en-ezeiza-10-preguntas-y-10-respuestas-tras-el-desastre-en-el-polo-industrial\/#breadcrumb","itemListElement":[{"@type":"ListItem","position":1,"name":"Portada","item":"http:\/\/cuartetoenlaweb.com.ar\/sitio\/"},{"@type":"ListItem","position":2,"name":"Explosi\u00f3n en Ezeiza: 10 preguntas y 10 respuestas tras el desastre en el Polo Industrial"}]},{"@type":"WebSite","@id":"http:\/\/cuartetoenlaweb.com.ar\/sitio\/#website","url":"http:\/\/cuartetoenlaweb.com.ar\/sitio\/","name":"Cuarteto en la Web","description":"","publisher":{"@id":"http:\/\/cuartetoenlaweb.com.ar\/sitio\/#organization"},"potentialAction":[{"@type":"SearchAction","target":{"@type":"EntryPoint","urlTemplate":"http:\/\/cuartetoenlaweb.com.ar\/sitio\/?s={search_term_string}"},"query-input":{"@type":"PropertyValueSpecification","valueRequired":true,"valueName":"search_term_string"}}],"inLanguage":"es"},{"@type":"Organization","@id":"http:\/\/cuartetoenlaweb.com.ar\/sitio\/#organization","name":"Cuarteto en la Web","url":"http:\/\/cuartetoenlaweb.com.ar\/sitio\/","logo":{"@type":"ImageObject","inLanguage":"es","@id":"http:\/\/cuartetoenlaweb.com.ar\/sitio\/#\/schema\/logo\/image\/","url":"https:\/\/cuartetoenlaweb.com.ar\/sitio\/wp-content\/uploads\/2025\/07\/cropped-cropped-logitoweb21.png","contentUrl":"https:\/\/cuartetoenlaweb.com.ar\/sitio\/wp-content\/uploads\/2025\/07\/cropped-cropped-logitoweb21.png","width":199,"height":199,"caption":"Cuarteto en la Web"},"image":{"@id":"http:\/\/cuartetoenlaweb.com.ar\/sitio\/#\/schema\/logo\/image\/"}}]}},"_links":{"self":[{"href":"https:\/\/cuartetoenlaweb.com.ar\/sitio\/wp-json\/wp\/v2\/posts\/4397","targetHints":{"allow":["GET"]}}],"collection":[{"href":"https:\/\/cuartetoenlaweb.com.ar\/sitio\/wp-json\/wp\/v2\/posts"}],"about":[{"href":"https:\/\/cuartetoenlaweb.com.ar\/sitio\/wp-json\/wp\/v2\/types\/post"}],"replies":[{"embeddable":true,"href":"https:\/\/cuartetoenlaweb.com.ar\/sitio\/wp-json\/wp\/v2\/comments?post=4397"}],"version-history":[{"count":0,"href":"https:\/\/cuartetoenlaweb.com.ar\/sitio\/wp-json\/wp\/v2\/posts\/4397\/revisions"}],"wp:featuredmedia":[{"embeddable":true,"href":"https:\/\/cuartetoenlaweb.com.ar\/sitio\/wp-json\/wp\/v2\/media\/4398"}],"wp:attachment":[{"href":"https:\/\/cuartetoenlaweb.com.ar\/sitio\/wp-json\/wp\/v2\/media?parent=4397"}],"wp:term":[{"taxonomy":"category","embeddable":true,"href":"https:\/\/cuartetoenlaweb.com.ar\/sitio\/wp-json\/wp\/v2\/categories?post=4397"},{"taxonomy":"post_tag","embeddable":true,"href":"https:\/\/cuartetoenlaweb.com.ar\/sitio\/wp-json\/wp\/v2\/tags?post=4397"}],"curies":[{"name":"wp","href":"https:\/\/api.w.org\/{rel}","templated":true}]}}