
{"id":4395,"date":"2025-11-15T13:02:10","date_gmt":"2025-11-15T16:02:10","guid":{"rendered":"https:\/\/cuartetoenlaweb.com.ar\/sitio\/impactante-la-ultima-foto-con-vida-de-fernando-baez-sosa-que-le-tomo-su-mama-graciela-sosa\/"},"modified":"2025-11-15T13:02:10","modified_gmt":"2025-11-15T16:02:10","slug":"impactante-la-ultima-foto-con-vida-de-fernando-baez-sosa-que-le-tomo-su-mama-graciela-sosa","status":"publish","type":"post","link":"https:\/\/cuartetoenlaweb.com.ar\/sitio\/impactante-la-ultima-foto-con-vida-de-fernando-baez-sosa-que-le-tomo-su-mama-graciela-sosa\/","title":{"rendered":"Impactante: la \u00faltima foto con vida de Fernando B\u00e1ez Sosa que le tom\u00f3 su mam\u00e1, Graciela Sosa"},"content":{"rendered":"<p>La monta\u00f1a rusa de emociones que recorre cada rinc\u00f3n de esta historia comienza con una imagen hasta ahora poco difundida: la \u00faltima fotograf\u00eda que <strong>Graciela Sosa<\/strong> le tom\u00f3 a su hijo <strong><a href=\"https:\/\/www.paparazzi.com.ar\/teve\/el-fatal-error-de-netflix-en-el-documental-del-asesinato-de-fernando-baez-sosa\/\">Fernando B\u00e1ez Sosa<\/a><\/strong> antes de que aquel viaje a Villa Gesell se transformara en tragedia.<\/p>\n<p>En esta toma se ve al joven, quien siempre antes de irse de vacaciones sol\u00eda decir: \u201c<em>Mam\u00e1, \u00bfno me vas a sacar la foto?<\/em>\u201d, una escena cotidiana que pocos sab\u00edan que se convertir\u00eda en el \u00faltimo recuerdo compartido con Graciela.<\/p>\n<p>El momento ocurre justo antes de que <a href=\"https:\/\/www.paparazzi.com.ar\/teve\/se-quebro-uno-de-los-asesinos-de-fernando-baez-sosa-y-conto-lo-que-paso-esa-noche-fatal-uno-de-los-chicos-me\/\">Fernando<\/a> partiera hacia esas vacaciones que promet\u00edan descanso y diversi\u00f3n, pero que terminar\u00edan marcadas por un desenlace brutal.\u00a0<\/p>\n<div class=\"mt-box \">\n<h4 class=\"mt-heading\">Mir\u00e1 Tambi\u00e9n<\/h4>\n<p><a href=\"https:\/\/www.paparazzi.com.ar\/teve\/exclusivo-las-fotos-de-wanda-nara-y-johnny-depp-que-encendio-la-furia-total-de-mauro-icardi\/\"><\/p>\n<div class=\"mt-content\">\n<div class=\"mt-image-container\"><img decoding=\"async\" src=\"https:\/\/www.paparazzi.com.ar\/wp-content\/uploads\/2025\/11\/Wanda-Nara-Jhonny-Deep-exclusivo-359x226.jpg\" alt=\"\u00a1Exclusivo! Las fotos de Wanda Nara y Johnny Depp que encendi\u00f3 la furia total de Mauro Icardi\" class=\"mt-image\" loading=\"lazy\" \/><\/div>\n<h5 class=\"mt-title\">\u00a1Exclusivo! Las fotos de Wanda Nara y Johnny Depp que encendi\u00f3 la furia total de Mauro Icardi<\/h5>\n<\/div>\n<p><\/a><\/div>\n<p>El nuevo documental de <a href=\"https:\/\/www.paparazzi.com.ar\/teve\/que-ver-en-netflix-la-miniserie-8-episodios-que-se-convirtio-en-un-exito-mundial\/\">Netflix<\/a>, titulado <strong>\u201c50 segundos: el caso Fernando B\u00e1ez Sosa\u201d<\/strong>, vuelve a poner en primer plano esa imagen: la captura aparece como un s\u00edmbolo de la normalidad rota en un segundo que lo cambi\u00f3 todo.<\/p>\n<h2 class=\"wp-block-heading\">LA \u00daLTIMA IMAGEN DE FERNANDO B\u00c1EZ SOSA CON VIDA<\/h2>\n<p>Graciela, que sigue procesando el dolor, cuenta que era habitual que le sacara fotos a su hijo, hasta que \u00e9l insisti\u00f3 en \u201c<em>tra\u00e9 el celular y sacame esa foto<\/em>\u201d antes de partir. Esa insistencia ahora adquiere un valor sentimental inmenso.<\/p>\n<div class=\"mt-box \">\n<h4 class=\"mt-heading\">Mir\u00e1 Tambi\u00e9n<\/h4>\n<p><a href=\"https:\/\/www.paparazzi.com.ar\/teve\/se-quebro-uno-de-los-asesinos-de-fernando-baez-sosa-y-conto-lo-que-paso-esa-noche-fatal-uno-de-los-chicos-me\/\"><\/p>\n<div class=\"mt-content\">\n<div class=\"mt-image-container\"><img decoding=\"async\" src=\"https:\/\/www.paparazzi.com.ar\/wp-content\/uploads\/2025\/11\/Se-quebro-uno-de-los-asesinos-de-Fernando-Baez-Sosa-y-conto-lo-que-paso-esa-noche-fatal-22Uno-de-los-chicos-me\u202622-359x226.jpg\" alt=\"Se quebr\u00f3 uno de los asesinos de Fernando B\u00e1ez Sosa y cont\u00f3 lo qu\u00e9 pas\u00f3 esa noche fatal: &quot;Uno de los chicos me\u2026&quot;\" class=\"mt-image\" loading=\"lazy\" \/><\/div>\n<h5 class=\"mt-title\">Se quebr\u00f3 uno de los asesinos de Fernando B\u00e1ez Sosa y cont\u00f3 lo qu\u00e9 pas\u00f3 esa noche fatal: \u00abUno de los chicos me\u2026\u00bb<\/h5>\n<\/div>\n<p><\/a><\/div>\n<p>La publicaci\u00f3n de la imagen y su inclusi\u00f3n en el documental generan una reacci\u00f3n colectiva: c\u00f3mo una situaci\u00f3n aparentemente banal, una foto de despedida, devino en un recuerdo cargado de dolor y preguntas. La fotograf\u00eda se transforma en testigo mudo de lo que pas\u00f3 y de lo que pudo haber sido.<\/p>\n<p>En este contexto, la escena invita a detenerse en lo fr\u00e1gil del instante, en lo ef\u00edmero de una vida interrumpida y en el impacto que una elecci\u00f3n tan com\u00fan como sacar una foto puede tener en la narraci\u00f3n de una historia irreparable. Ese momento capturado por una madre a su hijo se vuelve tambi\u00e9n el v\u00ednculo entre la memoria, el amor y la ausencia<\/p>\n<figure class=\"wp-block-image size-large\"><img decoding=\"async\" width=\"969\" height=\"1024\" src=\"https:\/\/www.paparazzi.com.ar\/wp-content\/uploads\/2025\/11\/ultima-foto-fernando-baez-sisa-969x1024.webp\" loading=\"lazy\" alt=\"\" class=\"wp-image-453208\" \/><\/figure>\n<div class=\"mt-box \">\n<h4 class=\"mt-heading\">Mir\u00e1 Tambi\u00e9n<\/h4>\n<p><a href=\"https:\/\/www.paparazzi.com.ar\/romances\/dan-las-fechas-la-china-suarez-revelo-cuando-empezo-el-noviazgo-con-mauro-icardi\/\"><\/p>\n<div class=\"mt-content\">\n<div class=\"mt-image-container\"><img decoding=\"async\" src=\"https:\/\/www.paparazzi.com.ar\/wp-content\/uploads\/2025\/11\/China-Suarez-Wanda-Nara-Mauro-359x226.jpg\" alt=\"\u00bfDan las fechas? La China Su\u00e1rez revel\u00f3 cu\u00e1ndo empez\u00f3 el noviazgo con Mauro Icardi\" class=\"mt-image\" loading=\"lazy\" \/><\/div>\n<h5 class=\"mt-title\">\u00bfDan las fechas? La China Su\u00e1rez revel\u00f3 cu\u00e1ndo empez\u00f3 el noviazgo con Mauro Icardi<\/h5>\n<\/div>\n<p><\/a><\/div>\n<div class=\"mt-box \">\n<h4 class=\"mt-heading\">Mir\u00e1 Tambi\u00e9n<\/h4>\n<p><a href=\"https:\/\/www.paparazzi.com.ar\/teve\/angel-de-brito-revelo-lo-que-nadie-sabe-del-documental-de-silvina-luna-queria-mostrar-todo-su-dolor-y\/\"><\/p>\n<div class=\"mt-content\">\n<div class=\"mt-image-container\"><img decoding=\"async\" src=\"https:\/\/www.paparazzi.com.ar\/wp-content\/uploads\/2025\/11\/Angel-De-Brito-y-Silvina-Luna-359x226.jpg\" alt=\"\u00c1ngel de Brito revel\u00f3 lo que nadie sabe del documental de Silvina Luna: \u201cQuer\u00eda mostrar todo su dolor y\u2026\u201d\" class=\"mt-image\" loading=\"lazy\" \/><\/div>\n<h5 class=\"mt-title\">\u00c1ngel de Brito revel\u00f3 lo que nadie sabe del documental de Silvina Luna: \u201cQuer\u00eda mostrar todo su dolor y\u2026\u201d<\/h5>\n<\/div>\n<p><\/a><\/div>\n<p>The post <a href=\"https:\/\/www.paparazzi.com.ar\/teve\/impactante-la-ultima-foto-con-vida-de-fernando-baez-sosa-que-le-tomo-su-mama-graciela-sosa\/\">Impactante: la \u00faltima foto con vida de Fernando B\u00e1ez Sosa que le tom\u00f3 su mam\u00e1, Graciela Sosa<\/a> appeared first on <a href=\"https:\/\/www.paparazzi.com.ar\">Revista Paparazzi<\/a>.<\/p>\n","protected":false},"excerpt":{"rendered":"<p>La monta\u00f1a rusa de emociones que recorre cada rinc\u00f3n de<\/p>\n","protected":false},"author":0,"featured_media":4396,"comment_status":"","ping_status":"","sticky":false,"template":"","format":"standard","meta":{"footnotes":""},"categories":[12],"tags":[],"class_list":["post-4395","post","type-post","status-publish","format-standard","has-post-thumbnail","hentry","category-espectaculo"],"yoast_head":"<!-- This site is optimized with the Yoast SEO plugin v27.5 - https:\/\/yoast.com\/product\/yoast-seo-wordpress\/ -->\n<title>Impactante: la \u00faltima foto con vida de Fernando B\u00e1ez Sosa que le tom\u00f3 su mam\u00e1, Graciela Sosa - Cuarteto en la Web<\/title>\n<meta name=\"robots\" content=\"index, follow, max-snippet:-1, max-image-preview:large, max-video-preview:-1\" \/>\n<link rel=\"canonical\" href=\"https:\/\/cuartetoenlaweb.com.ar\/sitio\/impactante-la-ultima-foto-con-vida-de-fernando-baez-sosa-que-le-tomo-su-mama-graciela-sosa\/\" \/>\n<meta property=\"og:locale\" content=\"es_ES\" \/>\n<meta property=\"og:type\" content=\"article\" \/>\n<meta property=\"og:title\" content=\"Impactante: la \u00faltima foto con vida de Fernando B\u00e1ez Sosa que le tom\u00f3 su mam\u00e1, Graciela Sosa - Cuarteto en la Web\" \/>\n<meta property=\"og:description\" content=\"La monta\u00f1a rusa de emociones que recorre cada rinc\u00f3n de\" \/>\n<meta property=\"og:url\" content=\"https:\/\/cuartetoenlaweb.com.ar\/sitio\/impactante-la-ultima-foto-con-vida-de-fernando-baez-sosa-que-le-tomo-su-mama-graciela-sosa\/\" \/>\n<meta property=\"og:site_name\" content=\"Cuarteto en la Web\" \/>\n<meta property=\"article:published_time\" content=\"2025-11-15T16:02:10+00:00\" \/>\n<meta property=\"og:image\" content=\"https:\/\/cuartetoenlaweb.com.ar\/sitio\/wp-content\/uploads\/2025\/11\/Wanda-Nara-Jhonny-Deep-exclusivo-359x226-17.jpg\" \/>\n\t<meta property=\"og:image:width\" content=\"359\" \/>\n\t<meta property=\"og:image:height\" content=\"226\" \/>\n\t<meta property=\"og:image:type\" content=\"image\/jpeg\" \/>\n<meta name=\"twitter:card\" content=\"summary_large_image\" \/>\n<meta name=\"twitter:label1\" content=\"Tiempo de lectura\" \/>\n\t<meta name=\"twitter:data1\" content=\"2 minutos\" \/>\n<script type=\"application\/ld+json\" class=\"yoast-schema-graph\">{\"@context\":\"https:\\\/\\\/schema.org\",\"@graph\":[{\"@type\":\"Article\",\"@id\":\"https:\\\/\\\/cuartetoenlaweb.com.ar\\\/sitio\\\/impactante-la-ultima-foto-con-vida-de-fernando-baez-sosa-que-le-tomo-su-mama-graciela-sosa\\\/#article\",\"isPartOf\":{\"@id\":\"https:\\\/\\\/cuartetoenlaweb.com.ar\\\/sitio\\\/impactante-la-ultima-foto-con-vida-de-fernando-baez-sosa-que-le-tomo-su-mama-graciela-sosa\\\/\"},\"author\":{\"name\":\"\",\"@id\":\"\"},\"headline\":\"Impactante: la \u00faltima foto con vida de Fernando B\u00e1ez Sosa que le tom\u00f3 su mam\u00e1, Graciela Sosa\",\"datePublished\":\"2025-11-15T16:02:10+00:00\",\"mainEntityOfPage\":{\"@id\":\"https:\\\/\\\/cuartetoenlaweb.com.ar\\\/sitio\\\/impactante-la-ultima-foto-con-vida-de-fernando-baez-sosa-que-le-tomo-su-mama-graciela-sosa\\\/\"},\"wordCount\":470,\"publisher\":{\"@id\":\"http:\\\/\\\/cuartetoenlaweb.com.ar\\\/sitio\\\/#organization\"},\"image\":{\"@id\":\"https:\\\/\\\/cuartetoenlaweb.com.ar\\\/sitio\\\/impactante-la-ultima-foto-con-vida-de-fernando-baez-sosa-que-le-tomo-su-mama-graciela-sosa\\\/#primaryimage\"},\"thumbnailUrl\":\"https:\\\/\\\/cuartetoenlaweb.com.ar\\\/sitio\\\/wp-content\\\/uploads\\\/2025\\\/11\\\/Wanda-Nara-Jhonny-Deep-exclusivo-359x226-17.jpg\",\"articleSection\":[\"ESPECT\u00c1CULO\"],\"inLanguage\":\"es\"},{\"@type\":\"WebPage\",\"@id\":\"https:\\\/\\\/cuartetoenlaweb.com.ar\\\/sitio\\\/impactante-la-ultima-foto-con-vida-de-fernando-baez-sosa-que-le-tomo-su-mama-graciela-sosa\\\/\",\"url\":\"https:\\\/\\\/cuartetoenlaweb.com.ar\\\/sitio\\\/impactante-la-ultima-foto-con-vida-de-fernando-baez-sosa-que-le-tomo-su-mama-graciela-sosa\\\/\",\"name\":\"Impactante: la \u00faltima foto con vida de Fernando B\u00e1ez Sosa que le tom\u00f3 su mam\u00e1, Graciela Sosa - Cuarteto en la Web\",\"isPartOf\":{\"@id\":\"http:\\\/\\\/cuartetoenlaweb.com.ar\\\/sitio\\\/#website\"},\"primaryImageOfPage\":{\"@id\":\"https:\\\/\\\/cuartetoenlaweb.com.ar\\\/sitio\\\/impactante-la-ultima-foto-con-vida-de-fernando-baez-sosa-que-le-tomo-su-mama-graciela-sosa\\\/#primaryimage\"},\"image\":{\"@id\":\"https:\\\/\\\/cuartetoenlaweb.com.ar\\\/sitio\\\/impactante-la-ultima-foto-con-vida-de-fernando-baez-sosa-que-le-tomo-su-mama-graciela-sosa\\\/#primaryimage\"},\"thumbnailUrl\":\"https:\\\/\\\/cuartetoenlaweb.com.ar\\\/sitio\\\/wp-content\\\/uploads\\\/2025\\\/11\\\/Wanda-Nara-Jhonny-Deep-exclusivo-359x226-17.jpg\",\"datePublished\":\"2025-11-15T16:02:10+00:00\",\"breadcrumb\":{\"@id\":\"https:\\\/\\\/cuartetoenlaweb.com.ar\\\/sitio\\\/impactante-la-ultima-foto-con-vida-de-fernando-baez-sosa-que-le-tomo-su-mama-graciela-sosa\\\/#breadcrumb\"},\"inLanguage\":\"es\",\"potentialAction\":[{\"@type\":\"ReadAction\",\"target\":[\"https:\\\/\\\/cuartetoenlaweb.com.ar\\\/sitio\\\/impactante-la-ultima-foto-con-vida-de-fernando-baez-sosa-que-le-tomo-su-mama-graciela-sosa\\\/\"]}]},{\"@type\":\"ImageObject\",\"inLanguage\":\"es\",\"@id\":\"https:\\\/\\\/cuartetoenlaweb.com.ar\\\/sitio\\\/impactante-la-ultima-foto-con-vida-de-fernando-baez-sosa-que-le-tomo-su-mama-graciela-sosa\\\/#primaryimage\",\"url\":\"https:\\\/\\\/cuartetoenlaweb.com.ar\\\/sitio\\\/wp-content\\\/uploads\\\/2025\\\/11\\\/Wanda-Nara-Jhonny-Deep-exclusivo-359x226-17.jpg\",\"contentUrl\":\"https:\\\/\\\/cuartetoenlaweb.com.ar\\\/sitio\\\/wp-content\\\/uploads\\\/2025\\\/11\\\/Wanda-Nara-Jhonny-Deep-exclusivo-359x226-17.jpg\",\"width\":359,\"height\":226},{\"@type\":\"BreadcrumbList\",\"@id\":\"https:\\\/\\\/cuartetoenlaweb.com.ar\\\/sitio\\\/impactante-la-ultima-foto-con-vida-de-fernando-baez-sosa-que-le-tomo-su-mama-graciela-sosa\\\/#breadcrumb\",\"itemListElement\":[{\"@type\":\"ListItem\",\"position\":1,\"name\":\"Portada\",\"item\":\"http:\\\/\\\/cuartetoenlaweb.com.ar\\\/sitio\\\/\"},{\"@type\":\"ListItem\",\"position\":2,\"name\":\"Impactante: la \u00faltima foto con vida de Fernando B\u00e1ez Sosa que le tom\u00f3 su mam\u00e1, Graciela Sosa\"}]},{\"@type\":\"WebSite\",\"@id\":\"http:\\\/\\\/cuartetoenlaweb.com.ar\\\/sitio\\\/#website\",\"url\":\"http:\\\/\\\/cuartetoenlaweb.com.ar\\\/sitio\\\/\",\"name\":\"Cuarteto en la Web\",\"description\":\"\",\"publisher\":{\"@id\":\"http:\\\/\\\/cuartetoenlaweb.com.ar\\\/sitio\\\/#organization\"},\"potentialAction\":[{\"@type\":\"SearchAction\",\"target\":{\"@type\":\"EntryPoint\",\"urlTemplate\":\"http:\\\/\\\/cuartetoenlaweb.com.ar\\\/sitio\\\/?s={search_term_string}\"},\"query-input\":{\"@type\":\"PropertyValueSpecification\",\"valueRequired\":true,\"valueName\":\"search_term_string\"}}],\"inLanguage\":\"es\"},{\"@type\":\"Organization\",\"@id\":\"http:\\\/\\\/cuartetoenlaweb.com.ar\\\/sitio\\\/#organization\",\"name\":\"Cuarteto en la Web\",\"url\":\"http:\\\/\\\/cuartetoenlaweb.com.ar\\\/sitio\\\/\",\"logo\":{\"@type\":\"ImageObject\",\"inLanguage\":\"es\",\"@id\":\"http:\\\/\\\/cuartetoenlaweb.com.ar\\\/sitio\\\/#\\\/schema\\\/logo\\\/image\\\/\",\"url\":\"https:\\\/\\\/cuartetoenlaweb.com.ar\\\/sitio\\\/wp-content\\\/uploads\\\/2025\\\/07\\\/cropped-cropped-logitoweb21.png\",\"contentUrl\":\"https:\\\/\\\/cuartetoenlaweb.com.ar\\\/sitio\\\/wp-content\\\/uploads\\\/2025\\\/07\\\/cropped-cropped-logitoweb21.png\",\"width\":199,\"height\":199,\"caption\":\"Cuarteto en la Web\"},\"image\":{\"@id\":\"http:\\\/\\\/cuartetoenlaweb.com.ar\\\/sitio\\\/#\\\/schema\\\/logo\\\/image\\\/\"}}]}<\/script>\n<!-- \/ Yoast SEO plugin. -->","yoast_head_json":{"title":"Impactante: la \u00faltima foto con vida de Fernando B\u00e1ez Sosa que le tom\u00f3 su mam\u00e1, Graciela Sosa - Cuarteto en la Web","robots":{"index":"index","follow":"follow","max-snippet":"max-snippet:-1","max-image-preview":"max-image-preview:large","max-video-preview":"max-video-preview:-1"},"canonical":"https:\/\/cuartetoenlaweb.com.ar\/sitio\/impactante-la-ultima-foto-con-vida-de-fernando-baez-sosa-que-le-tomo-su-mama-graciela-sosa\/","og_locale":"es_ES","og_type":"article","og_title":"Impactante: la \u00faltima foto con vida de Fernando B\u00e1ez Sosa que le tom\u00f3 su mam\u00e1, Graciela Sosa - Cuarteto en la Web","og_description":"La monta\u00f1a rusa de emociones que recorre cada rinc\u00f3n de","og_url":"https:\/\/cuartetoenlaweb.com.ar\/sitio\/impactante-la-ultima-foto-con-vida-de-fernando-baez-sosa-que-le-tomo-su-mama-graciela-sosa\/","og_site_name":"Cuarteto en la Web","article_published_time":"2025-11-15T16:02:10+00:00","og_image":[{"width":359,"height":226,"url":"https:\/\/cuartetoenlaweb.com.ar\/sitio\/wp-content\/uploads\/2025\/11\/Wanda-Nara-Jhonny-Deep-exclusivo-359x226-17.jpg","type":"image\/jpeg"}],"twitter_card":"summary_large_image","twitter_misc":{"Tiempo de lectura":"2 minutos"},"schema":{"@context":"https:\/\/schema.org","@graph":[{"@type":"Article","@id":"https:\/\/cuartetoenlaweb.com.ar\/sitio\/impactante-la-ultima-foto-con-vida-de-fernando-baez-sosa-que-le-tomo-su-mama-graciela-sosa\/#article","isPartOf":{"@id":"https:\/\/cuartetoenlaweb.com.ar\/sitio\/impactante-la-ultima-foto-con-vida-de-fernando-baez-sosa-que-le-tomo-su-mama-graciela-sosa\/"},"author":{"name":"","@id":""},"headline":"Impactante: la \u00faltima foto con vida de Fernando B\u00e1ez Sosa que le tom\u00f3 su mam\u00e1, Graciela Sosa","datePublished":"2025-11-15T16:02:10+00:00","mainEntityOfPage":{"@id":"https:\/\/cuartetoenlaweb.com.ar\/sitio\/impactante-la-ultima-foto-con-vida-de-fernando-baez-sosa-que-le-tomo-su-mama-graciela-sosa\/"},"wordCount":470,"publisher":{"@id":"http:\/\/cuartetoenlaweb.com.ar\/sitio\/#organization"},"image":{"@id":"https:\/\/cuartetoenlaweb.com.ar\/sitio\/impactante-la-ultima-foto-con-vida-de-fernando-baez-sosa-que-le-tomo-su-mama-graciela-sosa\/#primaryimage"},"thumbnailUrl":"https:\/\/cuartetoenlaweb.com.ar\/sitio\/wp-content\/uploads\/2025\/11\/Wanda-Nara-Jhonny-Deep-exclusivo-359x226-17.jpg","articleSection":["ESPECT\u00c1CULO"],"inLanguage":"es"},{"@type":"WebPage","@id":"https:\/\/cuartetoenlaweb.com.ar\/sitio\/impactante-la-ultima-foto-con-vida-de-fernando-baez-sosa-que-le-tomo-su-mama-graciela-sosa\/","url":"https:\/\/cuartetoenlaweb.com.ar\/sitio\/impactante-la-ultima-foto-con-vida-de-fernando-baez-sosa-que-le-tomo-su-mama-graciela-sosa\/","name":"Impactante: la \u00faltima foto con vida de Fernando B\u00e1ez Sosa que le tom\u00f3 su mam\u00e1, Graciela Sosa - Cuarteto en la Web","isPartOf":{"@id":"http:\/\/cuartetoenlaweb.com.ar\/sitio\/#website"},"primaryImageOfPage":{"@id":"https:\/\/cuartetoenlaweb.com.ar\/sitio\/impactante-la-ultima-foto-con-vida-de-fernando-baez-sosa-que-le-tomo-su-mama-graciela-sosa\/#primaryimage"},"image":{"@id":"https:\/\/cuartetoenlaweb.com.ar\/sitio\/impactante-la-ultima-foto-con-vida-de-fernando-baez-sosa-que-le-tomo-su-mama-graciela-sosa\/#primaryimage"},"thumbnailUrl":"https:\/\/cuartetoenlaweb.com.ar\/sitio\/wp-content\/uploads\/2025\/11\/Wanda-Nara-Jhonny-Deep-exclusivo-359x226-17.jpg","datePublished":"2025-11-15T16:02:10+00:00","breadcrumb":{"@id":"https:\/\/cuartetoenlaweb.com.ar\/sitio\/impactante-la-ultima-foto-con-vida-de-fernando-baez-sosa-que-le-tomo-su-mama-graciela-sosa\/#breadcrumb"},"inLanguage":"es","potentialAction":[{"@type":"ReadAction","target":["https:\/\/cuartetoenlaweb.com.ar\/sitio\/impactante-la-ultima-foto-con-vida-de-fernando-baez-sosa-que-le-tomo-su-mama-graciela-sosa\/"]}]},{"@type":"ImageObject","inLanguage":"es","@id":"https:\/\/cuartetoenlaweb.com.ar\/sitio\/impactante-la-ultima-foto-con-vida-de-fernando-baez-sosa-que-le-tomo-su-mama-graciela-sosa\/#primaryimage","url":"https:\/\/cuartetoenlaweb.com.ar\/sitio\/wp-content\/uploads\/2025\/11\/Wanda-Nara-Jhonny-Deep-exclusivo-359x226-17.jpg","contentUrl":"https:\/\/cuartetoenlaweb.com.ar\/sitio\/wp-content\/uploads\/2025\/11\/Wanda-Nara-Jhonny-Deep-exclusivo-359x226-17.jpg","width":359,"height":226},{"@type":"BreadcrumbList","@id":"https:\/\/cuartetoenlaweb.com.ar\/sitio\/impactante-la-ultima-foto-con-vida-de-fernando-baez-sosa-que-le-tomo-su-mama-graciela-sosa\/#breadcrumb","itemListElement":[{"@type":"ListItem","position":1,"name":"Portada","item":"http:\/\/cuartetoenlaweb.com.ar\/sitio\/"},{"@type":"ListItem","position":2,"name":"Impactante: la \u00faltima foto con vida de Fernando B\u00e1ez Sosa que le tom\u00f3 su mam\u00e1, Graciela Sosa"}]},{"@type":"WebSite","@id":"http:\/\/cuartetoenlaweb.com.ar\/sitio\/#website","url":"http:\/\/cuartetoenlaweb.com.ar\/sitio\/","name":"Cuarteto en la Web","description":"","publisher":{"@id":"http:\/\/cuartetoenlaweb.com.ar\/sitio\/#organization"},"potentialAction":[{"@type":"SearchAction","target":{"@type":"EntryPoint","urlTemplate":"http:\/\/cuartetoenlaweb.com.ar\/sitio\/?s={search_term_string}"},"query-input":{"@type":"PropertyValueSpecification","valueRequired":true,"valueName":"search_term_string"}}],"inLanguage":"es"},{"@type":"Organization","@id":"http:\/\/cuartetoenlaweb.com.ar\/sitio\/#organization","name":"Cuarteto en la Web","url":"http:\/\/cuartetoenlaweb.com.ar\/sitio\/","logo":{"@type":"ImageObject","inLanguage":"es","@id":"http:\/\/cuartetoenlaweb.com.ar\/sitio\/#\/schema\/logo\/image\/","url":"https:\/\/cuartetoenlaweb.com.ar\/sitio\/wp-content\/uploads\/2025\/07\/cropped-cropped-logitoweb21.png","contentUrl":"https:\/\/cuartetoenlaweb.com.ar\/sitio\/wp-content\/uploads\/2025\/07\/cropped-cropped-logitoweb21.png","width":199,"height":199,"caption":"Cuarteto en la Web"},"image":{"@id":"http:\/\/cuartetoenlaweb.com.ar\/sitio\/#\/schema\/logo\/image\/"}}]}},"_links":{"self":[{"href":"https:\/\/cuartetoenlaweb.com.ar\/sitio\/wp-json\/wp\/v2\/posts\/4395","targetHints":{"allow":["GET"]}}],"collection":[{"href":"https:\/\/cuartetoenlaweb.com.ar\/sitio\/wp-json\/wp\/v2\/posts"}],"about":[{"href":"https:\/\/cuartetoenlaweb.com.ar\/sitio\/wp-json\/wp\/v2\/types\/post"}],"replies":[{"embeddable":true,"href":"https:\/\/cuartetoenlaweb.com.ar\/sitio\/wp-json\/wp\/v2\/comments?post=4395"}],"version-history":[{"count":0,"href":"https:\/\/cuartetoenlaweb.com.ar\/sitio\/wp-json\/wp\/v2\/posts\/4395\/revisions"}],"wp:featuredmedia":[{"embeddable":true,"href":"https:\/\/cuartetoenlaweb.com.ar\/sitio\/wp-json\/wp\/v2\/media\/4396"}],"wp:attachment":[{"href":"https:\/\/cuartetoenlaweb.com.ar\/sitio\/wp-json\/wp\/v2\/media?parent=4395"}],"wp:term":[{"taxonomy":"category","embeddable":true,"href":"https:\/\/cuartetoenlaweb.com.ar\/sitio\/wp-json\/wp\/v2\/categories?post=4395"},{"taxonomy":"post_tag","embeddable":true,"href":"https:\/\/cuartetoenlaweb.com.ar\/sitio\/wp-json\/wp\/v2\/tags?post=4395"}],"curies":[{"name":"wp","href":"https:\/\/api.w.org\/{rel}","templated":true}]}}