
{"id":4393,"date":"2025-11-15T13:02:10","date_gmt":"2025-11-15T16:02:10","guid":{"rendered":"https:\/\/cuartetoenlaweb.com.ar\/sitio\/morena-rial-sufrio-una-crisis-de-llanto-y-gritos-en-la-carcel-esta-mal-la-situacion-es-muy-delicada\/"},"modified":"2025-11-15T13:02:10","modified_gmt":"2025-11-15T16:02:10","slug":"morena-rial-sufrio-una-crisis-de-llanto-y-gritos-en-la-carcel-esta-mal-la-situacion-es-muy-delicada","status":"publish","type":"post","link":"https:\/\/cuartetoenlaweb.com.ar\/sitio\/morena-rial-sufrio-una-crisis-de-llanto-y-gritos-en-la-carcel-esta-mal-la-situacion-es-muy-delicada\/","title":{"rendered":"Morena Rial sufri\u00f3 una crisis de llanto y gritos en la c\u00e1rcel: &quot;Est\u00e1 mal. La situaci\u00f3n es muy delicada&quot;"},"content":{"rendered":"<p>El 2025 de <strong><a href=\"https:\/\/www.paparazzi.com.ar\/teve\/morena-rial-a-un-paso-de-perder-la-tenencia-de-su-hijo-de-1-ano-esta-en-peligro\/\">Morena Rial<\/a> <\/strong>sin dudas que quedar\u00e1 en el olvido; aunque arranc\u00f3 de la peor manera luego de lo que fue su detenci\u00f3n, lleg\u00f3 a quedar libre, pero finalmente por incumplimientos volvi\u00f3 a estar tras las rejas y todo se complic\u00f3.<\/p>\n<p>En estas \u00faltimas horas sali\u00f3 a romper el silencio <strong>Mart\u00edn Leiro<\/strong>, su abogado. A partir de la situaci\u00f3n que vive Morena en Unidad Penal N\u00b0 51 de Magdalena, qued\u00f3 imputada por robo agravado y hay m\u00e1xima preocupaci\u00f3n con la joven.<\/p>\n<p>Adem\u00e1s de revelarse que puede enfrentar una pena de hasta cuatro a\u00f1os, expuso la situaci\u00f3n cr\u00edtica que est\u00e1 atravesando la joven. Podr\u00eda perder la tenencia de su hijo menor, <strong>Amadeo<\/strong>, y las pr\u00f3ximas semanas ser\u00e1n determinantes.<\/p>\n<div class=\"mt-box \">\n<h4 class=\"mt-heading\">Mir\u00e1 Tambi\u00e9n<\/h4>\n<p><a href=\"https:\/\/www.paparazzi.com.ar\/videos\/exclusivo-la-sensible-revelacion-de-luis-ventura-sobre-sus-noches-duermo-con-los-seres-queridos-que-ya-partieron\/\"><\/p>\n<div class=\"mt-content\">\n<div class=\"mt-image-container\"><img decoding=\"async\" src=\"https:\/\/www.paparazzi.com.ar\/wp-content\/uploads\/2025\/11\/Ventura-1-359x226.jpg\" alt=\"\u00a1Exclusivo! La sensible revelaci\u00f3n de Luis Ventura sobre sus noches: &quot;Duermo con los seres queridos que ya partieron&quot;\" class=\"mt-image\" loading=\"lazy\" \/><\/div>\n<h5 class=\"mt-title\">\u00a1Exclusivo! La sensible revelaci\u00f3n de Luis Ventura sobre sus noches: \u00abDuermo con los seres queridos que ya partieron\u00bb<\/h5>\n<\/div>\n<p><\/a><\/div>\n<p>\u201c<em>Morena est\u00e1 esperando lo peor. Yo a Morena no la vi bien. No est\u00e1 bien. Est\u00e1 muy mal en el lugar<\/em>\u201d, afirm\u00f3 en di\u00e1logo con DDM, por <a href=\"https:\/\/www.paparazzi.com.ar\/teve\/beto-casella-a-punto-de-no-firmar-con-america-que-famoso-conductor-tiene-la-culpa\/\">Am\u00e9rica<\/a>. No obstante, el letrado revel\u00f3 que tambi\u00e9n le har\u00e1n una evaluaci\u00f3n a la joven.<\/p>\n<p>No solo para conocer su estado an\u00edmico, sino que tambi\u00e9n a nivel monetario en su vida: \u201c<em>Se pidi\u00f3 un an\u00e1lisis de su estado emocional y econ\u00f3mico. La situaci\u00f3n es muy delicada\u201d.<\/em> Cabe destacar que, para pasar todo este momento, la joven decidi\u00f3 hacer una carta.<\/p>\n<h2 class=\"wp-block-heading\">EL DIF\u00cdCIL MOMENTO QUE VIVE MORENA RIAL<\/h2>\n<p>En la misma cont\u00f3 que espera pronto poder solucionar este embrollo en el cual se meti\u00f3 y, hasta el momento, no encuentra salida. Empero, una de las situaciones que impact\u00f3 de lleno a <a href=\"https:\/\/www.paparazzi.com.ar\/teve\/un-famoso-deportista-denuncio-que-morena-rial-lo-estafo-cuantos-miles-de-dolares-le-saco\/\">Morena<\/a> es que pudo tener una charla con su pap\u00e1 y eso la hizo quebrarse en llanto.<\/p>\n<div class=\"mt-box \">\n<h4 class=\"mt-heading\">Mir\u00e1 Tambi\u00e9n<\/h4>\n<p><a href=\"https:\/\/www.paparazzi.com.ar\/teve\/morena-rial-a-un-paso-de-perder-la-tenencia-de-su-hijo-de-1-ano-esta-en-peligro\/\"><\/p>\n<div class=\"mt-content\">\n<div class=\"mt-image-container\"><img decoding=\"async\" src=\"https:\/\/www.paparazzi.com.ar\/wp-content\/uploads\/2025\/11\/Morena-Rial-hijo-359x226.jpg\" alt=\"Morena Rial a un paso de perder la tenencia de su hijo de 1 a\u00f1o: &quot;Est\u00e1 en peligro&quot;\" class=\"mt-image\" loading=\"lazy\" \/><\/div>\n<h5 class=\"mt-title\">Morena Rial a un paso de perder la tenencia de su hijo de 1 a\u00f1o: \u00abEst\u00e1 en peligro\u00bb<\/h5>\n<\/div>\n<p><\/a><\/div>\n<p>\u201c<em>Cuando llegu\u00e9, Morena estaba conmocionada y en llanto porque estaba hablando con su pap\u00e1<\/em>\u201d, sostuvo Leiro. Y sobre esa misma l\u00ednea, agreg\u00f3 c\u00f3mo son los v\u00ednculos que desarroll\u00f3 la hija del periodista dentro de la c\u00e1rcel.<\/p>\n<p>\u201cHace 10 d\u00edas que le dieron la preventiva, est\u00e1 alojada en una selda de un pabell\u00f3n en conjunto con Florencia Ib\u00e1\u00f1ez, una de las que particip\u00f3 en el triple crimen de Florencio Varela. Son amigas, no son compa\u00f1eras. Son dos causas y delitos distintos, pero ambas est\u00e1n detenidas\u201d, sentenci\u00f3.<\/p>\n<div class=\"mt-box \">\n<h4 class=\"mt-heading\">Mir\u00e1 Tambi\u00e9n<\/h4>\n<p><a href=\"https:\/\/www.paparazzi.com.ar\/teve\/fulminante-la-china-suarez-reve-el-problema-que-padece-con-benjamin-vicuna-es-complicado-y\/\"><\/p>\n<div class=\"mt-content\">\n<div class=\"mt-image-container\"><img decoding=\"async\" src=\"https:\/\/www.paparazzi.com.ar\/wp-content\/uploads\/2025\/11\/\u00a1Fulminante-La-China-Suarez-revelo-el-problema-que-padece-con-Benjamin-Vicuna-22Es-complicado-y.22-359x226.jpg\" alt=\"\u00a1Fulminante! La China Su\u00e1rez revel\u00f3 el problema que padece con Benjam\u00edn Vicu\u00f1a: &quot;Es complicado y...&quot;\" class=\"mt-image\" loading=\"lazy\" \/><\/div>\n<h5 class=\"mt-title\">\u00a1Fulminante! La China Su\u00e1rez revel\u00f3 el problema que padece con Benjam\u00edn Vicu\u00f1a: \u00abEs complicado y&#8230;\u00bb<\/h5>\n<\/div>\n<p><\/a><\/div>\n<div class=\"mt-box \">\n<h4 class=\"mt-heading\">Mir\u00e1 Tambi\u00e9n<\/h4>\n<p><a href=\"https:\/\/www.paparazzi.com.ar\/teve\/que-ver-en-netflix-la-miniserie-de-6-episodios-para-arrancar-y-terminar-este-viernes\/\"><\/p>\n<div class=\"mt-content\">\n<div class=\"mt-image-container\"><img decoding=\"async\" src=\"https:\/\/www.paparazzi.com.ar\/wp-content\/uploads\/2025\/11\/Que-ver-en-Netflix-la-miniserie-de-6-episodios-para-arrancar-y-terminar-este-viernes-359x226.jpg\" alt=\"Qu\u00e9 ver en Netflix: la miniserie de 6 episodios para arrancar y terminar este viernes\" class=\"mt-image\" loading=\"lazy\" \/><\/div>\n<h5 class=\"mt-title\">Qu\u00e9 ver en Netflix: la miniserie de 6 episodios para arrancar y terminar este viernes<\/h5>\n<\/div>\n<p><\/a><\/div>\n<p>The post <a href=\"https:\/\/www.paparazzi.com.ar\/teve\/morena-rial-sufrio-una-crisis-de-llanto-y-gritos-en-la-carcel-esta-mal-la-situacion-es-muy-delicada\/\">Morena Rial sufri\u00f3 una crisis de llanto y gritos en la c\u00e1rcel: &quot;Est\u00e1 mal. La situaci\u00f3n es muy delicada&quot;<\/a> appeared first on <a href=\"https:\/\/www.paparazzi.com.ar\">Revista Paparazzi<\/a>.<\/p>\n","protected":false},"excerpt":{"rendered":"<p>El 2025 de Morena Rial sin dudas que quedar\u00e1 en<\/p>\n","protected":false},"author":0,"featured_media":4394,"comment_status":"","ping_status":"","sticky":false,"template":"","format":"standard","meta":{"footnotes":""},"categories":[12],"tags":[],"class_list":["post-4393","post","type-post","status-publish","format-standard","has-post-thumbnail","hentry","category-espectaculo"],"yoast_head":"<!-- This site is optimized with the Yoast SEO plugin v27.5 - https:\/\/yoast.com\/product\/yoast-seo-wordpress\/ -->\n<title>Morena Rial sufri\u00f3 una crisis de llanto y gritos en la c\u00e1rcel: &quot;Est\u00e1 mal. La situaci\u00f3n es muy delicada&quot; - Cuarteto en la Web<\/title>\n<meta name=\"robots\" content=\"index, follow, max-snippet:-1, max-image-preview:large, max-video-preview:-1\" \/>\n<link rel=\"canonical\" href=\"https:\/\/cuartetoenlaweb.com.ar\/sitio\/morena-rial-sufrio-una-crisis-de-llanto-y-gritos-en-la-carcel-esta-mal-la-situacion-es-muy-delicada\/\" \/>\n<meta property=\"og:locale\" content=\"es_ES\" \/>\n<meta property=\"og:type\" content=\"article\" \/>\n<meta property=\"og:title\" content=\"Morena Rial sufri\u00f3 una crisis de llanto y gritos en la c\u00e1rcel: &quot;Est\u00e1 mal. La situaci\u00f3n es muy delicada&quot; - Cuarteto en la Web\" \/>\n<meta property=\"og:description\" content=\"El 2025 de Morena Rial sin dudas que quedar\u00e1 en\" \/>\n<meta property=\"og:url\" content=\"https:\/\/cuartetoenlaweb.com.ar\/sitio\/morena-rial-sufrio-una-crisis-de-llanto-y-gritos-en-la-carcel-esta-mal-la-situacion-es-muy-delicada\/\" \/>\n<meta property=\"og:site_name\" content=\"Cuarteto en la Web\" \/>\n<meta property=\"article:published_time\" content=\"2025-11-15T16:02:10+00:00\" \/>\n<meta property=\"og:image\" content=\"https:\/\/cuartetoenlaweb.com.ar\/sitio\/wp-content\/uploads\/2025\/11\/Ventura-1-359x226-21.jpg\" \/>\n\t<meta property=\"og:image:width\" content=\"359\" \/>\n\t<meta property=\"og:image:height\" content=\"226\" \/>\n\t<meta property=\"og:image:type\" content=\"image\/jpeg\" \/>\n<meta name=\"twitter:card\" content=\"summary_large_image\" \/>\n<meta name=\"twitter:label1\" content=\"Tiempo de lectura\" \/>\n\t<meta name=\"twitter:data1\" content=\"2 minutos\" \/>\n<script type=\"application\/ld+json\" class=\"yoast-schema-graph\">{\"@context\":\"https:\\\/\\\/schema.org\",\"@graph\":[{\"@type\":\"Article\",\"@id\":\"https:\\\/\\\/cuartetoenlaweb.com.ar\\\/sitio\\\/morena-rial-sufrio-una-crisis-de-llanto-y-gritos-en-la-carcel-esta-mal-la-situacion-es-muy-delicada\\\/#article\",\"isPartOf\":{\"@id\":\"https:\\\/\\\/cuartetoenlaweb.com.ar\\\/sitio\\\/morena-rial-sufrio-una-crisis-de-llanto-y-gritos-en-la-carcel-esta-mal-la-situacion-es-muy-delicada\\\/\"},\"author\":{\"name\":\"\",\"@id\":\"\"},\"headline\":\"Morena Rial sufri\u00f3 una crisis de llanto y gritos en la c\u00e1rcel: &quot;Est\u00e1 mal. La situaci\u00f3n es muy delicada&quot;\",\"datePublished\":\"2025-11-15T16:02:10+00:00\",\"mainEntityOfPage\":{\"@id\":\"https:\\\/\\\/cuartetoenlaweb.com.ar\\\/sitio\\\/morena-rial-sufrio-una-crisis-de-llanto-y-gritos-en-la-carcel-esta-mal-la-situacion-es-muy-delicada\\\/\"},\"wordCount\":511,\"publisher\":{\"@id\":\"http:\\\/\\\/cuartetoenlaweb.com.ar\\\/sitio\\\/#organization\"},\"image\":{\"@id\":\"https:\\\/\\\/cuartetoenlaweb.com.ar\\\/sitio\\\/morena-rial-sufrio-una-crisis-de-llanto-y-gritos-en-la-carcel-esta-mal-la-situacion-es-muy-delicada\\\/#primaryimage\"},\"thumbnailUrl\":\"https:\\\/\\\/cuartetoenlaweb.com.ar\\\/sitio\\\/wp-content\\\/uploads\\\/2025\\\/11\\\/Ventura-1-359x226-21.jpg\",\"articleSection\":[\"ESPECT\u00c1CULO\"],\"inLanguage\":\"es\"},{\"@type\":\"WebPage\",\"@id\":\"https:\\\/\\\/cuartetoenlaweb.com.ar\\\/sitio\\\/morena-rial-sufrio-una-crisis-de-llanto-y-gritos-en-la-carcel-esta-mal-la-situacion-es-muy-delicada\\\/\",\"url\":\"https:\\\/\\\/cuartetoenlaweb.com.ar\\\/sitio\\\/morena-rial-sufrio-una-crisis-de-llanto-y-gritos-en-la-carcel-esta-mal-la-situacion-es-muy-delicada\\\/\",\"name\":\"Morena Rial sufri\u00f3 una crisis de llanto y gritos en la c\u00e1rcel: &quot;Est\u00e1 mal. La situaci\u00f3n es muy delicada&quot; - Cuarteto en la Web\",\"isPartOf\":{\"@id\":\"http:\\\/\\\/cuartetoenlaweb.com.ar\\\/sitio\\\/#website\"},\"primaryImageOfPage\":{\"@id\":\"https:\\\/\\\/cuartetoenlaweb.com.ar\\\/sitio\\\/morena-rial-sufrio-una-crisis-de-llanto-y-gritos-en-la-carcel-esta-mal-la-situacion-es-muy-delicada\\\/#primaryimage\"},\"image\":{\"@id\":\"https:\\\/\\\/cuartetoenlaweb.com.ar\\\/sitio\\\/morena-rial-sufrio-una-crisis-de-llanto-y-gritos-en-la-carcel-esta-mal-la-situacion-es-muy-delicada\\\/#primaryimage\"},\"thumbnailUrl\":\"https:\\\/\\\/cuartetoenlaweb.com.ar\\\/sitio\\\/wp-content\\\/uploads\\\/2025\\\/11\\\/Ventura-1-359x226-21.jpg\",\"datePublished\":\"2025-11-15T16:02:10+00:00\",\"breadcrumb\":{\"@id\":\"https:\\\/\\\/cuartetoenlaweb.com.ar\\\/sitio\\\/morena-rial-sufrio-una-crisis-de-llanto-y-gritos-en-la-carcel-esta-mal-la-situacion-es-muy-delicada\\\/#breadcrumb\"},\"inLanguage\":\"es\",\"potentialAction\":[{\"@type\":\"ReadAction\",\"target\":[\"https:\\\/\\\/cuartetoenlaweb.com.ar\\\/sitio\\\/morena-rial-sufrio-una-crisis-de-llanto-y-gritos-en-la-carcel-esta-mal-la-situacion-es-muy-delicada\\\/\"]}]},{\"@type\":\"ImageObject\",\"inLanguage\":\"es\",\"@id\":\"https:\\\/\\\/cuartetoenlaweb.com.ar\\\/sitio\\\/morena-rial-sufrio-una-crisis-de-llanto-y-gritos-en-la-carcel-esta-mal-la-situacion-es-muy-delicada\\\/#primaryimage\",\"url\":\"https:\\\/\\\/cuartetoenlaweb.com.ar\\\/sitio\\\/wp-content\\\/uploads\\\/2025\\\/11\\\/Ventura-1-359x226-21.jpg\",\"contentUrl\":\"https:\\\/\\\/cuartetoenlaweb.com.ar\\\/sitio\\\/wp-content\\\/uploads\\\/2025\\\/11\\\/Ventura-1-359x226-21.jpg\",\"width\":359,\"height\":226},{\"@type\":\"BreadcrumbList\",\"@id\":\"https:\\\/\\\/cuartetoenlaweb.com.ar\\\/sitio\\\/morena-rial-sufrio-una-crisis-de-llanto-y-gritos-en-la-carcel-esta-mal-la-situacion-es-muy-delicada\\\/#breadcrumb\",\"itemListElement\":[{\"@type\":\"ListItem\",\"position\":1,\"name\":\"Portada\",\"item\":\"http:\\\/\\\/cuartetoenlaweb.com.ar\\\/sitio\\\/\"},{\"@type\":\"ListItem\",\"position\":2,\"name\":\"Morena Rial sufri\u00f3 una crisis de llanto y gritos en la c\u00e1rcel: &quot;Est\u00e1 mal. La situaci\u00f3n es muy delicada&quot;\"}]},{\"@type\":\"WebSite\",\"@id\":\"http:\\\/\\\/cuartetoenlaweb.com.ar\\\/sitio\\\/#website\",\"url\":\"http:\\\/\\\/cuartetoenlaweb.com.ar\\\/sitio\\\/\",\"name\":\"Cuarteto en la Web\",\"description\":\"\",\"publisher\":{\"@id\":\"http:\\\/\\\/cuartetoenlaweb.com.ar\\\/sitio\\\/#organization\"},\"potentialAction\":[{\"@type\":\"SearchAction\",\"target\":{\"@type\":\"EntryPoint\",\"urlTemplate\":\"http:\\\/\\\/cuartetoenlaweb.com.ar\\\/sitio\\\/?s={search_term_string}\"},\"query-input\":{\"@type\":\"PropertyValueSpecification\",\"valueRequired\":true,\"valueName\":\"search_term_string\"}}],\"inLanguage\":\"es\"},{\"@type\":\"Organization\",\"@id\":\"http:\\\/\\\/cuartetoenlaweb.com.ar\\\/sitio\\\/#organization\",\"name\":\"Cuarteto en la Web\",\"url\":\"http:\\\/\\\/cuartetoenlaweb.com.ar\\\/sitio\\\/\",\"logo\":{\"@type\":\"ImageObject\",\"inLanguage\":\"es\",\"@id\":\"http:\\\/\\\/cuartetoenlaweb.com.ar\\\/sitio\\\/#\\\/schema\\\/logo\\\/image\\\/\",\"url\":\"https:\\\/\\\/cuartetoenlaweb.com.ar\\\/sitio\\\/wp-content\\\/uploads\\\/2025\\\/07\\\/cropped-cropped-logitoweb21.png\",\"contentUrl\":\"https:\\\/\\\/cuartetoenlaweb.com.ar\\\/sitio\\\/wp-content\\\/uploads\\\/2025\\\/07\\\/cropped-cropped-logitoweb21.png\",\"width\":199,\"height\":199,\"caption\":\"Cuarteto en la Web\"},\"image\":{\"@id\":\"http:\\\/\\\/cuartetoenlaweb.com.ar\\\/sitio\\\/#\\\/schema\\\/logo\\\/image\\\/\"}}]}<\/script>\n<!-- \/ Yoast SEO plugin. -->","yoast_head_json":{"title":"Morena Rial sufri\u00f3 una crisis de llanto y gritos en la c\u00e1rcel: &quot;Est\u00e1 mal. La situaci\u00f3n es muy delicada&quot; - Cuarteto en la Web","robots":{"index":"index","follow":"follow","max-snippet":"max-snippet:-1","max-image-preview":"max-image-preview:large","max-video-preview":"max-video-preview:-1"},"canonical":"https:\/\/cuartetoenlaweb.com.ar\/sitio\/morena-rial-sufrio-una-crisis-de-llanto-y-gritos-en-la-carcel-esta-mal-la-situacion-es-muy-delicada\/","og_locale":"es_ES","og_type":"article","og_title":"Morena Rial sufri\u00f3 una crisis de llanto y gritos en la c\u00e1rcel: &quot;Est\u00e1 mal. La situaci\u00f3n es muy delicada&quot; - Cuarteto en la Web","og_description":"El 2025 de Morena Rial sin dudas que quedar\u00e1 en","og_url":"https:\/\/cuartetoenlaweb.com.ar\/sitio\/morena-rial-sufrio-una-crisis-de-llanto-y-gritos-en-la-carcel-esta-mal-la-situacion-es-muy-delicada\/","og_site_name":"Cuarteto en la Web","article_published_time":"2025-11-15T16:02:10+00:00","og_image":[{"width":359,"height":226,"url":"https:\/\/cuartetoenlaweb.com.ar\/sitio\/wp-content\/uploads\/2025\/11\/Ventura-1-359x226-21.jpg","type":"image\/jpeg"}],"twitter_card":"summary_large_image","twitter_misc":{"Tiempo de lectura":"2 minutos"},"schema":{"@context":"https:\/\/schema.org","@graph":[{"@type":"Article","@id":"https:\/\/cuartetoenlaweb.com.ar\/sitio\/morena-rial-sufrio-una-crisis-de-llanto-y-gritos-en-la-carcel-esta-mal-la-situacion-es-muy-delicada\/#article","isPartOf":{"@id":"https:\/\/cuartetoenlaweb.com.ar\/sitio\/morena-rial-sufrio-una-crisis-de-llanto-y-gritos-en-la-carcel-esta-mal-la-situacion-es-muy-delicada\/"},"author":{"name":"","@id":""},"headline":"Morena Rial sufri\u00f3 una crisis de llanto y gritos en la c\u00e1rcel: &quot;Est\u00e1 mal. La situaci\u00f3n es muy delicada&quot;","datePublished":"2025-11-15T16:02:10+00:00","mainEntityOfPage":{"@id":"https:\/\/cuartetoenlaweb.com.ar\/sitio\/morena-rial-sufrio-una-crisis-de-llanto-y-gritos-en-la-carcel-esta-mal-la-situacion-es-muy-delicada\/"},"wordCount":511,"publisher":{"@id":"http:\/\/cuartetoenlaweb.com.ar\/sitio\/#organization"},"image":{"@id":"https:\/\/cuartetoenlaweb.com.ar\/sitio\/morena-rial-sufrio-una-crisis-de-llanto-y-gritos-en-la-carcel-esta-mal-la-situacion-es-muy-delicada\/#primaryimage"},"thumbnailUrl":"https:\/\/cuartetoenlaweb.com.ar\/sitio\/wp-content\/uploads\/2025\/11\/Ventura-1-359x226-21.jpg","articleSection":["ESPECT\u00c1CULO"],"inLanguage":"es"},{"@type":"WebPage","@id":"https:\/\/cuartetoenlaweb.com.ar\/sitio\/morena-rial-sufrio-una-crisis-de-llanto-y-gritos-en-la-carcel-esta-mal-la-situacion-es-muy-delicada\/","url":"https:\/\/cuartetoenlaweb.com.ar\/sitio\/morena-rial-sufrio-una-crisis-de-llanto-y-gritos-en-la-carcel-esta-mal-la-situacion-es-muy-delicada\/","name":"Morena Rial sufri\u00f3 una crisis de llanto y gritos en la c\u00e1rcel: &quot;Est\u00e1 mal. La situaci\u00f3n es muy delicada&quot; - Cuarteto en la Web","isPartOf":{"@id":"http:\/\/cuartetoenlaweb.com.ar\/sitio\/#website"},"primaryImageOfPage":{"@id":"https:\/\/cuartetoenlaweb.com.ar\/sitio\/morena-rial-sufrio-una-crisis-de-llanto-y-gritos-en-la-carcel-esta-mal-la-situacion-es-muy-delicada\/#primaryimage"},"image":{"@id":"https:\/\/cuartetoenlaweb.com.ar\/sitio\/morena-rial-sufrio-una-crisis-de-llanto-y-gritos-en-la-carcel-esta-mal-la-situacion-es-muy-delicada\/#primaryimage"},"thumbnailUrl":"https:\/\/cuartetoenlaweb.com.ar\/sitio\/wp-content\/uploads\/2025\/11\/Ventura-1-359x226-21.jpg","datePublished":"2025-11-15T16:02:10+00:00","breadcrumb":{"@id":"https:\/\/cuartetoenlaweb.com.ar\/sitio\/morena-rial-sufrio-una-crisis-de-llanto-y-gritos-en-la-carcel-esta-mal-la-situacion-es-muy-delicada\/#breadcrumb"},"inLanguage":"es","potentialAction":[{"@type":"ReadAction","target":["https:\/\/cuartetoenlaweb.com.ar\/sitio\/morena-rial-sufrio-una-crisis-de-llanto-y-gritos-en-la-carcel-esta-mal-la-situacion-es-muy-delicada\/"]}]},{"@type":"ImageObject","inLanguage":"es","@id":"https:\/\/cuartetoenlaweb.com.ar\/sitio\/morena-rial-sufrio-una-crisis-de-llanto-y-gritos-en-la-carcel-esta-mal-la-situacion-es-muy-delicada\/#primaryimage","url":"https:\/\/cuartetoenlaweb.com.ar\/sitio\/wp-content\/uploads\/2025\/11\/Ventura-1-359x226-21.jpg","contentUrl":"https:\/\/cuartetoenlaweb.com.ar\/sitio\/wp-content\/uploads\/2025\/11\/Ventura-1-359x226-21.jpg","width":359,"height":226},{"@type":"BreadcrumbList","@id":"https:\/\/cuartetoenlaweb.com.ar\/sitio\/morena-rial-sufrio-una-crisis-de-llanto-y-gritos-en-la-carcel-esta-mal-la-situacion-es-muy-delicada\/#breadcrumb","itemListElement":[{"@type":"ListItem","position":1,"name":"Portada","item":"http:\/\/cuartetoenlaweb.com.ar\/sitio\/"},{"@type":"ListItem","position":2,"name":"Morena Rial sufri\u00f3 una crisis de llanto y gritos en la c\u00e1rcel: &quot;Est\u00e1 mal. La situaci\u00f3n es muy delicada&quot;"}]},{"@type":"WebSite","@id":"http:\/\/cuartetoenlaweb.com.ar\/sitio\/#website","url":"http:\/\/cuartetoenlaweb.com.ar\/sitio\/","name":"Cuarteto en la Web","description":"","publisher":{"@id":"http:\/\/cuartetoenlaweb.com.ar\/sitio\/#organization"},"potentialAction":[{"@type":"SearchAction","target":{"@type":"EntryPoint","urlTemplate":"http:\/\/cuartetoenlaweb.com.ar\/sitio\/?s={search_term_string}"},"query-input":{"@type":"PropertyValueSpecification","valueRequired":true,"valueName":"search_term_string"}}],"inLanguage":"es"},{"@type":"Organization","@id":"http:\/\/cuartetoenlaweb.com.ar\/sitio\/#organization","name":"Cuarteto en la Web","url":"http:\/\/cuartetoenlaweb.com.ar\/sitio\/","logo":{"@type":"ImageObject","inLanguage":"es","@id":"http:\/\/cuartetoenlaweb.com.ar\/sitio\/#\/schema\/logo\/image\/","url":"https:\/\/cuartetoenlaweb.com.ar\/sitio\/wp-content\/uploads\/2025\/07\/cropped-cropped-logitoweb21.png","contentUrl":"https:\/\/cuartetoenlaweb.com.ar\/sitio\/wp-content\/uploads\/2025\/07\/cropped-cropped-logitoweb21.png","width":199,"height":199,"caption":"Cuarteto en la Web"},"image":{"@id":"http:\/\/cuartetoenlaweb.com.ar\/sitio\/#\/schema\/logo\/image\/"}}]}},"_links":{"self":[{"href":"https:\/\/cuartetoenlaweb.com.ar\/sitio\/wp-json\/wp\/v2\/posts\/4393","targetHints":{"allow":["GET"]}}],"collection":[{"href":"https:\/\/cuartetoenlaweb.com.ar\/sitio\/wp-json\/wp\/v2\/posts"}],"about":[{"href":"https:\/\/cuartetoenlaweb.com.ar\/sitio\/wp-json\/wp\/v2\/types\/post"}],"replies":[{"embeddable":true,"href":"https:\/\/cuartetoenlaweb.com.ar\/sitio\/wp-json\/wp\/v2\/comments?post=4393"}],"version-history":[{"count":0,"href":"https:\/\/cuartetoenlaweb.com.ar\/sitio\/wp-json\/wp\/v2\/posts\/4393\/revisions"}],"wp:featuredmedia":[{"embeddable":true,"href":"https:\/\/cuartetoenlaweb.com.ar\/sitio\/wp-json\/wp\/v2\/media\/4394"}],"wp:attachment":[{"href":"https:\/\/cuartetoenlaweb.com.ar\/sitio\/wp-json\/wp\/v2\/media?parent=4393"}],"wp:term":[{"taxonomy":"category","embeddable":true,"href":"https:\/\/cuartetoenlaweb.com.ar\/sitio\/wp-json\/wp\/v2\/categories?post=4393"},{"taxonomy":"post_tag","embeddable":true,"href":"https:\/\/cuartetoenlaweb.com.ar\/sitio\/wp-json\/wp\/v2\/tags?post=4393"}],"curies":[{"name":"wp","href":"https:\/\/api.w.org\/{rel}","templated":true}]}}