
{"id":4389,"date":"2025-11-15T13:02:07","date_gmt":"2025-11-15T16:02:07","guid":{"rendered":"https:\/\/cuartetoenlaweb.com.ar\/sitio\/la-china-suarez-conto-la-fuerte-decision-de-vida-que-tomo-su-hija-rufina-con-apenas-12-anos-ella-queria\/"},"modified":"2025-11-15T13:02:07","modified_gmt":"2025-11-15T16:02:07","slug":"la-china-suarez-conto-la-fuerte-decision-de-vida-que-tomo-su-hija-rufina-con-apenas-12-anos-ella-queria","status":"publish","type":"post","link":"https:\/\/cuartetoenlaweb.com.ar\/sitio\/la-china-suarez-conto-la-fuerte-decision-de-vida-que-tomo-su-hija-rufina-con-apenas-12-anos-ella-queria\/","title":{"rendered":"La China Su\u00e1rez cont\u00f3 la fuerte decisi\u00f3n de vida que tom\u00f3 su hija Rufina con apenas 12 a\u00f1os: &quot;Ella quer\u00eda&#8230;&quot;"},"content":{"rendered":"<p>La<strong> China Su\u00e1rez<\/strong> finalmente decidi\u00f3 romper el silencio y no se guard\u00f3 nada. Desde el divorcio de <strong>Mauro Icardi <\/strong>con <strong>Wanda Nara<\/strong>, que saldr\u00e1 en marzo del a\u00f1o que viene, justo para su cumplea\u00f1os, a sus hijos y lo que vivi\u00f3 con los padres de ellos, <strong>Nicol\u00e1s Cabr\u00e9 <\/strong>y <strong><a href=\"https:\/\/www.paparazzi.com.ar\/teve\/fulminante-la-china-suarez-reve-el-problema-que-padece-con-benjamin-vicuna-es-complicado-y\/\">Benjam\u00edn Vicu\u00f1a<\/a><\/strong>.<\/p>\n<p>Y justamente con <strong><a href=\"https:\/\/www.paparazzi.com.ar\/teve\/se-muda-rufina-cabre-dejo-a-la-china-suarez-en-turquia-y-volvio-con-su-papa-nicolas-cabre\/\">Rufina Cabr\u00e9<\/a><\/strong>, <strong>Amancio<\/strong> y <strong>Magnolia Vicu\u00f1a<\/strong> se dieron diferentes situaciones. En un principio, cuando la China confirm\u00f3 su mudanza a Turqu\u00eda, la mayor de ella fue la que opt\u00f3 por sumarse a esta aventura con su mam\u00e1.<\/p>\n<p>Si bien se supon\u00eda que en su caso ser\u00eda una mudanza definitiva, la propia Su\u00e1rez admiti\u00f3 que Rufina habl\u00f3 con Cabr\u00e9 para explicarle esta situaci\u00f3n. Pero adem\u00e1s, le confes\u00f3 que volver\u00eda a Argentina, por lo cual su ida no ser\u00e1 del todo.<\/p>\n<div class=\"mt-box \">\n<h4 class=\"mt-heading\">Mir\u00e1 Tambi\u00e9n<\/h4>\n<p><a href=\"https:\/\/www.paparazzi.com.ar\/teve\/exclusivo-lo-que-nadie-vio-del-paso-de-johnny-depp-por-la-plata-tension-caprichos-y-un-pedido-inesperado\/\"><\/p>\n<div class=\"mt-content\">\n<div class=\"mt-image-container\"><img decoding=\"async\" src=\"https:\/\/www.paparazzi.com.ar\/wp-content\/uploads\/2025\/11\/Jhonny-Deep-en-La-Plata-359x226.jpg\" alt=\"\u00a1Exclusivo! Lo que nadie vio del paso de Johnny Depp por La Plata: tensi\u00f3n, caprichos y un pedido inesperado\" class=\"mt-image\" loading=\"lazy\" \/><\/div>\n<h5 class=\"mt-title\">\u00a1Exclusivo! Lo que nadie vio del paso de Johnny Depp por La Plata: tensi\u00f3n, caprichos y un pedido inesperado<\/h5>\n<\/div>\n<p><\/a><\/div>\n<p>\u201c<em>Rufi tom\u00f3 ella la decisi\u00f3n y le dijo a Nico que quer\u00eda estar conmigo y probar, pero que volv\u00eda<\/em>\u00ab, sostuvo la China. Ya escolarizados sus hijos en Turqu\u00eda, para ella esta es una gran oportunidad que se les dio a los tres y que quiere aprovechar.<\/p>\n<h2 class=\"wp-block-heading\">LA NUEVA VIDA DE LA CHINA SU\u00c1REZ EN TURQU\u00cdA<\/h2>\n<p>Esta nueva vida les permite conocer otras culturas, un idioma diferente que est\u00e1n aprendiendo y paisajes alucinantes. Al ser la carrera de futbolista tan cambiante, no se sabe lo que ocurrir\u00e1 en el futuro, pero est\u00e1n entusiasmados.<\/p>\n<div class=\"mt-box \">\n<h4 class=\"mt-heading\">Mir\u00e1 Tambi\u00e9n<\/h4>\n<p><a href=\"https:\/\/www.paparazzi.com.ar\/teve\/fulminante-la-china-suarez-reve-el-problema-que-padece-con-benjamin-vicuna-es-complicado-y\/\"><\/p>\n<div class=\"mt-content\">\n<div class=\"mt-image-container\"><img decoding=\"async\" src=\"https:\/\/www.paparazzi.com.ar\/wp-content\/uploads\/2025\/11\/\u00a1Fulminante-La-China-Suarez-revelo-el-problema-que-padece-con-Benjamin-Vicuna-22Es-complicado-y.22-359x226.jpg\" alt=\"\u00a1Fulminante! La China Su\u00e1rez revel\u00f3 el problema que padece con Benjam\u00edn Vicu\u00f1a: &quot;Es complicado y...&quot;\" class=\"mt-image\" loading=\"lazy\" \/><\/div>\n<h5 class=\"mt-title\">\u00a1Fulminante! La China Su\u00e1rez revel\u00f3 el problema que padece con Benjam\u00edn Vicu\u00f1a: \u00abEs complicado y&#8230;\u00bb<\/h5>\n<\/div>\n<p><\/a><\/div>\n<p>\u00ab<em>Es una oportunidad para los chicos, est\u00e1n aprendiendo turco<\/em>\u00ab, destac\u00f3 la China con mucho orgullo. Claro que a toda esta historia les falta las dos hijas de Mauro, <strong><a href=\"https:\/\/www.paparazzi.com.ar\/teve\/wanda-nara-se-mostro-con-su-nuevo-novio-en-el-momento-mas-doloroso-de-francesca-en-medio-de-su-pelea-con-icardi\/\">Francesca<\/a><\/strong> e <strong>Isabella<\/strong>, a quienes hoy est\u00e1 viendo en Argentina y por quienes \u00e9l le solicit\u00f3 a su club, Galatasaray, quedarse un tiempo m\u00e1s en Buenos Aires.<\/p>\n<div class=\"mt-box \">\n<h4 class=\"mt-heading\">Mir\u00e1 Tambi\u00e9n<\/h4>\n<p><a href=\"https:\/\/www.paparazzi.com.ar\/teve\/la-nueva-vida-de-la-hija-de-18-anos-de-andres-calamaro-y-julieta-cardinali\/\"><\/p>\n<div class=\"mt-content\">\n<div class=\"mt-image-container\"><img decoding=\"async\" src=\"https:\/\/www.paparazzi.com.ar\/wp-content\/uploads\/2025\/11\/Andres-Calamaro-Julieta-Cardinali-y-Charo-Calamaro-359x226.jpg\" alt=\"La nueva vida de la hija de 18 a\u00f1os de Andr\u00e9s Calamaro y Julieta Cardinali\" class=\"mt-image\" loading=\"lazy\" \/><\/div>\n<h5 class=\"mt-title\">La nueva vida de la hija de 18 a\u00f1os de Andr\u00e9s Calamaro y Julieta Cardinali<\/h5>\n<\/div>\n<p><\/a><\/div>\n<div class=\"mt-box \">\n<h4 class=\"mt-heading\">Mir\u00e1 Tambi\u00e9n<\/h4>\n<p><a href=\"https:\/\/www.paparazzi.com.ar\/horoscopo\/horoscopo-las-predicciones-de-jimena-la-torre-para-el-fin-de-semana-del-15-y-16-de-noviembre-signo-por-signo\/\"><\/p>\n<div class=\"mt-content\">\n<div class=\"mt-image-container\"><img decoding=\"async\" src=\"https:\/\/www.paparazzi.com.ar\/wp-content\/uploads\/2025\/09\/Horoscopo-los-signos-que-tendran-muy-buenas-noticias-en-el-trabajo-antes-de-octubre-segun-Jimena-La-Torre.jpg.webp\" alt=\"Hor\u00f3scopo: las predicciones de Jimena La Torre para el fin de semana del 15 y 16 de noviembre signo por signo\" class=\"mt-image\" loading=\"lazy\" \/><\/div>\n<h5 class=\"mt-title\">Hor\u00f3scopo: las predicciones de Jimena La Torre para el fin de semana del 15 y 16 de noviembre signo por signo<\/h5>\n<\/div>\n<p><\/a><\/div>\n<p>The post <a href=\"https:\/\/www.paparazzi.com.ar\/teve\/la-china-suarez-conto-la-fuerte-decision-de-vida-que-tomo-su-hija-rufina-con-apenas-12-anos-ella-queria\/\">La China Su\u00e1rez cont\u00f3 la fuerte decisi\u00f3n de vida que tom\u00f3 su hija Rufina con apenas 12 a\u00f1os: &quot;Ella quer\u00eda&#8230;&quot;<\/a> appeared first on <a href=\"https:\/\/www.paparazzi.com.ar\">Revista Paparazzi<\/a>.<\/p>\n","protected":false},"excerpt":{"rendered":"<p>La China Su\u00e1rez finalmente decidi\u00f3 romper el silencio y no<\/p>\n","protected":false},"author":0,"featured_media":4390,"comment_status":"","ping_status":"","sticky":false,"template":"","format":"standard","meta":{"footnotes":""},"categories":[12],"tags":[],"class_list":["post-4389","post","type-post","status-publish","format-standard","has-post-thumbnail","hentry","category-espectaculo"],"yoast_head":"<!-- This site is optimized with the Yoast SEO plugin v27.5 - https:\/\/yoast.com\/product\/yoast-seo-wordpress\/ -->\n<title>La China Su\u00e1rez cont\u00f3 la fuerte decisi\u00f3n de vida que tom\u00f3 su hija Rufina con apenas 12 a\u00f1os: &quot;Ella quer\u00eda...&quot; - Cuarteto en la Web<\/title>\n<meta name=\"robots\" content=\"index, follow, max-snippet:-1, max-image-preview:large, max-video-preview:-1\" \/>\n<link rel=\"canonical\" href=\"https:\/\/cuartetoenlaweb.com.ar\/sitio\/la-china-suarez-conto-la-fuerte-decision-de-vida-que-tomo-su-hija-rufina-con-apenas-12-anos-ella-queria\/\" \/>\n<meta property=\"og:locale\" content=\"es_ES\" \/>\n<meta property=\"og:type\" content=\"article\" \/>\n<meta property=\"og:title\" content=\"La China Su\u00e1rez cont\u00f3 la fuerte decisi\u00f3n de vida que tom\u00f3 su hija Rufina con apenas 12 a\u00f1os: &quot;Ella quer\u00eda...&quot; - Cuarteto en la Web\" \/>\n<meta property=\"og:description\" content=\"La China Su\u00e1rez finalmente decidi\u00f3 romper el silencio y no\" \/>\n<meta property=\"og:url\" content=\"https:\/\/cuartetoenlaweb.com.ar\/sitio\/la-china-suarez-conto-la-fuerte-decision-de-vida-que-tomo-su-hija-rufina-con-apenas-12-anos-ella-queria\/\" \/>\n<meta property=\"og:site_name\" content=\"Cuarteto en la Web\" \/>\n<meta property=\"article:published_time\" content=\"2025-11-15T16:02:07+00:00\" \/>\n<meta property=\"og:image\" content=\"https:\/\/cuartetoenlaweb.com.ar\/sitio\/wp-content\/uploads\/2025\/11\/Jhonny-Deep-en-La-Plata-359x226-7.jpg\" \/>\n\t<meta property=\"og:image:width\" content=\"359\" \/>\n\t<meta property=\"og:image:height\" content=\"226\" \/>\n\t<meta property=\"og:image:type\" content=\"image\/jpeg\" \/>\n<meta name=\"twitter:card\" content=\"summary_large_image\" \/>\n<meta name=\"twitter:label1\" content=\"Tiempo de lectura\" \/>\n\t<meta name=\"twitter:data1\" content=\"2 minutos\" \/>\n<script type=\"application\/ld+json\" class=\"yoast-schema-graph\">{\"@context\":\"https:\\\/\\\/schema.org\",\"@graph\":[{\"@type\":\"Article\",\"@id\":\"https:\\\/\\\/cuartetoenlaweb.com.ar\\\/sitio\\\/la-china-suarez-conto-la-fuerte-decision-de-vida-que-tomo-su-hija-rufina-con-apenas-12-anos-ella-queria\\\/#article\",\"isPartOf\":{\"@id\":\"https:\\\/\\\/cuartetoenlaweb.com.ar\\\/sitio\\\/la-china-suarez-conto-la-fuerte-decision-de-vida-que-tomo-su-hija-rufina-con-apenas-12-anos-ella-queria\\\/\"},\"author\":{\"name\":\"\",\"@id\":\"\"},\"headline\":\"La China Su\u00e1rez cont\u00f3 la fuerte decisi\u00f3n de vida que tom\u00f3 su hija Rufina con apenas 12 a\u00f1os: &quot;Ella quer\u00eda&#8230;&quot;\",\"datePublished\":\"2025-11-15T16:02:07+00:00\",\"mainEntityOfPage\":{\"@id\":\"https:\\\/\\\/cuartetoenlaweb.com.ar\\\/sitio\\\/la-china-suarez-conto-la-fuerte-decision-de-vida-que-tomo-su-hija-rufina-con-apenas-12-anos-ella-queria\\\/\"},\"wordCount\":447,\"publisher\":{\"@id\":\"http:\\\/\\\/cuartetoenlaweb.com.ar\\\/sitio\\\/#organization\"},\"image\":{\"@id\":\"https:\\\/\\\/cuartetoenlaweb.com.ar\\\/sitio\\\/la-china-suarez-conto-la-fuerte-decision-de-vida-que-tomo-su-hija-rufina-con-apenas-12-anos-ella-queria\\\/#primaryimage\"},\"thumbnailUrl\":\"https:\\\/\\\/cuartetoenlaweb.com.ar\\\/sitio\\\/wp-content\\\/uploads\\\/2025\\\/11\\\/Jhonny-Deep-en-La-Plata-359x226-7.jpg\",\"articleSection\":[\"ESPECT\u00c1CULO\"],\"inLanguage\":\"es\"},{\"@type\":\"WebPage\",\"@id\":\"https:\\\/\\\/cuartetoenlaweb.com.ar\\\/sitio\\\/la-china-suarez-conto-la-fuerte-decision-de-vida-que-tomo-su-hija-rufina-con-apenas-12-anos-ella-queria\\\/\",\"url\":\"https:\\\/\\\/cuartetoenlaweb.com.ar\\\/sitio\\\/la-china-suarez-conto-la-fuerte-decision-de-vida-que-tomo-su-hija-rufina-con-apenas-12-anos-ella-queria\\\/\",\"name\":\"La China Su\u00e1rez cont\u00f3 la fuerte decisi\u00f3n de vida que tom\u00f3 su hija Rufina con apenas 12 a\u00f1os: &quot;Ella quer\u00eda...&quot; - Cuarteto en la Web\",\"isPartOf\":{\"@id\":\"http:\\\/\\\/cuartetoenlaweb.com.ar\\\/sitio\\\/#website\"},\"primaryImageOfPage\":{\"@id\":\"https:\\\/\\\/cuartetoenlaweb.com.ar\\\/sitio\\\/la-china-suarez-conto-la-fuerte-decision-de-vida-que-tomo-su-hija-rufina-con-apenas-12-anos-ella-queria\\\/#primaryimage\"},\"image\":{\"@id\":\"https:\\\/\\\/cuartetoenlaweb.com.ar\\\/sitio\\\/la-china-suarez-conto-la-fuerte-decision-de-vida-que-tomo-su-hija-rufina-con-apenas-12-anos-ella-queria\\\/#primaryimage\"},\"thumbnailUrl\":\"https:\\\/\\\/cuartetoenlaweb.com.ar\\\/sitio\\\/wp-content\\\/uploads\\\/2025\\\/11\\\/Jhonny-Deep-en-La-Plata-359x226-7.jpg\",\"datePublished\":\"2025-11-15T16:02:07+00:00\",\"breadcrumb\":{\"@id\":\"https:\\\/\\\/cuartetoenlaweb.com.ar\\\/sitio\\\/la-china-suarez-conto-la-fuerte-decision-de-vida-que-tomo-su-hija-rufina-con-apenas-12-anos-ella-queria\\\/#breadcrumb\"},\"inLanguage\":\"es\",\"potentialAction\":[{\"@type\":\"ReadAction\",\"target\":[\"https:\\\/\\\/cuartetoenlaweb.com.ar\\\/sitio\\\/la-china-suarez-conto-la-fuerte-decision-de-vida-que-tomo-su-hija-rufina-con-apenas-12-anos-ella-queria\\\/\"]}]},{\"@type\":\"ImageObject\",\"inLanguage\":\"es\",\"@id\":\"https:\\\/\\\/cuartetoenlaweb.com.ar\\\/sitio\\\/la-china-suarez-conto-la-fuerte-decision-de-vida-que-tomo-su-hija-rufina-con-apenas-12-anos-ella-queria\\\/#primaryimage\",\"url\":\"https:\\\/\\\/cuartetoenlaweb.com.ar\\\/sitio\\\/wp-content\\\/uploads\\\/2025\\\/11\\\/Jhonny-Deep-en-La-Plata-359x226-7.jpg\",\"contentUrl\":\"https:\\\/\\\/cuartetoenlaweb.com.ar\\\/sitio\\\/wp-content\\\/uploads\\\/2025\\\/11\\\/Jhonny-Deep-en-La-Plata-359x226-7.jpg\",\"width\":359,\"height\":226},{\"@type\":\"BreadcrumbList\",\"@id\":\"https:\\\/\\\/cuartetoenlaweb.com.ar\\\/sitio\\\/la-china-suarez-conto-la-fuerte-decision-de-vida-que-tomo-su-hija-rufina-con-apenas-12-anos-ella-queria\\\/#breadcrumb\",\"itemListElement\":[{\"@type\":\"ListItem\",\"position\":1,\"name\":\"Portada\",\"item\":\"http:\\\/\\\/cuartetoenlaweb.com.ar\\\/sitio\\\/\"},{\"@type\":\"ListItem\",\"position\":2,\"name\":\"La China Su\u00e1rez cont\u00f3 la fuerte decisi\u00f3n de vida que tom\u00f3 su hija Rufina con apenas 12 a\u00f1os: &quot;Ella quer\u00eda&#8230;&quot;\"}]},{\"@type\":\"WebSite\",\"@id\":\"http:\\\/\\\/cuartetoenlaweb.com.ar\\\/sitio\\\/#website\",\"url\":\"http:\\\/\\\/cuartetoenlaweb.com.ar\\\/sitio\\\/\",\"name\":\"Cuarteto en la Web\",\"description\":\"\",\"publisher\":{\"@id\":\"http:\\\/\\\/cuartetoenlaweb.com.ar\\\/sitio\\\/#organization\"},\"potentialAction\":[{\"@type\":\"SearchAction\",\"target\":{\"@type\":\"EntryPoint\",\"urlTemplate\":\"http:\\\/\\\/cuartetoenlaweb.com.ar\\\/sitio\\\/?s={search_term_string}\"},\"query-input\":{\"@type\":\"PropertyValueSpecification\",\"valueRequired\":true,\"valueName\":\"search_term_string\"}}],\"inLanguage\":\"es\"},{\"@type\":\"Organization\",\"@id\":\"http:\\\/\\\/cuartetoenlaweb.com.ar\\\/sitio\\\/#organization\",\"name\":\"Cuarteto en la Web\",\"url\":\"http:\\\/\\\/cuartetoenlaweb.com.ar\\\/sitio\\\/\",\"logo\":{\"@type\":\"ImageObject\",\"inLanguage\":\"es\",\"@id\":\"http:\\\/\\\/cuartetoenlaweb.com.ar\\\/sitio\\\/#\\\/schema\\\/logo\\\/image\\\/\",\"url\":\"https:\\\/\\\/cuartetoenlaweb.com.ar\\\/sitio\\\/wp-content\\\/uploads\\\/2025\\\/07\\\/cropped-cropped-logitoweb21.png\",\"contentUrl\":\"https:\\\/\\\/cuartetoenlaweb.com.ar\\\/sitio\\\/wp-content\\\/uploads\\\/2025\\\/07\\\/cropped-cropped-logitoweb21.png\",\"width\":199,\"height\":199,\"caption\":\"Cuarteto en la Web\"},\"image\":{\"@id\":\"http:\\\/\\\/cuartetoenlaweb.com.ar\\\/sitio\\\/#\\\/schema\\\/logo\\\/image\\\/\"}}]}<\/script>\n<!-- \/ Yoast SEO plugin. -->","yoast_head_json":{"title":"La China Su\u00e1rez cont\u00f3 la fuerte decisi\u00f3n de vida que tom\u00f3 su hija Rufina con apenas 12 a\u00f1os: &quot;Ella quer\u00eda...&quot; - Cuarteto en la Web","robots":{"index":"index","follow":"follow","max-snippet":"max-snippet:-1","max-image-preview":"max-image-preview:large","max-video-preview":"max-video-preview:-1"},"canonical":"https:\/\/cuartetoenlaweb.com.ar\/sitio\/la-china-suarez-conto-la-fuerte-decision-de-vida-que-tomo-su-hija-rufina-con-apenas-12-anos-ella-queria\/","og_locale":"es_ES","og_type":"article","og_title":"La China Su\u00e1rez cont\u00f3 la fuerte decisi\u00f3n de vida que tom\u00f3 su hija Rufina con apenas 12 a\u00f1os: &quot;Ella quer\u00eda...&quot; - Cuarteto en la Web","og_description":"La China Su\u00e1rez finalmente decidi\u00f3 romper el silencio y no","og_url":"https:\/\/cuartetoenlaweb.com.ar\/sitio\/la-china-suarez-conto-la-fuerte-decision-de-vida-que-tomo-su-hija-rufina-con-apenas-12-anos-ella-queria\/","og_site_name":"Cuarteto en la Web","article_published_time":"2025-11-15T16:02:07+00:00","og_image":[{"width":359,"height":226,"url":"https:\/\/cuartetoenlaweb.com.ar\/sitio\/wp-content\/uploads\/2025\/11\/Jhonny-Deep-en-La-Plata-359x226-7.jpg","type":"image\/jpeg"}],"twitter_card":"summary_large_image","twitter_misc":{"Tiempo de lectura":"2 minutos"},"schema":{"@context":"https:\/\/schema.org","@graph":[{"@type":"Article","@id":"https:\/\/cuartetoenlaweb.com.ar\/sitio\/la-china-suarez-conto-la-fuerte-decision-de-vida-que-tomo-su-hija-rufina-con-apenas-12-anos-ella-queria\/#article","isPartOf":{"@id":"https:\/\/cuartetoenlaweb.com.ar\/sitio\/la-china-suarez-conto-la-fuerte-decision-de-vida-que-tomo-su-hija-rufina-con-apenas-12-anos-ella-queria\/"},"author":{"name":"","@id":""},"headline":"La China Su\u00e1rez cont\u00f3 la fuerte decisi\u00f3n de vida que tom\u00f3 su hija Rufina con apenas 12 a\u00f1os: &quot;Ella quer\u00eda&#8230;&quot;","datePublished":"2025-11-15T16:02:07+00:00","mainEntityOfPage":{"@id":"https:\/\/cuartetoenlaweb.com.ar\/sitio\/la-china-suarez-conto-la-fuerte-decision-de-vida-que-tomo-su-hija-rufina-con-apenas-12-anos-ella-queria\/"},"wordCount":447,"publisher":{"@id":"http:\/\/cuartetoenlaweb.com.ar\/sitio\/#organization"},"image":{"@id":"https:\/\/cuartetoenlaweb.com.ar\/sitio\/la-china-suarez-conto-la-fuerte-decision-de-vida-que-tomo-su-hija-rufina-con-apenas-12-anos-ella-queria\/#primaryimage"},"thumbnailUrl":"https:\/\/cuartetoenlaweb.com.ar\/sitio\/wp-content\/uploads\/2025\/11\/Jhonny-Deep-en-La-Plata-359x226-7.jpg","articleSection":["ESPECT\u00c1CULO"],"inLanguage":"es"},{"@type":"WebPage","@id":"https:\/\/cuartetoenlaweb.com.ar\/sitio\/la-china-suarez-conto-la-fuerte-decision-de-vida-que-tomo-su-hija-rufina-con-apenas-12-anos-ella-queria\/","url":"https:\/\/cuartetoenlaweb.com.ar\/sitio\/la-china-suarez-conto-la-fuerte-decision-de-vida-que-tomo-su-hija-rufina-con-apenas-12-anos-ella-queria\/","name":"La China Su\u00e1rez cont\u00f3 la fuerte decisi\u00f3n de vida que tom\u00f3 su hija Rufina con apenas 12 a\u00f1os: &quot;Ella quer\u00eda...&quot; - Cuarteto en la Web","isPartOf":{"@id":"http:\/\/cuartetoenlaweb.com.ar\/sitio\/#website"},"primaryImageOfPage":{"@id":"https:\/\/cuartetoenlaweb.com.ar\/sitio\/la-china-suarez-conto-la-fuerte-decision-de-vida-que-tomo-su-hija-rufina-con-apenas-12-anos-ella-queria\/#primaryimage"},"image":{"@id":"https:\/\/cuartetoenlaweb.com.ar\/sitio\/la-china-suarez-conto-la-fuerte-decision-de-vida-que-tomo-su-hija-rufina-con-apenas-12-anos-ella-queria\/#primaryimage"},"thumbnailUrl":"https:\/\/cuartetoenlaweb.com.ar\/sitio\/wp-content\/uploads\/2025\/11\/Jhonny-Deep-en-La-Plata-359x226-7.jpg","datePublished":"2025-11-15T16:02:07+00:00","breadcrumb":{"@id":"https:\/\/cuartetoenlaweb.com.ar\/sitio\/la-china-suarez-conto-la-fuerte-decision-de-vida-que-tomo-su-hija-rufina-con-apenas-12-anos-ella-queria\/#breadcrumb"},"inLanguage":"es","potentialAction":[{"@type":"ReadAction","target":["https:\/\/cuartetoenlaweb.com.ar\/sitio\/la-china-suarez-conto-la-fuerte-decision-de-vida-que-tomo-su-hija-rufina-con-apenas-12-anos-ella-queria\/"]}]},{"@type":"ImageObject","inLanguage":"es","@id":"https:\/\/cuartetoenlaweb.com.ar\/sitio\/la-china-suarez-conto-la-fuerte-decision-de-vida-que-tomo-su-hija-rufina-con-apenas-12-anos-ella-queria\/#primaryimage","url":"https:\/\/cuartetoenlaweb.com.ar\/sitio\/wp-content\/uploads\/2025\/11\/Jhonny-Deep-en-La-Plata-359x226-7.jpg","contentUrl":"https:\/\/cuartetoenlaweb.com.ar\/sitio\/wp-content\/uploads\/2025\/11\/Jhonny-Deep-en-La-Plata-359x226-7.jpg","width":359,"height":226},{"@type":"BreadcrumbList","@id":"https:\/\/cuartetoenlaweb.com.ar\/sitio\/la-china-suarez-conto-la-fuerte-decision-de-vida-que-tomo-su-hija-rufina-con-apenas-12-anos-ella-queria\/#breadcrumb","itemListElement":[{"@type":"ListItem","position":1,"name":"Portada","item":"http:\/\/cuartetoenlaweb.com.ar\/sitio\/"},{"@type":"ListItem","position":2,"name":"La China Su\u00e1rez cont\u00f3 la fuerte decisi\u00f3n de vida que tom\u00f3 su hija Rufina con apenas 12 a\u00f1os: &quot;Ella quer\u00eda&#8230;&quot;"}]},{"@type":"WebSite","@id":"http:\/\/cuartetoenlaweb.com.ar\/sitio\/#website","url":"http:\/\/cuartetoenlaweb.com.ar\/sitio\/","name":"Cuarteto en la Web","description":"","publisher":{"@id":"http:\/\/cuartetoenlaweb.com.ar\/sitio\/#organization"},"potentialAction":[{"@type":"SearchAction","target":{"@type":"EntryPoint","urlTemplate":"http:\/\/cuartetoenlaweb.com.ar\/sitio\/?s={search_term_string}"},"query-input":{"@type":"PropertyValueSpecification","valueRequired":true,"valueName":"search_term_string"}}],"inLanguage":"es"},{"@type":"Organization","@id":"http:\/\/cuartetoenlaweb.com.ar\/sitio\/#organization","name":"Cuarteto en la Web","url":"http:\/\/cuartetoenlaweb.com.ar\/sitio\/","logo":{"@type":"ImageObject","inLanguage":"es","@id":"http:\/\/cuartetoenlaweb.com.ar\/sitio\/#\/schema\/logo\/image\/","url":"https:\/\/cuartetoenlaweb.com.ar\/sitio\/wp-content\/uploads\/2025\/07\/cropped-cropped-logitoweb21.png","contentUrl":"https:\/\/cuartetoenlaweb.com.ar\/sitio\/wp-content\/uploads\/2025\/07\/cropped-cropped-logitoweb21.png","width":199,"height":199,"caption":"Cuarteto en la Web"},"image":{"@id":"http:\/\/cuartetoenlaweb.com.ar\/sitio\/#\/schema\/logo\/image\/"}}]}},"_links":{"self":[{"href":"https:\/\/cuartetoenlaweb.com.ar\/sitio\/wp-json\/wp\/v2\/posts\/4389","targetHints":{"allow":["GET"]}}],"collection":[{"href":"https:\/\/cuartetoenlaweb.com.ar\/sitio\/wp-json\/wp\/v2\/posts"}],"about":[{"href":"https:\/\/cuartetoenlaweb.com.ar\/sitio\/wp-json\/wp\/v2\/types\/post"}],"replies":[{"embeddable":true,"href":"https:\/\/cuartetoenlaweb.com.ar\/sitio\/wp-json\/wp\/v2\/comments?post=4389"}],"version-history":[{"count":0,"href":"https:\/\/cuartetoenlaweb.com.ar\/sitio\/wp-json\/wp\/v2\/posts\/4389\/revisions"}],"wp:featuredmedia":[{"embeddable":true,"href":"https:\/\/cuartetoenlaweb.com.ar\/sitio\/wp-json\/wp\/v2\/media\/4390"}],"wp:attachment":[{"href":"https:\/\/cuartetoenlaweb.com.ar\/sitio\/wp-json\/wp\/v2\/media?parent=4389"}],"wp:term":[{"taxonomy":"category","embeddable":true,"href":"https:\/\/cuartetoenlaweb.com.ar\/sitio\/wp-json\/wp\/v2\/categories?post=4389"},{"taxonomy":"post_tag","embeddable":true,"href":"https:\/\/cuartetoenlaweb.com.ar\/sitio\/wp-json\/wp\/v2\/tags?post=4389"}],"curies":[{"name":"wp","href":"https:\/\/api.w.org\/{rel}","templated":true}]}}