
{"id":4387,"date":"2025-11-15T12:00:26","date_gmt":"2025-11-15T15:00:26","guid":{"rendered":"https:\/\/cuartetoenlaweb.com.ar\/sitio\/fallo-judicial-ordenan-arreglos-inmediatos-en-la-ruta-40-tras-presentacion-del-gobernador-weretilneck\/"},"modified":"2025-11-15T12:00:26","modified_gmt":"2025-11-15T15:00:26","slug":"fallo-judicial-ordenan-arreglos-inmediatos-en-la-ruta-40-tras-presentacion-del-gobernador-weretilneck","status":"publish","type":"post","link":"https:\/\/cuartetoenlaweb.com.ar\/sitio\/fallo-judicial-ordenan-arreglos-inmediatos-en-la-ruta-40-tras-presentacion-del-gobernador-weretilneck\/","title":{"rendered":"Fallo judicial: ordenan arreglos &quot;inmediatos&quot; en la Ruta 40 tras presentaci\u00f3n del gobernador Weretilneck"},"content":{"rendered":"<p>Buenos Aires, 15 de noviembre (NA) &#8211; La Justicia Federal acaba de emitir un fallo que obliga a Vialidad Nacional a ejecutar reparaciones \u00abde inmediato\u00bb en el tramo de la Ruta Nacional 40 que une Bariloche con El Bols\u00f3n, en la provincia de R\u00edo Negro. <\/p>\n<p>Esta resoluci\u00f3n judicial, a la que tuvo acceso la Agencia Noticias Argentinas, surge a partir de una presentaci\u00f3n realizada por el gobernador rionegrino, Alberto Weretilneck, y se da en un contexto donde el nuevo ministro del Interior, Diego Santilli, busca estrechar lazos entre la Casa Rosada y las administraciones provinciales.<\/p>\n<p>La acci\u00f3n judicial tuvo su origen en marzo de 2022, cuando la Fiscal\u00eda de Estado de R\u00edo Negro, durante el gobierno de Alberto Fern\u00e1ndez, present\u00f3 la demanda ante el Juzgado Federal de Bariloche. Tras una apelaci\u00f3n, el fallo qued\u00f3 firme, lo que implica que los plazos para la realizaci\u00f3n de las obras ya se encuentran en curso.<\/p>\n<p>Desde el gobierno de R\u00edo Negro, se inform\u00f3 que \u00abLa sentencia establece que Vialidad Nacional debe ejecutar de inmediato, con cargo al presupuesto 2024, un conjunto de trabajos esenciales para garantizar la seguridad vial\u00bb. Entre las intervenciones catalogadas como m\u00e1s urgentes, se incluyen \u00abla reparaci\u00f3n de pozos, grietas, ahuellamientos y deformaciones peligrosas; la correcci\u00f3n de los descalces de banquinas\u00bb.<\/p>\n<p>PLAZOS ESTRICTOS PARA REPARACIONES Y MANTENIMIENTO<\/p>\n<p>El fallo judicial no se limita solo a las reparaciones estructurales, sino que tambi\u00e9n exige a Vialidad Nacional reponer la se\u00f1alizaci\u00f3n horizontal e instalar carteles verticales, tanto de d\u00eda como de noche, en \u00e1reas cr\u00edticas como curvas, badenes y zonas con riesgo de derrumbe. La gesti\u00f3n de Weretilneck subraya, amparada en la sentencia, que \u00abTodas estas intervenciones deben realizarse sin reprogramaciones ni demoras administrativas\u00bb.<\/p>\n<p>La sentencia, que se inici\u00f3 mediante un amparo colectivo, establece plazos bien definidos. Se indica que \u00abDentro de los primeros 90 d\u00edas, Vialidad Nacional deber\u00e1 presentar un relevamiento completo de todos los puntos cr\u00edticos del tramo, acompa\u00f1ado por un cronograma detallado de ejecuci\u00f3n de cada reparaci\u00f3n ordenada\u00bb. En este mismo per\u00edodo de 90 d\u00edas, Vialidad debe elaborar un informe t\u00e9cnico para determinar el riesgo de arrastre de piedras y, si existe, proponer y calendarizar las medidas correctivas. Adem\u00e1s, la provincia especific\u00f3 que Vialidad \u00abTambi\u00e9n deber\u00e1 informar si es necesario instalar puestos de control de carga y, en caso afirmativo, qu\u00e9 medidas implementar\u00e1 y en qu\u00e9 plazos\u00bb.<\/p>\n<p>Adicionalmente, el Poder Judicial otorga 120 d\u00edas para que se presente un \u00abplan integral de mantenimiento para aplicar una vez finalizadas las reparaciones urgentes\u00bb, con el objetivo de incluir acciones de prevenci\u00f3n y conservaci\u00f3n futura de la ruta.<\/p>\n<p>Esta orden judicial se emite en un momento particular para la Direcci\u00f3n Nacional de Vialidad, organismo que el presidente Javier Milei intent\u00f3 disolver por decreto en julio, dos d\u00edas antes de que caducaran las facultades delegadas por el Congreso en la Ley Bases. El Decreto 461\/2025, que facultaba la reubicaci\u00f3n, traslado y supresi\u00f3n de estructuras, fue suspendido por seis meses. <\/p>\n<p>#AgenciaNA<\/p>\n","protected":false},"excerpt":{"rendered":"<p>Buenos Aires, 15 de noviembre (NA) &#8211; La Justicia Federal<\/p>\n","protected":false},"author":0,"featured_media":4388,"comment_status":"","ping_status":"","sticky":false,"template":"","format":"standard","meta":{"footnotes":""},"categories":[65],"tags":[],"class_list":["post-4387","post","type-post","status-publish","format-standard","has-post-thumbnail","hentry","category-pais"],"yoast_head":"<!-- This site is optimized with the Yoast SEO plugin v27.5 - https:\/\/yoast.com\/product\/yoast-seo-wordpress\/ -->\n<title>Fallo judicial: ordenan arreglos &quot;inmediatos&quot; en la Ruta 40 tras presentaci\u00f3n del gobernador Weretilneck - Cuarteto en la Web<\/title>\n<meta name=\"robots\" content=\"index, follow, max-snippet:-1, max-image-preview:large, max-video-preview:-1\" \/>\n<link rel=\"canonical\" href=\"http:\/\/cuartetoenlaweb.com.ar\/sitio\/fallo-judicial-ordenan-arreglos-inmediatos-en-la-ruta-40-tras-presentacion-del-gobernador-weretilneck\/\" \/>\n<meta property=\"og:locale\" content=\"es_ES\" \/>\n<meta property=\"og:type\" content=\"article\" \/>\n<meta property=\"og:title\" content=\"Fallo judicial: ordenan arreglos &quot;inmediatos&quot; en la Ruta 40 tras presentaci\u00f3n del gobernador Weretilneck - Cuarteto en la Web\" \/>\n<meta property=\"og:description\" content=\"Buenos Aires, 15 de noviembre (NA) &#8211; La Justicia Federal\" \/>\n<meta property=\"og:url\" content=\"http:\/\/cuartetoenlaweb.com.ar\/sitio\/fallo-judicial-ordenan-arreglos-inmediatos-en-la-ruta-40-tras-presentacion-del-gobernador-weretilneck\/\" \/>\n<meta property=\"og:site_name\" content=\"Cuarteto en la Web\" \/>\n<meta property=\"article:published_time\" content=\"2025-11-15T15:00:26+00:00\" \/>\n<meta property=\"og:image\" content=\"http:\/\/cuartetoenlaweb.com.ar\/sitio\/wp-content\/uploads\/2025\/11\/720-1044.jpeg\" \/>\n\t<meta property=\"og:image:width\" content=\"1236\" \/>\n\t<meta property=\"og:image:height\" content=\"720\" \/>\n\t<meta property=\"og:image:type\" content=\"image\/jpeg\" \/>\n<meta name=\"twitter:card\" content=\"summary_large_image\" \/>\n<meta name=\"twitter:label1\" content=\"Tiempo de lectura\" \/>\n\t<meta name=\"twitter:data1\" content=\"3 minutos\" \/>\n<script type=\"application\/ld+json\" class=\"yoast-schema-graph\">{\"@context\":\"https:\\\/\\\/schema.org\",\"@graph\":[{\"@type\":\"Article\",\"@id\":\"http:\\\/\\\/cuartetoenlaweb.com.ar\\\/sitio\\\/fallo-judicial-ordenan-arreglos-inmediatos-en-la-ruta-40-tras-presentacion-del-gobernador-weretilneck\\\/#article\",\"isPartOf\":{\"@id\":\"http:\\\/\\\/cuartetoenlaweb.com.ar\\\/sitio\\\/fallo-judicial-ordenan-arreglos-inmediatos-en-la-ruta-40-tras-presentacion-del-gobernador-weretilneck\\\/\"},\"author\":{\"name\":\"\",\"@id\":\"\"},\"headline\":\"Fallo judicial: ordenan arreglos &quot;inmediatos&quot; en la Ruta 40 tras presentaci\u00f3n del gobernador Weretilneck\",\"datePublished\":\"2025-11-15T15:00:26+00:00\",\"mainEntityOfPage\":{\"@id\":\"http:\\\/\\\/cuartetoenlaweb.com.ar\\\/sitio\\\/fallo-judicial-ordenan-arreglos-inmediatos-en-la-ruta-40-tras-presentacion-del-gobernador-weretilneck\\\/\"},\"wordCount\":531,\"publisher\":{\"@id\":\"http:\\\/\\\/cuartetoenlaweb.com.ar\\\/sitio\\\/#organization\"},\"image\":{\"@id\":\"http:\\\/\\\/cuartetoenlaweb.com.ar\\\/sitio\\\/fallo-judicial-ordenan-arreglos-inmediatos-en-la-ruta-40-tras-presentacion-del-gobernador-weretilneck\\\/#primaryimage\"},\"thumbnailUrl\":\"https:\\\/\\\/cuartetoenlaweb.com.ar\\\/sitio\\\/wp-content\\\/uploads\\\/2025\\\/11\\\/720-1044.jpeg\",\"articleSection\":[\"PAIS\"],\"inLanguage\":\"es\"},{\"@type\":\"WebPage\",\"@id\":\"http:\\\/\\\/cuartetoenlaweb.com.ar\\\/sitio\\\/fallo-judicial-ordenan-arreglos-inmediatos-en-la-ruta-40-tras-presentacion-del-gobernador-weretilneck\\\/\",\"url\":\"http:\\\/\\\/cuartetoenlaweb.com.ar\\\/sitio\\\/fallo-judicial-ordenan-arreglos-inmediatos-en-la-ruta-40-tras-presentacion-del-gobernador-weretilneck\\\/\",\"name\":\"Fallo judicial: ordenan arreglos &quot;inmediatos&quot; en la Ruta 40 tras presentaci\u00f3n del gobernador Weretilneck - Cuarteto en la Web\",\"isPartOf\":{\"@id\":\"http:\\\/\\\/cuartetoenlaweb.com.ar\\\/sitio\\\/#website\"},\"primaryImageOfPage\":{\"@id\":\"http:\\\/\\\/cuartetoenlaweb.com.ar\\\/sitio\\\/fallo-judicial-ordenan-arreglos-inmediatos-en-la-ruta-40-tras-presentacion-del-gobernador-weretilneck\\\/#primaryimage\"},\"image\":{\"@id\":\"http:\\\/\\\/cuartetoenlaweb.com.ar\\\/sitio\\\/fallo-judicial-ordenan-arreglos-inmediatos-en-la-ruta-40-tras-presentacion-del-gobernador-weretilneck\\\/#primaryimage\"},\"thumbnailUrl\":\"https:\\\/\\\/cuartetoenlaweb.com.ar\\\/sitio\\\/wp-content\\\/uploads\\\/2025\\\/11\\\/720-1044.jpeg\",\"datePublished\":\"2025-11-15T15:00:26+00:00\",\"breadcrumb\":{\"@id\":\"http:\\\/\\\/cuartetoenlaweb.com.ar\\\/sitio\\\/fallo-judicial-ordenan-arreglos-inmediatos-en-la-ruta-40-tras-presentacion-del-gobernador-weretilneck\\\/#breadcrumb\"},\"inLanguage\":\"es\",\"potentialAction\":[{\"@type\":\"ReadAction\",\"target\":[\"http:\\\/\\\/cuartetoenlaweb.com.ar\\\/sitio\\\/fallo-judicial-ordenan-arreglos-inmediatos-en-la-ruta-40-tras-presentacion-del-gobernador-weretilneck\\\/\"]}]},{\"@type\":\"ImageObject\",\"inLanguage\":\"es\",\"@id\":\"http:\\\/\\\/cuartetoenlaweb.com.ar\\\/sitio\\\/fallo-judicial-ordenan-arreglos-inmediatos-en-la-ruta-40-tras-presentacion-del-gobernador-weretilneck\\\/#primaryimage\",\"url\":\"https:\\\/\\\/cuartetoenlaweb.com.ar\\\/sitio\\\/wp-content\\\/uploads\\\/2025\\\/11\\\/720-1044.jpeg\",\"contentUrl\":\"https:\\\/\\\/cuartetoenlaweb.com.ar\\\/sitio\\\/wp-content\\\/uploads\\\/2025\\\/11\\\/720-1044.jpeg\",\"width\":1236,\"height\":720},{\"@type\":\"BreadcrumbList\",\"@id\":\"http:\\\/\\\/cuartetoenlaweb.com.ar\\\/sitio\\\/fallo-judicial-ordenan-arreglos-inmediatos-en-la-ruta-40-tras-presentacion-del-gobernador-weretilneck\\\/#breadcrumb\",\"itemListElement\":[{\"@type\":\"ListItem\",\"position\":1,\"name\":\"Portada\",\"item\":\"http:\\\/\\\/cuartetoenlaweb.com.ar\\\/sitio\\\/\"},{\"@type\":\"ListItem\",\"position\":2,\"name\":\"Fallo judicial: ordenan arreglos &quot;inmediatos&quot; en la Ruta 40 tras presentaci\u00f3n del gobernador Weretilneck\"}]},{\"@type\":\"WebSite\",\"@id\":\"http:\\\/\\\/cuartetoenlaweb.com.ar\\\/sitio\\\/#website\",\"url\":\"http:\\\/\\\/cuartetoenlaweb.com.ar\\\/sitio\\\/\",\"name\":\"Cuarteto en la Web\",\"description\":\"\",\"publisher\":{\"@id\":\"http:\\\/\\\/cuartetoenlaweb.com.ar\\\/sitio\\\/#organization\"},\"potentialAction\":[{\"@type\":\"SearchAction\",\"target\":{\"@type\":\"EntryPoint\",\"urlTemplate\":\"http:\\\/\\\/cuartetoenlaweb.com.ar\\\/sitio\\\/?s={search_term_string}\"},\"query-input\":{\"@type\":\"PropertyValueSpecification\",\"valueRequired\":true,\"valueName\":\"search_term_string\"}}],\"inLanguage\":\"es\"},{\"@type\":\"Organization\",\"@id\":\"http:\\\/\\\/cuartetoenlaweb.com.ar\\\/sitio\\\/#organization\",\"name\":\"Cuarteto en la Web\",\"url\":\"http:\\\/\\\/cuartetoenlaweb.com.ar\\\/sitio\\\/\",\"logo\":{\"@type\":\"ImageObject\",\"inLanguage\":\"es\",\"@id\":\"http:\\\/\\\/cuartetoenlaweb.com.ar\\\/sitio\\\/#\\\/schema\\\/logo\\\/image\\\/\",\"url\":\"https:\\\/\\\/cuartetoenlaweb.com.ar\\\/sitio\\\/wp-content\\\/uploads\\\/2025\\\/07\\\/cropped-cropped-logitoweb21.png\",\"contentUrl\":\"https:\\\/\\\/cuartetoenlaweb.com.ar\\\/sitio\\\/wp-content\\\/uploads\\\/2025\\\/07\\\/cropped-cropped-logitoweb21.png\",\"width\":199,\"height\":199,\"caption\":\"Cuarteto en la Web\"},\"image\":{\"@id\":\"http:\\\/\\\/cuartetoenlaweb.com.ar\\\/sitio\\\/#\\\/schema\\\/logo\\\/image\\\/\"}}]}<\/script>\n<!-- \/ Yoast SEO plugin. -->","yoast_head_json":{"title":"Fallo judicial: ordenan arreglos &quot;inmediatos&quot; en la Ruta 40 tras presentaci\u00f3n del gobernador Weretilneck - Cuarteto en la Web","robots":{"index":"index","follow":"follow","max-snippet":"max-snippet:-1","max-image-preview":"max-image-preview:large","max-video-preview":"max-video-preview:-1"},"canonical":"http:\/\/cuartetoenlaweb.com.ar\/sitio\/fallo-judicial-ordenan-arreglos-inmediatos-en-la-ruta-40-tras-presentacion-del-gobernador-weretilneck\/","og_locale":"es_ES","og_type":"article","og_title":"Fallo judicial: ordenan arreglos &quot;inmediatos&quot; en la Ruta 40 tras presentaci\u00f3n del gobernador Weretilneck - Cuarteto en la Web","og_description":"Buenos Aires, 15 de noviembre (NA) &#8211; La Justicia Federal","og_url":"http:\/\/cuartetoenlaweb.com.ar\/sitio\/fallo-judicial-ordenan-arreglos-inmediatos-en-la-ruta-40-tras-presentacion-del-gobernador-weretilneck\/","og_site_name":"Cuarteto en la Web","article_published_time":"2025-11-15T15:00:26+00:00","og_image":[{"width":1236,"height":720,"url":"http:\/\/cuartetoenlaweb.com.ar\/sitio\/wp-content\/uploads\/2025\/11\/720-1044.jpeg","type":"image\/jpeg"}],"twitter_card":"summary_large_image","twitter_misc":{"Tiempo de lectura":"3 minutos"},"schema":{"@context":"https:\/\/schema.org","@graph":[{"@type":"Article","@id":"http:\/\/cuartetoenlaweb.com.ar\/sitio\/fallo-judicial-ordenan-arreglos-inmediatos-en-la-ruta-40-tras-presentacion-del-gobernador-weretilneck\/#article","isPartOf":{"@id":"http:\/\/cuartetoenlaweb.com.ar\/sitio\/fallo-judicial-ordenan-arreglos-inmediatos-en-la-ruta-40-tras-presentacion-del-gobernador-weretilneck\/"},"author":{"name":"","@id":""},"headline":"Fallo judicial: ordenan arreglos &quot;inmediatos&quot; en la Ruta 40 tras presentaci\u00f3n del gobernador Weretilneck","datePublished":"2025-11-15T15:00:26+00:00","mainEntityOfPage":{"@id":"http:\/\/cuartetoenlaweb.com.ar\/sitio\/fallo-judicial-ordenan-arreglos-inmediatos-en-la-ruta-40-tras-presentacion-del-gobernador-weretilneck\/"},"wordCount":531,"publisher":{"@id":"http:\/\/cuartetoenlaweb.com.ar\/sitio\/#organization"},"image":{"@id":"http:\/\/cuartetoenlaweb.com.ar\/sitio\/fallo-judicial-ordenan-arreglos-inmediatos-en-la-ruta-40-tras-presentacion-del-gobernador-weretilneck\/#primaryimage"},"thumbnailUrl":"https:\/\/cuartetoenlaweb.com.ar\/sitio\/wp-content\/uploads\/2025\/11\/720-1044.jpeg","articleSection":["PAIS"],"inLanguage":"es"},{"@type":"WebPage","@id":"http:\/\/cuartetoenlaweb.com.ar\/sitio\/fallo-judicial-ordenan-arreglos-inmediatos-en-la-ruta-40-tras-presentacion-del-gobernador-weretilneck\/","url":"http:\/\/cuartetoenlaweb.com.ar\/sitio\/fallo-judicial-ordenan-arreglos-inmediatos-en-la-ruta-40-tras-presentacion-del-gobernador-weretilneck\/","name":"Fallo judicial: ordenan arreglos &quot;inmediatos&quot; en la Ruta 40 tras presentaci\u00f3n del gobernador Weretilneck - Cuarteto en la Web","isPartOf":{"@id":"http:\/\/cuartetoenlaweb.com.ar\/sitio\/#website"},"primaryImageOfPage":{"@id":"http:\/\/cuartetoenlaweb.com.ar\/sitio\/fallo-judicial-ordenan-arreglos-inmediatos-en-la-ruta-40-tras-presentacion-del-gobernador-weretilneck\/#primaryimage"},"image":{"@id":"http:\/\/cuartetoenlaweb.com.ar\/sitio\/fallo-judicial-ordenan-arreglos-inmediatos-en-la-ruta-40-tras-presentacion-del-gobernador-weretilneck\/#primaryimage"},"thumbnailUrl":"https:\/\/cuartetoenlaweb.com.ar\/sitio\/wp-content\/uploads\/2025\/11\/720-1044.jpeg","datePublished":"2025-11-15T15:00:26+00:00","breadcrumb":{"@id":"http:\/\/cuartetoenlaweb.com.ar\/sitio\/fallo-judicial-ordenan-arreglos-inmediatos-en-la-ruta-40-tras-presentacion-del-gobernador-weretilneck\/#breadcrumb"},"inLanguage":"es","potentialAction":[{"@type":"ReadAction","target":["http:\/\/cuartetoenlaweb.com.ar\/sitio\/fallo-judicial-ordenan-arreglos-inmediatos-en-la-ruta-40-tras-presentacion-del-gobernador-weretilneck\/"]}]},{"@type":"ImageObject","inLanguage":"es","@id":"http:\/\/cuartetoenlaweb.com.ar\/sitio\/fallo-judicial-ordenan-arreglos-inmediatos-en-la-ruta-40-tras-presentacion-del-gobernador-weretilneck\/#primaryimage","url":"https:\/\/cuartetoenlaweb.com.ar\/sitio\/wp-content\/uploads\/2025\/11\/720-1044.jpeg","contentUrl":"https:\/\/cuartetoenlaweb.com.ar\/sitio\/wp-content\/uploads\/2025\/11\/720-1044.jpeg","width":1236,"height":720},{"@type":"BreadcrumbList","@id":"http:\/\/cuartetoenlaweb.com.ar\/sitio\/fallo-judicial-ordenan-arreglos-inmediatos-en-la-ruta-40-tras-presentacion-del-gobernador-weretilneck\/#breadcrumb","itemListElement":[{"@type":"ListItem","position":1,"name":"Portada","item":"http:\/\/cuartetoenlaweb.com.ar\/sitio\/"},{"@type":"ListItem","position":2,"name":"Fallo judicial: ordenan arreglos &quot;inmediatos&quot; en la Ruta 40 tras presentaci\u00f3n del gobernador Weretilneck"}]},{"@type":"WebSite","@id":"http:\/\/cuartetoenlaweb.com.ar\/sitio\/#website","url":"http:\/\/cuartetoenlaweb.com.ar\/sitio\/","name":"Cuarteto en la Web","description":"","publisher":{"@id":"http:\/\/cuartetoenlaweb.com.ar\/sitio\/#organization"},"potentialAction":[{"@type":"SearchAction","target":{"@type":"EntryPoint","urlTemplate":"http:\/\/cuartetoenlaweb.com.ar\/sitio\/?s={search_term_string}"},"query-input":{"@type":"PropertyValueSpecification","valueRequired":true,"valueName":"search_term_string"}}],"inLanguage":"es"},{"@type":"Organization","@id":"http:\/\/cuartetoenlaweb.com.ar\/sitio\/#organization","name":"Cuarteto en la Web","url":"http:\/\/cuartetoenlaweb.com.ar\/sitio\/","logo":{"@type":"ImageObject","inLanguage":"es","@id":"http:\/\/cuartetoenlaweb.com.ar\/sitio\/#\/schema\/logo\/image\/","url":"https:\/\/cuartetoenlaweb.com.ar\/sitio\/wp-content\/uploads\/2025\/07\/cropped-cropped-logitoweb21.png","contentUrl":"https:\/\/cuartetoenlaweb.com.ar\/sitio\/wp-content\/uploads\/2025\/07\/cropped-cropped-logitoweb21.png","width":199,"height":199,"caption":"Cuarteto en la Web"},"image":{"@id":"http:\/\/cuartetoenlaweb.com.ar\/sitio\/#\/schema\/logo\/image\/"}}]}},"_links":{"self":[{"href":"https:\/\/cuartetoenlaweb.com.ar\/sitio\/wp-json\/wp\/v2\/posts\/4387","targetHints":{"allow":["GET"]}}],"collection":[{"href":"https:\/\/cuartetoenlaweb.com.ar\/sitio\/wp-json\/wp\/v2\/posts"}],"about":[{"href":"https:\/\/cuartetoenlaweb.com.ar\/sitio\/wp-json\/wp\/v2\/types\/post"}],"replies":[{"embeddable":true,"href":"https:\/\/cuartetoenlaweb.com.ar\/sitio\/wp-json\/wp\/v2\/comments?post=4387"}],"version-history":[{"count":0,"href":"https:\/\/cuartetoenlaweb.com.ar\/sitio\/wp-json\/wp\/v2\/posts\/4387\/revisions"}],"wp:featuredmedia":[{"embeddable":true,"href":"https:\/\/cuartetoenlaweb.com.ar\/sitio\/wp-json\/wp\/v2\/media\/4388"}],"wp:attachment":[{"href":"https:\/\/cuartetoenlaweb.com.ar\/sitio\/wp-json\/wp\/v2\/media?parent=4387"}],"wp:term":[{"taxonomy":"category","embeddable":true,"href":"https:\/\/cuartetoenlaweb.com.ar\/sitio\/wp-json\/wp\/v2\/categories?post=4387"},{"taxonomy":"post_tag","embeddable":true,"href":"https:\/\/cuartetoenlaweb.com.ar\/sitio\/wp-json\/wp\/v2\/tags?post=4387"}],"curies":[{"name":"wp","href":"https:\/\/api.w.org\/{rel}","templated":true}]}}