
{"id":4373,"date":"2025-11-15T11:04:04","date_gmt":"2025-11-15T14:04:04","guid":{"rendered":"https:\/\/cuartetoenlaweb.com.ar\/sitio\/morelli-y-perrone-brillaron-en-valencia-gran-clasificacion-argentina-en-el-cierre-de-moto3\/"},"modified":"2025-11-15T11:04:04","modified_gmt":"2025-11-15T14:04:04","slug":"morelli-y-perrone-brillaron-en-valencia-gran-clasificacion-argentina-en-el-cierre-de-moto3","status":"publish","type":"post","link":"https:\/\/cuartetoenlaweb.com.ar\/sitio\/morelli-y-perrone-brillaron-en-valencia-gran-clasificacion-argentina-en-el-cierre-de-moto3\/","title":{"rendered":"Morelli y Perrone brillaron en Valencia: gran clasificaci\u00f3n argentina en el cierre de Moto3"},"content":{"rendered":"<p>Buenos Aires, 15 noviembre (NA) \u2014 La clasificaci\u00f3n de Moto3 en el Gran Premio de Valencia dej\u00f3 una alentadora actuaci\u00f3n para los pilotos argentinos en la antesala de la \u00faltima carrera de la temporada donde terminaron en el quinto y octavo puesto.<\/p>\n<p>Con el espa\u00f1ol Adri\u00e1n Fern\u00e1ndez marcando la pole position con un tiempo de 1:36.990, el argentino Marco Morelli (5to) -seg\u00fan supo la Agencia Noticias Argentinas, su mejor clasificaci\u00f3n desde que lleg\u00f3 al Mundial- y su compatriota Valent\u00edn Perrone (8vo) consiguieron colarse entre los diez mejores, consolidando un cierre de a\u00f1o altamente positivo para el motociclismo nacional.<\/p>\n<p>El espa\u00f1ol encabez\u00f3 un 1-2 del Leopard Racing junto a David Almansa, mientras que M\u00e1ximo Quiles complet\u00f3 el top 3.<\/p>\n<p>Morelli firm\u00f3 su mejor clasificaci\u00f3n desde que lleg\u00f3 al Mundial al ubicarse quinto, a solo 306 mil\u00e9simas de la pole. El piloto argentino aprovech\u00f3 una vuelta r\u00e1pida a rueda de Almansa para meterse de lleno en la discusi\u00f3n de los principales puestos y confirmar su progreso en la categor\u00eda.<\/p>\n<p>Perrone, por su parte, finaliz\u00f3 octavo despu\u00e9s de verse beneficiado por la eliminaci\u00f3n de un registro de Taiyo Furusato, capitalizando al m\u00e1ximo una Q2 en la que el tr\u00e1fico y las referencias en pista jugaron un papel determinante.<\/p>\n<p>La sesi\u00f3n se desarroll\u00f3 en un Cheste con cielo nublado y condiciones cambiantes, con poco viento, una temperatura de 20 grados y humedad del 54%.<\/p>\n<p>El desempe\u00f1o conjunto de Morelli y Perrone volvi\u00f3 a poner a la Argentina en escena en una categor\u00eda altamente competitiva y cargada de talento joven. Ambos llegar\u00e1n con excelentes sensaciones a la carrera del domingo, programada para las 7 de la ma\u00f1ana (hora argentina), donde intentar\u00e1n coronar el a\u00f1o con un resultado destacado en el Circuito Ricardo Tormo.<\/p>\n<p>#AgenciaNA<\/p>\n","protected":false},"excerpt":{"rendered":"<p>Buenos Aires, 15 noviembre (NA) \u2014 La clasificaci\u00f3n de Moto3<\/p>\n","protected":false},"author":0,"featured_media":4374,"comment_status":"","ping_status":"","sticky":false,"template":"","format":"standard","meta":{"footnotes":""},"categories":[65],"tags":[],"class_list":["post-4373","post","type-post","status-publish","format-standard","has-post-thumbnail","hentry","category-pais"],"yoast_head":"<!-- This site is optimized with the Yoast SEO plugin v27.5 - https:\/\/yoast.com\/product\/yoast-seo-wordpress\/ -->\n<title>Morelli y Perrone brillaron en Valencia: gran clasificaci\u00f3n argentina en el cierre de Moto3 - Cuarteto en la Web<\/title>\n<meta name=\"robots\" content=\"index, follow, max-snippet:-1, max-image-preview:large, max-video-preview:-1\" \/>\n<link rel=\"canonical\" href=\"http:\/\/cuartetoenlaweb.com.ar\/sitio\/morelli-y-perrone-brillaron-en-valencia-gran-clasificacion-argentina-en-el-cierre-de-moto3\/\" \/>\n<meta property=\"og:locale\" content=\"es_ES\" \/>\n<meta property=\"og:type\" content=\"article\" \/>\n<meta property=\"og:title\" content=\"Morelli y Perrone brillaron en Valencia: gran clasificaci\u00f3n argentina en el cierre de Moto3 - Cuarteto en la Web\" \/>\n<meta property=\"og:description\" content=\"Buenos Aires, 15 noviembre (NA) \u2014 La clasificaci\u00f3n de Moto3\" \/>\n<meta property=\"og:url\" content=\"http:\/\/cuartetoenlaweb.com.ar\/sitio\/morelli-y-perrone-brillaron-en-valencia-gran-clasificacion-argentina-en-el-cierre-de-moto3\/\" \/>\n<meta property=\"og:site_name\" content=\"Cuarteto en la Web\" \/>\n<meta property=\"article:published_time\" content=\"2025-11-15T14:04:04+00:00\" \/>\n<meta property=\"og:image\" content=\"http:\/\/cuartetoenlaweb.com.ar\/sitio\/wp-content\/uploads\/2025\/11\/720-1037.jpeg\" \/>\n\t<meta property=\"og:image:width\" content=\"1280\" \/>\n\t<meta property=\"og:image:height\" content=\"720\" \/>\n\t<meta property=\"og:image:type\" content=\"image\/jpeg\" \/>\n<meta name=\"twitter:card\" content=\"summary_large_image\" \/>\n<meta name=\"twitter:label1\" content=\"Tiempo de lectura\" \/>\n\t<meta name=\"twitter:data1\" content=\"2 minutos\" \/>\n<script type=\"application\/ld+json\" class=\"yoast-schema-graph\">{\"@context\":\"https:\\\/\\\/schema.org\",\"@graph\":[{\"@type\":\"Article\",\"@id\":\"http:\\\/\\\/cuartetoenlaweb.com.ar\\\/sitio\\\/morelli-y-perrone-brillaron-en-valencia-gran-clasificacion-argentina-en-el-cierre-de-moto3\\\/#article\",\"isPartOf\":{\"@id\":\"http:\\\/\\\/cuartetoenlaweb.com.ar\\\/sitio\\\/morelli-y-perrone-brillaron-en-valencia-gran-clasificacion-argentina-en-el-cierre-de-moto3\\\/\"},\"author\":{\"name\":\"\",\"@id\":\"\"},\"headline\":\"Morelli y Perrone brillaron en Valencia: gran clasificaci\u00f3n argentina en el cierre de Moto3\",\"datePublished\":\"2025-11-15T14:04:04+00:00\",\"mainEntityOfPage\":{\"@id\":\"http:\\\/\\\/cuartetoenlaweb.com.ar\\\/sitio\\\/morelli-y-perrone-brillaron-en-valencia-gran-clasificacion-argentina-en-el-cierre-de-moto3\\\/\"},\"wordCount\":323,\"publisher\":{\"@id\":\"http:\\\/\\\/cuartetoenlaweb.com.ar\\\/sitio\\\/#organization\"},\"image\":{\"@id\":\"http:\\\/\\\/cuartetoenlaweb.com.ar\\\/sitio\\\/morelli-y-perrone-brillaron-en-valencia-gran-clasificacion-argentina-en-el-cierre-de-moto3\\\/#primaryimage\"},\"thumbnailUrl\":\"https:\\\/\\\/cuartetoenlaweb.com.ar\\\/sitio\\\/wp-content\\\/uploads\\\/2025\\\/11\\\/720-1037.jpeg\",\"articleSection\":[\"PAIS\"],\"inLanguage\":\"es\"},{\"@type\":\"WebPage\",\"@id\":\"http:\\\/\\\/cuartetoenlaweb.com.ar\\\/sitio\\\/morelli-y-perrone-brillaron-en-valencia-gran-clasificacion-argentina-en-el-cierre-de-moto3\\\/\",\"url\":\"http:\\\/\\\/cuartetoenlaweb.com.ar\\\/sitio\\\/morelli-y-perrone-brillaron-en-valencia-gran-clasificacion-argentina-en-el-cierre-de-moto3\\\/\",\"name\":\"Morelli y Perrone brillaron en Valencia: gran clasificaci\u00f3n argentina en el cierre de Moto3 - Cuarteto en la Web\",\"isPartOf\":{\"@id\":\"http:\\\/\\\/cuartetoenlaweb.com.ar\\\/sitio\\\/#website\"},\"primaryImageOfPage\":{\"@id\":\"http:\\\/\\\/cuartetoenlaweb.com.ar\\\/sitio\\\/morelli-y-perrone-brillaron-en-valencia-gran-clasificacion-argentina-en-el-cierre-de-moto3\\\/#primaryimage\"},\"image\":{\"@id\":\"http:\\\/\\\/cuartetoenlaweb.com.ar\\\/sitio\\\/morelli-y-perrone-brillaron-en-valencia-gran-clasificacion-argentina-en-el-cierre-de-moto3\\\/#primaryimage\"},\"thumbnailUrl\":\"https:\\\/\\\/cuartetoenlaweb.com.ar\\\/sitio\\\/wp-content\\\/uploads\\\/2025\\\/11\\\/720-1037.jpeg\",\"datePublished\":\"2025-11-15T14:04:04+00:00\",\"breadcrumb\":{\"@id\":\"http:\\\/\\\/cuartetoenlaweb.com.ar\\\/sitio\\\/morelli-y-perrone-brillaron-en-valencia-gran-clasificacion-argentina-en-el-cierre-de-moto3\\\/#breadcrumb\"},\"inLanguage\":\"es\",\"potentialAction\":[{\"@type\":\"ReadAction\",\"target\":[\"http:\\\/\\\/cuartetoenlaweb.com.ar\\\/sitio\\\/morelli-y-perrone-brillaron-en-valencia-gran-clasificacion-argentina-en-el-cierre-de-moto3\\\/\"]}]},{\"@type\":\"ImageObject\",\"inLanguage\":\"es\",\"@id\":\"http:\\\/\\\/cuartetoenlaweb.com.ar\\\/sitio\\\/morelli-y-perrone-brillaron-en-valencia-gran-clasificacion-argentina-en-el-cierre-de-moto3\\\/#primaryimage\",\"url\":\"https:\\\/\\\/cuartetoenlaweb.com.ar\\\/sitio\\\/wp-content\\\/uploads\\\/2025\\\/11\\\/720-1037.jpeg\",\"contentUrl\":\"https:\\\/\\\/cuartetoenlaweb.com.ar\\\/sitio\\\/wp-content\\\/uploads\\\/2025\\\/11\\\/720-1037.jpeg\",\"width\":1280,\"height\":720},{\"@type\":\"BreadcrumbList\",\"@id\":\"http:\\\/\\\/cuartetoenlaweb.com.ar\\\/sitio\\\/morelli-y-perrone-brillaron-en-valencia-gran-clasificacion-argentina-en-el-cierre-de-moto3\\\/#breadcrumb\",\"itemListElement\":[{\"@type\":\"ListItem\",\"position\":1,\"name\":\"Portada\",\"item\":\"http:\\\/\\\/cuartetoenlaweb.com.ar\\\/sitio\\\/\"},{\"@type\":\"ListItem\",\"position\":2,\"name\":\"Morelli y Perrone brillaron en Valencia: gran clasificaci\u00f3n argentina en el cierre de Moto3\"}]},{\"@type\":\"WebSite\",\"@id\":\"http:\\\/\\\/cuartetoenlaweb.com.ar\\\/sitio\\\/#website\",\"url\":\"http:\\\/\\\/cuartetoenlaweb.com.ar\\\/sitio\\\/\",\"name\":\"Cuarteto en la Web\",\"description\":\"\",\"publisher\":{\"@id\":\"http:\\\/\\\/cuartetoenlaweb.com.ar\\\/sitio\\\/#organization\"},\"potentialAction\":[{\"@type\":\"SearchAction\",\"target\":{\"@type\":\"EntryPoint\",\"urlTemplate\":\"http:\\\/\\\/cuartetoenlaweb.com.ar\\\/sitio\\\/?s={search_term_string}\"},\"query-input\":{\"@type\":\"PropertyValueSpecification\",\"valueRequired\":true,\"valueName\":\"search_term_string\"}}],\"inLanguage\":\"es\"},{\"@type\":\"Organization\",\"@id\":\"http:\\\/\\\/cuartetoenlaweb.com.ar\\\/sitio\\\/#organization\",\"name\":\"Cuarteto en la Web\",\"url\":\"http:\\\/\\\/cuartetoenlaweb.com.ar\\\/sitio\\\/\",\"logo\":{\"@type\":\"ImageObject\",\"inLanguage\":\"es\",\"@id\":\"http:\\\/\\\/cuartetoenlaweb.com.ar\\\/sitio\\\/#\\\/schema\\\/logo\\\/image\\\/\",\"url\":\"https:\\\/\\\/cuartetoenlaweb.com.ar\\\/sitio\\\/wp-content\\\/uploads\\\/2025\\\/07\\\/cropped-cropped-logitoweb21.png\",\"contentUrl\":\"https:\\\/\\\/cuartetoenlaweb.com.ar\\\/sitio\\\/wp-content\\\/uploads\\\/2025\\\/07\\\/cropped-cropped-logitoweb21.png\",\"width\":199,\"height\":199,\"caption\":\"Cuarteto en la Web\"},\"image\":{\"@id\":\"http:\\\/\\\/cuartetoenlaweb.com.ar\\\/sitio\\\/#\\\/schema\\\/logo\\\/image\\\/\"}}]}<\/script>\n<!-- \/ Yoast SEO plugin. -->","yoast_head_json":{"title":"Morelli y Perrone brillaron en Valencia: gran clasificaci\u00f3n argentina en el cierre de Moto3 - Cuarteto en la Web","robots":{"index":"index","follow":"follow","max-snippet":"max-snippet:-1","max-image-preview":"max-image-preview:large","max-video-preview":"max-video-preview:-1"},"canonical":"http:\/\/cuartetoenlaweb.com.ar\/sitio\/morelli-y-perrone-brillaron-en-valencia-gran-clasificacion-argentina-en-el-cierre-de-moto3\/","og_locale":"es_ES","og_type":"article","og_title":"Morelli y Perrone brillaron en Valencia: gran clasificaci\u00f3n argentina en el cierre de Moto3 - Cuarteto en la Web","og_description":"Buenos Aires, 15 noviembre (NA) \u2014 La clasificaci\u00f3n de Moto3","og_url":"http:\/\/cuartetoenlaweb.com.ar\/sitio\/morelli-y-perrone-brillaron-en-valencia-gran-clasificacion-argentina-en-el-cierre-de-moto3\/","og_site_name":"Cuarteto en la Web","article_published_time":"2025-11-15T14:04:04+00:00","og_image":[{"width":1280,"height":720,"url":"http:\/\/cuartetoenlaweb.com.ar\/sitio\/wp-content\/uploads\/2025\/11\/720-1037.jpeg","type":"image\/jpeg"}],"twitter_card":"summary_large_image","twitter_misc":{"Tiempo de lectura":"2 minutos"},"schema":{"@context":"https:\/\/schema.org","@graph":[{"@type":"Article","@id":"http:\/\/cuartetoenlaweb.com.ar\/sitio\/morelli-y-perrone-brillaron-en-valencia-gran-clasificacion-argentina-en-el-cierre-de-moto3\/#article","isPartOf":{"@id":"http:\/\/cuartetoenlaweb.com.ar\/sitio\/morelli-y-perrone-brillaron-en-valencia-gran-clasificacion-argentina-en-el-cierre-de-moto3\/"},"author":{"name":"","@id":""},"headline":"Morelli y Perrone brillaron en Valencia: gran clasificaci\u00f3n argentina en el cierre de Moto3","datePublished":"2025-11-15T14:04:04+00:00","mainEntityOfPage":{"@id":"http:\/\/cuartetoenlaweb.com.ar\/sitio\/morelli-y-perrone-brillaron-en-valencia-gran-clasificacion-argentina-en-el-cierre-de-moto3\/"},"wordCount":323,"publisher":{"@id":"http:\/\/cuartetoenlaweb.com.ar\/sitio\/#organization"},"image":{"@id":"http:\/\/cuartetoenlaweb.com.ar\/sitio\/morelli-y-perrone-brillaron-en-valencia-gran-clasificacion-argentina-en-el-cierre-de-moto3\/#primaryimage"},"thumbnailUrl":"https:\/\/cuartetoenlaweb.com.ar\/sitio\/wp-content\/uploads\/2025\/11\/720-1037.jpeg","articleSection":["PAIS"],"inLanguage":"es"},{"@type":"WebPage","@id":"http:\/\/cuartetoenlaweb.com.ar\/sitio\/morelli-y-perrone-brillaron-en-valencia-gran-clasificacion-argentina-en-el-cierre-de-moto3\/","url":"http:\/\/cuartetoenlaweb.com.ar\/sitio\/morelli-y-perrone-brillaron-en-valencia-gran-clasificacion-argentina-en-el-cierre-de-moto3\/","name":"Morelli y Perrone brillaron en Valencia: gran clasificaci\u00f3n argentina en el cierre de Moto3 - Cuarteto en la Web","isPartOf":{"@id":"http:\/\/cuartetoenlaweb.com.ar\/sitio\/#website"},"primaryImageOfPage":{"@id":"http:\/\/cuartetoenlaweb.com.ar\/sitio\/morelli-y-perrone-brillaron-en-valencia-gran-clasificacion-argentina-en-el-cierre-de-moto3\/#primaryimage"},"image":{"@id":"http:\/\/cuartetoenlaweb.com.ar\/sitio\/morelli-y-perrone-brillaron-en-valencia-gran-clasificacion-argentina-en-el-cierre-de-moto3\/#primaryimage"},"thumbnailUrl":"https:\/\/cuartetoenlaweb.com.ar\/sitio\/wp-content\/uploads\/2025\/11\/720-1037.jpeg","datePublished":"2025-11-15T14:04:04+00:00","breadcrumb":{"@id":"http:\/\/cuartetoenlaweb.com.ar\/sitio\/morelli-y-perrone-brillaron-en-valencia-gran-clasificacion-argentina-en-el-cierre-de-moto3\/#breadcrumb"},"inLanguage":"es","potentialAction":[{"@type":"ReadAction","target":["http:\/\/cuartetoenlaweb.com.ar\/sitio\/morelli-y-perrone-brillaron-en-valencia-gran-clasificacion-argentina-en-el-cierre-de-moto3\/"]}]},{"@type":"ImageObject","inLanguage":"es","@id":"http:\/\/cuartetoenlaweb.com.ar\/sitio\/morelli-y-perrone-brillaron-en-valencia-gran-clasificacion-argentina-en-el-cierre-de-moto3\/#primaryimage","url":"https:\/\/cuartetoenlaweb.com.ar\/sitio\/wp-content\/uploads\/2025\/11\/720-1037.jpeg","contentUrl":"https:\/\/cuartetoenlaweb.com.ar\/sitio\/wp-content\/uploads\/2025\/11\/720-1037.jpeg","width":1280,"height":720},{"@type":"BreadcrumbList","@id":"http:\/\/cuartetoenlaweb.com.ar\/sitio\/morelli-y-perrone-brillaron-en-valencia-gran-clasificacion-argentina-en-el-cierre-de-moto3\/#breadcrumb","itemListElement":[{"@type":"ListItem","position":1,"name":"Portada","item":"http:\/\/cuartetoenlaweb.com.ar\/sitio\/"},{"@type":"ListItem","position":2,"name":"Morelli y Perrone brillaron en Valencia: gran clasificaci\u00f3n argentina en el cierre de Moto3"}]},{"@type":"WebSite","@id":"http:\/\/cuartetoenlaweb.com.ar\/sitio\/#website","url":"http:\/\/cuartetoenlaweb.com.ar\/sitio\/","name":"Cuarteto en la Web","description":"","publisher":{"@id":"http:\/\/cuartetoenlaweb.com.ar\/sitio\/#organization"},"potentialAction":[{"@type":"SearchAction","target":{"@type":"EntryPoint","urlTemplate":"http:\/\/cuartetoenlaweb.com.ar\/sitio\/?s={search_term_string}"},"query-input":{"@type":"PropertyValueSpecification","valueRequired":true,"valueName":"search_term_string"}}],"inLanguage":"es"},{"@type":"Organization","@id":"http:\/\/cuartetoenlaweb.com.ar\/sitio\/#organization","name":"Cuarteto en la Web","url":"http:\/\/cuartetoenlaweb.com.ar\/sitio\/","logo":{"@type":"ImageObject","inLanguage":"es","@id":"http:\/\/cuartetoenlaweb.com.ar\/sitio\/#\/schema\/logo\/image\/","url":"https:\/\/cuartetoenlaweb.com.ar\/sitio\/wp-content\/uploads\/2025\/07\/cropped-cropped-logitoweb21.png","contentUrl":"https:\/\/cuartetoenlaweb.com.ar\/sitio\/wp-content\/uploads\/2025\/07\/cropped-cropped-logitoweb21.png","width":199,"height":199,"caption":"Cuarteto en la Web"},"image":{"@id":"http:\/\/cuartetoenlaweb.com.ar\/sitio\/#\/schema\/logo\/image\/"}}]}},"_links":{"self":[{"href":"https:\/\/cuartetoenlaweb.com.ar\/sitio\/wp-json\/wp\/v2\/posts\/4373","targetHints":{"allow":["GET"]}}],"collection":[{"href":"https:\/\/cuartetoenlaweb.com.ar\/sitio\/wp-json\/wp\/v2\/posts"}],"about":[{"href":"https:\/\/cuartetoenlaweb.com.ar\/sitio\/wp-json\/wp\/v2\/types\/post"}],"replies":[{"embeddable":true,"href":"https:\/\/cuartetoenlaweb.com.ar\/sitio\/wp-json\/wp\/v2\/comments?post=4373"}],"version-history":[{"count":0,"href":"https:\/\/cuartetoenlaweb.com.ar\/sitio\/wp-json\/wp\/v2\/posts\/4373\/revisions"}],"wp:featuredmedia":[{"embeddable":true,"href":"https:\/\/cuartetoenlaweb.com.ar\/sitio\/wp-json\/wp\/v2\/media\/4374"}],"wp:attachment":[{"href":"https:\/\/cuartetoenlaweb.com.ar\/sitio\/wp-json\/wp\/v2\/media?parent=4373"}],"wp:term":[{"taxonomy":"category","embeddable":true,"href":"https:\/\/cuartetoenlaweb.com.ar\/sitio\/wp-json\/wp\/v2\/categories?post=4373"},{"taxonomy":"post_tag","embeddable":true,"href":"https:\/\/cuartetoenlaweb.com.ar\/sitio\/wp-json\/wp\/v2\/tags?post=4373"}],"curies":[{"name":"wp","href":"https:\/\/api.w.org\/{rel}","templated":true}]}}