
{"id":4366,"date":"2025-11-15T11:03:39","date_gmt":"2025-11-15T14:03:39","guid":{"rendered":"https:\/\/cuartetoenlaweb.com.ar\/sitio\/yanina-latorre-puso-contra-las-cuerdas-a-mauro-icardi-por-sus-hijas-se-quedaron-solas-no-habian-comido-y\/"},"modified":"2025-11-15T11:03:39","modified_gmt":"2025-11-15T14:03:39","slug":"yanina-latorre-puso-contra-las-cuerdas-a-mauro-icardi-por-sus-hijas-se-quedaron-solas-no-habian-comido-y","status":"publish","type":"post","link":"https:\/\/cuartetoenlaweb.com.ar\/sitio\/yanina-latorre-puso-contra-las-cuerdas-a-mauro-icardi-por-sus-hijas-se-quedaron-solas-no-habian-comido-y\/","title":{"rendered":"Yanina Latorre puso contra las cuerdas a Mauro Icardi por sus hijas: &quot;Se quedaron solas, no hab\u00edan comido y&#8230;&quot;"},"content":{"rendered":"<p>La entrevista de la<strong> China Su\u00e1rez <\/strong>con <strong><a href=\"https:\/\/www.paparazzi.com.ar\/teve\/mario-pergolini-pierde-a-la-figura-mas-fuerte-de-su-programa-y-estallo-la-tension-en-el-trece\/\">Mario Pergolini<\/a><\/strong> dej\u00f3 todo un escenario de pol\u00e9mica y diferentes temas que fueron saliendo a la luz. Ayer justamente, la que m\u00e1s activa se mantuvo fue <strong>Yanina Latorre<\/strong> revelando diferentes informaciones.\u00a0<\/p>\n<p>Una de ellas tiene que ver con todo lo que no se vio y expuso la panelista de LAM. Primero cont\u00f3 que ten\u00eda gente infiltrada en la tribuna del programa y fue contando diferentes detalles llamativos, como actitudes de la China y Mauro.<\/p>\n<p>Empero, algo que no pas\u00f3 por alto y sorprendi\u00f3 a propios y extra\u00f1os, es que las hijas de Icardi y Wanda, <strong>Francesca<\/strong> e <strong>Isabella<\/strong>, se quedaron solas durante la noche. Dado a que luego \u00e9l la acompa\u00f1\u00f3 a grabar su entrevista con <strong><a href=\"https:\/\/www.paparazzi.com.ar\/teve\/marcelo-tinelli-hablo-con-moria-casan-y-le-confeso-por-que-la-planto-en-su-programa\/\">Moria Cas\u00e1n<\/a><\/strong>, hubo un lado B que nadie se enter\u00f3.<\/p>\n<div class=\"mt-box \">\n<h4 class=\"mt-heading\">Mir\u00e1 Tambi\u00e9n<\/h4>\n<p><a href=\"https:\/\/www.paparazzi.com.ar\/teve\/exclusivo-lo-que-nadie-vio-del-paso-de-johnny-depp-por-la-plata-tension-caprichos-y-un-pedido-inesperado\/\"><\/p>\n<div class=\"mt-content\">\n<div class=\"mt-image-container\"><img decoding=\"async\" src=\"https:\/\/www.paparazzi.com.ar\/wp-content\/uploads\/2025\/11\/Jhonny-Deep-en-La-Plata-359x226.jpg\" alt=\"\u00a1Exclusivo! Lo que nadie vio del paso de Johnny Depp por La Plata: tensi\u00f3n, caprichos y un pedido inesperado\" class=\"mt-image\" loading=\"lazy\" \/><\/div>\n<h5 class=\"mt-title\">\u00a1Exclusivo! Lo que nadie vio del paso de Johnny Depp por La Plata: tensi\u00f3n, caprichos y un pedido inesperado<\/h5>\n<\/div>\n<p><\/a><\/div>\n<p>\u201c<em>Las chicas se quedaron solas con la ni\u00f1era, alguien que trabaja en el Ministerio Tutelar se enter\u00f3 por m\u00ed de que las menores estuvieron solas y cuando la licenciada Mattera se comunic\u00f3 para saber c\u00f3mo estaban, eran las tres de la tarde y las ni\u00f1as no hab\u00edan almorzado, y ah\u00ed lo descubri\u00f3 a Icardi<\/em>\u201d, expuso <a href=\"https:\/\/www.paparazzi.com.ar\/romances\/yanina-latorre-revelo-lo-peor-que-paso-con-la-visita-de-icardi-y-la-china-suarez-a-sus-hijas-en-el-pais-una-locura-total\/\">Yanina<\/a>.\u00a0<\/p>\n<h2 class=\"wp-block-heading\">LO QUE NADIE CONT\u00d3 DE LA ENTREVISTA DE LA CHINA SU\u00c1REZ<\/h2>\n<p>Entre otras revelaciones que hizo Latorre, confes\u00f3 c\u00f3mo estaba la China durante la entrevista. Sorprendentemente, se lo mostr\u00f3 con un mejor semblante al futbolista, a quien lo notaron mucho m\u00e1s relajado en comparaci\u00f3n a su pareja.<\/p>\n<div class=\"mt-box \">\n<h4 class=\"mt-heading\">Mir\u00e1 Tambi\u00e9n<\/h4>\n<p><a href=\"https:\/\/www.paparazzi.com.ar\/romances\/dan-las-fechas-la-china-suarez-revelo-cuando-empezo-el-noviazgo-con-mauro-icardi\/\"><\/p>\n<div class=\"mt-content\">\n<div class=\"mt-image-container\"><img decoding=\"async\" src=\"https:\/\/www.paparazzi.com.ar\/wp-content\/uploads\/2025\/11\/China-Suarez-Wanda-Nara-Mauro-359x226.jpg\" alt=\"\u00bfDan las fechas? La China Su\u00e1rez revel\u00f3 cu\u00e1ndo empez\u00f3 el noviazgo con Mauro Icardi\" class=\"mt-image\" loading=\"lazy\" \/><\/div>\n<h5 class=\"mt-title\">\u00bfDan las fechas? La China Su\u00e1rez revel\u00f3 cu\u00e1ndo empez\u00f3 el noviazgo con Mauro Icardi<\/h5>\n<\/div>\n<p><\/a><\/div>\n<p>\u201c<em>Lo que me llam\u00f3 la atenci\u00f3n es que de la serie pr\u00e1cticamente no se habl\u00f3. Si habl\u00e1s con Moria y Pergolini, por qu\u00e9 no le hablan a los noteros. En el corte la China fue al ba\u00f1o y ellos se pusieron a hablar, dicen que estaba m\u00e1s relajado Mauro que Eugenia<\/em>\u201d, afirm\u00f3 la panelista.<\/p>\n<p>Cabe destacar que desde la producci\u00f3n debieron hacer un cambio de \u00faltima hora. Para ayer viernes 14 de noviembre estaba pactada <strong>Valeria Lynch<\/strong>, a quien decidieron pasarla para la semana que viene y darle prioridad a la China.<\/p>\n<div class=\"mt-box \">\n<h4 class=\"mt-heading\">Mir\u00e1 Tambi\u00e9n<\/h4>\n<p><a href=\"https:\/\/www.paparazzi.com.ar\/teve\/la-verdad-desconocida-del-odio-de-soledad-aquino-contra-paula-robles-no-es-digna-de\/\"><\/p>\n<div class=\"mt-content\">\n<div class=\"mt-image-container\"><img decoding=\"async\" src=\"https:\/\/www.paparazzi.com.ar\/wp-content\/uploads\/2025\/11\/Soledad-Aquino-Paula-Robles-y-Marcelo-Tinelli-359x226.jpg\" alt=\"La verdad desconocida del odio de Soledad Aquino contra Paula Robles: &quot;No es digna de\u2026&quot;\" class=\"mt-image\" loading=\"lazy\" \/><\/div>\n<h5 class=\"mt-title\">La verdad desconocida del odio de Soledad Aquino contra Paula Robles: \u00abNo es digna de\u2026\u00bb<\/h5>\n<\/div>\n<p><\/a><\/div>\n<div class=\"mt-box \">\n<h4 class=\"mt-heading\">Mir\u00e1 Tambi\u00e9n<\/h4>\n<p><a href=\"https:\/\/www.paparazzi.com.ar\/romances\/escandalo-total-mauro-icardi-dejo-a-sus-hijas-a-la-deriva-y-se-pudrio-todo-con-wanda-nara\/\"><\/p>\n<div class=\"mt-content\">\n<div class=\"mt-image-container\"><img decoding=\"async\" src=\"https:\/\/www.paparazzi.com.ar\/wp-content\/uploads\/2025\/11\/Wanda-Nara-China-Suarez-Mauro-Icardi-hijas-359x226.jpg\" alt=\"Esc\u00e1ndalo total: Mauro Icardi dej\u00f3 a sus hijas a la deriva y se pudri\u00f3 todo con Wanda Nara\" class=\"mt-image\" loading=\"lazy\" \/><\/div>\n<h5 class=\"mt-title\">Esc\u00e1ndalo total: Mauro Icardi dej\u00f3 a sus hijas a la deriva y se pudri\u00f3 todo con Wanda Nara<\/h5>\n<\/div>\n<p><\/a><\/div>\n<p>The post <a href=\"https:\/\/www.paparazzi.com.ar\/teve\/yanina-latorre-puso-contra-las-cuerdas-a-mauro-icardi-por-sus-hijas-se-quedaron-solas-no-habian-comido-y\/\">Yanina Latorre puso contra las cuerdas a Mauro Icardi por sus hijas: &quot;Se quedaron solas, no hab\u00edan comido y&#8230;&quot;<\/a> appeared first on <a href=\"https:\/\/www.paparazzi.com.ar\">Revista Paparazzi<\/a>.<\/p>\n","protected":false},"excerpt":{"rendered":"<p>La entrevista de la China Su\u00e1rez con Mario Pergolini dej\u00f3<\/p>\n","protected":false},"author":0,"featured_media":4367,"comment_status":"","ping_status":"","sticky":false,"template":"","format":"standard","meta":{"footnotes":""},"categories":[12],"tags":[],"class_list":["post-4366","post","type-post","status-publish","format-standard","has-post-thumbnail","hentry","category-espectaculo"],"yoast_head":"<!-- This site is optimized with the Yoast SEO plugin v27.5 - https:\/\/yoast.com\/product\/yoast-seo-wordpress\/ -->\n<title>Yanina Latorre puso contra las cuerdas a Mauro Icardi por sus hijas: &quot;Se quedaron solas, no hab\u00edan comido y...&quot; - Cuarteto en la Web<\/title>\n<meta name=\"robots\" content=\"index, follow, max-snippet:-1, max-image-preview:large, max-video-preview:-1\" \/>\n<link rel=\"canonical\" href=\"https:\/\/cuartetoenlaweb.com.ar\/sitio\/yanina-latorre-puso-contra-las-cuerdas-a-mauro-icardi-por-sus-hijas-se-quedaron-solas-no-habian-comido-y\/\" \/>\n<meta property=\"og:locale\" content=\"es_ES\" \/>\n<meta property=\"og:type\" content=\"article\" \/>\n<meta property=\"og:title\" content=\"Yanina Latorre puso contra las cuerdas a Mauro Icardi por sus hijas: &quot;Se quedaron solas, no hab\u00edan comido y...&quot; - Cuarteto en la Web\" \/>\n<meta property=\"og:description\" content=\"La entrevista de la China Su\u00e1rez con Mario Pergolini dej\u00f3\" \/>\n<meta property=\"og:url\" content=\"https:\/\/cuartetoenlaweb.com.ar\/sitio\/yanina-latorre-puso-contra-las-cuerdas-a-mauro-icardi-por-sus-hijas-se-quedaron-solas-no-habian-comido-y\/\" \/>\n<meta property=\"og:site_name\" content=\"Cuarteto en la Web\" \/>\n<meta property=\"article:published_time\" content=\"2025-11-15T14:03:39+00:00\" \/>\n<meta property=\"og:image\" content=\"https:\/\/cuartetoenlaweb.com.ar\/sitio\/wp-content\/uploads\/2025\/11\/Jhonny-Deep-en-La-Plata-359x226-5.jpg\" \/>\n\t<meta property=\"og:image:width\" content=\"359\" \/>\n\t<meta property=\"og:image:height\" content=\"226\" \/>\n\t<meta property=\"og:image:type\" content=\"image\/jpeg\" \/>\n<meta name=\"twitter:card\" content=\"summary_large_image\" \/>\n<meta name=\"twitter:label1\" content=\"Tiempo de lectura\" \/>\n\t<meta name=\"twitter:data1\" content=\"2 minutos\" \/>\n<script type=\"application\/ld+json\" class=\"yoast-schema-graph\">{\"@context\":\"https:\\\/\\\/schema.org\",\"@graph\":[{\"@type\":\"Article\",\"@id\":\"https:\\\/\\\/cuartetoenlaweb.com.ar\\\/sitio\\\/yanina-latorre-puso-contra-las-cuerdas-a-mauro-icardi-por-sus-hijas-se-quedaron-solas-no-habian-comido-y\\\/#article\",\"isPartOf\":{\"@id\":\"https:\\\/\\\/cuartetoenlaweb.com.ar\\\/sitio\\\/yanina-latorre-puso-contra-las-cuerdas-a-mauro-icardi-por-sus-hijas-se-quedaron-solas-no-habian-comido-y\\\/\"},\"author\":{\"name\":\"\",\"@id\":\"\"},\"headline\":\"Yanina Latorre puso contra las cuerdas a Mauro Icardi por sus hijas: &quot;Se quedaron solas, no hab\u00edan comido y&#8230;&quot;\",\"datePublished\":\"2025-11-15T14:03:39+00:00\",\"mainEntityOfPage\":{\"@id\":\"https:\\\/\\\/cuartetoenlaweb.com.ar\\\/sitio\\\/yanina-latorre-puso-contra-las-cuerdas-a-mauro-icardi-por-sus-hijas-se-quedaron-solas-no-habian-comido-y\\\/\"},\"wordCount\":480,\"publisher\":{\"@id\":\"http:\\\/\\\/cuartetoenlaweb.com.ar\\\/sitio\\\/#organization\"},\"image\":{\"@id\":\"https:\\\/\\\/cuartetoenlaweb.com.ar\\\/sitio\\\/yanina-latorre-puso-contra-las-cuerdas-a-mauro-icardi-por-sus-hijas-se-quedaron-solas-no-habian-comido-y\\\/#primaryimage\"},\"thumbnailUrl\":\"https:\\\/\\\/cuartetoenlaweb.com.ar\\\/sitio\\\/wp-content\\\/uploads\\\/2025\\\/11\\\/Jhonny-Deep-en-La-Plata-359x226-5.jpg\",\"articleSection\":[\"ESPECT\u00c1CULO\"],\"inLanguage\":\"es\"},{\"@type\":\"WebPage\",\"@id\":\"https:\\\/\\\/cuartetoenlaweb.com.ar\\\/sitio\\\/yanina-latorre-puso-contra-las-cuerdas-a-mauro-icardi-por-sus-hijas-se-quedaron-solas-no-habian-comido-y\\\/\",\"url\":\"https:\\\/\\\/cuartetoenlaweb.com.ar\\\/sitio\\\/yanina-latorre-puso-contra-las-cuerdas-a-mauro-icardi-por-sus-hijas-se-quedaron-solas-no-habian-comido-y\\\/\",\"name\":\"Yanina Latorre puso contra las cuerdas a Mauro Icardi por sus hijas: &quot;Se quedaron solas, no hab\u00edan comido y...&quot; - Cuarteto en la Web\",\"isPartOf\":{\"@id\":\"http:\\\/\\\/cuartetoenlaweb.com.ar\\\/sitio\\\/#website\"},\"primaryImageOfPage\":{\"@id\":\"https:\\\/\\\/cuartetoenlaweb.com.ar\\\/sitio\\\/yanina-latorre-puso-contra-las-cuerdas-a-mauro-icardi-por-sus-hijas-se-quedaron-solas-no-habian-comido-y\\\/#primaryimage\"},\"image\":{\"@id\":\"https:\\\/\\\/cuartetoenlaweb.com.ar\\\/sitio\\\/yanina-latorre-puso-contra-las-cuerdas-a-mauro-icardi-por-sus-hijas-se-quedaron-solas-no-habian-comido-y\\\/#primaryimage\"},\"thumbnailUrl\":\"https:\\\/\\\/cuartetoenlaweb.com.ar\\\/sitio\\\/wp-content\\\/uploads\\\/2025\\\/11\\\/Jhonny-Deep-en-La-Plata-359x226-5.jpg\",\"datePublished\":\"2025-11-15T14:03:39+00:00\",\"breadcrumb\":{\"@id\":\"https:\\\/\\\/cuartetoenlaweb.com.ar\\\/sitio\\\/yanina-latorre-puso-contra-las-cuerdas-a-mauro-icardi-por-sus-hijas-se-quedaron-solas-no-habian-comido-y\\\/#breadcrumb\"},\"inLanguage\":\"es\",\"potentialAction\":[{\"@type\":\"ReadAction\",\"target\":[\"https:\\\/\\\/cuartetoenlaweb.com.ar\\\/sitio\\\/yanina-latorre-puso-contra-las-cuerdas-a-mauro-icardi-por-sus-hijas-se-quedaron-solas-no-habian-comido-y\\\/\"]}]},{\"@type\":\"ImageObject\",\"inLanguage\":\"es\",\"@id\":\"https:\\\/\\\/cuartetoenlaweb.com.ar\\\/sitio\\\/yanina-latorre-puso-contra-las-cuerdas-a-mauro-icardi-por-sus-hijas-se-quedaron-solas-no-habian-comido-y\\\/#primaryimage\",\"url\":\"https:\\\/\\\/cuartetoenlaweb.com.ar\\\/sitio\\\/wp-content\\\/uploads\\\/2025\\\/11\\\/Jhonny-Deep-en-La-Plata-359x226-5.jpg\",\"contentUrl\":\"https:\\\/\\\/cuartetoenlaweb.com.ar\\\/sitio\\\/wp-content\\\/uploads\\\/2025\\\/11\\\/Jhonny-Deep-en-La-Plata-359x226-5.jpg\",\"width\":359,\"height\":226},{\"@type\":\"BreadcrumbList\",\"@id\":\"https:\\\/\\\/cuartetoenlaweb.com.ar\\\/sitio\\\/yanina-latorre-puso-contra-las-cuerdas-a-mauro-icardi-por-sus-hijas-se-quedaron-solas-no-habian-comido-y\\\/#breadcrumb\",\"itemListElement\":[{\"@type\":\"ListItem\",\"position\":1,\"name\":\"Portada\",\"item\":\"http:\\\/\\\/cuartetoenlaweb.com.ar\\\/sitio\\\/\"},{\"@type\":\"ListItem\",\"position\":2,\"name\":\"Yanina Latorre puso contra las cuerdas a Mauro Icardi por sus hijas: &quot;Se quedaron solas, no hab\u00edan comido y&#8230;&quot;\"}]},{\"@type\":\"WebSite\",\"@id\":\"http:\\\/\\\/cuartetoenlaweb.com.ar\\\/sitio\\\/#website\",\"url\":\"http:\\\/\\\/cuartetoenlaweb.com.ar\\\/sitio\\\/\",\"name\":\"Cuarteto en la Web\",\"description\":\"\",\"publisher\":{\"@id\":\"http:\\\/\\\/cuartetoenlaweb.com.ar\\\/sitio\\\/#organization\"},\"potentialAction\":[{\"@type\":\"SearchAction\",\"target\":{\"@type\":\"EntryPoint\",\"urlTemplate\":\"http:\\\/\\\/cuartetoenlaweb.com.ar\\\/sitio\\\/?s={search_term_string}\"},\"query-input\":{\"@type\":\"PropertyValueSpecification\",\"valueRequired\":true,\"valueName\":\"search_term_string\"}}],\"inLanguage\":\"es\"},{\"@type\":\"Organization\",\"@id\":\"http:\\\/\\\/cuartetoenlaweb.com.ar\\\/sitio\\\/#organization\",\"name\":\"Cuarteto en la Web\",\"url\":\"http:\\\/\\\/cuartetoenlaweb.com.ar\\\/sitio\\\/\",\"logo\":{\"@type\":\"ImageObject\",\"inLanguage\":\"es\",\"@id\":\"http:\\\/\\\/cuartetoenlaweb.com.ar\\\/sitio\\\/#\\\/schema\\\/logo\\\/image\\\/\",\"url\":\"https:\\\/\\\/cuartetoenlaweb.com.ar\\\/sitio\\\/wp-content\\\/uploads\\\/2025\\\/07\\\/cropped-cropped-logitoweb21.png\",\"contentUrl\":\"https:\\\/\\\/cuartetoenlaweb.com.ar\\\/sitio\\\/wp-content\\\/uploads\\\/2025\\\/07\\\/cropped-cropped-logitoweb21.png\",\"width\":199,\"height\":199,\"caption\":\"Cuarteto en la Web\"},\"image\":{\"@id\":\"http:\\\/\\\/cuartetoenlaweb.com.ar\\\/sitio\\\/#\\\/schema\\\/logo\\\/image\\\/\"}}]}<\/script>\n<!-- \/ Yoast SEO plugin. -->","yoast_head_json":{"title":"Yanina Latorre puso contra las cuerdas a Mauro Icardi por sus hijas: &quot;Se quedaron solas, no hab\u00edan comido y...&quot; - Cuarteto en la Web","robots":{"index":"index","follow":"follow","max-snippet":"max-snippet:-1","max-image-preview":"max-image-preview:large","max-video-preview":"max-video-preview:-1"},"canonical":"https:\/\/cuartetoenlaweb.com.ar\/sitio\/yanina-latorre-puso-contra-las-cuerdas-a-mauro-icardi-por-sus-hijas-se-quedaron-solas-no-habian-comido-y\/","og_locale":"es_ES","og_type":"article","og_title":"Yanina Latorre puso contra las cuerdas a Mauro Icardi por sus hijas: &quot;Se quedaron solas, no hab\u00edan comido y...&quot; - Cuarteto en la Web","og_description":"La entrevista de la China Su\u00e1rez con Mario Pergolini dej\u00f3","og_url":"https:\/\/cuartetoenlaweb.com.ar\/sitio\/yanina-latorre-puso-contra-las-cuerdas-a-mauro-icardi-por-sus-hijas-se-quedaron-solas-no-habian-comido-y\/","og_site_name":"Cuarteto en la Web","article_published_time":"2025-11-15T14:03:39+00:00","og_image":[{"width":359,"height":226,"url":"https:\/\/cuartetoenlaweb.com.ar\/sitio\/wp-content\/uploads\/2025\/11\/Jhonny-Deep-en-La-Plata-359x226-5.jpg","type":"image\/jpeg"}],"twitter_card":"summary_large_image","twitter_misc":{"Tiempo de lectura":"2 minutos"},"schema":{"@context":"https:\/\/schema.org","@graph":[{"@type":"Article","@id":"https:\/\/cuartetoenlaweb.com.ar\/sitio\/yanina-latorre-puso-contra-las-cuerdas-a-mauro-icardi-por-sus-hijas-se-quedaron-solas-no-habian-comido-y\/#article","isPartOf":{"@id":"https:\/\/cuartetoenlaweb.com.ar\/sitio\/yanina-latorre-puso-contra-las-cuerdas-a-mauro-icardi-por-sus-hijas-se-quedaron-solas-no-habian-comido-y\/"},"author":{"name":"","@id":""},"headline":"Yanina Latorre puso contra las cuerdas a Mauro Icardi por sus hijas: &quot;Se quedaron solas, no hab\u00edan comido y&#8230;&quot;","datePublished":"2025-11-15T14:03:39+00:00","mainEntityOfPage":{"@id":"https:\/\/cuartetoenlaweb.com.ar\/sitio\/yanina-latorre-puso-contra-las-cuerdas-a-mauro-icardi-por-sus-hijas-se-quedaron-solas-no-habian-comido-y\/"},"wordCount":480,"publisher":{"@id":"http:\/\/cuartetoenlaweb.com.ar\/sitio\/#organization"},"image":{"@id":"https:\/\/cuartetoenlaweb.com.ar\/sitio\/yanina-latorre-puso-contra-las-cuerdas-a-mauro-icardi-por-sus-hijas-se-quedaron-solas-no-habian-comido-y\/#primaryimage"},"thumbnailUrl":"https:\/\/cuartetoenlaweb.com.ar\/sitio\/wp-content\/uploads\/2025\/11\/Jhonny-Deep-en-La-Plata-359x226-5.jpg","articleSection":["ESPECT\u00c1CULO"],"inLanguage":"es"},{"@type":"WebPage","@id":"https:\/\/cuartetoenlaweb.com.ar\/sitio\/yanina-latorre-puso-contra-las-cuerdas-a-mauro-icardi-por-sus-hijas-se-quedaron-solas-no-habian-comido-y\/","url":"https:\/\/cuartetoenlaweb.com.ar\/sitio\/yanina-latorre-puso-contra-las-cuerdas-a-mauro-icardi-por-sus-hijas-se-quedaron-solas-no-habian-comido-y\/","name":"Yanina Latorre puso contra las cuerdas a Mauro Icardi por sus hijas: &quot;Se quedaron solas, no hab\u00edan comido y...&quot; - Cuarteto en la Web","isPartOf":{"@id":"http:\/\/cuartetoenlaweb.com.ar\/sitio\/#website"},"primaryImageOfPage":{"@id":"https:\/\/cuartetoenlaweb.com.ar\/sitio\/yanina-latorre-puso-contra-las-cuerdas-a-mauro-icardi-por-sus-hijas-se-quedaron-solas-no-habian-comido-y\/#primaryimage"},"image":{"@id":"https:\/\/cuartetoenlaweb.com.ar\/sitio\/yanina-latorre-puso-contra-las-cuerdas-a-mauro-icardi-por-sus-hijas-se-quedaron-solas-no-habian-comido-y\/#primaryimage"},"thumbnailUrl":"https:\/\/cuartetoenlaweb.com.ar\/sitio\/wp-content\/uploads\/2025\/11\/Jhonny-Deep-en-La-Plata-359x226-5.jpg","datePublished":"2025-11-15T14:03:39+00:00","breadcrumb":{"@id":"https:\/\/cuartetoenlaweb.com.ar\/sitio\/yanina-latorre-puso-contra-las-cuerdas-a-mauro-icardi-por-sus-hijas-se-quedaron-solas-no-habian-comido-y\/#breadcrumb"},"inLanguage":"es","potentialAction":[{"@type":"ReadAction","target":["https:\/\/cuartetoenlaweb.com.ar\/sitio\/yanina-latorre-puso-contra-las-cuerdas-a-mauro-icardi-por-sus-hijas-se-quedaron-solas-no-habian-comido-y\/"]}]},{"@type":"ImageObject","inLanguage":"es","@id":"https:\/\/cuartetoenlaweb.com.ar\/sitio\/yanina-latorre-puso-contra-las-cuerdas-a-mauro-icardi-por-sus-hijas-se-quedaron-solas-no-habian-comido-y\/#primaryimage","url":"https:\/\/cuartetoenlaweb.com.ar\/sitio\/wp-content\/uploads\/2025\/11\/Jhonny-Deep-en-La-Plata-359x226-5.jpg","contentUrl":"https:\/\/cuartetoenlaweb.com.ar\/sitio\/wp-content\/uploads\/2025\/11\/Jhonny-Deep-en-La-Plata-359x226-5.jpg","width":359,"height":226},{"@type":"BreadcrumbList","@id":"https:\/\/cuartetoenlaweb.com.ar\/sitio\/yanina-latorre-puso-contra-las-cuerdas-a-mauro-icardi-por-sus-hijas-se-quedaron-solas-no-habian-comido-y\/#breadcrumb","itemListElement":[{"@type":"ListItem","position":1,"name":"Portada","item":"http:\/\/cuartetoenlaweb.com.ar\/sitio\/"},{"@type":"ListItem","position":2,"name":"Yanina Latorre puso contra las cuerdas a Mauro Icardi por sus hijas: &quot;Se quedaron solas, no hab\u00edan comido y&#8230;&quot;"}]},{"@type":"WebSite","@id":"http:\/\/cuartetoenlaweb.com.ar\/sitio\/#website","url":"http:\/\/cuartetoenlaweb.com.ar\/sitio\/","name":"Cuarteto en la Web","description":"","publisher":{"@id":"http:\/\/cuartetoenlaweb.com.ar\/sitio\/#organization"},"potentialAction":[{"@type":"SearchAction","target":{"@type":"EntryPoint","urlTemplate":"http:\/\/cuartetoenlaweb.com.ar\/sitio\/?s={search_term_string}"},"query-input":{"@type":"PropertyValueSpecification","valueRequired":true,"valueName":"search_term_string"}}],"inLanguage":"es"},{"@type":"Organization","@id":"http:\/\/cuartetoenlaweb.com.ar\/sitio\/#organization","name":"Cuarteto en la Web","url":"http:\/\/cuartetoenlaweb.com.ar\/sitio\/","logo":{"@type":"ImageObject","inLanguage":"es","@id":"http:\/\/cuartetoenlaweb.com.ar\/sitio\/#\/schema\/logo\/image\/","url":"https:\/\/cuartetoenlaweb.com.ar\/sitio\/wp-content\/uploads\/2025\/07\/cropped-cropped-logitoweb21.png","contentUrl":"https:\/\/cuartetoenlaweb.com.ar\/sitio\/wp-content\/uploads\/2025\/07\/cropped-cropped-logitoweb21.png","width":199,"height":199,"caption":"Cuarteto en la Web"},"image":{"@id":"http:\/\/cuartetoenlaweb.com.ar\/sitio\/#\/schema\/logo\/image\/"}}]}},"_links":{"self":[{"href":"https:\/\/cuartetoenlaweb.com.ar\/sitio\/wp-json\/wp\/v2\/posts\/4366","targetHints":{"allow":["GET"]}}],"collection":[{"href":"https:\/\/cuartetoenlaweb.com.ar\/sitio\/wp-json\/wp\/v2\/posts"}],"about":[{"href":"https:\/\/cuartetoenlaweb.com.ar\/sitio\/wp-json\/wp\/v2\/types\/post"}],"replies":[{"embeddable":true,"href":"https:\/\/cuartetoenlaweb.com.ar\/sitio\/wp-json\/wp\/v2\/comments?post=4366"}],"version-history":[{"count":0,"href":"https:\/\/cuartetoenlaweb.com.ar\/sitio\/wp-json\/wp\/v2\/posts\/4366\/revisions"}],"wp:featuredmedia":[{"embeddable":true,"href":"https:\/\/cuartetoenlaweb.com.ar\/sitio\/wp-json\/wp\/v2\/media\/4367"}],"wp:attachment":[{"href":"https:\/\/cuartetoenlaweb.com.ar\/sitio\/wp-json\/wp\/v2\/media?parent=4366"}],"wp:term":[{"taxonomy":"category","embeddable":true,"href":"https:\/\/cuartetoenlaweb.com.ar\/sitio\/wp-json\/wp\/v2\/categories?post=4366"},{"taxonomy":"post_tag","embeddable":true,"href":"https:\/\/cuartetoenlaweb.com.ar\/sitio\/wp-json\/wp\/v2\/tags?post=4366"}],"curies":[{"name":"wp","href":"https:\/\/api.w.org\/{rel}","templated":true}]}}