
{"id":4364,"date":"2025-11-15T10:08:43","date_gmt":"2025-11-15T13:08:43","guid":{"rendered":"https:\/\/cuartetoenlaweb.com.ar\/sitio\/siniestro-en-el-conurbano-una-madrugada-de-panico\/"},"modified":"2025-11-15T10:08:43","modified_gmt":"2025-11-15T13:08:43","slug":"siniestro-en-el-conurbano-una-madrugada-de-panico","status":"publish","type":"post","link":"https:\/\/cuartetoenlaweb.com.ar\/sitio\/siniestro-en-el-conurbano-una-madrugada-de-panico\/","title":{"rendered":"Siniestro en el Conurbano: Una madrugada de p\u00e1nico"},"content":{"rendered":"<p>Buenos Aires, 15 de noviembre (NA).\u2013 Una madrugada de p\u00e1nico se vivi\u00f3 en la zona sur del Conurbano bonaerense tras una impresionante explosi\u00f3n industrial que sacudi\u00f3 el denominado Pol\u00edgono Industrial Spegazzini, un complejo abierto ubicado estrat\u00e9gicamente a metros de la Autopista Ezeiza-Ca\u00f1uelas.<\/p>\n<p>Seg\u00fan confirmaron fuentes de la Municipalidad de Ezeiza a la Agencia Noticias Argentinas (NA), el origen del accidente se localiz\u00f3 en la planta qu\u00edmica Logischem, dedicada al almacenamiento y distribuci\u00f3n de productos qu\u00edmicos. Si bien el incendio posterior se encuentra controlado, a\u00fan permanece activo, y las autoridades estiman que las tareas de extinci\u00f3n total podr\u00edan extenderse por un per\u00edodo de 24 a 36 horas m\u00e1s.<\/p>\n<p>LA LUCHA CONTRA UN DESASTRE MAYOR Y EL ALIVIO EN EL ENTORNO<\/p>\n<p>La principal preocupaci\u00f3n de los brigadistas, que trabajan sin pausa desde la madrugada, se centra en aislar el fuego para evitar que alcance la planta de Flamia, una empresa vecina que almacena materiales altamente inflamables. Contener el avance en esta direcci\u00f3n cr\u00edtica es la m\u00e1xima prioridad del operativo. Por fortuna, se inform\u00f3 que otras plantas de gran porte en las cercan\u00edas, como Sinteplast y Molinos Ca\u00f1uelas, est\u00e1n fuera de peligro inmediato.<\/p>\n<p>El siniestro ha cobrado una triste cuenta de heridos. El Ministerio de Salud de la provincia de Buenos Aires emiti\u00f3 un parte oficial informando que, hasta el momento, la explosi\u00f3n y el humo han dejado 24 personas heridas. Entre los casos reportados se encuentran una mujer embarazada intoxicada por inhalaci\u00f3n de humo y un hombre que sufri\u00f3 un infarto. Diversos hospitales de la zona, incluyendo el Hospital Eurnekian, el Canning Health Institute y la Cl\u00ednica Monte Grande, activaron el c\u00f3digo rojo para atender la emergencia. La Municipalidad de Ezeiza agreg\u00f3 que ocho personas asistidas en la zona (dos polic\u00edas y seis civiles) fueron trasladadas al Hospital de Ezeiza, donde \u00abtodas evolucionan favorablemente\u00bb.<\/p>\n<p>EL FUEGO ALCANZ\u00d3 M\u00daLTIPLES F\u00c1BRICAS, INCLUYENDO IRON MOUNTAIN<\/p>\n<p>Tras originarse en Logischem, el fuego se propag\u00f3 alcanzando al menos otras cinco f\u00e1bricas dentro del pol\u00edgono: Iron Mountain, Larroca Minera, Almac\u00e9n de Fr\u00edo, Aditivos Alimentarios y una distribuidora de nombre Sal\u00f3n.<\/p>\n<p>La densa nube negra que cubri\u00f3 el cielo y se hizo visible desde distintos puntos del Conurbano se debi\u00f3, en gran parte, a la combusti\u00f3n de neum\u00e1ticos dentro de la planta de Larroca Minera.<\/p>\n<p>El intendente de Ezeiza, Gast\u00f3n Granados, ya hab\u00eda se\u00f1alado que entre las empresas afectadas figuraba un dep\u00f3sito de Iron Mountain. La menci\u00f3n no fue menor; el funcionario record\u00f3 que esta compa\u00f1\u00eda, que ahora almacena \u00abcuestiones vinculadas a la administraci\u00f3n p\u00fablica\u00bb en Ezeiza, fue protagonista de la tr\u00e1gica explosi\u00f3n de Barracas en 2014.<\/p>\n<p>ACLARACIONES GEOGR\u00c1FICAS Y V\u00cdAS CERRADAS<\/p>\n<p>Las autoridades municipales y fuentes industriales fueron r\u00e1pidas en desactivar la confusi\u00f3n inicial que situaba el siniestro en el Polo Industrial Spegazzini, el complejo cerrado que depende de Alberdi Desarrollos. \u00abEl incendio es en el Pol\u00edgono, no en el Polo,\u00bb aclararon, enfatizando que ambos sectores, aunque forman parte del corredor industrial, no son lindantes y est\u00e1n separados por la Autopista y varios metros de distancia. Esta distinci\u00f3n fue crucial para confirmar que la Planta T\u00e9rmica Albanesi, un generador de energ\u00eda que podr\u00eda haber representado un \u00abdesastre monumental\u00bb de haberse incendiado, estaba \u00abprotegida y fuera de peligro\u00bb.<\/p>\n<p>La investigaci\u00f3n sobre las causas que originaron la explosi\u00f3n y el posterior incendio en Logischem permanece abierta y las pericias comenzar\u00e1n formalmente una vez que el fuego est\u00e9 completamente extinguido. Mientras tanto, el gigantesco operativo de combate al fuego cuenta con dotaciones de bomberos de casi toda la regi\u00f3n, incluyendo Ezeiza, Esteban Echeverr\u00eda, La Matanza, Ca\u00f1uelas, San Vicente, Mor\u00f3n y otros distritos, adem\u00e1s de la colaboraci\u00f3n de la Cruz Roja, la Polic\u00eda Federal y el Ministerio de Salud provincial.<\/p>\n<p>Debido a la magnitud del operativo, la Autopista Ezeiza\u2013Ca\u00f1uelas permanece cerrada en ambos sentidos, generando importantes desv\u00edos y demoras en el tr\u00e1nsito local.<\/p>\n","protected":false},"excerpt":{"rendered":"<p>Buenos Aires, 15 de noviembre (NA).\u2013 Una madrugada de p\u00e1nico<\/p>\n","protected":false},"author":0,"featured_media":4365,"comment_status":"","ping_status":"","sticky":false,"template":"","format":"standard","meta":{"footnotes":""},"categories":[65],"tags":[],"class_list":["post-4364","post","type-post","status-publish","format-standard","has-post-thumbnail","hentry","category-pais"],"yoast_head":"<!-- This site is optimized with the Yoast SEO plugin v27.4 - https:\/\/yoast.com\/product\/yoast-seo-wordpress\/ -->\n<title>Siniestro en el Conurbano: Una madrugada de p\u00e1nico - Cuarteto en la Web<\/title>\n<meta name=\"robots\" content=\"index, follow, max-snippet:-1, max-image-preview:large, max-video-preview:-1\" \/>\n<link rel=\"canonical\" href=\"https:\/\/cuartetoenlaweb.com.ar\/sitio\/siniestro-en-el-conurbano-una-madrugada-de-panico\/\" \/>\n<meta property=\"og:locale\" content=\"es_ES\" \/>\n<meta property=\"og:type\" content=\"article\" \/>\n<meta property=\"og:title\" content=\"Siniestro en el Conurbano: Una madrugada de p\u00e1nico - Cuarteto en la Web\" \/>\n<meta property=\"og:description\" content=\"Buenos Aires, 15 de noviembre (NA).\u2013 Una madrugada de p\u00e1nico\" \/>\n<meta property=\"og:url\" content=\"https:\/\/cuartetoenlaweb.com.ar\/sitio\/siniestro-en-el-conurbano-una-madrugada-de-panico\/\" \/>\n<meta property=\"og:site_name\" content=\"Cuarteto en la Web\" \/>\n<meta property=\"article:published_time\" content=\"2025-11-15T13:08:43+00:00\" \/>\n<meta property=\"og:image\" content=\"https:\/\/cuartetoenlaweb.com.ar\/sitio\/wp-content\/uploads\/2025\/11\/720-1035.jpeg\" \/>\n\t<meta property=\"og:image:width\" content=\"1280\" \/>\n\t<meta property=\"og:image:height\" content=\"720\" \/>\n\t<meta property=\"og:image:type\" content=\"image\/jpeg\" \/>\n<meta name=\"twitter:card\" content=\"summary_large_image\" \/>\n<meta name=\"twitter:label1\" content=\"Tiempo de lectura\" \/>\n\t<meta name=\"twitter:data1\" content=\"3 minutos\" \/>\n<script type=\"application\/ld+json\" class=\"yoast-schema-graph\">{\"@context\":\"https:\\\/\\\/schema.org\",\"@graph\":[{\"@type\":\"Article\",\"@id\":\"https:\\\/\\\/cuartetoenlaweb.com.ar\\\/sitio\\\/siniestro-en-el-conurbano-una-madrugada-de-panico\\\/#article\",\"isPartOf\":{\"@id\":\"https:\\\/\\\/cuartetoenlaweb.com.ar\\\/sitio\\\/siniestro-en-el-conurbano-una-madrugada-de-panico\\\/\"},\"author\":{\"name\":\"\",\"@id\":\"\"},\"headline\":\"Siniestro en el Conurbano: Una madrugada de p\u00e1nico\",\"datePublished\":\"2025-11-15T13:08:43+00:00\",\"mainEntityOfPage\":{\"@id\":\"https:\\\/\\\/cuartetoenlaweb.com.ar\\\/sitio\\\/siniestro-en-el-conurbano-una-madrugada-de-panico\\\/\"},\"wordCount\":704,\"publisher\":{\"@id\":\"https:\\\/\\\/cuartetoenlaweb.com.ar\\\/sitio\\\/#organization\"},\"image\":{\"@id\":\"https:\\\/\\\/cuartetoenlaweb.com.ar\\\/sitio\\\/siniestro-en-el-conurbano-una-madrugada-de-panico\\\/#primaryimage\"},\"thumbnailUrl\":\"https:\\\/\\\/cuartetoenlaweb.com.ar\\\/sitio\\\/wp-content\\\/uploads\\\/2025\\\/11\\\/720-1035.jpeg\",\"articleSection\":[\"PAIS\"],\"inLanguage\":\"es\"},{\"@type\":\"WebPage\",\"@id\":\"https:\\\/\\\/cuartetoenlaweb.com.ar\\\/sitio\\\/siniestro-en-el-conurbano-una-madrugada-de-panico\\\/\",\"url\":\"https:\\\/\\\/cuartetoenlaweb.com.ar\\\/sitio\\\/siniestro-en-el-conurbano-una-madrugada-de-panico\\\/\",\"name\":\"Siniestro en el Conurbano: Una madrugada de p\u00e1nico - Cuarteto en la Web\",\"isPartOf\":{\"@id\":\"https:\\\/\\\/cuartetoenlaweb.com.ar\\\/sitio\\\/#website\"},\"primaryImageOfPage\":{\"@id\":\"https:\\\/\\\/cuartetoenlaweb.com.ar\\\/sitio\\\/siniestro-en-el-conurbano-una-madrugada-de-panico\\\/#primaryimage\"},\"image\":{\"@id\":\"https:\\\/\\\/cuartetoenlaweb.com.ar\\\/sitio\\\/siniestro-en-el-conurbano-una-madrugada-de-panico\\\/#primaryimage\"},\"thumbnailUrl\":\"https:\\\/\\\/cuartetoenlaweb.com.ar\\\/sitio\\\/wp-content\\\/uploads\\\/2025\\\/11\\\/720-1035.jpeg\",\"datePublished\":\"2025-11-15T13:08:43+00:00\",\"breadcrumb\":{\"@id\":\"https:\\\/\\\/cuartetoenlaweb.com.ar\\\/sitio\\\/siniestro-en-el-conurbano-una-madrugada-de-panico\\\/#breadcrumb\"},\"inLanguage\":\"es\",\"potentialAction\":[{\"@type\":\"ReadAction\",\"target\":[\"https:\\\/\\\/cuartetoenlaweb.com.ar\\\/sitio\\\/siniestro-en-el-conurbano-una-madrugada-de-panico\\\/\"]}]},{\"@type\":\"ImageObject\",\"inLanguage\":\"es\",\"@id\":\"https:\\\/\\\/cuartetoenlaweb.com.ar\\\/sitio\\\/siniestro-en-el-conurbano-una-madrugada-de-panico\\\/#primaryimage\",\"url\":\"https:\\\/\\\/cuartetoenlaweb.com.ar\\\/sitio\\\/wp-content\\\/uploads\\\/2025\\\/11\\\/720-1035.jpeg\",\"contentUrl\":\"https:\\\/\\\/cuartetoenlaweb.com.ar\\\/sitio\\\/wp-content\\\/uploads\\\/2025\\\/11\\\/720-1035.jpeg\",\"width\":1280,\"height\":720},{\"@type\":\"BreadcrumbList\",\"@id\":\"https:\\\/\\\/cuartetoenlaweb.com.ar\\\/sitio\\\/siniestro-en-el-conurbano-una-madrugada-de-panico\\\/#breadcrumb\",\"itemListElement\":[{\"@type\":\"ListItem\",\"position\":1,\"name\":\"Portada\",\"item\":\"https:\\\/\\\/cuartetoenlaweb.com.ar\\\/sitio\\\/\"},{\"@type\":\"ListItem\",\"position\":2,\"name\":\"Siniestro en el Conurbano: Una madrugada de p\u00e1nico\"}]},{\"@type\":\"WebSite\",\"@id\":\"https:\\\/\\\/cuartetoenlaweb.com.ar\\\/sitio\\\/#website\",\"url\":\"https:\\\/\\\/cuartetoenlaweb.com.ar\\\/sitio\\\/\",\"name\":\"Cuarteto en la Web\",\"description\":\"\",\"publisher\":{\"@id\":\"https:\\\/\\\/cuartetoenlaweb.com.ar\\\/sitio\\\/#organization\"},\"potentialAction\":[{\"@type\":\"SearchAction\",\"target\":{\"@type\":\"EntryPoint\",\"urlTemplate\":\"https:\\\/\\\/cuartetoenlaweb.com.ar\\\/sitio\\\/?s={search_term_string}\"},\"query-input\":{\"@type\":\"PropertyValueSpecification\",\"valueRequired\":true,\"valueName\":\"search_term_string\"}}],\"inLanguage\":\"es\"},{\"@type\":\"Organization\",\"@id\":\"https:\\\/\\\/cuartetoenlaweb.com.ar\\\/sitio\\\/#organization\",\"name\":\"Cuarteto en la Web\",\"url\":\"https:\\\/\\\/cuartetoenlaweb.com.ar\\\/sitio\\\/\",\"logo\":{\"@type\":\"ImageObject\",\"inLanguage\":\"es\",\"@id\":\"https:\\\/\\\/cuartetoenlaweb.com.ar\\\/sitio\\\/#\\\/schema\\\/logo\\\/image\\\/\",\"url\":\"https:\\\/\\\/cuartetoenlaweb.com.ar\\\/sitio\\\/wp-content\\\/uploads\\\/2025\\\/07\\\/cropped-cropped-logitoweb21.png\",\"contentUrl\":\"https:\\\/\\\/cuartetoenlaweb.com.ar\\\/sitio\\\/wp-content\\\/uploads\\\/2025\\\/07\\\/cropped-cropped-logitoweb21.png\",\"width\":199,\"height\":199,\"caption\":\"Cuarteto en la Web\"},\"image\":{\"@id\":\"https:\\\/\\\/cuartetoenlaweb.com.ar\\\/sitio\\\/#\\\/schema\\\/logo\\\/image\\\/\"}}]}<\/script>\n<!-- \/ Yoast SEO plugin. -->","yoast_head_json":{"title":"Siniestro en el Conurbano: Una madrugada de p\u00e1nico - Cuarteto en la Web","robots":{"index":"index","follow":"follow","max-snippet":"max-snippet:-1","max-image-preview":"max-image-preview:large","max-video-preview":"max-video-preview:-1"},"canonical":"https:\/\/cuartetoenlaweb.com.ar\/sitio\/siniestro-en-el-conurbano-una-madrugada-de-panico\/","og_locale":"es_ES","og_type":"article","og_title":"Siniestro en el Conurbano: Una madrugada de p\u00e1nico - Cuarteto en la Web","og_description":"Buenos Aires, 15 de noviembre (NA).\u2013 Una madrugada de p\u00e1nico","og_url":"https:\/\/cuartetoenlaweb.com.ar\/sitio\/siniestro-en-el-conurbano-una-madrugada-de-panico\/","og_site_name":"Cuarteto en la Web","article_published_time":"2025-11-15T13:08:43+00:00","og_image":[{"width":1280,"height":720,"url":"https:\/\/cuartetoenlaweb.com.ar\/sitio\/wp-content\/uploads\/2025\/11\/720-1035.jpeg","type":"image\/jpeg"}],"twitter_card":"summary_large_image","twitter_misc":{"Tiempo de lectura":"3 minutos"},"schema":{"@context":"https:\/\/schema.org","@graph":[{"@type":"Article","@id":"https:\/\/cuartetoenlaweb.com.ar\/sitio\/siniestro-en-el-conurbano-una-madrugada-de-panico\/#article","isPartOf":{"@id":"https:\/\/cuartetoenlaweb.com.ar\/sitio\/siniestro-en-el-conurbano-una-madrugada-de-panico\/"},"author":{"name":"","@id":""},"headline":"Siniestro en el Conurbano: Una madrugada de p\u00e1nico","datePublished":"2025-11-15T13:08:43+00:00","mainEntityOfPage":{"@id":"https:\/\/cuartetoenlaweb.com.ar\/sitio\/siniestro-en-el-conurbano-una-madrugada-de-panico\/"},"wordCount":704,"publisher":{"@id":"https:\/\/cuartetoenlaweb.com.ar\/sitio\/#organization"},"image":{"@id":"https:\/\/cuartetoenlaweb.com.ar\/sitio\/siniestro-en-el-conurbano-una-madrugada-de-panico\/#primaryimage"},"thumbnailUrl":"https:\/\/cuartetoenlaweb.com.ar\/sitio\/wp-content\/uploads\/2025\/11\/720-1035.jpeg","articleSection":["PAIS"],"inLanguage":"es"},{"@type":"WebPage","@id":"https:\/\/cuartetoenlaweb.com.ar\/sitio\/siniestro-en-el-conurbano-una-madrugada-de-panico\/","url":"https:\/\/cuartetoenlaweb.com.ar\/sitio\/siniestro-en-el-conurbano-una-madrugada-de-panico\/","name":"Siniestro en el Conurbano: Una madrugada de p\u00e1nico - Cuarteto en la Web","isPartOf":{"@id":"https:\/\/cuartetoenlaweb.com.ar\/sitio\/#website"},"primaryImageOfPage":{"@id":"https:\/\/cuartetoenlaweb.com.ar\/sitio\/siniestro-en-el-conurbano-una-madrugada-de-panico\/#primaryimage"},"image":{"@id":"https:\/\/cuartetoenlaweb.com.ar\/sitio\/siniestro-en-el-conurbano-una-madrugada-de-panico\/#primaryimage"},"thumbnailUrl":"https:\/\/cuartetoenlaweb.com.ar\/sitio\/wp-content\/uploads\/2025\/11\/720-1035.jpeg","datePublished":"2025-11-15T13:08:43+00:00","breadcrumb":{"@id":"https:\/\/cuartetoenlaweb.com.ar\/sitio\/siniestro-en-el-conurbano-una-madrugada-de-panico\/#breadcrumb"},"inLanguage":"es","potentialAction":[{"@type":"ReadAction","target":["https:\/\/cuartetoenlaweb.com.ar\/sitio\/siniestro-en-el-conurbano-una-madrugada-de-panico\/"]}]},{"@type":"ImageObject","inLanguage":"es","@id":"https:\/\/cuartetoenlaweb.com.ar\/sitio\/siniestro-en-el-conurbano-una-madrugada-de-panico\/#primaryimage","url":"https:\/\/cuartetoenlaweb.com.ar\/sitio\/wp-content\/uploads\/2025\/11\/720-1035.jpeg","contentUrl":"https:\/\/cuartetoenlaweb.com.ar\/sitio\/wp-content\/uploads\/2025\/11\/720-1035.jpeg","width":1280,"height":720},{"@type":"BreadcrumbList","@id":"https:\/\/cuartetoenlaweb.com.ar\/sitio\/siniestro-en-el-conurbano-una-madrugada-de-panico\/#breadcrumb","itemListElement":[{"@type":"ListItem","position":1,"name":"Portada","item":"https:\/\/cuartetoenlaweb.com.ar\/sitio\/"},{"@type":"ListItem","position":2,"name":"Siniestro en el Conurbano: Una madrugada de p\u00e1nico"}]},{"@type":"WebSite","@id":"https:\/\/cuartetoenlaweb.com.ar\/sitio\/#website","url":"https:\/\/cuartetoenlaweb.com.ar\/sitio\/","name":"Cuarteto en la Web","description":"","publisher":{"@id":"https:\/\/cuartetoenlaweb.com.ar\/sitio\/#organization"},"potentialAction":[{"@type":"SearchAction","target":{"@type":"EntryPoint","urlTemplate":"https:\/\/cuartetoenlaweb.com.ar\/sitio\/?s={search_term_string}"},"query-input":{"@type":"PropertyValueSpecification","valueRequired":true,"valueName":"search_term_string"}}],"inLanguage":"es"},{"@type":"Organization","@id":"https:\/\/cuartetoenlaweb.com.ar\/sitio\/#organization","name":"Cuarteto en la Web","url":"https:\/\/cuartetoenlaweb.com.ar\/sitio\/","logo":{"@type":"ImageObject","inLanguage":"es","@id":"https:\/\/cuartetoenlaweb.com.ar\/sitio\/#\/schema\/logo\/image\/","url":"https:\/\/cuartetoenlaweb.com.ar\/sitio\/wp-content\/uploads\/2025\/07\/cropped-cropped-logitoweb21.png","contentUrl":"https:\/\/cuartetoenlaweb.com.ar\/sitio\/wp-content\/uploads\/2025\/07\/cropped-cropped-logitoweb21.png","width":199,"height":199,"caption":"Cuarteto en la Web"},"image":{"@id":"https:\/\/cuartetoenlaweb.com.ar\/sitio\/#\/schema\/logo\/image\/"}}]}},"_links":{"self":[{"href":"https:\/\/cuartetoenlaweb.com.ar\/sitio\/wp-json\/wp\/v2\/posts\/4364","targetHints":{"allow":["GET"]}}],"collection":[{"href":"https:\/\/cuartetoenlaweb.com.ar\/sitio\/wp-json\/wp\/v2\/posts"}],"about":[{"href":"https:\/\/cuartetoenlaweb.com.ar\/sitio\/wp-json\/wp\/v2\/types\/post"}],"replies":[{"embeddable":true,"href":"https:\/\/cuartetoenlaweb.com.ar\/sitio\/wp-json\/wp\/v2\/comments?post=4364"}],"version-history":[{"count":0,"href":"https:\/\/cuartetoenlaweb.com.ar\/sitio\/wp-json\/wp\/v2\/posts\/4364\/revisions"}],"wp:featuredmedia":[{"embeddable":true,"href":"https:\/\/cuartetoenlaweb.com.ar\/sitio\/wp-json\/wp\/v2\/media\/4365"}],"wp:attachment":[{"href":"https:\/\/cuartetoenlaweb.com.ar\/sitio\/wp-json\/wp\/v2\/media?parent=4364"}],"wp:term":[{"taxonomy":"category","embeddable":true,"href":"https:\/\/cuartetoenlaweb.com.ar\/sitio\/wp-json\/wp\/v2\/categories?post=4364"},{"taxonomy":"post_tag","embeddable":true,"href":"https:\/\/cuartetoenlaweb.com.ar\/sitio\/wp-json\/wp\/v2\/tags?post=4364"}],"curies":[{"name":"wp","href":"https:\/\/api.w.org\/{rel}","templated":true}]}}