
{"id":4355,"date":"2025-11-15T10:08:11","date_gmt":"2025-11-15T13:08:11","guid":{"rendered":"https:\/\/cuartetoenlaweb.com.ar\/sitio\/fulminante-la-china-suarez-revelo-el-problema-que-padece-con-benjamin-vicuna-es-complicado-y\/"},"modified":"2025-11-15T10:08:11","modified_gmt":"2025-11-15T13:08:11","slug":"fulminante-la-china-suarez-revelo-el-problema-que-padece-con-benjamin-vicuna-es-complicado-y","status":"publish","type":"post","link":"https:\/\/cuartetoenlaweb.com.ar\/sitio\/fulminante-la-china-suarez-revelo-el-problema-que-padece-con-benjamin-vicuna-es-complicado-y\/","title":{"rendered":"\u00a1Fulminante La China Su\u00e1rez revel\u00f3 el problema que padece con Benjam\u00edn Vicu\u00f1a: &quot;Es complicado y&#8230;&quot;"},"content":{"rendered":"<p>La <strong>China Su\u00e1rez <\/strong>una vez m\u00e1s volvi\u00f3 a incendiar todo tipo de pol\u00e9mica al presentarse con <strong>Mario Pergolini <\/strong>en <em>El Trece<\/em>, en lo que fue el marco de una entrevista caliente. Acompa\u00f1ada por <strong><a href=\"https:\/\/www.paparazzi.com.ar\/romances\/escandalo-mauro-icardi-confirmo-que-su-romance-con-la-china-suarez-arranco-en-el-hotel-de-paris\/\">Mauro Icardi<\/a><\/strong>, la actriz se despach\u00f3 con todo.<\/p>\n<p>Desde confesar que es una persona negativa, a pedirle expl\u00edcitamente que Icardi se divorcie para poder casarse; eso y m\u00e1s toc\u00f3 la China en una nota que tuvo todos los condimentos. Uno de los momentos de la noche fue cuando se refiri\u00f3 a los pap\u00e1s de sus hijos.<\/p>\n<p>Tanto para <strong>Nicol\u00e1s Cabr\u00e9<\/strong> como para <strong><a href=\"https:\/\/www.paparazzi.com.ar\/romances\/benjamin-vicuna-expuso-lo-peor-de-la-china-suarez-en-la-pelea-por-sus-hijos-siempre-el-mismo-error\/\">Benjam\u00edn Vicu\u00f1a<\/a><\/strong>, asimilar que <strong>Rufina Cabr\u00e9<\/strong>, <strong>Amancio<\/strong> y <strong>Mongolia Vicu\u00f1a<\/strong>, se vayan a vivir a Turqu\u00eda, a tantos kil\u00f3metros de distancia, no fue sencillo de asimilar; de hecho, pese a que estos dos \u00faltimos vuelven de manera espor\u00e1dica, hubo una charla en su momento que fue compleja.<\/p>\n<div class=\"mt-box \">\n<h4 class=\"mt-heading\">Mir\u00e1 Tambi\u00e9n<\/h4>\n<p><a href=\"https:\/\/www.paparazzi.com.ar\/teve\/exclusivo-lo-que-nadie-vio-del-paso-de-johnny-depp-por-la-plata-tension-caprichos-y-un-pedido-inesperado\/\"><\/p>\n<div class=\"mt-content\">\n<div class=\"mt-image-container\"><img decoding=\"async\" src=\"https:\/\/www.paparazzi.com.ar\/wp-content\/uploads\/2025\/11\/Jhonny-Deep-en-La-Plata-359x226.jpg\" alt=\"\u00a1Exclusivo! Lo que nadie vio del paso de Johnny Depp por La Plata: tensi\u00f3n, caprichos y un pedido inesperado\" class=\"mt-image\" loading=\"lazy\" \/><\/div>\n<h5 class=\"mt-title\">\u00a1Exclusivo! Lo que nadie vio del paso de Johnny Depp por La Plata: tensi\u00f3n, caprichos y un pedido inesperado<\/h5>\n<\/div>\n<p><\/a><\/div>\n<p>\u00ab<em>No fue f\u00e1cil. Les dec\u00eda que era algo transitorio<\/em>\u201d, comenz\u00f3 diciendo Mar\u00eda Eugenia. Al ser mam\u00e1, tener a sus peque\u00f1os cerca es algo que siempre eligi\u00f3; empero, tambi\u00e9n destac\u00f3 cuando a ella le toc\u00f3 priorizar los trabajos de sus ex y aceptar ciertas decisiones.<\/p>\n<p>En ese marco, cont\u00f3: \u201c<em>Me est\u00e1 pasando esto y mis hijos siempre vivieron conmigo. Fuimos muy relajados con los acuerdos porque ellos tambi\u00e9n son actores<\/em>\u00ab. Y si bien con Cabr\u00e9 fue m\u00e1s sencillo, hasta hoy en d\u00eda con Vicu\u00f1a est\u00e1 costando.<\/p>\n<h2 class=\"wp-block-heading\">LAS REVELACIONES DE LA CHINA SU\u00c1REZ SOBRE CABR\u00c9 Y VICU\u00d1A<\/h2>\n<p>Ni bien surgi\u00f3 la oportunidad de irse rumbo a Estambul, Rufina por sus medios tom\u00f3 la decisi\u00f3n de querer irse y se lo comunic\u00f3 a Nicol\u00e1s. Pero Vicu\u00f1a es qui\u00e9n a\u00fan m\u00e1s se resiste y se habla que no firmar\u00eda el permiso a fin de mes para que puedan irse.<\/p>\n<div class=\"mt-box \">\n<h4 class=\"mt-heading\">Mir\u00e1 Tambi\u00e9n<\/h4>\n<p><a href=\"https:\/\/www.paparazzi.com.ar\/romances\/dan-las-fechas-la-china-suarez-revelo-cuando-empezo-el-noviazgo-con-mauro-icardi\/\"><\/p>\n<div class=\"mt-content\">\n<div class=\"mt-image-container\"><img decoding=\"async\" src=\"https:\/\/www.paparazzi.com.ar\/wp-content\/uploads\/2025\/11\/China-Suarez-Wanda-Nara-Mauro-359x226.jpg\" alt=\"\u00bfDan las fechas? La China Su\u00e1rez revel\u00f3 cu\u00e1ndo empez\u00f3 el noviazgo con Mauro Icardi\" class=\"mt-image\" loading=\"lazy\" \/><\/div>\n<h5 class=\"mt-title\">\u00bfDan las fechas? La China Su\u00e1rez revel\u00f3 cu\u00e1ndo empez\u00f3 el noviazgo con Mauro Icardi<\/h5>\n<\/div>\n<p><\/a><\/div>\n<p>\u00ab<em>El colegio siempre fue muy abierto con los viajes. Yo fui flexible con los trabajos de mis exparejas. Es una oportunidad para los chicos, est\u00e1n aprendiendo turco<\/em>\u00ab, destac\u00f3 la China, remarcando que los proyectos internacionales siempre formaron parte de su vida y carrera.<\/p>\n<p>Sobre esa misma l\u00ednea, tambi\u00e9n agreg\u00f3: \u201c<em>Rufi tom\u00f3 ella la decisi\u00f3n y le dijo a Nico que quer\u00eda estar conmigo y probar, pero que volv\u00eda. Con los m\u00e1s chicos es m\u00e1s complicado, porque justamente son m\u00e1s chicos, pero vamos y venimos<\/em>\u00ab.<\/p>\n<div class=\"mt-box \">\n<h4 class=\"mt-heading\">Mir\u00e1 Tambi\u00e9n<\/h4>\n<p><a href=\"https:\/\/www.paparazzi.com.ar\/teve\/angel-de-brito-revelo-lo-que-nadie-sabe-del-documental-de-silvina-luna-queria-mostrar-todo-su-dolor-y\/\"><\/p>\n<div class=\"mt-content\">\n<div class=\"mt-image-container\"><img decoding=\"async\" src=\"https:\/\/www.paparazzi.com.ar\/wp-content\/uploads\/2025\/11\/Angel-De-Brito-y-Silvina-Luna-359x226.jpg\" alt=\"\u00c1ngel de Brito revel\u00f3 lo que nadie sabe del documental de Silvina Luna: \u201cQuer\u00eda mostrar todo su dolor y\u2026\u201d\" class=\"mt-image\" loading=\"lazy\" \/><\/div>\n<h5 class=\"mt-title\">\u00c1ngel de Brito revel\u00f3 lo que nadie sabe del documental de Silvina Luna: \u201cQuer\u00eda mostrar todo su dolor y\u2026\u201d<\/h5>\n<\/div>\n<p><\/a><\/div>\n<div class=\"mt-box \">\n<h4 class=\"mt-heading\">Mir\u00e1 Tambi\u00e9n<\/h4>\n<p><a href=\"https:\/\/www.paparazzi.com.ar\/teve\/el-conmovedor-homenaje-de-mariano-iudica-a-una-figura-de-polemica-en-el-bar-recientemente-fallecida\/\"><\/p>\n<div class=\"mt-content\">\n<div class=\"mt-image-container\"><img decoding=\"async\" src=\"https:\/\/www.paparazzi.com.ar\/wp-content\/uploads\/2025\/11\/udica-359x226.jpeg\" alt=\"El conmovedor homenaje de Mariano I\u00fadica a una figura de Pol\u00e9mica en el Bar recientemente fallecida\" class=\"mt-image\" loading=\"lazy\" \/><\/div>\n<h5 class=\"mt-title\">El conmovedor homenaje de Mariano I\u00fadica a una figura de Pol\u00e9mica en el Bar recientemente fallecida<\/h5>\n<\/div>\n<p><\/a><\/div>\n<p>The post <a href=\"https:\/\/www.paparazzi.com.ar\/teve\/fulminante-la-china-suarez-reve-el-problema-que-padece-con-benjamin-vicuna-es-complicado-y\/\">\u00a1Fulminante La China Su\u00e1rez revel\u00f3 el problema que padece con Benjam\u00edn Vicu\u00f1a: &quot;Es complicado y&#8230;&quot;<\/a> appeared first on <a href=\"https:\/\/www.paparazzi.com.ar\">Revista Paparazzi<\/a>.<\/p>\n","protected":false},"excerpt":{"rendered":"<p>La China Su\u00e1rez una vez m\u00e1s volvi\u00f3 a incendiar todo<\/p>\n","protected":false},"author":0,"featured_media":0,"comment_status":"","ping_status":"","sticky":false,"template":"","format":"standard","meta":{"footnotes":""},"categories":[12],"tags":[],"class_list":["post-4355","post","type-post","status-publish","format-standard","hentry","category-espectaculo"],"yoast_head":"<!-- This site is optimized with the Yoast SEO plugin v27.4 - https:\/\/yoast.com\/product\/yoast-seo-wordpress\/ -->\n<title>\u00a1Fulminante La China Su\u00e1rez revel\u00f3 el problema que padece con Benjam\u00edn Vicu\u00f1a: &quot;Es complicado y...&quot; - Cuarteto en la Web<\/title>\n<meta name=\"robots\" content=\"index, follow, max-snippet:-1, max-image-preview:large, max-video-preview:-1\" \/>\n<link rel=\"canonical\" href=\"http:\/\/cuartetoenlaweb.com.ar\/sitio\/fulminante-la-china-suarez-revelo-el-problema-que-padece-con-benjamin-vicuna-es-complicado-y\/\" \/>\n<meta property=\"og:locale\" content=\"es_ES\" \/>\n<meta property=\"og:type\" content=\"article\" \/>\n<meta property=\"og:title\" content=\"\u00a1Fulminante La China Su\u00e1rez revel\u00f3 el problema que padece con Benjam\u00edn Vicu\u00f1a: &quot;Es complicado y...&quot; - Cuarteto en la Web\" \/>\n<meta property=\"og:description\" content=\"La China Su\u00e1rez una vez m\u00e1s volvi\u00f3 a incendiar todo\" \/>\n<meta property=\"og:url\" content=\"http:\/\/cuartetoenlaweb.com.ar\/sitio\/fulminante-la-china-suarez-revelo-el-problema-que-padece-con-benjamin-vicuna-es-complicado-y\/\" \/>\n<meta property=\"og:site_name\" content=\"Cuarteto en la Web\" \/>\n<meta property=\"article:published_time\" content=\"2025-11-15T13:08:11+00:00\" \/>\n<meta property=\"og:image\" content=\"https:\/\/www.paparazzi.com.ar\/wp-content\/uploads\/2025\/11\/Jhonny-Deep-en-La-Plata-359x226.jpg\" \/>\n<meta name=\"twitter:card\" content=\"summary_large_image\" \/>\n<meta name=\"twitter:label1\" content=\"Tiempo de lectura\" \/>\n\t<meta name=\"twitter:data1\" content=\"3 minutos\" \/>\n<script type=\"application\/ld+json\" class=\"yoast-schema-graph\">{\"@context\":\"https:\\\/\\\/schema.org\",\"@graph\":[{\"@type\":\"Article\",\"@id\":\"http:\\\/\\\/cuartetoenlaweb.com.ar\\\/sitio\\\/fulminante-la-china-suarez-revelo-el-problema-que-padece-con-benjamin-vicuna-es-complicado-y\\\/#article\",\"isPartOf\":{\"@id\":\"http:\\\/\\\/cuartetoenlaweb.com.ar\\\/sitio\\\/fulminante-la-china-suarez-revelo-el-problema-que-padece-con-benjamin-vicuna-es-complicado-y\\\/\"},\"author\":{\"name\":\"\",\"@id\":\"\"},\"headline\":\"\u00a1Fulminante La China Su\u00e1rez revel\u00f3 el problema que padece con Benjam\u00edn Vicu\u00f1a: &quot;Es complicado y&#8230;&quot;\",\"datePublished\":\"2025-11-15T13:08:11+00:00\",\"mainEntityOfPage\":{\"@id\":\"http:\\\/\\\/cuartetoenlaweb.com.ar\\\/sitio\\\/fulminante-la-china-suarez-revelo-el-problema-que-padece-con-benjamin-vicuna-es-complicado-y\\\/\"},\"wordCount\":545,\"publisher\":{\"@id\":\"http:\\\/\\\/cuartetoenlaweb.com.ar\\\/sitio\\\/#organization\"},\"image\":{\"@id\":\"http:\\\/\\\/cuartetoenlaweb.com.ar\\\/sitio\\\/fulminante-la-china-suarez-revelo-el-problema-que-padece-con-benjamin-vicuna-es-complicado-y\\\/#primaryimage\"},\"thumbnailUrl\":\"https:\\\/\\\/www.paparazzi.com.ar\\\/wp-content\\\/uploads\\\/2025\\\/11\\\/Jhonny-Deep-en-La-Plata-359x226.jpg\",\"articleSection\":[\"ESPECT\u00c1CULO\"],\"inLanguage\":\"es\"},{\"@type\":\"WebPage\",\"@id\":\"http:\\\/\\\/cuartetoenlaweb.com.ar\\\/sitio\\\/fulminante-la-china-suarez-revelo-el-problema-que-padece-con-benjamin-vicuna-es-complicado-y\\\/\",\"url\":\"http:\\\/\\\/cuartetoenlaweb.com.ar\\\/sitio\\\/fulminante-la-china-suarez-revelo-el-problema-que-padece-con-benjamin-vicuna-es-complicado-y\\\/\",\"name\":\"\u00a1Fulminante La China Su\u00e1rez revel\u00f3 el problema que padece con Benjam\u00edn Vicu\u00f1a: &quot;Es complicado y...&quot; - Cuarteto en la Web\",\"isPartOf\":{\"@id\":\"http:\\\/\\\/cuartetoenlaweb.com.ar\\\/sitio\\\/#website\"},\"primaryImageOfPage\":{\"@id\":\"http:\\\/\\\/cuartetoenlaweb.com.ar\\\/sitio\\\/fulminante-la-china-suarez-revelo-el-problema-que-padece-con-benjamin-vicuna-es-complicado-y\\\/#primaryimage\"},\"image\":{\"@id\":\"http:\\\/\\\/cuartetoenlaweb.com.ar\\\/sitio\\\/fulminante-la-china-suarez-revelo-el-problema-que-padece-con-benjamin-vicuna-es-complicado-y\\\/#primaryimage\"},\"thumbnailUrl\":\"https:\\\/\\\/www.paparazzi.com.ar\\\/wp-content\\\/uploads\\\/2025\\\/11\\\/Jhonny-Deep-en-La-Plata-359x226.jpg\",\"datePublished\":\"2025-11-15T13:08:11+00:00\",\"breadcrumb\":{\"@id\":\"http:\\\/\\\/cuartetoenlaweb.com.ar\\\/sitio\\\/fulminante-la-china-suarez-revelo-el-problema-que-padece-con-benjamin-vicuna-es-complicado-y\\\/#breadcrumb\"},\"inLanguage\":\"es\",\"potentialAction\":[{\"@type\":\"ReadAction\",\"target\":[\"http:\\\/\\\/cuartetoenlaweb.com.ar\\\/sitio\\\/fulminante-la-china-suarez-revelo-el-problema-que-padece-con-benjamin-vicuna-es-complicado-y\\\/\"]}]},{\"@type\":\"ImageObject\",\"inLanguage\":\"es\",\"@id\":\"http:\\\/\\\/cuartetoenlaweb.com.ar\\\/sitio\\\/fulminante-la-china-suarez-revelo-el-problema-que-padece-con-benjamin-vicuna-es-complicado-y\\\/#primaryimage\",\"url\":\"https:\\\/\\\/www.paparazzi.com.ar\\\/wp-content\\\/uploads\\\/2025\\\/11\\\/Jhonny-Deep-en-La-Plata-359x226.jpg\",\"contentUrl\":\"https:\\\/\\\/www.paparazzi.com.ar\\\/wp-content\\\/uploads\\\/2025\\\/11\\\/Jhonny-Deep-en-La-Plata-359x226.jpg\"},{\"@type\":\"BreadcrumbList\",\"@id\":\"http:\\\/\\\/cuartetoenlaweb.com.ar\\\/sitio\\\/fulminante-la-china-suarez-revelo-el-problema-que-padece-con-benjamin-vicuna-es-complicado-y\\\/#breadcrumb\",\"itemListElement\":[{\"@type\":\"ListItem\",\"position\":1,\"name\":\"Portada\",\"item\":\"http:\\\/\\\/cuartetoenlaweb.com.ar\\\/sitio\\\/\"},{\"@type\":\"ListItem\",\"position\":2,\"name\":\"\u00a1Fulminante La China Su\u00e1rez revel\u00f3 el problema que padece con Benjam\u00edn Vicu\u00f1a: &quot;Es complicado y&#8230;&quot;\"}]},{\"@type\":\"WebSite\",\"@id\":\"http:\\\/\\\/cuartetoenlaweb.com.ar\\\/sitio\\\/#website\",\"url\":\"http:\\\/\\\/cuartetoenlaweb.com.ar\\\/sitio\\\/\",\"name\":\"Cuarteto en la Web\",\"description\":\"\",\"publisher\":{\"@id\":\"http:\\\/\\\/cuartetoenlaweb.com.ar\\\/sitio\\\/#organization\"},\"potentialAction\":[{\"@type\":\"SearchAction\",\"target\":{\"@type\":\"EntryPoint\",\"urlTemplate\":\"http:\\\/\\\/cuartetoenlaweb.com.ar\\\/sitio\\\/?s={search_term_string}\"},\"query-input\":{\"@type\":\"PropertyValueSpecification\",\"valueRequired\":true,\"valueName\":\"search_term_string\"}}],\"inLanguage\":\"es\"},{\"@type\":\"Organization\",\"@id\":\"http:\\\/\\\/cuartetoenlaweb.com.ar\\\/sitio\\\/#organization\",\"name\":\"Cuarteto en la Web\",\"url\":\"http:\\\/\\\/cuartetoenlaweb.com.ar\\\/sitio\\\/\",\"logo\":{\"@type\":\"ImageObject\",\"inLanguage\":\"es\",\"@id\":\"http:\\\/\\\/cuartetoenlaweb.com.ar\\\/sitio\\\/#\\\/schema\\\/logo\\\/image\\\/\",\"url\":\"https:\\\/\\\/cuartetoenlaweb.com.ar\\\/sitio\\\/wp-content\\\/uploads\\\/2025\\\/07\\\/cropped-cropped-logitoweb21.png\",\"contentUrl\":\"https:\\\/\\\/cuartetoenlaweb.com.ar\\\/sitio\\\/wp-content\\\/uploads\\\/2025\\\/07\\\/cropped-cropped-logitoweb21.png\",\"width\":199,\"height\":199,\"caption\":\"Cuarteto en la Web\"},\"image\":{\"@id\":\"http:\\\/\\\/cuartetoenlaweb.com.ar\\\/sitio\\\/#\\\/schema\\\/logo\\\/image\\\/\"}}]}<\/script>\n<!-- \/ Yoast SEO plugin. -->","yoast_head_json":{"title":"\u00a1Fulminante La China Su\u00e1rez revel\u00f3 el problema que padece con Benjam\u00edn Vicu\u00f1a: &quot;Es complicado y...&quot; - Cuarteto en la Web","robots":{"index":"index","follow":"follow","max-snippet":"max-snippet:-1","max-image-preview":"max-image-preview:large","max-video-preview":"max-video-preview:-1"},"canonical":"http:\/\/cuartetoenlaweb.com.ar\/sitio\/fulminante-la-china-suarez-revelo-el-problema-que-padece-con-benjamin-vicuna-es-complicado-y\/","og_locale":"es_ES","og_type":"article","og_title":"\u00a1Fulminante La China Su\u00e1rez revel\u00f3 el problema que padece con Benjam\u00edn Vicu\u00f1a: &quot;Es complicado y...&quot; - Cuarteto en la Web","og_description":"La China Su\u00e1rez una vez m\u00e1s volvi\u00f3 a incendiar todo","og_url":"http:\/\/cuartetoenlaweb.com.ar\/sitio\/fulminante-la-china-suarez-revelo-el-problema-que-padece-con-benjamin-vicuna-es-complicado-y\/","og_site_name":"Cuarteto en la Web","article_published_time":"2025-11-15T13:08:11+00:00","og_image":[{"url":"https:\/\/www.paparazzi.com.ar\/wp-content\/uploads\/2025\/11\/Jhonny-Deep-en-La-Plata-359x226.jpg","type":"","width":"","height":""}],"twitter_card":"summary_large_image","twitter_misc":{"Tiempo de lectura":"3 minutos"},"schema":{"@context":"https:\/\/schema.org","@graph":[{"@type":"Article","@id":"http:\/\/cuartetoenlaweb.com.ar\/sitio\/fulminante-la-china-suarez-revelo-el-problema-que-padece-con-benjamin-vicuna-es-complicado-y\/#article","isPartOf":{"@id":"http:\/\/cuartetoenlaweb.com.ar\/sitio\/fulminante-la-china-suarez-revelo-el-problema-que-padece-con-benjamin-vicuna-es-complicado-y\/"},"author":{"name":"","@id":""},"headline":"\u00a1Fulminante La China Su\u00e1rez revel\u00f3 el problema que padece con Benjam\u00edn Vicu\u00f1a: &quot;Es complicado y&#8230;&quot;","datePublished":"2025-11-15T13:08:11+00:00","mainEntityOfPage":{"@id":"http:\/\/cuartetoenlaweb.com.ar\/sitio\/fulminante-la-china-suarez-revelo-el-problema-que-padece-con-benjamin-vicuna-es-complicado-y\/"},"wordCount":545,"publisher":{"@id":"http:\/\/cuartetoenlaweb.com.ar\/sitio\/#organization"},"image":{"@id":"http:\/\/cuartetoenlaweb.com.ar\/sitio\/fulminante-la-china-suarez-revelo-el-problema-que-padece-con-benjamin-vicuna-es-complicado-y\/#primaryimage"},"thumbnailUrl":"https:\/\/www.paparazzi.com.ar\/wp-content\/uploads\/2025\/11\/Jhonny-Deep-en-La-Plata-359x226.jpg","articleSection":["ESPECT\u00c1CULO"],"inLanguage":"es"},{"@type":"WebPage","@id":"http:\/\/cuartetoenlaweb.com.ar\/sitio\/fulminante-la-china-suarez-revelo-el-problema-que-padece-con-benjamin-vicuna-es-complicado-y\/","url":"http:\/\/cuartetoenlaweb.com.ar\/sitio\/fulminante-la-china-suarez-revelo-el-problema-que-padece-con-benjamin-vicuna-es-complicado-y\/","name":"\u00a1Fulminante La China Su\u00e1rez revel\u00f3 el problema que padece con Benjam\u00edn Vicu\u00f1a: &quot;Es complicado y...&quot; - Cuarteto en la Web","isPartOf":{"@id":"http:\/\/cuartetoenlaweb.com.ar\/sitio\/#website"},"primaryImageOfPage":{"@id":"http:\/\/cuartetoenlaweb.com.ar\/sitio\/fulminante-la-china-suarez-revelo-el-problema-que-padece-con-benjamin-vicuna-es-complicado-y\/#primaryimage"},"image":{"@id":"http:\/\/cuartetoenlaweb.com.ar\/sitio\/fulminante-la-china-suarez-revelo-el-problema-que-padece-con-benjamin-vicuna-es-complicado-y\/#primaryimage"},"thumbnailUrl":"https:\/\/www.paparazzi.com.ar\/wp-content\/uploads\/2025\/11\/Jhonny-Deep-en-La-Plata-359x226.jpg","datePublished":"2025-11-15T13:08:11+00:00","breadcrumb":{"@id":"http:\/\/cuartetoenlaweb.com.ar\/sitio\/fulminante-la-china-suarez-revelo-el-problema-que-padece-con-benjamin-vicuna-es-complicado-y\/#breadcrumb"},"inLanguage":"es","potentialAction":[{"@type":"ReadAction","target":["http:\/\/cuartetoenlaweb.com.ar\/sitio\/fulminante-la-china-suarez-revelo-el-problema-que-padece-con-benjamin-vicuna-es-complicado-y\/"]}]},{"@type":"ImageObject","inLanguage":"es","@id":"http:\/\/cuartetoenlaweb.com.ar\/sitio\/fulminante-la-china-suarez-revelo-el-problema-que-padece-con-benjamin-vicuna-es-complicado-y\/#primaryimage","url":"https:\/\/www.paparazzi.com.ar\/wp-content\/uploads\/2025\/11\/Jhonny-Deep-en-La-Plata-359x226.jpg","contentUrl":"https:\/\/www.paparazzi.com.ar\/wp-content\/uploads\/2025\/11\/Jhonny-Deep-en-La-Plata-359x226.jpg"},{"@type":"BreadcrumbList","@id":"http:\/\/cuartetoenlaweb.com.ar\/sitio\/fulminante-la-china-suarez-revelo-el-problema-que-padece-con-benjamin-vicuna-es-complicado-y\/#breadcrumb","itemListElement":[{"@type":"ListItem","position":1,"name":"Portada","item":"http:\/\/cuartetoenlaweb.com.ar\/sitio\/"},{"@type":"ListItem","position":2,"name":"\u00a1Fulminante La China Su\u00e1rez revel\u00f3 el problema que padece con Benjam\u00edn Vicu\u00f1a: &quot;Es complicado y&#8230;&quot;"}]},{"@type":"WebSite","@id":"http:\/\/cuartetoenlaweb.com.ar\/sitio\/#website","url":"http:\/\/cuartetoenlaweb.com.ar\/sitio\/","name":"Cuarteto en la Web","description":"","publisher":{"@id":"http:\/\/cuartetoenlaweb.com.ar\/sitio\/#organization"},"potentialAction":[{"@type":"SearchAction","target":{"@type":"EntryPoint","urlTemplate":"http:\/\/cuartetoenlaweb.com.ar\/sitio\/?s={search_term_string}"},"query-input":{"@type":"PropertyValueSpecification","valueRequired":true,"valueName":"search_term_string"}}],"inLanguage":"es"},{"@type":"Organization","@id":"http:\/\/cuartetoenlaweb.com.ar\/sitio\/#organization","name":"Cuarteto en la Web","url":"http:\/\/cuartetoenlaweb.com.ar\/sitio\/","logo":{"@type":"ImageObject","inLanguage":"es","@id":"http:\/\/cuartetoenlaweb.com.ar\/sitio\/#\/schema\/logo\/image\/","url":"https:\/\/cuartetoenlaweb.com.ar\/sitio\/wp-content\/uploads\/2025\/07\/cropped-cropped-logitoweb21.png","contentUrl":"https:\/\/cuartetoenlaweb.com.ar\/sitio\/wp-content\/uploads\/2025\/07\/cropped-cropped-logitoweb21.png","width":199,"height":199,"caption":"Cuarteto en la Web"},"image":{"@id":"http:\/\/cuartetoenlaweb.com.ar\/sitio\/#\/schema\/logo\/image\/"}}]}},"_links":{"self":[{"href":"https:\/\/cuartetoenlaweb.com.ar\/sitio\/wp-json\/wp\/v2\/posts\/4355","targetHints":{"allow":["GET"]}}],"collection":[{"href":"https:\/\/cuartetoenlaweb.com.ar\/sitio\/wp-json\/wp\/v2\/posts"}],"about":[{"href":"https:\/\/cuartetoenlaweb.com.ar\/sitio\/wp-json\/wp\/v2\/types\/post"}],"replies":[{"embeddable":true,"href":"https:\/\/cuartetoenlaweb.com.ar\/sitio\/wp-json\/wp\/v2\/comments?post=4355"}],"version-history":[{"count":0,"href":"https:\/\/cuartetoenlaweb.com.ar\/sitio\/wp-json\/wp\/v2\/posts\/4355\/revisions"}],"wp:attachment":[{"href":"https:\/\/cuartetoenlaweb.com.ar\/sitio\/wp-json\/wp\/v2\/media?parent=4355"}],"wp:term":[{"taxonomy":"category","embeddable":true,"href":"https:\/\/cuartetoenlaweb.com.ar\/sitio\/wp-json\/wp\/v2\/categories?post=4355"},{"taxonomy":"post_tag","embeddable":true,"href":"https:\/\/cuartetoenlaweb.com.ar\/sitio\/wp-json\/wp\/v2\/tags?post=4355"}],"curies":[{"name":"wp","href":"https:\/\/api.w.org\/{rel}","templated":true}]}}