
{"id":4353,"date":"2025-11-15T09:01:20","date_gmt":"2025-11-15T12:01:20","guid":{"rendered":"https:\/\/cuartetoenlaweb.com.ar\/sitio\/esposa-de-julio-de-vido-lo-visito-en-el-penal-de-ezeiza\/"},"modified":"2025-11-15T09:01:20","modified_gmt":"2025-11-15T12:01:20","slug":"esposa-de-julio-de-vido-lo-visito-en-el-penal-de-ezeiza","status":"publish","type":"post","link":"https:\/\/cuartetoenlaweb.com.ar\/sitio\/esposa-de-julio-de-vido-lo-visito-en-el-penal-de-ezeiza\/","title":{"rendered":"Esposa de Julio De Vido lo visit\u00f3 en el penal de Ezeiza"},"content":{"rendered":"<p>Buenos Aires, 15 noviembre (NA) &#8212; La esposa del exministro de Planificaci\u00f3n Federal Julio De Vido, Alessandra Minnicelli, denunci\u00f3 una serie de irregularidades y malos tratos durante su visita al Hospital Penitenciario Central (HPC) de Ezeiza, donde el exfuncionario permanece detenido desde la tarde del jueves 13 de noviembre por causa de corrupci\u00f3n. <\/p>\n<p>Seg\u00fan detall\u00f3 Minnicelli, De Vido no habr\u00eda tenido acceso a sus pertenencias al momento del ingreso, permaneciendo con una camiseta t\u00e9rmica en condiciones clim\u00e1ticas de altas temperaturas, sin recibir a\u00fan su bolso, que estar\u00eda bajo revisi\u00f3n. <\/p>\n<p>En un comunicado al que accedi\u00f3 la Agencia Noticias Argentinas, Minnicelli afirma que la alimentaci\u00f3n proporcionada no responde a una dieta apta para personas con diabetes e insulinodependientes: \u201cen el desayuno le dieron cinco panes, lo que significa veneno para \u00e9l\u201d, se\u00f1al\u00f3.<\/p>\n<p>DE VIDO DETENIDO EN EL HOSPITAL DEL PENAL DE EZEIZA<\/p>\n<p>En la misma l\u00ednea, denunci\u00f3 que el detenido pidi\u00f3 agua caliente para preparar mate cocido, pero que le fue negada, al igual que el acceso a una ducha. Tambi\u00e9n mencion\u00f3 que De Vido no puede comunicarse con el exterior debido a que s\u00f3lo hay un tel\u00e9fono con tarjeta disponible, cuyo funcionamiento no le fue explicado adecuadamente, y al que se puede acceder solo una vez hasta las 20 horas.<\/p>\n<p>Minnicelli asegur\u00f3 que su esposo tampoco tiene acceso a su medicaci\u00f3n habitual. Ante este panorama, inform\u00f3 que se realiz\u00f3 una presentaci\u00f3n judicial y que el juez interviniente ya envi\u00f3 un oficio al Hospital Penitenciario.<\/p>\n<p>\u201cQUISIERA SABER QUI\u00c9N O QUI\u00c9NES, Y POR QU\u00c9, LO EST\u00c1N MALTRATANDO AS\u00cd\u201d, CONCLUY\u00d3 MINNICELLI.<\/p>\n<p>En cuanto al pedido de prisi\u00f3n domiciliaria, sostuvo que, a pesar de contar con un informe de salud completo y certificado, el tribunal orden\u00f3 una nueva pericia m\u00e9dica y un informe socioambiental en su domicilio, diligencias que a\u00fan no se habr\u00edan concretado.<\/p>\n<p>Julio De Vido cumplir\u00e1 76 a\u00f1os el pr\u00f3ximo 26 de diciembre, lo que implica que a partir del d\u00eda siguiente comenzar\u00e1 a transitar su primer d\u00eda con 77 a\u00f1os, dato relevante para los c\u00f3mputos de edad avanzada en contextos de privaci\u00f3n de libertad. #AgenciaNA<\/p>\n","protected":false},"excerpt":{"rendered":"<p>Buenos Aires, 15 noviembre (NA) &#8212; La esposa del exministro<\/p>\n","protected":false},"author":0,"featured_media":4354,"comment_status":"","ping_status":"","sticky":false,"template":"","format":"standard","meta":{"footnotes":""},"categories":[65],"tags":[],"class_list":["post-4353","post","type-post","status-publish","format-standard","has-post-thumbnail","hentry","category-pais"],"yoast_head":"<!-- This site is optimized with the Yoast SEO plugin v27.4 - https:\/\/yoast.com\/product\/yoast-seo-wordpress\/ -->\n<title>Esposa de Julio De Vido lo visit\u00f3 en el penal de Ezeiza - Cuarteto en la Web<\/title>\n<meta name=\"robots\" content=\"index, follow, max-snippet:-1, max-image-preview:large, max-video-preview:-1\" \/>\n<link rel=\"canonical\" href=\"https:\/\/cuartetoenlaweb.com.ar\/sitio\/esposa-de-julio-de-vido-lo-visito-en-el-penal-de-ezeiza\/\" \/>\n<meta property=\"og:locale\" content=\"es_ES\" \/>\n<meta property=\"og:type\" content=\"article\" \/>\n<meta property=\"og:title\" content=\"Esposa de Julio De Vido lo visit\u00f3 en el penal de Ezeiza - Cuarteto en la Web\" \/>\n<meta property=\"og:description\" content=\"Buenos Aires, 15 noviembre (NA) &#8212; La esposa del exministro\" \/>\n<meta property=\"og:url\" content=\"https:\/\/cuartetoenlaweb.com.ar\/sitio\/esposa-de-julio-de-vido-lo-visito-en-el-penal-de-ezeiza\/\" \/>\n<meta property=\"og:site_name\" content=\"Cuarteto en la Web\" \/>\n<meta property=\"article:published_time\" content=\"2025-11-15T12:01:20+00:00\" \/>\n<meta property=\"og:image\" content=\"https:\/\/cuartetoenlaweb.com.ar\/sitio\/wp-content\/uploads\/2025\/11\/image-37.jpg\" \/>\n\t<meta property=\"og:image:width\" content=\"1024\" \/>\n\t<meta property=\"og:image:height\" content=\"794\" \/>\n\t<meta property=\"og:image:type\" content=\"image\/jpeg\" \/>\n<meta name=\"twitter:card\" content=\"summary_large_image\" \/>\n<meta name=\"twitter:label1\" content=\"Tiempo de lectura\" \/>\n\t<meta name=\"twitter:data1\" content=\"2 minutos\" \/>\n<script type=\"application\/ld+json\" class=\"yoast-schema-graph\">{\"@context\":\"https:\\\/\\\/schema.org\",\"@graph\":[{\"@type\":\"Article\",\"@id\":\"https:\\\/\\\/cuartetoenlaweb.com.ar\\\/sitio\\\/esposa-de-julio-de-vido-lo-visito-en-el-penal-de-ezeiza\\\/#article\",\"isPartOf\":{\"@id\":\"https:\\\/\\\/cuartetoenlaweb.com.ar\\\/sitio\\\/esposa-de-julio-de-vido-lo-visito-en-el-penal-de-ezeiza\\\/\"},\"author\":{\"name\":\"\",\"@id\":\"\"},\"headline\":\"Esposa de Julio De Vido lo visit\u00f3 en el penal de Ezeiza\",\"datePublished\":\"2025-11-15T12:01:20+00:00\",\"mainEntityOfPage\":{\"@id\":\"https:\\\/\\\/cuartetoenlaweb.com.ar\\\/sitio\\\/esposa-de-julio-de-vido-lo-visito-en-el-penal-de-ezeiza\\\/\"},\"wordCount\":381,\"publisher\":{\"@id\":\"http:\\\/\\\/cuartetoenlaweb.com.ar\\\/sitio\\\/#organization\"},\"image\":{\"@id\":\"https:\\\/\\\/cuartetoenlaweb.com.ar\\\/sitio\\\/esposa-de-julio-de-vido-lo-visito-en-el-penal-de-ezeiza\\\/#primaryimage\"},\"thumbnailUrl\":\"https:\\\/\\\/cuartetoenlaweb.com.ar\\\/sitio\\\/wp-content\\\/uploads\\\/2025\\\/11\\\/image-37.jpg\",\"articleSection\":[\"PAIS\"],\"inLanguage\":\"es\"},{\"@type\":\"WebPage\",\"@id\":\"https:\\\/\\\/cuartetoenlaweb.com.ar\\\/sitio\\\/esposa-de-julio-de-vido-lo-visito-en-el-penal-de-ezeiza\\\/\",\"url\":\"https:\\\/\\\/cuartetoenlaweb.com.ar\\\/sitio\\\/esposa-de-julio-de-vido-lo-visito-en-el-penal-de-ezeiza\\\/\",\"name\":\"Esposa de Julio De Vido lo visit\u00f3 en el penal de Ezeiza - Cuarteto en la Web\",\"isPartOf\":{\"@id\":\"http:\\\/\\\/cuartetoenlaweb.com.ar\\\/sitio\\\/#website\"},\"primaryImageOfPage\":{\"@id\":\"https:\\\/\\\/cuartetoenlaweb.com.ar\\\/sitio\\\/esposa-de-julio-de-vido-lo-visito-en-el-penal-de-ezeiza\\\/#primaryimage\"},\"image\":{\"@id\":\"https:\\\/\\\/cuartetoenlaweb.com.ar\\\/sitio\\\/esposa-de-julio-de-vido-lo-visito-en-el-penal-de-ezeiza\\\/#primaryimage\"},\"thumbnailUrl\":\"https:\\\/\\\/cuartetoenlaweb.com.ar\\\/sitio\\\/wp-content\\\/uploads\\\/2025\\\/11\\\/image-37.jpg\",\"datePublished\":\"2025-11-15T12:01:20+00:00\",\"breadcrumb\":{\"@id\":\"https:\\\/\\\/cuartetoenlaweb.com.ar\\\/sitio\\\/esposa-de-julio-de-vido-lo-visito-en-el-penal-de-ezeiza\\\/#breadcrumb\"},\"inLanguage\":\"es\",\"potentialAction\":[{\"@type\":\"ReadAction\",\"target\":[\"https:\\\/\\\/cuartetoenlaweb.com.ar\\\/sitio\\\/esposa-de-julio-de-vido-lo-visito-en-el-penal-de-ezeiza\\\/\"]}]},{\"@type\":\"ImageObject\",\"inLanguage\":\"es\",\"@id\":\"https:\\\/\\\/cuartetoenlaweb.com.ar\\\/sitio\\\/esposa-de-julio-de-vido-lo-visito-en-el-penal-de-ezeiza\\\/#primaryimage\",\"url\":\"https:\\\/\\\/cuartetoenlaweb.com.ar\\\/sitio\\\/wp-content\\\/uploads\\\/2025\\\/11\\\/image-37.jpg\",\"contentUrl\":\"https:\\\/\\\/cuartetoenlaweb.com.ar\\\/sitio\\\/wp-content\\\/uploads\\\/2025\\\/11\\\/image-37.jpg\",\"width\":1024,\"height\":794},{\"@type\":\"BreadcrumbList\",\"@id\":\"https:\\\/\\\/cuartetoenlaweb.com.ar\\\/sitio\\\/esposa-de-julio-de-vido-lo-visito-en-el-penal-de-ezeiza\\\/#breadcrumb\",\"itemListElement\":[{\"@type\":\"ListItem\",\"position\":1,\"name\":\"Portada\",\"item\":\"http:\\\/\\\/cuartetoenlaweb.com.ar\\\/sitio\\\/\"},{\"@type\":\"ListItem\",\"position\":2,\"name\":\"Esposa de Julio De Vido lo visit\u00f3 en el penal de Ezeiza\"}]},{\"@type\":\"WebSite\",\"@id\":\"http:\\\/\\\/cuartetoenlaweb.com.ar\\\/sitio\\\/#website\",\"url\":\"http:\\\/\\\/cuartetoenlaweb.com.ar\\\/sitio\\\/\",\"name\":\"Cuarteto en la Web\",\"description\":\"\",\"publisher\":{\"@id\":\"http:\\\/\\\/cuartetoenlaweb.com.ar\\\/sitio\\\/#organization\"},\"potentialAction\":[{\"@type\":\"SearchAction\",\"target\":{\"@type\":\"EntryPoint\",\"urlTemplate\":\"http:\\\/\\\/cuartetoenlaweb.com.ar\\\/sitio\\\/?s={search_term_string}\"},\"query-input\":{\"@type\":\"PropertyValueSpecification\",\"valueRequired\":true,\"valueName\":\"search_term_string\"}}],\"inLanguage\":\"es\"},{\"@type\":\"Organization\",\"@id\":\"http:\\\/\\\/cuartetoenlaweb.com.ar\\\/sitio\\\/#organization\",\"name\":\"Cuarteto en la Web\",\"url\":\"http:\\\/\\\/cuartetoenlaweb.com.ar\\\/sitio\\\/\",\"logo\":{\"@type\":\"ImageObject\",\"inLanguage\":\"es\",\"@id\":\"http:\\\/\\\/cuartetoenlaweb.com.ar\\\/sitio\\\/#\\\/schema\\\/logo\\\/image\\\/\",\"url\":\"https:\\\/\\\/cuartetoenlaweb.com.ar\\\/sitio\\\/wp-content\\\/uploads\\\/2025\\\/07\\\/cropped-cropped-logitoweb21.png\",\"contentUrl\":\"https:\\\/\\\/cuartetoenlaweb.com.ar\\\/sitio\\\/wp-content\\\/uploads\\\/2025\\\/07\\\/cropped-cropped-logitoweb21.png\",\"width\":199,\"height\":199,\"caption\":\"Cuarteto en la Web\"},\"image\":{\"@id\":\"http:\\\/\\\/cuartetoenlaweb.com.ar\\\/sitio\\\/#\\\/schema\\\/logo\\\/image\\\/\"}}]}<\/script>\n<!-- \/ Yoast SEO plugin. -->","yoast_head_json":{"title":"Esposa de Julio De Vido lo visit\u00f3 en el penal de Ezeiza - Cuarteto en la Web","robots":{"index":"index","follow":"follow","max-snippet":"max-snippet:-1","max-image-preview":"max-image-preview:large","max-video-preview":"max-video-preview:-1"},"canonical":"https:\/\/cuartetoenlaweb.com.ar\/sitio\/esposa-de-julio-de-vido-lo-visito-en-el-penal-de-ezeiza\/","og_locale":"es_ES","og_type":"article","og_title":"Esposa de Julio De Vido lo visit\u00f3 en el penal de Ezeiza - Cuarteto en la Web","og_description":"Buenos Aires, 15 noviembre (NA) &#8212; La esposa del exministro","og_url":"https:\/\/cuartetoenlaweb.com.ar\/sitio\/esposa-de-julio-de-vido-lo-visito-en-el-penal-de-ezeiza\/","og_site_name":"Cuarteto en la Web","article_published_time":"2025-11-15T12:01:20+00:00","og_image":[{"width":1024,"height":794,"url":"https:\/\/cuartetoenlaweb.com.ar\/sitio\/wp-content\/uploads\/2025\/11\/image-37.jpg","type":"image\/jpeg"}],"twitter_card":"summary_large_image","twitter_misc":{"Tiempo de lectura":"2 minutos"},"schema":{"@context":"https:\/\/schema.org","@graph":[{"@type":"Article","@id":"https:\/\/cuartetoenlaweb.com.ar\/sitio\/esposa-de-julio-de-vido-lo-visito-en-el-penal-de-ezeiza\/#article","isPartOf":{"@id":"https:\/\/cuartetoenlaweb.com.ar\/sitio\/esposa-de-julio-de-vido-lo-visito-en-el-penal-de-ezeiza\/"},"author":{"name":"","@id":""},"headline":"Esposa de Julio De Vido lo visit\u00f3 en el penal de Ezeiza","datePublished":"2025-11-15T12:01:20+00:00","mainEntityOfPage":{"@id":"https:\/\/cuartetoenlaweb.com.ar\/sitio\/esposa-de-julio-de-vido-lo-visito-en-el-penal-de-ezeiza\/"},"wordCount":381,"publisher":{"@id":"http:\/\/cuartetoenlaweb.com.ar\/sitio\/#organization"},"image":{"@id":"https:\/\/cuartetoenlaweb.com.ar\/sitio\/esposa-de-julio-de-vido-lo-visito-en-el-penal-de-ezeiza\/#primaryimage"},"thumbnailUrl":"https:\/\/cuartetoenlaweb.com.ar\/sitio\/wp-content\/uploads\/2025\/11\/image-37.jpg","articleSection":["PAIS"],"inLanguage":"es"},{"@type":"WebPage","@id":"https:\/\/cuartetoenlaweb.com.ar\/sitio\/esposa-de-julio-de-vido-lo-visito-en-el-penal-de-ezeiza\/","url":"https:\/\/cuartetoenlaweb.com.ar\/sitio\/esposa-de-julio-de-vido-lo-visito-en-el-penal-de-ezeiza\/","name":"Esposa de Julio De Vido lo visit\u00f3 en el penal de Ezeiza - Cuarteto en la Web","isPartOf":{"@id":"http:\/\/cuartetoenlaweb.com.ar\/sitio\/#website"},"primaryImageOfPage":{"@id":"https:\/\/cuartetoenlaweb.com.ar\/sitio\/esposa-de-julio-de-vido-lo-visito-en-el-penal-de-ezeiza\/#primaryimage"},"image":{"@id":"https:\/\/cuartetoenlaweb.com.ar\/sitio\/esposa-de-julio-de-vido-lo-visito-en-el-penal-de-ezeiza\/#primaryimage"},"thumbnailUrl":"https:\/\/cuartetoenlaweb.com.ar\/sitio\/wp-content\/uploads\/2025\/11\/image-37.jpg","datePublished":"2025-11-15T12:01:20+00:00","breadcrumb":{"@id":"https:\/\/cuartetoenlaweb.com.ar\/sitio\/esposa-de-julio-de-vido-lo-visito-en-el-penal-de-ezeiza\/#breadcrumb"},"inLanguage":"es","potentialAction":[{"@type":"ReadAction","target":["https:\/\/cuartetoenlaweb.com.ar\/sitio\/esposa-de-julio-de-vido-lo-visito-en-el-penal-de-ezeiza\/"]}]},{"@type":"ImageObject","inLanguage":"es","@id":"https:\/\/cuartetoenlaweb.com.ar\/sitio\/esposa-de-julio-de-vido-lo-visito-en-el-penal-de-ezeiza\/#primaryimage","url":"https:\/\/cuartetoenlaweb.com.ar\/sitio\/wp-content\/uploads\/2025\/11\/image-37.jpg","contentUrl":"https:\/\/cuartetoenlaweb.com.ar\/sitio\/wp-content\/uploads\/2025\/11\/image-37.jpg","width":1024,"height":794},{"@type":"BreadcrumbList","@id":"https:\/\/cuartetoenlaweb.com.ar\/sitio\/esposa-de-julio-de-vido-lo-visito-en-el-penal-de-ezeiza\/#breadcrumb","itemListElement":[{"@type":"ListItem","position":1,"name":"Portada","item":"http:\/\/cuartetoenlaweb.com.ar\/sitio\/"},{"@type":"ListItem","position":2,"name":"Esposa de Julio De Vido lo visit\u00f3 en el penal de Ezeiza"}]},{"@type":"WebSite","@id":"http:\/\/cuartetoenlaweb.com.ar\/sitio\/#website","url":"http:\/\/cuartetoenlaweb.com.ar\/sitio\/","name":"Cuarteto en la Web","description":"","publisher":{"@id":"http:\/\/cuartetoenlaweb.com.ar\/sitio\/#organization"},"potentialAction":[{"@type":"SearchAction","target":{"@type":"EntryPoint","urlTemplate":"http:\/\/cuartetoenlaweb.com.ar\/sitio\/?s={search_term_string}"},"query-input":{"@type":"PropertyValueSpecification","valueRequired":true,"valueName":"search_term_string"}}],"inLanguage":"es"},{"@type":"Organization","@id":"http:\/\/cuartetoenlaweb.com.ar\/sitio\/#organization","name":"Cuarteto en la Web","url":"http:\/\/cuartetoenlaweb.com.ar\/sitio\/","logo":{"@type":"ImageObject","inLanguage":"es","@id":"http:\/\/cuartetoenlaweb.com.ar\/sitio\/#\/schema\/logo\/image\/","url":"https:\/\/cuartetoenlaweb.com.ar\/sitio\/wp-content\/uploads\/2025\/07\/cropped-cropped-logitoweb21.png","contentUrl":"https:\/\/cuartetoenlaweb.com.ar\/sitio\/wp-content\/uploads\/2025\/07\/cropped-cropped-logitoweb21.png","width":199,"height":199,"caption":"Cuarteto en la Web"},"image":{"@id":"http:\/\/cuartetoenlaweb.com.ar\/sitio\/#\/schema\/logo\/image\/"}}]}},"_links":{"self":[{"href":"https:\/\/cuartetoenlaweb.com.ar\/sitio\/wp-json\/wp\/v2\/posts\/4353","targetHints":{"allow":["GET"]}}],"collection":[{"href":"https:\/\/cuartetoenlaweb.com.ar\/sitio\/wp-json\/wp\/v2\/posts"}],"about":[{"href":"https:\/\/cuartetoenlaweb.com.ar\/sitio\/wp-json\/wp\/v2\/types\/post"}],"replies":[{"embeddable":true,"href":"https:\/\/cuartetoenlaweb.com.ar\/sitio\/wp-json\/wp\/v2\/comments?post=4353"}],"version-history":[{"count":0,"href":"https:\/\/cuartetoenlaweb.com.ar\/sitio\/wp-json\/wp\/v2\/posts\/4353\/revisions"}],"wp:featuredmedia":[{"embeddable":true,"href":"https:\/\/cuartetoenlaweb.com.ar\/sitio\/wp-json\/wp\/v2\/media\/4354"}],"wp:attachment":[{"href":"https:\/\/cuartetoenlaweb.com.ar\/sitio\/wp-json\/wp\/v2\/media?parent=4353"}],"wp:term":[{"taxonomy":"category","embeddable":true,"href":"https:\/\/cuartetoenlaweb.com.ar\/sitio\/wp-json\/wp\/v2\/categories?post=4353"},{"taxonomy":"post_tag","embeddable":true,"href":"https:\/\/cuartetoenlaweb.com.ar\/sitio\/wp-json\/wp\/v2\/tags?post=4353"}],"curies":[{"name":"wp","href":"https:\/\/api.w.org\/{rel}","templated":true}]}}