
{"id":4345,"date":"2025-11-15T09:01:07","date_gmt":"2025-11-15T12:01:07","guid":{"rendered":"https:\/\/cuartetoenlaweb.com.ar\/sitio\/el-conmovedor-homenaje-de-mariano-iudica-a-una-figura-de-polemica-en-el-bar-recientemente-fallecida\/"},"modified":"2025-11-15T09:01:07","modified_gmt":"2025-11-15T12:01:07","slug":"el-conmovedor-homenaje-de-mariano-iudica-a-una-figura-de-polemica-en-el-bar-recientemente-fallecida","status":"publish","type":"post","link":"https:\/\/cuartetoenlaweb.com.ar\/sitio\/el-conmovedor-homenaje-de-mariano-iudica-a-una-figura-de-polemica-en-el-bar-recientemente-fallecida\/","title":{"rendered":"El conmovedor homenaje de Mariano I\u00fadica a una figura de Pol\u00e9mica en el Bar recientemente fallecida"},"content":{"rendered":"<p>El pasado mi\u00e9rcoles 5 de noviembre se vivi\u00f3 un momento muy emotivo al aire del programa de las noches de Am\u00e9rica cuando el conductor de Pol\u00e9mica en el bar, Mariano I\u00fadica, protagoniz\u00f3 una simb\u00f3lica escena donde enmarc\u00f3 el rostro de una importante pieza de este formato y de la far\u00e1ndula argentina.<\/p>\n<p>Pidiendo un minuto para hacer ese peque\u00f1o homenaje y con el resto de los integrantes de la mesa de pie, <strong>Mari\u00e1no I\u00fadica<\/strong> procedi\u00f3 a pegar en un cuadro de la escenograf\u00eda una foto de <strong>Ren\u00e9 Bertrand<\/strong>, el actor, productor y director quien falleci\u00f3 el pasado 25 de junio a los 53 a\u00f1os.<\/p>\n<p><em>\u201cMiren lo que voy a poner ahora. Lo vamos a tener ac\u00e1 para siempre. Un fot\u00f3n.<a href=\"https:\/\/www.paparazzi.com.ar\/teve\/que-decia-el-ultimo-mensaje-que-rene-bertrand-le-dedico-a-su-esposa-antes-de-morir\/\"> Ren\u00e9 Bertrand<\/a> es \u00e9l y va a estar para siempre ac\u00e1 en Pol\u00e9mica cerca del Ruso (<\/em><strong><em>Gerardo Sofovich<\/em><\/strong><em>)\u201d, <\/em>expres\u00f3 el conductor de este emblem\u00e1tico ciclo televisivo por el cual han pasado muchas figuras del espect\u00e1culo, el deporte y la pol\u00edtica.<\/p>\n<div class=\"mt-box \">\n<h4 class=\"mt-heading\">Mir\u00e1 Tambi\u00e9n<\/h4>\n<p><a href=\"https:\/\/www.paparazzi.com.ar\/videos\/exclusivo-luis-ventura-conto-por-que-jorge-rial-le-tiene-miedo-me-quiere-borrar-porque\/\"><\/p>\n<div class=\"mt-content\">\n<div class=\"mt-image-container\"><img decoding=\"async\" src=\"https:\/\/www.paparazzi.com.ar\/wp-content\/uploads\/2025\/11\/Ventura-dos-1-359x226.jpg\" alt=\"\u00a1Exclusivo! Luis Ventura cont\u00f3 por qu\u00e9 Jorge Rial le tiene miedo: \u201cMe quiere borrar porque\u2026\u201d\" class=\"mt-image\" loading=\"lazy\" \/><\/div>\n<h5 class=\"mt-title\">\u00a1Exclusivo! Luis Ventura cont\u00f3 por qu\u00e9 Jorge Rial le tiene miedo: \u201cMe quiere borrar porque\u2026\u201d<\/h5>\n<\/div>\n<p><\/a><\/div>\n<p>\u201c<em>Cerca del Gordo (<\/em><strong><em>Jorge Porcel<\/em><\/strong><em>), de Sandro, entre otros. Y le mandamos un beso a su mujer <\/em><strong><em>Bel\u00e9n Gimenez<\/em><\/strong>\u201d, sum\u00f3 I\u00fadica al tiempo que <strong>Silvina Escudero<\/strong> se sum\u00f3 a sus palabras. Horas m\u00e1s tarde y haci\u00e9ndose eco de ese momento que se vivi\u00f3 en la pantalla de <em>Am\u00e9rica<\/em> <a href=\"https:\/\/www.paparazzi.com.ar\/teve\/el-desolador-testimonio-de-belen-gimenez-la-viuda-de-rene-bertrand-el-peor-momento-fue-cuando-se-lo-tuve-que-decir-a\/\">la esposa del artista <\/a>se sum\u00f3 al homenaje.<\/p>\n<h2 class=\"wp-block-heading\">MARIANO IUDICA ENCABEZO UN HERMOSO GESTO DE LOS COMPA\u00d1EROS DE RENE BERTRAND<\/h2>\n<p>A trav\u00e9s de su redes sociales, la actriz y nuera de <strong>Mar\u00eda Rosa Fugazot <\/strong>agradeci\u00f3 el gesto de los integrantes de <em>Pol\u00e9mica en el Bar<\/em> y manifest\u00f3: \u201c<em>Amor me siento tan orgullosa de vos&#8230;de tu talento, de todo lo que fuiste, de tu bondad, de tu manera honesta y leal de vivir\u201d<\/em>.<\/p>\n<p>\u201c<em>Admir\u00e9 siempre c\u00f3mo defend\u00edas lo que sent\u00edas, como dabas todo sin esperar nada. Gracias por haberme ense\u00f1ado tanto, por amarme tan de verdad, por ser el pap\u00e1 m\u00e1s maravilloso para nuestros hijos. Te aplaudo de pie mi amor. Sofi, Fran y yo te extra\u00f1amos y amamos hasta el techito de Dios. Gracias Gustavo Sofovich por este homenaje a Ren\u00e9 con tanto amor&#8230; Se me explot\u00f3 el coraz\u00f3n cuando lo v\u00ed. Gracias amiga Silvina Escudero, te quiero mucho, gracias Mariano I\u00fadica por tus palabras y a todo el equipo de Pol\u00e9mica en el bar. Ahora Ren\u00e9 siempre con ustedes<\/em>\u201d, remat\u00f3 <a href=\"https:\/\/www.paparazzi.com.ar\/teve\/la-esposa-de-rene-bertrand-conto-como-fueron-los-dolorosos-ultimos-dias-del-actor\/\">Bel\u00e9n<\/a>.<\/p>\n<figure class=\"wp-block-image size-large\"><img decoding=\"async\" src=\"https:\/\/www.paparazzi.com.ar\/wp-content\/uploads\/2025\/11\/rene-belen-700x1024.jpeg.webp\" loading=\"lazy\" alt=\"\" class=\"wp-image-452011\" \/><\/figure>\n<figure class=\"wp-block-image size-large\"><img decoding=\"async\" src=\"https:\/\/www.paparazzi.com.ar\/wp-content\/uploads\/2025\/11\/iudica-rene-1024x590.jpeg.webp\" loading=\"lazy\" alt=\"\" class=\"wp-image-452009\" \/><\/figure>\n<div class=\"mt-box \">\n<h4 class=\"mt-heading\">Mir\u00e1 Tambi\u00e9n<\/h4>\n<p><a href=\"https:\/\/www.paparazzi.com.ar\/teve\/guerra-sorpresiva-beto-casella-descubrio-la-peor-cara-de-angel-de-brito-antes-de-ser-companeros-en-america-sin-codigos\/\"><\/p>\n<div class=\"mt-content\">\n<div class=\"mt-image-container\"><img decoding=\"async\" src=\"https:\/\/www.paparazzi.com.ar\/wp-content\/uploads\/2025\/11\/Beto-Casella-Angel-1-1-359x226.jpg\" alt=\"\u00a1Guerra sorpresiva! Beto Casella descubri\u00f3 la peor cara de Angel de Brito antes de ser compa\u00f1eros en Am\u00e9rica y se mataron\" class=\"mt-image\" loading=\"lazy\" \/><\/div>\n<h5 class=\"mt-title\">\u00a1Guerra sorpresiva! Beto Casella descubri\u00f3 la peor cara de Angel de Brito antes de ser compa\u00f1eros en Am\u00e9rica y se mataron<\/h5>\n<\/div>\n<p><\/a><\/div>\n<div class=\"mt-box \">\n<h4 class=\"mt-heading\">Mir\u00e1 Tambi\u00e9n<\/h4>\n<p><a href=\"https:\/\/www.paparazzi.com.ar\/romances\/bombazo-absoluto-sobre-la-china-suarez-y-mauro-icardi-el-se-divorcia-de-wanda-en-mayo-despues-se-casan-y-se-van-a-vivir-a\/\"><\/p>\n<div class=\"mt-content\">\n<div class=\"mt-image-container\"><img decoding=\"async\" src=\"https:\/\/www.paparazzi.com.ar\/wp-content\/uploads\/2025\/11\/China-Icardi-Wanda-1-359x226.jpg\" alt=\"Bombazo absoluto sobre la China Su\u00e1rez y Mauro Icardi: &quot;El se divorcia de Wanda en mayo, despu\u00e9s se casan y se van a vivir a...&quot;\" class=\"mt-image\" loading=\"lazy\" \/><\/div>\n<h5 class=\"mt-title\">Bombazo absoluto sobre la China Su\u00e1rez y Mauro Icardi: \u00abEl se divorcia de Wanda en mayo, despu\u00e9s se casan y se van a vivir a&#8230;\u00bb<\/h5>\n<\/div>\n<p><\/a><\/div>\n<p>The post <a href=\"https:\/\/www.paparazzi.com.ar\/teve\/el-conmovedor-homenaje-de-mariano-iudica-a-una-figura-de-polemica-en-el-bar-recientemente-fallecida\/\">El conmovedor homenaje de Mariano I\u00fadica a una figura de Pol\u00e9mica en el Bar recientemente fallecida<\/a> appeared first on <a href=\"https:\/\/www.paparazzi.com.ar\">Revista Paparazzi<\/a>.<\/p>\n","protected":false},"excerpt":{"rendered":"<p>El pasado mi\u00e9rcoles 5 de noviembre se vivi\u00f3 un momento<\/p>\n","protected":false},"author":0,"featured_media":4346,"comment_status":"","ping_status":"","sticky":false,"template":"","format":"standard","meta":{"footnotes":""},"categories":[12],"tags":[],"class_list":["post-4345","post","type-post","status-publish","format-standard","has-post-thumbnail","hentry","category-espectaculo"],"yoast_head":"<!-- This site is optimized with the Yoast SEO plugin v27.4 - https:\/\/yoast.com\/product\/yoast-seo-wordpress\/ -->\n<title>El conmovedor homenaje de Mariano I\u00fadica a una figura de Pol\u00e9mica en el Bar recientemente fallecida - Cuarteto en la Web<\/title>\n<meta name=\"robots\" content=\"index, follow, max-snippet:-1, max-image-preview:large, max-video-preview:-1\" \/>\n<link rel=\"canonical\" href=\"https:\/\/cuartetoenlaweb.com.ar\/sitio\/el-conmovedor-homenaje-de-mariano-iudica-a-una-figura-de-polemica-en-el-bar-recientemente-fallecida\/\" \/>\n<meta property=\"og:locale\" content=\"es_ES\" \/>\n<meta property=\"og:type\" content=\"article\" \/>\n<meta property=\"og:title\" content=\"El conmovedor homenaje de Mariano I\u00fadica a una figura de Pol\u00e9mica en el Bar recientemente fallecida - Cuarteto en la Web\" \/>\n<meta property=\"og:description\" content=\"El pasado mi\u00e9rcoles 5 de noviembre se vivi\u00f3 un momento\" \/>\n<meta property=\"og:url\" content=\"https:\/\/cuartetoenlaweb.com.ar\/sitio\/el-conmovedor-homenaje-de-mariano-iudica-a-una-figura-de-polemica-en-el-bar-recientemente-fallecida\/\" \/>\n<meta property=\"og:site_name\" content=\"Cuarteto en la Web\" \/>\n<meta property=\"article:published_time\" content=\"2025-11-15T12:01:07+00:00\" \/>\n<meta property=\"og:image\" content=\"https:\/\/cuartetoenlaweb.com.ar\/sitio\/wp-content\/uploads\/2025\/11\/Ventura-dos-1-359x226-51.jpg\" \/>\n\t<meta property=\"og:image:width\" content=\"359\" \/>\n\t<meta property=\"og:image:height\" content=\"226\" \/>\n\t<meta property=\"og:image:type\" content=\"image\/jpeg\" \/>\n<meta name=\"twitter:card\" content=\"summary_large_image\" \/>\n<meta name=\"twitter:label1\" content=\"Tiempo de lectura\" \/>\n\t<meta name=\"twitter:data1\" content=\"3 minutos\" \/>\n<script type=\"application\/ld+json\" class=\"yoast-schema-graph\">{\"@context\":\"https:\\\/\\\/schema.org\",\"@graph\":[{\"@type\":\"Article\",\"@id\":\"https:\\\/\\\/cuartetoenlaweb.com.ar\\\/sitio\\\/el-conmovedor-homenaje-de-mariano-iudica-a-una-figura-de-polemica-en-el-bar-recientemente-fallecida\\\/#article\",\"isPartOf\":{\"@id\":\"https:\\\/\\\/cuartetoenlaweb.com.ar\\\/sitio\\\/el-conmovedor-homenaje-de-mariano-iudica-a-una-figura-de-polemica-en-el-bar-recientemente-fallecida\\\/\"},\"author\":{\"name\":\"\",\"@id\":\"\"},\"headline\":\"El conmovedor homenaje de Mariano I\u00fadica a una figura de Pol\u00e9mica en el Bar recientemente fallecida\",\"datePublished\":\"2025-11-15T12:01:07+00:00\",\"mainEntityOfPage\":{\"@id\":\"https:\\\/\\\/cuartetoenlaweb.com.ar\\\/sitio\\\/el-conmovedor-homenaje-de-mariano-iudica-a-una-figura-de-polemica-en-el-bar-recientemente-fallecida\\\/\"},\"wordCount\":529,\"publisher\":{\"@id\":\"http:\\\/\\\/cuartetoenlaweb.com.ar\\\/sitio\\\/#organization\"},\"image\":{\"@id\":\"https:\\\/\\\/cuartetoenlaweb.com.ar\\\/sitio\\\/el-conmovedor-homenaje-de-mariano-iudica-a-una-figura-de-polemica-en-el-bar-recientemente-fallecida\\\/#primaryimage\"},\"thumbnailUrl\":\"https:\\\/\\\/cuartetoenlaweb.com.ar\\\/sitio\\\/wp-content\\\/uploads\\\/2025\\\/11\\\/Ventura-dos-1-359x226-51.jpg\",\"articleSection\":[\"ESPECT\u00c1CULO\"],\"inLanguage\":\"es\"},{\"@type\":\"WebPage\",\"@id\":\"https:\\\/\\\/cuartetoenlaweb.com.ar\\\/sitio\\\/el-conmovedor-homenaje-de-mariano-iudica-a-una-figura-de-polemica-en-el-bar-recientemente-fallecida\\\/\",\"url\":\"https:\\\/\\\/cuartetoenlaweb.com.ar\\\/sitio\\\/el-conmovedor-homenaje-de-mariano-iudica-a-una-figura-de-polemica-en-el-bar-recientemente-fallecida\\\/\",\"name\":\"El conmovedor homenaje de Mariano I\u00fadica a una figura de Pol\u00e9mica en el Bar recientemente fallecida - Cuarteto en la Web\",\"isPartOf\":{\"@id\":\"http:\\\/\\\/cuartetoenlaweb.com.ar\\\/sitio\\\/#website\"},\"primaryImageOfPage\":{\"@id\":\"https:\\\/\\\/cuartetoenlaweb.com.ar\\\/sitio\\\/el-conmovedor-homenaje-de-mariano-iudica-a-una-figura-de-polemica-en-el-bar-recientemente-fallecida\\\/#primaryimage\"},\"image\":{\"@id\":\"https:\\\/\\\/cuartetoenlaweb.com.ar\\\/sitio\\\/el-conmovedor-homenaje-de-mariano-iudica-a-una-figura-de-polemica-en-el-bar-recientemente-fallecida\\\/#primaryimage\"},\"thumbnailUrl\":\"https:\\\/\\\/cuartetoenlaweb.com.ar\\\/sitio\\\/wp-content\\\/uploads\\\/2025\\\/11\\\/Ventura-dos-1-359x226-51.jpg\",\"datePublished\":\"2025-11-15T12:01:07+00:00\",\"breadcrumb\":{\"@id\":\"https:\\\/\\\/cuartetoenlaweb.com.ar\\\/sitio\\\/el-conmovedor-homenaje-de-mariano-iudica-a-una-figura-de-polemica-en-el-bar-recientemente-fallecida\\\/#breadcrumb\"},\"inLanguage\":\"es\",\"potentialAction\":[{\"@type\":\"ReadAction\",\"target\":[\"https:\\\/\\\/cuartetoenlaweb.com.ar\\\/sitio\\\/el-conmovedor-homenaje-de-mariano-iudica-a-una-figura-de-polemica-en-el-bar-recientemente-fallecida\\\/\"]}]},{\"@type\":\"ImageObject\",\"inLanguage\":\"es\",\"@id\":\"https:\\\/\\\/cuartetoenlaweb.com.ar\\\/sitio\\\/el-conmovedor-homenaje-de-mariano-iudica-a-una-figura-de-polemica-en-el-bar-recientemente-fallecida\\\/#primaryimage\",\"url\":\"https:\\\/\\\/cuartetoenlaweb.com.ar\\\/sitio\\\/wp-content\\\/uploads\\\/2025\\\/11\\\/Ventura-dos-1-359x226-51.jpg\",\"contentUrl\":\"https:\\\/\\\/cuartetoenlaweb.com.ar\\\/sitio\\\/wp-content\\\/uploads\\\/2025\\\/11\\\/Ventura-dos-1-359x226-51.jpg\",\"width\":359,\"height\":226},{\"@type\":\"BreadcrumbList\",\"@id\":\"https:\\\/\\\/cuartetoenlaweb.com.ar\\\/sitio\\\/el-conmovedor-homenaje-de-mariano-iudica-a-una-figura-de-polemica-en-el-bar-recientemente-fallecida\\\/#breadcrumb\",\"itemListElement\":[{\"@type\":\"ListItem\",\"position\":1,\"name\":\"Portada\",\"item\":\"http:\\\/\\\/cuartetoenlaweb.com.ar\\\/sitio\\\/\"},{\"@type\":\"ListItem\",\"position\":2,\"name\":\"El conmovedor homenaje de Mariano I\u00fadica a una figura de Pol\u00e9mica en el Bar recientemente fallecida\"}]},{\"@type\":\"WebSite\",\"@id\":\"http:\\\/\\\/cuartetoenlaweb.com.ar\\\/sitio\\\/#website\",\"url\":\"http:\\\/\\\/cuartetoenlaweb.com.ar\\\/sitio\\\/\",\"name\":\"Cuarteto en la Web\",\"description\":\"\",\"publisher\":{\"@id\":\"http:\\\/\\\/cuartetoenlaweb.com.ar\\\/sitio\\\/#organization\"},\"potentialAction\":[{\"@type\":\"SearchAction\",\"target\":{\"@type\":\"EntryPoint\",\"urlTemplate\":\"http:\\\/\\\/cuartetoenlaweb.com.ar\\\/sitio\\\/?s={search_term_string}\"},\"query-input\":{\"@type\":\"PropertyValueSpecification\",\"valueRequired\":true,\"valueName\":\"search_term_string\"}}],\"inLanguage\":\"es\"},{\"@type\":\"Organization\",\"@id\":\"http:\\\/\\\/cuartetoenlaweb.com.ar\\\/sitio\\\/#organization\",\"name\":\"Cuarteto en la Web\",\"url\":\"http:\\\/\\\/cuartetoenlaweb.com.ar\\\/sitio\\\/\",\"logo\":{\"@type\":\"ImageObject\",\"inLanguage\":\"es\",\"@id\":\"http:\\\/\\\/cuartetoenlaweb.com.ar\\\/sitio\\\/#\\\/schema\\\/logo\\\/image\\\/\",\"url\":\"https:\\\/\\\/cuartetoenlaweb.com.ar\\\/sitio\\\/wp-content\\\/uploads\\\/2025\\\/07\\\/cropped-cropped-logitoweb21.png\",\"contentUrl\":\"https:\\\/\\\/cuartetoenlaweb.com.ar\\\/sitio\\\/wp-content\\\/uploads\\\/2025\\\/07\\\/cropped-cropped-logitoweb21.png\",\"width\":199,\"height\":199,\"caption\":\"Cuarteto en la Web\"},\"image\":{\"@id\":\"http:\\\/\\\/cuartetoenlaweb.com.ar\\\/sitio\\\/#\\\/schema\\\/logo\\\/image\\\/\"}}]}<\/script>\n<!-- \/ Yoast SEO plugin. -->","yoast_head_json":{"title":"El conmovedor homenaje de Mariano I\u00fadica a una figura de Pol\u00e9mica en el Bar recientemente fallecida - Cuarteto en la Web","robots":{"index":"index","follow":"follow","max-snippet":"max-snippet:-1","max-image-preview":"max-image-preview:large","max-video-preview":"max-video-preview:-1"},"canonical":"https:\/\/cuartetoenlaweb.com.ar\/sitio\/el-conmovedor-homenaje-de-mariano-iudica-a-una-figura-de-polemica-en-el-bar-recientemente-fallecida\/","og_locale":"es_ES","og_type":"article","og_title":"El conmovedor homenaje de Mariano I\u00fadica a una figura de Pol\u00e9mica en el Bar recientemente fallecida - Cuarteto en la Web","og_description":"El pasado mi\u00e9rcoles 5 de noviembre se vivi\u00f3 un momento","og_url":"https:\/\/cuartetoenlaweb.com.ar\/sitio\/el-conmovedor-homenaje-de-mariano-iudica-a-una-figura-de-polemica-en-el-bar-recientemente-fallecida\/","og_site_name":"Cuarteto en la Web","article_published_time":"2025-11-15T12:01:07+00:00","og_image":[{"width":359,"height":226,"url":"https:\/\/cuartetoenlaweb.com.ar\/sitio\/wp-content\/uploads\/2025\/11\/Ventura-dos-1-359x226-51.jpg","type":"image\/jpeg"}],"twitter_card":"summary_large_image","twitter_misc":{"Tiempo de lectura":"3 minutos"},"schema":{"@context":"https:\/\/schema.org","@graph":[{"@type":"Article","@id":"https:\/\/cuartetoenlaweb.com.ar\/sitio\/el-conmovedor-homenaje-de-mariano-iudica-a-una-figura-de-polemica-en-el-bar-recientemente-fallecida\/#article","isPartOf":{"@id":"https:\/\/cuartetoenlaweb.com.ar\/sitio\/el-conmovedor-homenaje-de-mariano-iudica-a-una-figura-de-polemica-en-el-bar-recientemente-fallecida\/"},"author":{"name":"","@id":""},"headline":"El conmovedor homenaje de Mariano I\u00fadica a una figura de Pol\u00e9mica en el Bar recientemente fallecida","datePublished":"2025-11-15T12:01:07+00:00","mainEntityOfPage":{"@id":"https:\/\/cuartetoenlaweb.com.ar\/sitio\/el-conmovedor-homenaje-de-mariano-iudica-a-una-figura-de-polemica-en-el-bar-recientemente-fallecida\/"},"wordCount":529,"publisher":{"@id":"http:\/\/cuartetoenlaweb.com.ar\/sitio\/#organization"},"image":{"@id":"https:\/\/cuartetoenlaweb.com.ar\/sitio\/el-conmovedor-homenaje-de-mariano-iudica-a-una-figura-de-polemica-en-el-bar-recientemente-fallecida\/#primaryimage"},"thumbnailUrl":"https:\/\/cuartetoenlaweb.com.ar\/sitio\/wp-content\/uploads\/2025\/11\/Ventura-dos-1-359x226-51.jpg","articleSection":["ESPECT\u00c1CULO"],"inLanguage":"es"},{"@type":"WebPage","@id":"https:\/\/cuartetoenlaweb.com.ar\/sitio\/el-conmovedor-homenaje-de-mariano-iudica-a-una-figura-de-polemica-en-el-bar-recientemente-fallecida\/","url":"https:\/\/cuartetoenlaweb.com.ar\/sitio\/el-conmovedor-homenaje-de-mariano-iudica-a-una-figura-de-polemica-en-el-bar-recientemente-fallecida\/","name":"El conmovedor homenaje de Mariano I\u00fadica a una figura de Pol\u00e9mica en el Bar recientemente fallecida - Cuarteto en la Web","isPartOf":{"@id":"http:\/\/cuartetoenlaweb.com.ar\/sitio\/#website"},"primaryImageOfPage":{"@id":"https:\/\/cuartetoenlaweb.com.ar\/sitio\/el-conmovedor-homenaje-de-mariano-iudica-a-una-figura-de-polemica-en-el-bar-recientemente-fallecida\/#primaryimage"},"image":{"@id":"https:\/\/cuartetoenlaweb.com.ar\/sitio\/el-conmovedor-homenaje-de-mariano-iudica-a-una-figura-de-polemica-en-el-bar-recientemente-fallecida\/#primaryimage"},"thumbnailUrl":"https:\/\/cuartetoenlaweb.com.ar\/sitio\/wp-content\/uploads\/2025\/11\/Ventura-dos-1-359x226-51.jpg","datePublished":"2025-11-15T12:01:07+00:00","breadcrumb":{"@id":"https:\/\/cuartetoenlaweb.com.ar\/sitio\/el-conmovedor-homenaje-de-mariano-iudica-a-una-figura-de-polemica-en-el-bar-recientemente-fallecida\/#breadcrumb"},"inLanguage":"es","potentialAction":[{"@type":"ReadAction","target":["https:\/\/cuartetoenlaweb.com.ar\/sitio\/el-conmovedor-homenaje-de-mariano-iudica-a-una-figura-de-polemica-en-el-bar-recientemente-fallecida\/"]}]},{"@type":"ImageObject","inLanguage":"es","@id":"https:\/\/cuartetoenlaweb.com.ar\/sitio\/el-conmovedor-homenaje-de-mariano-iudica-a-una-figura-de-polemica-en-el-bar-recientemente-fallecida\/#primaryimage","url":"https:\/\/cuartetoenlaweb.com.ar\/sitio\/wp-content\/uploads\/2025\/11\/Ventura-dos-1-359x226-51.jpg","contentUrl":"https:\/\/cuartetoenlaweb.com.ar\/sitio\/wp-content\/uploads\/2025\/11\/Ventura-dos-1-359x226-51.jpg","width":359,"height":226},{"@type":"BreadcrumbList","@id":"https:\/\/cuartetoenlaweb.com.ar\/sitio\/el-conmovedor-homenaje-de-mariano-iudica-a-una-figura-de-polemica-en-el-bar-recientemente-fallecida\/#breadcrumb","itemListElement":[{"@type":"ListItem","position":1,"name":"Portada","item":"http:\/\/cuartetoenlaweb.com.ar\/sitio\/"},{"@type":"ListItem","position":2,"name":"El conmovedor homenaje de Mariano I\u00fadica a una figura de Pol\u00e9mica en el Bar recientemente fallecida"}]},{"@type":"WebSite","@id":"http:\/\/cuartetoenlaweb.com.ar\/sitio\/#website","url":"http:\/\/cuartetoenlaweb.com.ar\/sitio\/","name":"Cuarteto en la Web","description":"","publisher":{"@id":"http:\/\/cuartetoenlaweb.com.ar\/sitio\/#organization"},"potentialAction":[{"@type":"SearchAction","target":{"@type":"EntryPoint","urlTemplate":"http:\/\/cuartetoenlaweb.com.ar\/sitio\/?s={search_term_string}"},"query-input":{"@type":"PropertyValueSpecification","valueRequired":true,"valueName":"search_term_string"}}],"inLanguage":"es"},{"@type":"Organization","@id":"http:\/\/cuartetoenlaweb.com.ar\/sitio\/#organization","name":"Cuarteto en la Web","url":"http:\/\/cuartetoenlaweb.com.ar\/sitio\/","logo":{"@type":"ImageObject","inLanguage":"es","@id":"http:\/\/cuartetoenlaweb.com.ar\/sitio\/#\/schema\/logo\/image\/","url":"https:\/\/cuartetoenlaweb.com.ar\/sitio\/wp-content\/uploads\/2025\/07\/cropped-cropped-logitoweb21.png","contentUrl":"https:\/\/cuartetoenlaweb.com.ar\/sitio\/wp-content\/uploads\/2025\/07\/cropped-cropped-logitoweb21.png","width":199,"height":199,"caption":"Cuarteto en la Web"},"image":{"@id":"http:\/\/cuartetoenlaweb.com.ar\/sitio\/#\/schema\/logo\/image\/"}}]}},"_links":{"self":[{"href":"https:\/\/cuartetoenlaweb.com.ar\/sitio\/wp-json\/wp\/v2\/posts\/4345","targetHints":{"allow":["GET"]}}],"collection":[{"href":"https:\/\/cuartetoenlaweb.com.ar\/sitio\/wp-json\/wp\/v2\/posts"}],"about":[{"href":"https:\/\/cuartetoenlaweb.com.ar\/sitio\/wp-json\/wp\/v2\/types\/post"}],"replies":[{"embeddable":true,"href":"https:\/\/cuartetoenlaweb.com.ar\/sitio\/wp-json\/wp\/v2\/comments?post=4345"}],"version-history":[{"count":0,"href":"https:\/\/cuartetoenlaweb.com.ar\/sitio\/wp-json\/wp\/v2\/posts\/4345\/revisions"}],"wp:featuredmedia":[{"embeddable":true,"href":"https:\/\/cuartetoenlaweb.com.ar\/sitio\/wp-json\/wp\/v2\/media\/4346"}],"wp:attachment":[{"href":"https:\/\/cuartetoenlaweb.com.ar\/sitio\/wp-json\/wp\/v2\/media?parent=4345"}],"wp:term":[{"taxonomy":"category","embeddable":true,"href":"https:\/\/cuartetoenlaweb.com.ar\/sitio\/wp-json\/wp\/v2\/categories?post=4345"},{"taxonomy":"post_tag","embeddable":true,"href":"https:\/\/cuartetoenlaweb.com.ar\/sitio\/wp-json\/wp\/v2\/tags?post=4345"}],"curies":[{"name":"wp","href":"https:\/\/api.w.org\/{rel}","templated":true}]}}