
{"id":4343,"date":"2025-11-15T09:01:06","date_gmt":"2025-11-15T12:01:06","guid":{"rendered":"https:\/\/cuartetoenlaweb.com.ar\/sitio\/la-verdad-desconocida-del-odio-de-soledad-aquino-contra-paula-robles-no-es-digna-de\/"},"modified":"2025-11-15T09:01:06","modified_gmt":"2025-11-15T12:01:06","slug":"la-verdad-desconocida-del-odio-de-soledad-aquino-contra-paula-robles-no-es-digna-de","status":"publish","type":"post","link":"https:\/\/cuartetoenlaweb.com.ar\/sitio\/la-verdad-desconocida-del-odio-de-soledad-aquino-contra-paula-robles-no-es-digna-de\/","title":{"rendered":"La verdad desconocida del odio de Soledad Aquino contra Paula Robles: &quot;No es digna de\u2026&quot;"},"content":{"rendered":"<p>Aunque pasaron m\u00e1s de tres d\u00e9cadas desde que <strong><a href=\"https:\/\/www.paparazzi.com.ar\/?s=Marcelo+Tinelli\">Marcelo Tinelli<\/a><\/strong> y <strong>Soledad Aquino<\/strong> formaron una de las parejas m\u00e1s queridas de la televisi\u00f3n, el pasado vuelve&#8230; En medio del esc\u00e1ndalo por el enfrentamiento entre sus hijas, Juana y Candelaria Tinelli, resurgi\u00f3 el conflicto hist\u00f3rico entre Soledad Aquino y <strong>Paula Robles<\/strong>, la segunda esposa del conductor.<\/p>\n<p>Todo comenz\u00f3 con un <a href=\"https:\/\/www.paparazzi.com.ar\/teve\/escandalosas-declaraciones-de-soledad-aquino-contra-paula-robles-y-juanita-tinelli-la-denuncia-es-una-mentira\/\">mensaje explosivo de Soledad en redes sociales<\/a> por las amenazas que denunci\u00f3 Juanita, lo que logr\u00f3 dividir al clan Tinelli: <em>\u201cNo pidan explicaciones con este tema de Juana, que no es nada m\u00edo\u2026 No tengo la m\u00e1s m\u00ednima idea\u2026 la mam\u00e1 no es digna de mi afecto y cari\u00f1o\u2026\u201d.<\/em><\/p>\n<p>Detr\u00e1s de esa frase contundente hay una historia que se remonta a fines de los 80, cuando Tinelli reci\u00e9n daba sus primeros pasos en televisi\u00f3n. Soledad lo conoci\u00f3 en <em>Bad\u00eda y Compa\u00f1\u00eda<\/em> y qued\u00f3 impactada: <em>\u201cNo me olvido m\u00e1s. Yo no lo conoc\u00eda para nada&#8230; pens\u00e9 \u2018ah\u00ed est\u00e1 el que me gusta, pero este chico debe ser de la far\u00e1ndula\u2019. Y yo no quer\u00eda saber nada con esa gente\u201d<\/em>, cont\u00f3 en su momento.<\/p>\n<div class=\"mt-box \">\n<h4 class=\"mt-heading\">Mir\u00e1 Tambi\u00e9n<\/h4>\n<p><a href=\"https:\/\/www.paparazzi.com.ar\/internacionales\/exclusivo-las-fotos-de-dua-lipa-en-la-bombonera-viendo-el-superclasico-entre-boca-y-river\/\"><\/p>\n<div class=\"mt-content\">\n<div class=\"mt-image-container\"><img decoding=\"async\" src=\"https:\/\/www.paparazzi.com.ar\/wp-content\/uploads\/2025\/11\/dua-lipa-359x226.png\" alt=\"\u00a1Exclusivo! Las fotos de Dua Lipa en la Bombonera viendo el Supercl\u00e1sico entre Boca y River\" class=\"mt-image\" loading=\"lazy\" \/><\/div>\n<h5 class=\"mt-title\">\u00a1Exclusivo! Las fotos de Dua Lipa en la Bombonera viendo el Supercl\u00e1sico entre Boca y River<\/h5>\n<\/div>\n<p><\/a><\/div>\n<p>Tras un noviazgo intenso, se casaron y formaron una familia. En 1988 naci\u00f3 Micaela y en 1990, Candelaria. Pero a comienzos de los 90, durante el auge de <em>Ritmo de la Noche<\/em>, apareci\u00f3 Paula Robles. Seg\u00fan Aquino, ese fue el principio del fin: \u201c<em>Me doli\u00f3 much\u00edsimo. Sent\u00ed la pu\u00f1alada en el pecho. Ella lleg\u00f3 a la vida de Marcelo cuando todav\u00eda est\u00e1bamos juntos\u201d.<\/em><\/p>\n<p>Robles, bailarina del programa, no era una desconocida para Soledad.<em> \u201cYo a ella la ve\u00eda todo el d\u00eda, charl\u00e1bamos, le convidaba cigarrillos\u201d<\/em>, record\u00f3 a\u00f1os m\u00e1s tarde. El divorcio lleg\u00f3 en 1993 y Tinelli blanque\u00f3 r\u00e1pidamente su romance con Paula, con quien se cas\u00f3 en 1997. <\/p>\n<div class=\"mt-box \">\n<h4 class=\"mt-heading\">Mir\u00e1 Tambi\u00e9n<\/h4>\n<p><a href=\"https:\/\/www.paparazzi.com.ar\/teve\/el-explosivo-pedido-de-soledad-aquino-a-marcelo-tinelli-en-medio-de-la-escandalosa-guerra-familiar-sali-ya-de\/\"><\/p>\n<div class=\"mt-content\">\n<div class=\"mt-image-container\"><img decoding=\"async\" src=\"https:\/\/www.paparazzi.com.ar\/wp-content\/uploads\/2025\/11\/soledad-aquino-marcelo-tinelli-359x226.jpg\" alt=\"El explosivo pedido de Soledad Aquino a Marcelo Tinelli en medio de la escandalosa guerra familiar: \u201cSal\u00ed ya de\u2026\u201d\" class=\"mt-image\" loading=\"lazy\" \/><\/div>\n<h5 class=\"mt-title\">El explosivo pedido de Soledad Aquino a Marcelo Tinelli en medio de la escandalosa guerra familiar: \u201cSal\u00ed ya de\u2026\u201d<\/h5>\n<\/div>\n<p><\/a><\/div>\n<p>El golpe fue tan fuerte que Aquino lo revivi\u00f3 en m\u00e1s de una entrevista: <em>\u201cMarcelo me agarr\u00f3 un d\u00eda y me dijo que no me amaba m\u00e1s. Y ten\u00eda todo el derecho de estar con alguien que ve\u00eda todo el tiempo, porque la ve\u00eda m\u00e1s que a m\u00ed. No pudo mentir porque fue muy inmediato\u201d.<\/em><\/p>\n<p>A\u00f1os m\u00e1s tarde, Aquino reconoci\u00f3: <em>\u201cFui una guacha con ella, no la dejaba entrar al cumplea\u00f1os de las chicas\u00bb<\/em>. Pero el tiempo no cur\u00f3 del todo. En una entrevista con <em>Clar\u00edn<\/em>, Soledad fue tajante: <em>\u201cElla no es su mam\u00e1. Yo siempre uso un refr\u00e1n que dice: el lugar de una empieza donde termina el del otro. Eso est\u00e1 mal porque es una mentira.\u201d<\/em><\/p>\n<div class=\"mt-box \">\n<h4 class=\"mt-heading\">Mir\u00e1 Tambi\u00e9n<\/h4>\n<p><a href=\"https:\/\/www.paparazzi.com.ar\/teve\/marcelo-tinelli-se-metio-en-la-pelea-de-paula-robles-y-soledad-aquino-diferencias-irreconciliables-y-dudas\/\"><\/p>\n<div class=\"mt-content\">\n<div class=\"mt-image-container\"><img decoding=\"async\" src=\"https:\/\/www.paparazzi.com.ar\/wp-content\/uploads\/2025\/11\/Marcelo-Tinelli-se-metio-en-la-pelea-de-Paula-Robles-y-Soledad-Aquino-diferencias-irreconciliables-y-dudas-359x226.jpeg\" alt=\"Marcelo Tinelli se meti\u00f3 en la pelea de Paula Robles y Soledad Aquino: diferencias irreconciliables y dudas\" class=\"mt-image\" loading=\"lazy\" \/><\/div>\n<h5 class=\"mt-title\">Marcelo Tinelli se meti\u00f3 en la pelea de Paula Robles y Soledad Aquino: diferencias irreconciliables y dudas<\/h5>\n<\/div>\n<p><\/a><\/div>\n<p>Incluso en 2024, cuando una seguidora coment\u00f3 en Instagram <em>\u201cPerd\u00f3n, pero odi\u00e9 a Paula en su momento\u201d<\/em>, Soledad reaccion\u00f3 con corazones y aplausos. El conflicto resurgi\u00f3 hace unas semanas, cuando Aquino volvi\u00f3 a apuntar contra Robles: <em>\u201cLa mam\u00e1 de Juana no es digna de mi afecto y cari\u00f1o. Perdonar es divino, y yo soy cat\u00f3lica, pero una cosa es perdonar y otra es querer.\u201d<\/em><\/p>\n<p>Y cuando le preguntaron si Paula hab\u00eda<em> \u201cdestrozado su familia\u201d<\/em>, fue contundente<em>: \u201cEs fuerte lo que dec\u00eds, pero s\u00ed.\u201d<\/em> Mientras tanto, Paula Robles opt\u00f3 por el silencio, publicando apenas una frase enigm\u00e1tica de Jodorowsky: <em>\u201cHuye del ego\u00edsta. Cuando la mente tiene hambre de ser \u00fanica, se come a cualquiera.\u201d<\/em><\/p>\n<div class=\"mt-box \">\n<h4 class=\"mt-heading\">Mir\u00e1 Tambi\u00e9n<\/h4>\n<p><a href=\"https:\/\/www.paparazzi.com.ar\/teve\/escandalosas-declaraciones-de-soledad-aquino-contra-paula-robles-y-juanita-tinelli-la-denuncia-es-una-mentira\/\"><\/p>\n<div class=\"mt-content\">\n<div class=\"mt-image-container\"><img decoding=\"async\" src=\"https:\/\/www.paparazzi.com.ar\/wp-content\/uploads\/2025\/11\/Aquino-1-359x226.jpg\" alt=\"Escandalosas declaraciones de Soledad Aquino contra Paula Robles y Juanita Tinelli: &quot;La denuncia es una mentira&quot;\" class=\"mt-image\" loading=\"lazy\" \/><\/div>\n<h5 class=\"mt-title\">Escandalosas declaraciones de Soledad Aquino contra Paula Robles y Juanita Tinelli: \u00abLa denuncia es una mentira\u00bb<\/h5>\n<\/div>\n<p><\/a><\/div>\n<p>Marcelo, por su parte, intent\u00f3 calmar las aguas, aunque igualmente<a href=\"https:\/\/www.paparazzi.com.ar\/teve\/marcelo-tinelli-se-metio-en-la-pelea-de-paula-robles-y-soledad-aquino-diferencias-irreconciliables-y-dudas\/\"> le pareci\u00f3 necesario meterse en la pelea actual entre sus ex <\/a>por todo el contexto de amenazas e inseguridad de sus propias hijas: <em>\u201cSi a alguno he lastimado con mis actos, les pido disculpas. Amo a mis 5 hijos\u2026 Me duele fallar como pap\u00e1.\u201d<\/em> <\/p>\n<p>Treinta a\u00f1os despu\u00e9s, el tri\u00e1ngulo Aquino\u2013Tinelli\u2013Robles vuelve a encender los titulares. Porque hay heridas que ni el tiempo, ni la fama, ni los likes pueden borrar, pero las heridas parecen seguir ah\u00ed, latentes. Soledad y Paula hoy viven caminos distintos, pero cada tanto una declaraci\u00f3n o un gesto alcanza para que todo vuelva a estallar. <\/p>\n<div class=\"mt-box \">\n<h4 class=\"mt-heading\">Mir\u00e1 Tambi\u00e9n<\/h4>\n<p><a href=\"https:\/\/www.paparazzi.com.ar\/teve\/las-tinelli-celebraron-a-la-distancia-los-mensajes-y-fotos-que-le-dedicaron-a-soledad-aquino-por-su-cumpleanos-numero-62\/\"><\/p>\n<div class=\"mt-content\">\n<div class=\"mt-image-container\"><img decoding=\"async\" src=\"https:\/\/www.paparazzi.com.ar\/wp-content\/uploads\/2021\/07\/cande-mica-tinelli-soledad-aquino-home.jpg.webp\" alt=\"Las Tinelli celebraron a la distancia: los mensajes y fotos que le dedicaron a Soledad Aquino por su cumplea\u00f1os n\u00famero 62\" class=\"mt-image\" loading=\"lazy\" \/><\/div>\n<h5 class=\"mt-title\">Las Tinelli celebraron a la distancia: los mensajes y fotos que le dedicaron a Soledad Aquino por su cumplea\u00f1os n\u00famero 62<\/h5>\n<\/div>\n<p><\/a><\/div>\n<div class=\"mt-box \">\n<h4 class=\"mt-heading\">Mir\u00e1 Tambi\u00e9n<\/h4>\n<p><a href=\"https:\/\/www.paparazzi.com.ar\/teve\/el-doloroso-pedido-de-paula-robles-por-la-salud-de-soledad-aquino-por-favor\/\"><\/p>\n<div class=\"mt-content\">\n<div class=\"mt-image-container\"><img decoding=\"async\" src=\"https:\/\/www.paparazzi.com.ar\/wp-content\/uploads\/2021\/07\/paula-robles-soledad-aquino-2.jpg.webp\" alt=\"El doloroso pedido de Paula Robles por la salud de Soledad Aquino: \u201cPor favor\u201d\" class=\"mt-image\" loading=\"lazy\" \/><\/div>\n<h5 class=\"mt-title\">El doloroso pedido de Paula Robles por la salud de Soledad Aquino: \u201cPor favor\u201d<\/h5>\n<\/div>\n<p><\/a><\/div>\n<p>The post <a href=\"https:\/\/www.paparazzi.com.ar\/teve\/la-verdad-desconocida-del-odio-de-soledad-aquino-contra-paula-robles-no-es-digna-de\/\">La verdad desconocida del odio de Soledad Aquino contra Paula Robles: &quot;No es digna de\u2026&quot;<\/a> appeared first on <a href=\"https:\/\/www.paparazzi.com.ar\">Revista Paparazzi<\/a>.<\/p>\n","protected":false},"excerpt":{"rendered":"<p>Aunque pasaron m\u00e1s de tres d\u00e9cadas desde que Marcelo Tinelli<\/p>\n","protected":false},"author":0,"featured_media":4344,"comment_status":"","ping_status":"","sticky":false,"template":"","format":"standard","meta":{"footnotes":""},"categories":[12],"tags":[],"class_list":["post-4343","post","type-post","status-publish","format-standard","has-post-thumbnail","hentry","category-espectaculo"],"yoast_head":"<!-- This site is optimized with the Yoast SEO plugin v27.4 - https:\/\/yoast.com\/product\/yoast-seo-wordpress\/ -->\n<title>La verdad desconocida del odio de Soledad Aquino contra Paula Robles: &quot;No es digna de\u2026&quot; - Cuarteto en la Web<\/title>\n<meta name=\"robots\" content=\"index, follow, max-snippet:-1, max-image-preview:large, max-video-preview:-1\" \/>\n<link rel=\"canonical\" href=\"https:\/\/cuartetoenlaweb.com.ar\/sitio\/la-verdad-desconocida-del-odio-de-soledad-aquino-contra-paula-robles-no-es-digna-de\/\" \/>\n<meta property=\"og:locale\" content=\"es_ES\" \/>\n<meta property=\"og:type\" content=\"article\" \/>\n<meta property=\"og:title\" content=\"La verdad desconocida del odio de Soledad Aquino contra Paula Robles: &quot;No es digna de\u2026&quot; - Cuarteto en la Web\" \/>\n<meta property=\"og:description\" content=\"Aunque pasaron m\u00e1s de tres d\u00e9cadas desde que Marcelo Tinelli\" \/>\n<meta property=\"og:url\" content=\"https:\/\/cuartetoenlaweb.com.ar\/sitio\/la-verdad-desconocida-del-odio-de-soledad-aquino-contra-paula-robles-no-es-digna-de\/\" \/>\n<meta property=\"og:site_name\" content=\"Cuarteto en la Web\" \/>\n<meta property=\"article:published_time\" content=\"2025-11-15T12:01:06+00:00\" \/>\n<meta property=\"og:image\" content=\"https:\/\/cuartetoenlaweb.com.ar\/sitio\/wp-content\/uploads\/2025\/11\/dua-lipa-359x226-16.png\" \/>\n\t<meta property=\"og:image:width\" content=\"359\" \/>\n\t<meta property=\"og:image:height\" content=\"226\" \/>\n\t<meta property=\"og:image:type\" content=\"image\/png\" \/>\n<meta name=\"twitter:card\" content=\"summary_large_image\" \/>\n<meta name=\"twitter:label1\" content=\"Tiempo de lectura\" \/>\n\t<meta name=\"twitter:data1\" content=\"4 minutos\" \/>\n<script type=\"application\/ld+json\" class=\"yoast-schema-graph\">{\"@context\":\"https:\\\/\\\/schema.org\",\"@graph\":[{\"@type\":\"Article\",\"@id\":\"https:\\\/\\\/cuartetoenlaweb.com.ar\\\/sitio\\\/la-verdad-desconocida-del-odio-de-soledad-aquino-contra-paula-robles-no-es-digna-de\\\/#article\",\"isPartOf\":{\"@id\":\"https:\\\/\\\/cuartetoenlaweb.com.ar\\\/sitio\\\/la-verdad-desconocida-del-odio-de-soledad-aquino-contra-paula-robles-no-es-digna-de\\\/\"},\"author\":{\"name\":\"\",\"@id\":\"\"},\"headline\":\"La verdad desconocida del odio de Soledad Aquino contra Paula Robles: &quot;No es digna de\u2026&quot;\",\"datePublished\":\"2025-11-15T12:01:06+00:00\",\"mainEntityOfPage\":{\"@id\":\"https:\\\/\\\/cuartetoenlaweb.com.ar\\\/sitio\\\/la-verdad-desconocida-del-odio-de-soledad-aquino-contra-paula-robles-no-es-digna-de\\\/\"},\"wordCount\":840,\"publisher\":{\"@id\":\"http:\\\/\\\/cuartetoenlaweb.com.ar\\\/sitio\\\/#organization\"},\"image\":{\"@id\":\"https:\\\/\\\/cuartetoenlaweb.com.ar\\\/sitio\\\/la-verdad-desconocida-del-odio-de-soledad-aquino-contra-paula-robles-no-es-digna-de\\\/#primaryimage\"},\"thumbnailUrl\":\"https:\\\/\\\/cuartetoenlaweb.com.ar\\\/sitio\\\/wp-content\\\/uploads\\\/2025\\\/11\\\/dua-lipa-359x226-16.png\",\"articleSection\":[\"ESPECT\u00c1CULO\"],\"inLanguage\":\"es\"},{\"@type\":\"WebPage\",\"@id\":\"https:\\\/\\\/cuartetoenlaweb.com.ar\\\/sitio\\\/la-verdad-desconocida-del-odio-de-soledad-aquino-contra-paula-robles-no-es-digna-de\\\/\",\"url\":\"https:\\\/\\\/cuartetoenlaweb.com.ar\\\/sitio\\\/la-verdad-desconocida-del-odio-de-soledad-aquino-contra-paula-robles-no-es-digna-de\\\/\",\"name\":\"La verdad desconocida del odio de Soledad Aquino contra Paula Robles: &quot;No es digna de\u2026&quot; - Cuarteto en la Web\",\"isPartOf\":{\"@id\":\"http:\\\/\\\/cuartetoenlaweb.com.ar\\\/sitio\\\/#website\"},\"primaryImageOfPage\":{\"@id\":\"https:\\\/\\\/cuartetoenlaweb.com.ar\\\/sitio\\\/la-verdad-desconocida-del-odio-de-soledad-aquino-contra-paula-robles-no-es-digna-de\\\/#primaryimage\"},\"image\":{\"@id\":\"https:\\\/\\\/cuartetoenlaweb.com.ar\\\/sitio\\\/la-verdad-desconocida-del-odio-de-soledad-aquino-contra-paula-robles-no-es-digna-de\\\/#primaryimage\"},\"thumbnailUrl\":\"https:\\\/\\\/cuartetoenlaweb.com.ar\\\/sitio\\\/wp-content\\\/uploads\\\/2025\\\/11\\\/dua-lipa-359x226-16.png\",\"datePublished\":\"2025-11-15T12:01:06+00:00\",\"breadcrumb\":{\"@id\":\"https:\\\/\\\/cuartetoenlaweb.com.ar\\\/sitio\\\/la-verdad-desconocida-del-odio-de-soledad-aquino-contra-paula-robles-no-es-digna-de\\\/#breadcrumb\"},\"inLanguage\":\"es\",\"potentialAction\":[{\"@type\":\"ReadAction\",\"target\":[\"https:\\\/\\\/cuartetoenlaweb.com.ar\\\/sitio\\\/la-verdad-desconocida-del-odio-de-soledad-aquino-contra-paula-robles-no-es-digna-de\\\/\"]}]},{\"@type\":\"ImageObject\",\"inLanguage\":\"es\",\"@id\":\"https:\\\/\\\/cuartetoenlaweb.com.ar\\\/sitio\\\/la-verdad-desconocida-del-odio-de-soledad-aquino-contra-paula-robles-no-es-digna-de\\\/#primaryimage\",\"url\":\"https:\\\/\\\/cuartetoenlaweb.com.ar\\\/sitio\\\/wp-content\\\/uploads\\\/2025\\\/11\\\/dua-lipa-359x226-16.png\",\"contentUrl\":\"https:\\\/\\\/cuartetoenlaweb.com.ar\\\/sitio\\\/wp-content\\\/uploads\\\/2025\\\/11\\\/dua-lipa-359x226-16.png\",\"width\":359,\"height\":226},{\"@type\":\"BreadcrumbList\",\"@id\":\"https:\\\/\\\/cuartetoenlaweb.com.ar\\\/sitio\\\/la-verdad-desconocida-del-odio-de-soledad-aquino-contra-paula-robles-no-es-digna-de\\\/#breadcrumb\",\"itemListElement\":[{\"@type\":\"ListItem\",\"position\":1,\"name\":\"Portada\",\"item\":\"http:\\\/\\\/cuartetoenlaweb.com.ar\\\/sitio\\\/\"},{\"@type\":\"ListItem\",\"position\":2,\"name\":\"La verdad desconocida del odio de Soledad Aquino contra Paula Robles: &quot;No es digna de\u2026&quot;\"}]},{\"@type\":\"WebSite\",\"@id\":\"http:\\\/\\\/cuartetoenlaweb.com.ar\\\/sitio\\\/#website\",\"url\":\"http:\\\/\\\/cuartetoenlaweb.com.ar\\\/sitio\\\/\",\"name\":\"Cuarteto en la Web\",\"description\":\"\",\"publisher\":{\"@id\":\"http:\\\/\\\/cuartetoenlaweb.com.ar\\\/sitio\\\/#organization\"},\"potentialAction\":[{\"@type\":\"SearchAction\",\"target\":{\"@type\":\"EntryPoint\",\"urlTemplate\":\"http:\\\/\\\/cuartetoenlaweb.com.ar\\\/sitio\\\/?s={search_term_string}\"},\"query-input\":{\"@type\":\"PropertyValueSpecification\",\"valueRequired\":true,\"valueName\":\"search_term_string\"}}],\"inLanguage\":\"es\"},{\"@type\":\"Organization\",\"@id\":\"http:\\\/\\\/cuartetoenlaweb.com.ar\\\/sitio\\\/#organization\",\"name\":\"Cuarteto en la Web\",\"url\":\"http:\\\/\\\/cuartetoenlaweb.com.ar\\\/sitio\\\/\",\"logo\":{\"@type\":\"ImageObject\",\"inLanguage\":\"es\",\"@id\":\"http:\\\/\\\/cuartetoenlaweb.com.ar\\\/sitio\\\/#\\\/schema\\\/logo\\\/image\\\/\",\"url\":\"https:\\\/\\\/cuartetoenlaweb.com.ar\\\/sitio\\\/wp-content\\\/uploads\\\/2025\\\/07\\\/cropped-cropped-logitoweb21.png\",\"contentUrl\":\"https:\\\/\\\/cuartetoenlaweb.com.ar\\\/sitio\\\/wp-content\\\/uploads\\\/2025\\\/07\\\/cropped-cropped-logitoweb21.png\",\"width\":199,\"height\":199,\"caption\":\"Cuarteto en la Web\"},\"image\":{\"@id\":\"http:\\\/\\\/cuartetoenlaweb.com.ar\\\/sitio\\\/#\\\/schema\\\/logo\\\/image\\\/\"}}]}<\/script>\n<!-- \/ Yoast SEO plugin. -->","yoast_head_json":{"title":"La verdad desconocida del odio de Soledad Aquino contra Paula Robles: &quot;No es digna de\u2026&quot; - Cuarteto en la Web","robots":{"index":"index","follow":"follow","max-snippet":"max-snippet:-1","max-image-preview":"max-image-preview:large","max-video-preview":"max-video-preview:-1"},"canonical":"https:\/\/cuartetoenlaweb.com.ar\/sitio\/la-verdad-desconocida-del-odio-de-soledad-aquino-contra-paula-robles-no-es-digna-de\/","og_locale":"es_ES","og_type":"article","og_title":"La verdad desconocida del odio de Soledad Aquino contra Paula Robles: &quot;No es digna de\u2026&quot; - Cuarteto en la Web","og_description":"Aunque pasaron m\u00e1s de tres d\u00e9cadas desde que Marcelo Tinelli","og_url":"https:\/\/cuartetoenlaweb.com.ar\/sitio\/la-verdad-desconocida-del-odio-de-soledad-aquino-contra-paula-robles-no-es-digna-de\/","og_site_name":"Cuarteto en la Web","article_published_time":"2025-11-15T12:01:06+00:00","og_image":[{"width":359,"height":226,"url":"https:\/\/cuartetoenlaweb.com.ar\/sitio\/wp-content\/uploads\/2025\/11\/dua-lipa-359x226-16.png","type":"image\/png"}],"twitter_card":"summary_large_image","twitter_misc":{"Tiempo de lectura":"4 minutos"},"schema":{"@context":"https:\/\/schema.org","@graph":[{"@type":"Article","@id":"https:\/\/cuartetoenlaweb.com.ar\/sitio\/la-verdad-desconocida-del-odio-de-soledad-aquino-contra-paula-robles-no-es-digna-de\/#article","isPartOf":{"@id":"https:\/\/cuartetoenlaweb.com.ar\/sitio\/la-verdad-desconocida-del-odio-de-soledad-aquino-contra-paula-robles-no-es-digna-de\/"},"author":{"name":"","@id":""},"headline":"La verdad desconocida del odio de Soledad Aquino contra Paula Robles: &quot;No es digna de\u2026&quot;","datePublished":"2025-11-15T12:01:06+00:00","mainEntityOfPage":{"@id":"https:\/\/cuartetoenlaweb.com.ar\/sitio\/la-verdad-desconocida-del-odio-de-soledad-aquino-contra-paula-robles-no-es-digna-de\/"},"wordCount":840,"publisher":{"@id":"http:\/\/cuartetoenlaweb.com.ar\/sitio\/#organization"},"image":{"@id":"https:\/\/cuartetoenlaweb.com.ar\/sitio\/la-verdad-desconocida-del-odio-de-soledad-aquino-contra-paula-robles-no-es-digna-de\/#primaryimage"},"thumbnailUrl":"https:\/\/cuartetoenlaweb.com.ar\/sitio\/wp-content\/uploads\/2025\/11\/dua-lipa-359x226-16.png","articleSection":["ESPECT\u00c1CULO"],"inLanguage":"es"},{"@type":"WebPage","@id":"https:\/\/cuartetoenlaweb.com.ar\/sitio\/la-verdad-desconocida-del-odio-de-soledad-aquino-contra-paula-robles-no-es-digna-de\/","url":"https:\/\/cuartetoenlaweb.com.ar\/sitio\/la-verdad-desconocida-del-odio-de-soledad-aquino-contra-paula-robles-no-es-digna-de\/","name":"La verdad desconocida del odio de Soledad Aquino contra Paula Robles: &quot;No es digna de\u2026&quot; - Cuarteto en la Web","isPartOf":{"@id":"http:\/\/cuartetoenlaweb.com.ar\/sitio\/#website"},"primaryImageOfPage":{"@id":"https:\/\/cuartetoenlaweb.com.ar\/sitio\/la-verdad-desconocida-del-odio-de-soledad-aquino-contra-paula-robles-no-es-digna-de\/#primaryimage"},"image":{"@id":"https:\/\/cuartetoenlaweb.com.ar\/sitio\/la-verdad-desconocida-del-odio-de-soledad-aquino-contra-paula-robles-no-es-digna-de\/#primaryimage"},"thumbnailUrl":"https:\/\/cuartetoenlaweb.com.ar\/sitio\/wp-content\/uploads\/2025\/11\/dua-lipa-359x226-16.png","datePublished":"2025-11-15T12:01:06+00:00","breadcrumb":{"@id":"https:\/\/cuartetoenlaweb.com.ar\/sitio\/la-verdad-desconocida-del-odio-de-soledad-aquino-contra-paula-robles-no-es-digna-de\/#breadcrumb"},"inLanguage":"es","potentialAction":[{"@type":"ReadAction","target":["https:\/\/cuartetoenlaweb.com.ar\/sitio\/la-verdad-desconocida-del-odio-de-soledad-aquino-contra-paula-robles-no-es-digna-de\/"]}]},{"@type":"ImageObject","inLanguage":"es","@id":"https:\/\/cuartetoenlaweb.com.ar\/sitio\/la-verdad-desconocida-del-odio-de-soledad-aquino-contra-paula-robles-no-es-digna-de\/#primaryimage","url":"https:\/\/cuartetoenlaweb.com.ar\/sitio\/wp-content\/uploads\/2025\/11\/dua-lipa-359x226-16.png","contentUrl":"https:\/\/cuartetoenlaweb.com.ar\/sitio\/wp-content\/uploads\/2025\/11\/dua-lipa-359x226-16.png","width":359,"height":226},{"@type":"BreadcrumbList","@id":"https:\/\/cuartetoenlaweb.com.ar\/sitio\/la-verdad-desconocida-del-odio-de-soledad-aquino-contra-paula-robles-no-es-digna-de\/#breadcrumb","itemListElement":[{"@type":"ListItem","position":1,"name":"Portada","item":"http:\/\/cuartetoenlaweb.com.ar\/sitio\/"},{"@type":"ListItem","position":2,"name":"La verdad desconocida del odio de Soledad Aquino contra Paula Robles: &quot;No es digna de\u2026&quot;"}]},{"@type":"WebSite","@id":"http:\/\/cuartetoenlaweb.com.ar\/sitio\/#website","url":"http:\/\/cuartetoenlaweb.com.ar\/sitio\/","name":"Cuarteto en la Web","description":"","publisher":{"@id":"http:\/\/cuartetoenlaweb.com.ar\/sitio\/#organization"},"potentialAction":[{"@type":"SearchAction","target":{"@type":"EntryPoint","urlTemplate":"http:\/\/cuartetoenlaweb.com.ar\/sitio\/?s={search_term_string}"},"query-input":{"@type":"PropertyValueSpecification","valueRequired":true,"valueName":"search_term_string"}}],"inLanguage":"es"},{"@type":"Organization","@id":"http:\/\/cuartetoenlaweb.com.ar\/sitio\/#organization","name":"Cuarteto en la Web","url":"http:\/\/cuartetoenlaweb.com.ar\/sitio\/","logo":{"@type":"ImageObject","inLanguage":"es","@id":"http:\/\/cuartetoenlaweb.com.ar\/sitio\/#\/schema\/logo\/image\/","url":"https:\/\/cuartetoenlaweb.com.ar\/sitio\/wp-content\/uploads\/2025\/07\/cropped-cropped-logitoweb21.png","contentUrl":"https:\/\/cuartetoenlaweb.com.ar\/sitio\/wp-content\/uploads\/2025\/07\/cropped-cropped-logitoweb21.png","width":199,"height":199,"caption":"Cuarteto en la Web"},"image":{"@id":"http:\/\/cuartetoenlaweb.com.ar\/sitio\/#\/schema\/logo\/image\/"}}]}},"_links":{"self":[{"href":"https:\/\/cuartetoenlaweb.com.ar\/sitio\/wp-json\/wp\/v2\/posts\/4343","targetHints":{"allow":["GET"]}}],"collection":[{"href":"https:\/\/cuartetoenlaweb.com.ar\/sitio\/wp-json\/wp\/v2\/posts"}],"about":[{"href":"https:\/\/cuartetoenlaweb.com.ar\/sitio\/wp-json\/wp\/v2\/types\/post"}],"replies":[{"embeddable":true,"href":"https:\/\/cuartetoenlaweb.com.ar\/sitio\/wp-json\/wp\/v2\/comments?post=4343"}],"version-history":[{"count":0,"href":"https:\/\/cuartetoenlaweb.com.ar\/sitio\/wp-json\/wp\/v2\/posts\/4343\/revisions"}],"wp:featuredmedia":[{"embeddable":true,"href":"https:\/\/cuartetoenlaweb.com.ar\/sitio\/wp-json\/wp\/v2\/media\/4344"}],"wp:attachment":[{"href":"https:\/\/cuartetoenlaweb.com.ar\/sitio\/wp-json\/wp\/v2\/media?parent=4343"}],"wp:term":[{"taxonomy":"category","embeddable":true,"href":"https:\/\/cuartetoenlaweb.com.ar\/sitio\/wp-json\/wp\/v2\/categories?post=4343"},{"taxonomy":"post_tag","embeddable":true,"href":"https:\/\/cuartetoenlaweb.com.ar\/sitio\/wp-json\/wp\/v2\/tags?post=4343"}],"curies":[{"name":"wp","href":"https:\/\/api.w.org\/{rel}","templated":true}]}}