
{"id":4341,"date":"2025-11-15T07:59:33","date_gmt":"2025-11-15T10:59:33","guid":{"rendered":"https:\/\/cuartetoenlaweb.com.ar\/sitio\/la-nueva-vida-de-la-hija-de-18-anos-de-andres-calamaro-y-julieta-cardinali\/"},"modified":"2025-11-15T07:59:33","modified_gmt":"2025-11-15T10:59:33","slug":"la-nueva-vida-de-la-hija-de-18-anos-de-andres-calamaro-y-julieta-cardinali","status":"publish","type":"post","link":"https:\/\/cuartetoenlaweb.com.ar\/sitio\/la-nueva-vida-de-la-hija-de-18-anos-de-andres-calamaro-y-julieta-cardinali\/","title":{"rendered":"La nueva vida de la hija de 18 a\u00f1os de Andr\u00e9s Calamaro y Julieta Cardinali"},"content":{"rendered":"<p><strong><a href=\"https:\/\/www.paparazzi.com.ar\/?s=Julieta+Cardinali\">Julieta Cardinali<\/a><\/strong> visit\u00f3 anoche la mesa de <strong>Mirtha Legrand<\/strong> y protagoniz\u00f3 uno de los momentos m\u00e1s tiernos del programa al hablar de su hija <strong>Charo Calamaro<\/strong>, fruto de su relaci\u00f3n con el m\u00fasico <strong><a href=\"https:\/\/www.paparazzi.com.ar\/?s=Andr%C3%A9s+Calamaro\">Andr\u00e9s Calamaro<\/a><\/strong>. Pero tambi\u00e9n Mirtha fiel a su estilo, <a href=\"https:\/\/www.paparazzi.com.ar\/romances\/el-mal-momento-de-julieta-cardinali-cuando-mirtha-legrand-le-pregunto-por-su-novio\/\">incomod\u00f3 a la actriz cuando le pregunt\u00f3 por su novio<\/a>. <\/p>\n<p>La actriz, con su habitual calidez, abri\u00f3 su coraz\u00f3n y comparti\u00f3 detalles sobre c\u00f3mo es hoy la joven de 18 a\u00f1os, que acaba de comenzar una nueva etapa universitaria. <em>\u201cTengo una hija de 18 a\u00f1os, Charito. Termin\u00f3 el colegio el a\u00f1o pasado y ahora est\u00e1 estudiando Ciencias del Comportamiento, que es una carrera un poco nueva\u201d,<\/em> cont\u00f3 Julieta ante la atenta mirada de la conductora. <\/p>\n<p>Luego agreg\u00f3: <em>\u201cLas materias troncales son neurociencia, psicolog\u00eda, marketing y creo que econom\u00eda. Hay muchas posibilidades y le gusta mucho la psicolog\u00eda\u201d.<\/em> Las palabras de Cardinali despertaron ternura y curiosidad en el p\u00fablico, que recuerda a Charo como aquella nena a la que su madre siempre busc\u00f3 mantener lejos del foco medi\u00e1tico. <\/p>\n<div class=\"mt-box \">\n<h4 class=\"mt-heading\">Mir\u00e1 Tambi\u00e9n<\/h4>\n<p><a href=\"https:\/\/www.paparazzi.com.ar\/teve\/exclusivo-marcela-tinayre-conto-toda-la-verdad-de-la-pelea-con-su-hija-juana-viale\/\"><\/p>\n<div class=\"mt-content\">\n<div class=\"mt-image-container\"><img decoding=\"async\" src=\"https:\/\/www.paparazzi.com.ar\/wp-content\/uploads\/2025\/11\/Marcela-Tinayre-se-animo-a-hacer-su-revelacion-mas-privada-a-los-75-anos-Por-varios-lados-y\u2026-359x226.jpg\" alt=\"\u00a1Exclusivo! Marcela Tinayre cont\u00f3 toda la verdad de la pelea con su hija Juana Viale\" class=\"mt-image\" loading=\"lazy\" \/><\/div>\n<h5 class=\"mt-title\">\u00a1Exclusivo! Marcela Tinayre cont\u00f3 toda la verdad de la pelea con su hija Juana Viale<\/h5>\n<\/div>\n<p><\/a><\/div>\n<p>Sin embargo, la joven ya es mayor de edad y poco a poco, comienza a mostrarse m\u00e1s en redes sociales, donde refleja su estilo elegante, moderno y con mucha personalidad. Heredera del talento y la sensibilidad art\u00edstica de sus padres, Charo mantiene un perfil bajo, pero sus fotos y apariciones p\u00fablicas generan cada vez m\u00e1s inter\u00e9s. <\/p>\n<p>En Instagram suele compartir producciones y looks que evidencian su gusto por la moda, lo que la posiciona como una de las j\u00f3venes promesas del mundo fashion local. Julieta y Andr\u00e9s siempre se mostraron muy protectores con su \u00fanica hija, incluso despu\u00e9s de su separaci\u00f3n en 2011. <\/p>\n<div class=\"mt-box \">\n<h4 class=\"mt-heading\">Mir\u00e1 Tambi\u00e9n<\/h4>\n<p><a href=\"https:\/\/www.paparazzi.com.ar\/romances\/el-mal-momento-de-julieta-cardinali-cuando-mirtha-legrand-le-pregunto-por-su-novio\/\"><\/p>\n<div class=\"mt-content\">\n<div class=\"mt-image-container\"><img decoding=\"async\" src=\"https:\/\/www.paparazzi.com.ar\/wp-content\/uploads\/2025\/11\/Julieta-Cardinali-Mirtha-Legrand-359x226.jpg\" alt=\"El mal momento de Julieta Cardinali cuando Mirtha Legrand le pregunt\u00f3 por su novio\" class=\"mt-image\" loading=\"lazy\" \/><\/div>\n<h5 class=\"mt-title\">El mal momento de Julieta Cardinali cuando Mirtha Legrand le pregunt\u00f3 por su novio<\/h5>\n<\/div>\n<p><\/a><\/div>\n<p>A lo largo de los a\u00f1os, la actriz ha hablado con orgullo de Charo, destacando su inteligencia, su sensibilidad y la buena relaci\u00f3n que las une. <em>\u201cEs una chica muy sensible, muy observadora. Tenemos una conexi\u00f3n muy linda\u201d<\/em>, declar\u00f3 en otras oportunidades.<\/p>\n<p>Durante su paso por el programa de Mirtha, Cardinali tambi\u00e9n habl\u00f3 con humor sobre c\u00f3mo vive esta nueva etapa como madre de una universitaria. <em>\u201cMe emociona verla crecer, tomar decisiones, elegir su camino. Yo a los 18 ya estaba trabajando, y ella est\u00e1 empezando a descubrir lo que le gusta. Me encanta acompa\u00f1arla<\/em>\u201d, dijo con una sonrisa.<\/p>\n<div class=\"mt-box \">\n<h4 class=\"mt-heading\">Mir\u00e1 Tambi\u00e9n<\/h4>\n<p><a href=\"https:\/\/www.paparazzi.com.ar\/romances\/separada-y-julieta-cardinali-blanqueo-cuales-son-las-ventajas-de-estar-soltera-a-los-47\/\"><\/p>\n<div class=\"mt-content\">\n<div class=\"mt-image-container\"><img decoding=\"async\" src=\"https:\/\/www.paparazzi.com.ar\/wp-content\/uploads\/2025\/02\/cardinali.jpg.webp\" alt=\"\u00a1Separada y\u2026! Julieta Cardinali blanque\u00f3 cu\u00e1les son las ventajas de estar soltera a los 47\" class=\"mt-image\" loading=\"lazy\" \/><\/div>\n<h5 class=\"mt-title\">\u00a1Separada y\u2026! Julieta Cardinali blanque\u00f3 cu\u00e1les son las ventajas de estar soltera a los 47<\/h5>\n<\/div>\n<p><\/a><\/div>\n<p>Mientras tanto, <strong>Andr\u00e9s Calamaro<\/strong> tambi\u00e9n ha expresado su orgullo por Charo en varias entrevistas, asegurando que comparte con ella el amor por la m\u00fasica, aunque la joven a\u00fan no se haya definido por una carrera art\u00edstica. <\/p>\n<p>Con una mezcla de curiosidad y admiraci\u00f3n, los seguidores de Julieta celebraron las palabras de la actriz, destacando la educaci\u00f3n y el bajo perfil con el que cri\u00f3 a su hija. A los 18 a\u00f1os, Charo Calamaro parece lista para abrirse paso en el mundo, combinando su elegancia natural con una vocaci\u00f3n por entender la mente humana.<\/p>\n<h2 class=\"wp-block-heading\">As\u00ed est\u00e1 hoy Charo Calamaro la hija de Julieta Cardinali y Andr\u00e9s Calamaro:<\/h2>\n<figure class=\"wp-block-image size-large\"><img decoding=\"async\" src=\"https:\/\/www.paparazzi.com.ar\/wp-content\/uploads\/2025\/11\/Charo-Calamaro-768x1024.jpg.webp\" loading=\"lazy\" alt=\"\" class=\"wp-image-452299\" \/><\/figure>\n<figure class=\"wp-block-image size-large\"><img decoding=\"async\" src=\"https:\/\/www.paparazzi.com.ar\/wp-content\/uploads\/2025\/11\/Charo-Calamaro-1.1-819x1024.jpg.webp\" loading=\"lazy\" alt=\"\" class=\"wp-image-452300\" \/><\/figure>\n<figure class=\"wp-block-image size-large\"><img decoding=\"async\" src=\"https:\/\/www.paparazzi.com.ar\/wp-content\/uploads\/2025\/11\/Charo-Calamaro-2.2-768x1024.jpg.webp\" loading=\"lazy\" alt=\"\" class=\"wp-image-452301\" \/><\/figure>\n<figure class=\"wp-block-image size-large\"><img decoding=\"async\" src=\"https:\/\/www.paparazzi.com.ar\/wp-content\/uploads\/2025\/11\/Charo-Calamaro-4.4-819x1024.jpg.webp\" loading=\"lazy\" alt=\"\" class=\"wp-image-452302\" \/><\/figure>\n<div class=\"mt-box \">\n<h4 class=\"mt-heading\">Mir\u00e1 Tambi\u00e9n<\/h4>\n<p><a href=\"https:\/\/www.paparazzi.com.ar\/teve\/julieta-cardinali-sorprendio-al-contar-desde-cuando-no-esta-con-un-hombre-hace-mas-de\/\"><\/p>\n<div class=\"mt-content\">\n<div class=\"mt-image-container\"><img decoding=\"async\" src=\"https:\/\/www.paparazzi.com.ar\/wp-content\/uploads\/2023\/08\/Julieta-Cardinalli-conto-que-esta-sola-hace-mas-de-un-ano-.png.webp\" alt=\"Julieta Cardinali confes\u00f3 por qu\u00e9 odia tener citas a una a\u00f1o de estar soltera\" class=\"mt-image\" loading=\"lazy\" \/><\/div>\n<h5 class=\"mt-title\">Julieta Cardinali confes\u00f3 por qu\u00e9 odia tener citas a una a\u00f1o de estar soltera<\/h5>\n<\/div>\n<p><\/a><\/div>\n<div class=\"mt-box \">\n<h4 class=\"mt-heading\">Mir\u00e1 Tambi\u00e9n<\/h4>\n<p><a href=\"https:\/\/www.paparazzi.com.ar\/looks\/el-nuevo-curro-de-julieta-cardinali-para-llegar-a-fin-de-mes\/\"><\/p>\n<div class=\"mt-content\">\n<div class=\"mt-image-container\"><img decoding=\"async\" src=\"https:\/\/www.paparazzi.com.ar\/wp-content\/uploads\/2023\/09\/cardinali-ropa-apertura-1.jpg.webp\" alt=\"El nuevo \u201ccurro\u201d de Julieta Cardinali para llegar a fin de mes\" class=\"mt-image\" loading=\"lazy\" \/><\/div>\n<h5 class=\"mt-title\">El nuevo \u201ccurro\u201d de Julieta Cardinali para llegar a fin de mes<\/h5>\n<\/div>\n<p><\/a><\/div>\n<p>The post <a href=\"https:\/\/www.paparazzi.com.ar\/teve\/la-nueva-vida-de-la-hija-de-18-anos-de-andres-calamaro-y-julieta-cardinali\/\">La nueva vida de la hija de 18 a\u00f1os de Andr\u00e9s Calamaro y Julieta Cardinali<\/a> appeared first on <a href=\"https:\/\/www.paparazzi.com.ar\">Revista Paparazzi<\/a>.<\/p>\n","protected":false},"excerpt":{"rendered":"<p>Julieta Cardinali visit\u00f3 anoche la mesa de Mirtha Legrand y<\/p>\n","protected":false},"author":0,"featured_media":4342,"comment_status":"","ping_status":"","sticky":false,"template":"","format":"standard","meta":{"footnotes":""},"categories":[12],"tags":[],"class_list":["post-4341","post","type-post","status-publish","format-standard","has-post-thumbnail","hentry","category-espectaculo"],"yoast_head":"<!-- This site is optimized with the Yoast SEO plugin v27.4 - https:\/\/yoast.com\/product\/yoast-seo-wordpress\/ -->\n<title>La nueva vida de la hija de 18 a\u00f1os de Andr\u00e9s Calamaro y Julieta Cardinali - Cuarteto en la Web<\/title>\n<meta name=\"robots\" content=\"index, follow, max-snippet:-1, max-image-preview:large, max-video-preview:-1\" \/>\n<link rel=\"canonical\" href=\"https:\/\/cuartetoenlaweb.com.ar\/sitio\/la-nueva-vida-de-la-hija-de-18-anos-de-andres-calamaro-y-julieta-cardinali\/\" \/>\n<meta property=\"og:locale\" content=\"es_ES\" \/>\n<meta property=\"og:type\" content=\"article\" \/>\n<meta property=\"og:title\" content=\"La nueva vida de la hija de 18 a\u00f1os de Andr\u00e9s Calamaro y Julieta Cardinali - Cuarteto en la Web\" \/>\n<meta property=\"og:description\" content=\"Julieta Cardinali visit\u00f3 anoche la mesa de Mirtha Legrand y\" \/>\n<meta property=\"og:url\" content=\"https:\/\/cuartetoenlaweb.com.ar\/sitio\/la-nueva-vida-de-la-hija-de-18-anos-de-andres-calamaro-y-julieta-cardinali\/\" \/>\n<meta property=\"og:site_name\" content=\"Cuarteto en la Web\" \/>\n<meta property=\"article:published_time\" content=\"2025-11-15T10:59:33+00:00\" \/>\n<meta property=\"og:image\" content=\"https:\/\/cuartetoenlaweb.com.ar\/sitio\/wp-content\/uploads\/2025\/11\/Marcela-Tinayre-se-animo-a-hacer-su-revelacion-mas-privada-a-los-75-anos-Por-varios-lados-y\u2026-359x226-6.jpg\" \/>\n\t<meta property=\"og:image:width\" content=\"359\" \/>\n\t<meta property=\"og:image:height\" content=\"226\" \/>\n\t<meta property=\"og:image:type\" content=\"image\/jpeg\" \/>\n<meta name=\"twitter:card\" content=\"summary_large_image\" \/>\n<meta name=\"twitter:label1\" content=\"Tiempo de lectura\" \/>\n\t<meta name=\"twitter:data1\" content=\"3 minutos\" \/>\n<script type=\"application\/ld+json\" class=\"yoast-schema-graph\">{\"@context\":\"https:\\\/\\\/schema.org\",\"@graph\":[{\"@type\":\"Article\",\"@id\":\"https:\\\/\\\/cuartetoenlaweb.com.ar\\\/sitio\\\/la-nueva-vida-de-la-hija-de-18-anos-de-andres-calamaro-y-julieta-cardinali\\\/#article\",\"isPartOf\":{\"@id\":\"https:\\\/\\\/cuartetoenlaweb.com.ar\\\/sitio\\\/la-nueva-vida-de-la-hija-de-18-anos-de-andres-calamaro-y-julieta-cardinali\\\/\"},\"author\":{\"name\":\"\",\"@id\":\"\"},\"headline\":\"La nueva vida de la hija de 18 a\u00f1os de Andr\u00e9s Calamaro y Julieta Cardinali\",\"datePublished\":\"2025-11-15T10:59:33+00:00\",\"mainEntityOfPage\":{\"@id\":\"https:\\\/\\\/cuartetoenlaweb.com.ar\\\/sitio\\\/la-nueva-vida-de-la-hija-de-18-anos-de-andres-calamaro-y-julieta-cardinali\\\/\"},\"wordCount\":637,\"publisher\":{\"@id\":\"http:\\\/\\\/cuartetoenlaweb.com.ar\\\/sitio\\\/#organization\"},\"image\":{\"@id\":\"https:\\\/\\\/cuartetoenlaweb.com.ar\\\/sitio\\\/la-nueva-vida-de-la-hija-de-18-anos-de-andres-calamaro-y-julieta-cardinali\\\/#primaryimage\"},\"thumbnailUrl\":\"https:\\\/\\\/cuartetoenlaweb.com.ar\\\/sitio\\\/wp-content\\\/uploads\\\/2025\\\/11\\\/Marcela-Tinayre-se-animo-a-hacer-su-revelacion-mas-privada-a-los-75-anos-Por-varios-lados-y\u2026-359x226-6.jpg\",\"articleSection\":[\"ESPECT\u00c1CULO\"],\"inLanguage\":\"es\"},{\"@type\":\"WebPage\",\"@id\":\"https:\\\/\\\/cuartetoenlaweb.com.ar\\\/sitio\\\/la-nueva-vida-de-la-hija-de-18-anos-de-andres-calamaro-y-julieta-cardinali\\\/\",\"url\":\"https:\\\/\\\/cuartetoenlaweb.com.ar\\\/sitio\\\/la-nueva-vida-de-la-hija-de-18-anos-de-andres-calamaro-y-julieta-cardinali\\\/\",\"name\":\"La nueva vida de la hija de 18 a\u00f1os de Andr\u00e9s Calamaro y Julieta Cardinali - Cuarteto en la Web\",\"isPartOf\":{\"@id\":\"http:\\\/\\\/cuartetoenlaweb.com.ar\\\/sitio\\\/#website\"},\"primaryImageOfPage\":{\"@id\":\"https:\\\/\\\/cuartetoenlaweb.com.ar\\\/sitio\\\/la-nueva-vida-de-la-hija-de-18-anos-de-andres-calamaro-y-julieta-cardinali\\\/#primaryimage\"},\"image\":{\"@id\":\"https:\\\/\\\/cuartetoenlaweb.com.ar\\\/sitio\\\/la-nueva-vida-de-la-hija-de-18-anos-de-andres-calamaro-y-julieta-cardinali\\\/#primaryimage\"},\"thumbnailUrl\":\"https:\\\/\\\/cuartetoenlaweb.com.ar\\\/sitio\\\/wp-content\\\/uploads\\\/2025\\\/11\\\/Marcela-Tinayre-se-animo-a-hacer-su-revelacion-mas-privada-a-los-75-anos-Por-varios-lados-y\u2026-359x226-6.jpg\",\"datePublished\":\"2025-11-15T10:59:33+00:00\",\"breadcrumb\":{\"@id\":\"https:\\\/\\\/cuartetoenlaweb.com.ar\\\/sitio\\\/la-nueva-vida-de-la-hija-de-18-anos-de-andres-calamaro-y-julieta-cardinali\\\/#breadcrumb\"},\"inLanguage\":\"es\",\"potentialAction\":[{\"@type\":\"ReadAction\",\"target\":[\"https:\\\/\\\/cuartetoenlaweb.com.ar\\\/sitio\\\/la-nueva-vida-de-la-hija-de-18-anos-de-andres-calamaro-y-julieta-cardinali\\\/\"]}]},{\"@type\":\"ImageObject\",\"inLanguage\":\"es\",\"@id\":\"https:\\\/\\\/cuartetoenlaweb.com.ar\\\/sitio\\\/la-nueva-vida-de-la-hija-de-18-anos-de-andres-calamaro-y-julieta-cardinali\\\/#primaryimage\",\"url\":\"https:\\\/\\\/cuartetoenlaweb.com.ar\\\/sitio\\\/wp-content\\\/uploads\\\/2025\\\/11\\\/Marcela-Tinayre-se-animo-a-hacer-su-revelacion-mas-privada-a-los-75-anos-Por-varios-lados-y\u2026-359x226-6.jpg\",\"contentUrl\":\"https:\\\/\\\/cuartetoenlaweb.com.ar\\\/sitio\\\/wp-content\\\/uploads\\\/2025\\\/11\\\/Marcela-Tinayre-se-animo-a-hacer-su-revelacion-mas-privada-a-los-75-anos-Por-varios-lados-y\u2026-359x226-6.jpg\",\"width\":359,\"height\":226},{\"@type\":\"BreadcrumbList\",\"@id\":\"https:\\\/\\\/cuartetoenlaweb.com.ar\\\/sitio\\\/la-nueva-vida-de-la-hija-de-18-anos-de-andres-calamaro-y-julieta-cardinali\\\/#breadcrumb\",\"itemListElement\":[{\"@type\":\"ListItem\",\"position\":1,\"name\":\"Portada\",\"item\":\"http:\\\/\\\/cuartetoenlaweb.com.ar\\\/sitio\\\/\"},{\"@type\":\"ListItem\",\"position\":2,\"name\":\"La nueva vida de la hija de 18 a\u00f1os de Andr\u00e9s Calamaro y Julieta Cardinali\"}]},{\"@type\":\"WebSite\",\"@id\":\"http:\\\/\\\/cuartetoenlaweb.com.ar\\\/sitio\\\/#website\",\"url\":\"http:\\\/\\\/cuartetoenlaweb.com.ar\\\/sitio\\\/\",\"name\":\"Cuarteto en la Web\",\"description\":\"\",\"publisher\":{\"@id\":\"http:\\\/\\\/cuartetoenlaweb.com.ar\\\/sitio\\\/#organization\"},\"potentialAction\":[{\"@type\":\"SearchAction\",\"target\":{\"@type\":\"EntryPoint\",\"urlTemplate\":\"http:\\\/\\\/cuartetoenlaweb.com.ar\\\/sitio\\\/?s={search_term_string}\"},\"query-input\":{\"@type\":\"PropertyValueSpecification\",\"valueRequired\":true,\"valueName\":\"search_term_string\"}}],\"inLanguage\":\"es\"},{\"@type\":\"Organization\",\"@id\":\"http:\\\/\\\/cuartetoenlaweb.com.ar\\\/sitio\\\/#organization\",\"name\":\"Cuarteto en la Web\",\"url\":\"http:\\\/\\\/cuartetoenlaweb.com.ar\\\/sitio\\\/\",\"logo\":{\"@type\":\"ImageObject\",\"inLanguage\":\"es\",\"@id\":\"http:\\\/\\\/cuartetoenlaweb.com.ar\\\/sitio\\\/#\\\/schema\\\/logo\\\/image\\\/\",\"url\":\"https:\\\/\\\/cuartetoenlaweb.com.ar\\\/sitio\\\/wp-content\\\/uploads\\\/2025\\\/07\\\/cropped-cropped-logitoweb21.png\",\"contentUrl\":\"https:\\\/\\\/cuartetoenlaweb.com.ar\\\/sitio\\\/wp-content\\\/uploads\\\/2025\\\/07\\\/cropped-cropped-logitoweb21.png\",\"width\":199,\"height\":199,\"caption\":\"Cuarteto en la Web\"},\"image\":{\"@id\":\"http:\\\/\\\/cuartetoenlaweb.com.ar\\\/sitio\\\/#\\\/schema\\\/logo\\\/image\\\/\"}}]}<\/script>\n<!-- \/ Yoast SEO plugin. -->","yoast_head_json":{"title":"La nueva vida de la hija de 18 a\u00f1os de Andr\u00e9s Calamaro y Julieta Cardinali - Cuarteto en la Web","robots":{"index":"index","follow":"follow","max-snippet":"max-snippet:-1","max-image-preview":"max-image-preview:large","max-video-preview":"max-video-preview:-1"},"canonical":"https:\/\/cuartetoenlaweb.com.ar\/sitio\/la-nueva-vida-de-la-hija-de-18-anos-de-andres-calamaro-y-julieta-cardinali\/","og_locale":"es_ES","og_type":"article","og_title":"La nueva vida de la hija de 18 a\u00f1os de Andr\u00e9s Calamaro y Julieta Cardinali - Cuarteto en la Web","og_description":"Julieta Cardinali visit\u00f3 anoche la mesa de Mirtha Legrand y","og_url":"https:\/\/cuartetoenlaweb.com.ar\/sitio\/la-nueva-vida-de-la-hija-de-18-anos-de-andres-calamaro-y-julieta-cardinali\/","og_site_name":"Cuarteto en la Web","article_published_time":"2025-11-15T10:59:33+00:00","og_image":[{"width":359,"height":226,"url":"https:\/\/cuartetoenlaweb.com.ar\/sitio\/wp-content\/uploads\/2025\/11\/Marcela-Tinayre-se-animo-a-hacer-su-revelacion-mas-privada-a-los-75-anos-Por-varios-lados-y\u2026-359x226-6.jpg","type":"image\/jpeg"}],"twitter_card":"summary_large_image","twitter_misc":{"Tiempo de lectura":"3 minutos"},"schema":{"@context":"https:\/\/schema.org","@graph":[{"@type":"Article","@id":"https:\/\/cuartetoenlaweb.com.ar\/sitio\/la-nueva-vida-de-la-hija-de-18-anos-de-andres-calamaro-y-julieta-cardinali\/#article","isPartOf":{"@id":"https:\/\/cuartetoenlaweb.com.ar\/sitio\/la-nueva-vida-de-la-hija-de-18-anos-de-andres-calamaro-y-julieta-cardinali\/"},"author":{"name":"","@id":""},"headline":"La nueva vida de la hija de 18 a\u00f1os de Andr\u00e9s Calamaro y Julieta Cardinali","datePublished":"2025-11-15T10:59:33+00:00","mainEntityOfPage":{"@id":"https:\/\/cuartetoenlaweb.com.ar\/sitio\/la-nueva-vida-de-la-hija-de-18-anos-de-andres-calamaro-y-julieta-cardinali\/"},"wordCount":637,"publisher":{"@id":"http:\/\/cuartetoenlaweb.com.ar\/sitio\/#organization"},"image":{"@id":"https:\/\/cuartetoenlaweb.com.ar\/sitio\/la-nueva-vida-de-la-hija-de-18-anos-de-andres-calamaro-y-julieta-cardinali\/#primaryimage"},"thumbnailUrl":"https:\/\/cuartetoenlaweb.com.ar\/sitio\/wp-content\/uploads\/2025\/11\/Marcela-Tinayre-se-animo-a-hacer-su-revelacion-mas-privada-a-los-75-anos-Por-varios-lados-y\u2026-359x226-6.jpg","articleSection":["ESPECT\u00c1CULO"],"inLanguage":"es"},{"@type":"WebPage","@id":"https:\/\/cuartetoenlaweb.com.ar\/sitio\/la-nueva-vida-de-la-hija-de-18-anos-de-andres-calamaro-y-julieta-cardinali\/","url":"https:\/\/cuartetoenlaweb.com.ar\/sitio\/la-nueva-vida-de-la-hija-de-18-anos-de-andres-calamaro-y-julieta-cardinali\/","name":"La nueva vida de la hija de 18 a\u00f1os de Andr\u00e9s Calamaro y Julieta Cardinali - Cuarteto en la Web","isPartOf":{"@id":"http:\/\/cuartetoenlaweb.com.ar\/sitio\/#website"},"primaryImageOfPage":{"@id":"https:\/\/cuartetoenlaweb.com.ar\/sitio\/la-nueva-vida-de-la-hija-de-18-anos-de-andres-calamaro-y-julieta-cardinali\/#primaryimage"},"image":{"@id":"https:\/\/cuartetoenlaweb.com.ar\/sitio\/la-nueva-vida-de-la-hija-de-18-anos-de-andres-calamaro-y-julieta-cardinali\/#primaryimage"},"thumbnailUrl":"https:\/\/cuartetoenlaweb.com.ar\/sitio\/wp-content\/uploads\/2025\/11\/Marcela-Tinayre-se-animo-a-hacer-su-revelacion-mas-privada-a-los-75-anos-Por-varios-lados-y\u2026-359x226-6.jpg","datePublished":"2025-11-15T10:59:33+00:00","breadcrumb":{"@id":"https:\/\/cuartetoenlaweb.com.ar\/sitio\/la-nueva-vida-de-la-hija-de-18-anos-de-andres-calamaro-y-julieta-cardinali\/#breadcrumb"},"inLanguage":"es","potentialAction":[{"@type":"ReadAction","target":["https:\/\/cuartetoenlaweb.com.ar\/sitio\/la-nueva-vida-de-la-hija-de-18-anos-de-andres-calamaro-y-julieta-cardinali\/"]}]},{"@type":"ImageObject","inLanguage":"es","@id":"https:\/\/cuartetoenlaweb.com.ar\/sitio\/la-nueva-vida-de-la-hija-de-18-anos-de-andres-calamaro-y-julieta-cardinali\/#primaryimage","url":"https:\/\/cuartetoenlaweb.com.ar\/sitio\/wp-content\/uploads\/2025\/11\/Marcela-Tinayre-se-animo-a-hacer-su-revelacion-mas-privada-a-los-75-anos-Por-varios-lados-y\u2026-359x226-6.jpg","contentUrl":"https:\/\/cuartetoenlaweb.com.ar\/sitio\/wp-content\/uploads\/2025\/11\/Marcela-Tinayre-se-animo-a-hacer-su-revelacion-mas-privada-a-los-75-anos-Por-varios-lados-y\u2026-359x226-6.jpg","width":359,"height":226},{"@type":"BreadcrumbList","@id":"https:\/\/cuartetoenlaweb.com.ar\/sitio\/la-nueva-vida-de-la-hija-de-18-anos-de-andres-calamaro-y-julieta-cardinali\/#breadcrumb","itemListElement":[{"@type":"ListItem","position":1,"name":"Portada","item":"http:\/\/cuartetoenlaweb.com.ar\/sitio\/"},{"@type":"ListItem","position":2,"name":"La nueva vida de la hija de 18 a\u00f1os de Andr\u00e9s Calamaro y Julieta Cardinali"}]},{"@type":"WebSite","@id":"http:\/\/cuartetoenlaweb.com.ar\/sitio\/#website","url":"http:\/\/cuartetoenlaweb.com.ar\/sitio\/","name":"Cuarteto en la Web","description":"","publisher":{"@id":"http:\/\/cuartetoenlaweb.com.ar\/sitio\/#organization"},"potentialAction":[{"@type":"SearchAction","target":{"@type":"EntryPoint","urlTemplate":"http:\/\/cuartetoenlaweb.com.ar\/sitio\/?s={search_term_string}"},"query-input":{"@type":"PropertyValueSpecification","valueRequired":true,"valueName":"search_term_string"}}],"inLanguage":"es"},{"@type":"Organization","@id":"http:\/\/cuartetoenlaweb.com.ar\/sitio\/#organization","name":"Cuarteto en la Web","url":"http:\/\/cuartetoenlaweb.com.ar\/sitio\/","logo":{"@type":"ImageObject","inLanguage":"es","@id":"http:\/\/cuartetoenlaweb.com.ar\/sitio\/#\/schema\/logo\/image\/","url":"https:\/\/cuartetoenlaweb.com.ar\/sitio\/wp-content\/uploads\/2025\/07\/cropped-cropped-logitoweb21.png","contentUrl":"https:\/\/cuartetoenlaweb.com.ar\/sitio\/wp-content\/uploads\/2025\/07\/cropped-cropped-logitoweb21.png","width":199,"height":199,"caption":"Cuarteto en la Web"},"image":{"@id":"http:\/\/cuartetoenlaweb.com.ar\/sitio\/#\/schema\/logo\/image\/"}}]}},"_links":{"self":[{"href":"https:\/\/cuartetoenlaweb.com.ar\/sitio\/wp-json\/wp\/v2\/posts\/4341","targetHints":{"allow":["GET"]}}],"collection":[{"href":"https:\/\/cuartetoenlaweb.com.ar\/sitio\/wp-json\/wp\/v2\/posts"}],"about":[{"href":"https:\/\/cuartetoenlaweb.com.ar\/sitio\/wp-json\/wp\/v2\/types\/post"}],"replies":[{"embeddable":true,"href":"https:\/\/cuartetoenlaweb.com.ar\/sitio\/wp-json\/wp\/v2\/comments?post=4341"}],"version-history":[{"count":0,"href":"https:\/\/cuartetoenlaweb.com.ar\/sitio\/wp-json\/wp\/v2\/posts\/4341\/revisions"}],"wp:featuredmedia":[{"embeddable":true,"href":"https:\/\/cuartetoenlaweb.com.ar\/sitio\/wp-json\/wp\/v2\/media\/4342"}],"wp:attachment":[{"href":"https:\/\/cuartetoenlaweb.com.ar\/sitio\/wp-json\/wp\/v2\/media?parent=4341"}],"wp:term":[{"taxonomy":"category","embeddable":true,"href":"https:\/\/cuartetoenlaweb.com.ar\/sitio\/wp-json\/wp\/v2\/categories?post=4341"},{"taxonomy":"post_tag","embeddable":true,"href":"https:\/\/cuartetoenlaweb.com.ar\/sitio\/wp-json\/wp\/v2\/tags?post=4341"}],"curies":[{"name":"wp","href":"https:\/\/api.w.org\/{rel}","templated":true}]}}