
{"id":4337,"date":"2025-11-15T07:00:39","date_gmt":"2025-11-15T10:00:39","guid":{"rendered":"https:\/\/cuartetoenlaweb.com.ar\/sitio\/angel-de-brito-revelo-lo-que-nadie-sabe-del-documental-de-silvina-luna-queria-mostrar-todo-su-dolor-y\/"},"modified":"2025-11-15T07:00:39","modified_gmt":"2025-11-15T10:00:39","slug":"angel-de-brito-revelo-lo-que-nadie-sabe-del-documental-de-silvina-luna-queria-mostrar-todo-su-dolor-y","status":"publish","type":"post","link":"https:\/\/cuartetoenlaweb.com.ar\/sitio\/angel-de-brito-revelo-lo-que-nadie-sabe-del-documental-de-silvina-luna-queria-mostrar-todo-su-dolor-y\/","title":{"rendered":"\u00c1ngel de Brito revel\u00f3 lo que nadie sabe del documental de Silvina Luna: \u201cQuer\u00eda mostrar todo su dolor y\u2026\u201d"},"content":{"rendered":"<p>En medio de la expectativa por el estreno del documental sobre la vida de <strong><a href=\"https:\/\/www.paparazzi.com.ar\/?s=Silvina+Luna\">Silvina Luna<\/a><\/strong>, <strong><a href=\"https:\/\/www.paparazzi.com.ar\/?s=%C3%81ngel+de+Brito\">\u00c1ngel de Brito<\/a><\/strong> rompi\u00f3 el silencio y cont\u00f3 c\u00f3mo fue su experiencia participando en la producci\u00f3n que prepara una importante plataforma de streaming. <\/p>\n<p>El periodista brind\u00f3 su testimonio para el proyecto: <em>\u201cMe encanta, Silvina se lo merece. La serie va a estar muy buena, estuve dando un testimonio, me hicieron una entrevista larga. Yo trabaj\u00e9 mucho con ella, me parece un lindo homenaje que est\u00e1 haciendo la plataforma con su hermano, con mucho cari\u00f1o pero con todos los temas\u201d<\/em>, explic\u00f3.<\/p>\n<p>El conductor asegur\u00f3 que el documental no esquivar\u00e1 los momentos m\u00e1s dif\u00edciles de la vida de la actriz, quien falleci\u00f3 en 2023: <em>\u201cEn las entrevistas te preguntan absolutamente todo, no s\u00e9 los detalles sobre la cantidad de cap\u00edtulos, pero hicieron entrevistas extensas y participaron todos sus amigos\u201d<\/em>, revel\u00f3 De Brito.<\/p>\n<div class=\"mt-box \">\n<h4 class=\"mt-heading\">Mir\u00e1 Tambi\u00e9n<\/h4>\n<p><a href=\"https:\/\/www.paparazzi.com.ar\/teve\/exclusivo-las-fotos-de-johnny-deep-llegando-a-argentina-en-medio-de-un-enorme-operativo-de-seguridad\/\"><\/p>\n<div class=\"mt-content\">\n<div class=\"mt-image-container\"><img decoding=\"async\" src=\"https:\/\/www.paparazzi.com.ar\/wp-content\/uploads\/2025\/11\/Jhonny-Deep-359x226.jpg\" alt=\"\u00a1Exclusivo! Las fotos de Johnny Deep llegando a Argentina en medio de un enorme operativo de seguridad\" class=\"mt-image\" loading=\"lazy\" \/><\/div>\n<h5 class=\"mt-title\">\u00a1Exclusivo! Las fotos de Johnny Deep llegando a Argentina en medio de un enorme operativo de seguridad<\/h5>\n<\/div>\n<p><\/a><\/div>\n<p>Sin embargo, tambi\u00e9n cont\u00f3 que no todos los allegados a Silvina se animaron a participar. <em>\u201cLa Negra Capristo fue una de las que no quiso participar porque me dijo que le dol\u00eda mucho el tema como para sentarse a hablar una hora. Hay bandos de amigos y cada uno tiene su visi\u00f3n\u201d<\/em>, detall\u00f3, evidenciando las divisiones que a\u00fan persisten dentro del c\u00edrculo \u00edntimo de la modelo.<\/p>\n<p>Otro punto que destac\u00f3 \u00c1ngel fue el papel central del hermano de Silvina, <strong>Ezequiel Luna<\/strong>, en el desarrollo del proyecto. <em>\u201cCon su hermano habl\u00e9 un par de veces y a partir de ah\u00ed entablamos una relaci\u00f3n. Le propuse hacer notas pero no quiso\u201d<\/em>, cont\u00f3 el periodista, haciendo referencia al perfil reservado del joven.<\/p>\n<div class=\"mt-box \">\n<h4 class=\"mt-heading\">Mir\u00e1 Tambi\u00e9n<\/h4>\n<p><a href=\"https:\/\/www.paparazzi.com.ar\/teve\/angel-de-brito-revelo-detalles-ineditos-de-la-serie-de-silvina-luna-y-conto-que-famosa-no-quiso-participar\/\"><\/p>\n<div class=\"mt-content\">\n<div class=\"mt-image-container\"><img decoding=\"async\" src=\"https:\/\/www.paparazzi.com.ar\/wp-content\/uploads\/2024\/04\/Angel-de-Brito-Silvina-Luna.jpg.webp\" alt=\"\u00c1ngel de Brito revel\u00f3 detalles in\u00e9ditos de la serie de Silvina Luna y cont\u00f3 qu\u00e9 famosa no quiso participar\" class=\"mt-image\" loading=\"lazy\" \/><\/div>\n<h5 class=\"mt-title\">\u00c1ngel de Brito revel\u00f3 detalles in\u00e9ditos de la serie de Silvina Luna y cont\u00f3 qu\u00e9 famosa no quiso participar<\/h5>\n<\/div>\n<p><\/a><\/div>\n<p>Finalmente, De Brito record\u00f3 que esta serie era una meta que Silvina Luna so\u00f1aba concretar en vida. <em>\u201cEste documental era el sue\u00f1o de Silvina, de hecho hay muchas filmaciones hasta de la internaci\u00f3n. Ella quer\u00eda graficar todo el dolor y el da\u00f1o que le hab\u00edan hecho a su salud, y que qued\u00f3 respaldado por la autopsia\u201d<\/em>, expres\u00f3, visiblemente conmovido.<\/p>\n<p>El homenaje, que promete conmover a todos, no solo mostrar\u00e1 el costado profesional y humano de Silvina, sino tambi\u00e9n su lucha incansable por justicia y por visibilizar el impacto del caso Lotocki. En palabras de De Brito, ser\u00e1 <em>\u201cun retrato fiel de una mujer que quiso transformar su dolor en una lecci\u00f3n de vida\u201d<\/em>.<\/p>\n<figure class=\"wp-block-image size-full\"><img decoding=\"async\" width=\"768\" height=\"808\" src=\"https:\/\/www.paparazzi.com.ar\/wp-content\/uploads\/2025\/11\/image-132.png.webp\" loading=\"lazy\" alt=\"\" class=\"wp-image-452492\" \/><\/figure>\n<div class=\"mt-box \">\n<h4 class=\"mt-heading\">Mir\u00e1 Tambi\u00e9n<\/h4>\n<p><a href=\"https:\/\/www.paparazzi.com.ar\/teve\/escandalo-a-dos-anos-de-la-muerte-de-silvina-luna-el-detalle-por-el-que-anibal-lotocki-no-sera-culpado-del-fallecimiento-de-la-actriz\/\"><\/p>\n<div class=\"mt-content\">\n<div class=\"mt-image-container\"><img decoding=\"async\" src=\"https:\/\/www.paparazzi.com.ar\/wp-content\/uploads\/2023\/10\/l-motivo-por-el-que-Anibal-Lotocki-no-sera-investigado-por-la-muerte-de-Silvina-Luna.jpg.webp\" alt=\"Esc\u00e1ndalo a dos a\u00f1os de la muerte de Silvina Luna: el detalle por el que An\u00edbal Lotocki no ser\u00e1 culpado del fallecimiento de la actriz\" class=\"mt-image\" loading=\"lazy\" \/><\/div>\n<h5 class=\"mt-title\">Esc\u00e1ndalo a dos a\u00f1os de la muerte de Silvina Luna: el detalle por el que An\u00edbal Lotocki no ser\u00e1 culpado del fallecimiento de la actriz<\/h5>\n<\/div>\n<p><\/a><\/div>\n<div class=\"mt-box \">\n<h4 class=\"mt-heading\">Mir\u00e1 Tambi\u00e9n<\/h4>\n<p><a href=\"https:\/\/www.paparazzi.com.ar\/teve\/eliana-guercio-hundio-a-ximena-capristo-y-revelo-como-usaba-a-silvina-luna-miserable\/\"><\/p>\n<div class=\"mt-content\">\n<div class=\"mt-image-container\"><img decoding=\"async\" src=\"https:\/\/www.paparazzi.com.ar\/wp-content\/uploads\/2025\/09\/ximena-capristo-eliana-guercio-silvina-luna.png.webp\" alt=\"Eliana Guercio hundi\u00f3 a Ximena Capristo y revel\u00f3 c\u00f3mo usaba a Silvina Luna: &quot;Miserable&quot;\" class=\"mt-image\" loading=\"lazy\" \/><\/div>\n<h5 class=\"mt-title\">Eliana Guercio hundi\u00f3 a Ximena Capristo y revel\u00f3 c\u00f3mo usaba a Silvina Luna: \u00abMiserable\u00bb<\/h5>\n<\/div>\n<p><\/a><\/div>\n<p>The post <a href=\"https:\/\/www.paparazzi.com.ar\/teve\/angel-de-brito-revelo-lo-que-nadie-sabe-del-documental-de-silvina-luna-queria-mostrar-todo-su-dolor-y\/\">\u00c1ngel de Brito revel\u00f3 lo que nadie sabe del documental de Silvina Luna: \u201cQuer\u00eda mostrar todo su dolor y\u2026\u201d<\/a> appeared first on <a href=\"https:\/\/www.paparazzi.com.ar\">Revista Paparazzi<\/a>.<\/p>\n","protected":false},"excerpt":{"rendered":"<p>En medio de la expectativa por el estreno del documental<\/p>\n","protected":false},"author":0,"featured_media":4338,"comment_status":"","ping_status":"","sticky":false,"template":"","format":"standard","meta":{"footnotes":""},"categories":[12],"tags":[],"class_list":["post-4337","post","type-post","status-publish","format-standard","has-post-thumbnail","hentry","category-espectaculo"],"yoast_head":"<!-- This site is optimized with the Yoast SEO plugin v27.4 - https:\/\/yoast.com\/product\/yoast-seo-wordpress\/ -->\n<title>\u00c1ngel de Brito revel\u00f3 lo que nadie sabe del documental de Silvina Luna: \u201cQuer\u00eda mostrar todo su dolor y\u2026\u201d - Cuarteto en la Web<\/title>\n<meta name=\"robots\" content=\"index, follow, max-snippet:-1, max-image-preview:large, max-video-preview:-1\" \/>\n<link rel=\"canonical\" href=\"http:\/\/cuartetoenlaweb.com.ar\/sitio\/angel-de-brito-revelo-lo-que-nadie-sabe-del-documental-de-silvina-luna-queria-mostrar-todo-su-dolor-y\/\" \/>\n<meta property=\"og:locale\" content=\"es_ES\" \/>\n<meta property=\"og:type\" content=\"article\" \/>\n<meta property=\"og:title\" content=\"\u00c1ngel de Brito revel\u00f3 lo que nadie sabe del documental de Silvina Luna: \u201cQuer\u00eda mostrar todo su dolor y\u2026\u201d - Cuarteto en la Web\" \/>\n<meta property=\"og:description\" content=\"En medio de la expectativa por el estreno del documental\" \/>\n<meta property=\"og:url\" content=\"http:\/\/cuartetoenlaweb.com.ar\/sitio\/angel-de-brito-revelo-lo-que-nadie-sabe-del-documental-de-silvina-luna-queria-mostrar-todo-su-dolor-y\/\" \/>\n<meta property=\"og:site_name\" content=\"Cuarteto en la Web\" \/>\n<meta property=\"article:published_time\" content=\"2025-11-15T10:00:39+00:00\" \/>\n<meta property=\"og:image\" content=\"http:\/\/cuartetoenlaweb.com.ar\/sitio\/wp-content\/uploads\/2025\/11\/Jhonny-Deep-359x226-13.jpg\" \/>\n\t<meta property=\"og:image:width\" content=\"359\" \/>\n\t<meta property=\"og:image:height\" content=\"226\" \/>\n\t<meta property=\"og:image:type\" content=\"image\/jpeg\" \/>\n<meta name=\"twitter:card\" content=\"summary_large_image\" \/>\n<meta name=\"twitter:label1\" content=\"Tiempo de lectura\" \/>\n\t<meta name=\"twitter:data1\" content=\"3 minutos\" \/>\n<script type=\"application\/ld+json\" class=\"yoast-schema-graph\">{\"@context\":\"https:\\\/\\\/schema.org\",\"@graph\":[{\"@type\":\"Article\",\"@id\":\"http:\\\/\\\/cuartetoenlaweb.com.ar\\\/sitio\\\/angel-de-brito-revelo-lo-que-nadie-sabe-del-documental-de-silvina-luna-queria-mostrar-todo-su-dolor-y\\\/#article\",\"isPartOf\":{\"@id\":\"http:\\\/\\\/cuartetoenlaweb.com.ar\\\/sitio\\\/angel-de-brito-revelo-lo-que-nadie-sabe-del-documental-de-silvina-luna-queria-mostrar-todo-su-dolor-y\\\/\"},\"author\":{\"name\":\"\",\"@id\":\"\"},\"headline\":\"\u00c1ngel de Brito revel\u00f3 lo que nadie sabe del documental de Silvina Luna: \u201cQuer\u00eda mostrar todo su dolor y\u2026\u201d\",\"datePublished\":\"2025-11-15T10:00:39+00:00\",\"mainEntityOfPage\":{\"@id\":\"http:\\\/\\\/cuartetoenlaweb.com.ar\\\/sitio\\\/angel-de-brito-revelo-lo-que-nadie-sabe-del-documental-de-silvina-luna-queria-mostrar-todo-su-dolor-y\\\/\"},\"wordCount\":536,\"publisher\":{\"@id\":\"http:\\\/\\\/cuartetoenlaweb.com.ar\\\/sitio\\\/#organization\"},\"image\":{\"@id\":\"http:\\\/\\\/cuartetoenlaweb.com.ar\\\/sitio\\\/angel-de-brito-revelo-lo-que-nadie-sabe-del-documental-de-silvina-luna-queria-mostrar-todo-su-dolor-y\\\/#primaryimage\"},\"thumbnailUrl\":\"https:\\\/\\\/cuartetoenlaweb.com.ar\\\/sitio\\\/wp-content\\\/uploads\\\/2025\\\/11\\\/Jhonny-Deep-359x226-13.jpg\",\"articleSection\":[\"ESPECT\u00c1CULO\"],\"inLanguage\":\"es\"},{\"@type\":\"WebPage\",\"@id\":\"http:\\\/\\\/cuartetoenlaweb.com.ar\\\/sitio\\\/angel-de-brito-revelo-lo-que-nadie-sabe-del-documental-de-silvina-luna-queria-mostrar-todo-su-dolor-y\\\/\",\"url\":\"http:\\\/\\\/cuartetoenlaweb.com.ar\\\/sitio\\\/angel-de-brito-revelo-lo-que-nadie-sabe-del-documental-de-silvina-luna-queria-mostrar-todo-su-dolor-y\\\/\",\"name\":\"\u00c1ngel de Brito revel\u00f3 lo que nadie sabe del documental de Silvina Luna: \u201cQuer\u00eda mostrar todo su dolor y\u2026\u201d - Cuarteto en la Web\",\"isPartOf\":{\"@id\":\"http:\\\/\\\/cuartetoenlaweb.com.ar\\\/sitio\\\/#website\"},\"primaryImageOfPage\":{\"@id\":\"http:\\\/\\\/cuartetoenlaweb.com.ar\\\/sitio\\\/angel-de-brito-revelo-lo-que-nadie-sabe-del-documental-de-silvina-luna-queria-mostrar-todo-su-dolor-y\\\/#primaryimage\"},\"image\":{\"@id\":\"http:\\\/\\\/cuartetoenlaweb.com.ar\\\/sitio\\\/angel-de-brito-revelo-lo-que-nadie-sabe-del-documental-de-silvina-luna-queria-mostrar-todo-su-dolor-y\\\/#primaryimage\"},\"thumbnailUrl\":\"https:\\\/\\\/cuartetoenlaweb.com.ar\\\/sitio\\\/wp-content\\\/uploads\\\/2025\\\/11\\\/Jhonny-Deep-359x226-13.jpg\",\"datePublished\":\"2025-11-15T10:00:39+00:00\",\"breadcrumb\":{\"@id\":\"http:\\\/\\\/cuartetoenlaweb.com.ar\\\/sitio\\\/angel-de-brito-revelo-lo-que-nadie-sabe-del-documental-de-silvina-luna-queria-mostrar-todo-su-dolor-y\\\/#breadcrumb\"},\"inLanguage\":\"es\",\"potentialAction\":[{\"@type\":\"ReadAction\",\"target\":[\"http:\\\/\\\/cuartetoenlaweb.com.ar\\\/sitio\\\/angel-de-brito-revelo-lo-que-nadie-sabe-del-documental-de-silvina-luna-queria-mostrar-todo-su-dolor-y\\\/\"]}]},{\"@type\":\"ImageObject\",\"inLanguage\":\"es\",\"@id\":\"http:\\\/\\\/cuartetoenlaweb.com.ar\\\/sitio\\\/angel-de-brito-revelo-lo-que-nadie-sabe-del-documental-de-silvina-luna-queria-mostrar-todo-su-dolor-y\\\/#primaryimage\",\"url\":\"https:\\\/\\\/cuartetoenlaweb.com.ar\\\/sitio\\\/wp-content\\\/uploads\\\/2025\\\/11\\\/Jhonny-Deep-359x226-13.jpg\",\"contentUrl\":\"https:\\\/\\\/cuartetoenlaweb.com.ar\\\/sitio\\\/wp-content\\\/uploads\\\/2025\\\/11\\\/Jhonny-Deep-359x226-13.jpg\",\"width\":359,\"height\":226},{\"@type\":\"BreadcrumbList\",\"@id\":\"http:\\\/\\\/cuartetoenlaweb.com.ar\\\/sitio\\\/angel-de-brito-revelo-lo-que-nadie-sabe-del-documental-de-silvina-luna-queria-mostrar-todo-su-dolor-y\\\/#breadcrumb\",\"itemListElement\":[{\"@type\":\"ListItem\",\"position\":1,\"name\":\"Portada\",\"item\":\"http:\\\/\\\/cuartetoenlaweb.com.ar\\\/sitio\\\/\"},{\"@type\":\"ListItem\",\"position\":2,\"name\":\"\u00c1ngel de Brito revel\u00f3 lo que nadie sabe del documental de Silvina Luna: \u201cQuer\u00eda mostrar todo su dolor y\u2026\u201d\"}]},{\"@type\":\"WebSite\",\"@id\":\"http:\\\/\\\/cuartetoenlaweb.com.ar\\\/sitio\\\/#website\",\"url\":\"http:\\\/\\\/cuartetoenlaweb.com.ar\\\/sitio\\\/\",\"name\":\"Cuarteto en la Web\",\"description\":\"\",\"publisher\":{\"@id\":\"http:\\\/\\\/cuartetoenlaweb.com.ar\\\/sitio\\\/#organization\"},\"potentialAction\":[{\"@type\":\"SearchAction\",\"target\":{\"@type\":\"EntryPoint\",\"urlTemplate\":\"http:\\\/\\\/cuartetoenlaweb.com.ar\\\/sitio\\\/?s={search_term_string}\"},\"query-input\":{\"@type\":\"PropertyValueSpecification\",\"valueRequired\":true,\"valueName\":\"search_term_string\"}}],\"inLanguage\":\"es\"},{\"@type\":\"Organization\",\"@id\":\"http:\\\/\\\/cuartetoenlaweb.com.ar\\\/sitio\\\/#organization\",\"name\":\"Cuarteto en la Web\",\"url\":\"http:\\\/\\\/cuartetoenlaweb.com.ar\\\/sitio\\\/\",\"logo\":{\"@type\":\"ImageObject\",\"inLanguage\":\"es\",\"@id\":\"http:\\\/\\\/cuartetoenlaweb.com.ar\\\/sitio\\\/#\\\/schema\\\/logo\\\/image\\\/\",\"url\":\"https:\\\/\\\/cuartetoenlaweb.com.ar\\\/sitio\\\/wp-content\\\/uploads\\\/2025\\\/07\\\/cropped-cropped-logitoweb21.png\",\"contentUrl\":\"https:\\\/\\\/cuartetoenlaweb.com.ar\\\/sitio\\\/wp-content\\\/uploads\\\/2025\\\/07\\\/cropped-cropped-logitoweb21.png\",\"width\":199,\"height\":199,\"caption\":\"Cuarteto en la Web\"},\"image\":{\"@id\":\"http:\\\/\\\/cuartetoenlaweb.com.ar\\\/sitio\\\/#\\\/schema\\\/logo\\\/image\\\/\"}}]}<\/script>\n<!-- \/ Yoast SEO plugin. -->","yoast_head_json":{"title":"\u00c1ngel de Brito revel\u00f3 lo que nadie sabe del documental de Silvina Luna: \u201cQuer\u00eda mostrar todo su dolor y\u2026\u201d - Cuarteto en la Web","robots":{"index":"index","follow":"follow","max-snippet":"max-snippet:-1","max-image-preview":"max-image-preview:large","max-video-preview":"max-video-preview:-1"},"canonical":"http:\/\/cuartetoenlaweb.com.ar\/sitio\/angel-de-brito-revelo-lo-que-nadie-sabe-del-documental-de-silvina-luna-queria-mostrar-todo-su-dolor-y\/","og_locale":"es_ES","og_type":"article","og_title":"\u00c1ngel de Brito revel\u00f3 lo que nadie sabe del documental de Silvina Luna: \u201cQuer\u00eda mostrar todo su dolor y\u2026\u201d - Cuarteto en la Web","og_description":"En medio de la expectativa por el estreno del documental","og_url":"http:\/\/cuartetoenlaweb.com.ar\/sitio\/angel-de-brito-revelo-lo-que-nadie-sabe-del-documental-de-silvina-luna-queria-mostrar-todo-su-dolor-y\/","og_site_name":"Cuarteto en la Web","article_published_time":"2025-11-15T10:00:39+00:00","og_image":[{"width":359,"height":226,"url":"http:\/\/cuartetoenlaweb.com.ar\/sitio\/wp-content\/uploads\/2025\/11\/Jhonny-Deep-359x226-13.jpg","type":"image\/jpeg"}],"twitter_card":"summary_large_image","twitter_misc":{"Tiempo de lectura":"3 minutos"},"schema":{"@context":"https:\/\/schema.org","@graph":[{"@type":"Article","@id":"http:\/\/cuartetoenlaweb.com.ar\/sitio\/angel-de-brito-revelo-lo-que-nadie-sabe-del-documental-de-silvina-luna-queria-mostrar-todo-su-dolor-y\/#article","isPartOf":{"@id":"http:\/\/cuartetoenlaweb.com.ar\/sitio\/angel-de-brito-revelo-lo-que-nadie-sabe-del-documental-de-silvina-luna-queria-mostrar-todo-su-dolor-y\/"},"author":{"name":"","@id":""},"headline":"\u00c1ngel de Brito revel\u00f3 lo que nadie sabe del documental de Silvina Luna: \u201cQuer\u00eda mostrar todo su dolor y\u2026\u201d","datePublished":"2025-11-15T10:00:39+00:00","mainEntityOfPage":{"@id":"http:\/\/cuartetoenlaweb.com.ar\/sitio\/angel-de-brito-revelo-lo-que-nadie-sabe-del-documental-de-silvina-luna-queria-mostrar-todo-su-dolor-y\/"},"wordCount":536,"publisher":{"@id":"http:\/\/cuartetoenlaweb.com.ar\/sitio\/#organization"},"image":{"@id":"http:\/\/cuartetoenlaweb.com.ar\/sitio\/angel-de-brito-revelo-lo-que-nadie-sabe-del-documental-de-silvina-luna-queria-mostrar-todo-su-dolor-y\/#primaryimage"},"thumbnailUrl":"https:\/\/cuartetoenlaweb.com.ar\/sitio\/wp-content\/uploads\/2025\/11\/Jhonny-Deep-359x226-13.jpg","articleSection":["ESPECT\u00c1CULO"],"inLanguage":"es"},{"@type":"WebPage","@id":"http:\/\/cuartetoenlaweb.com.ar\/sitio\/angel-de-brito-revelo-lo-que-nadie-sabe-del-documental-de-silvina-luna-queria-mostrar-todo-su-dolor-y\/","url":"http:\/\/cuartetoenlaweb.com.ar\/sitio\/angel-de-brito-revelo-lo-que-nadie-sabe-del-documental-de-silvina-luna-queria-mostrar-todo-su-dolor-y\/","name":"\u00c1ngel de Brito revel\u00f3 lo que nadie sabe del documental de Silvina Luna: \u201cQuer\u00eda mostrar todo su dolor y\u2026\u201d - Cuarteto en la Web","isPartOf":{"@id":"http:\/\/cuartetoenlaweb.com.ar\/sitio\/#website"},"primaryImageOfPage":{"@id":"http:\/\/cuartetoenlaweb.com.ar\/sitio\/angel-de-brito-revelo-lo-que-nadie-sabe-del-documental-de-silvina-luna-queria-mostrar-todo-su-dolor-y\/#primaryimage"},"image":{"@id":"http:\/\/cuartetoenlaweb.com.ar\/sitio\/angel-de-brito-revelo-lo-que-nadie-sabe-del-documental-de-silvina-luna-queria-mostrar-todo-su-dolor-y\/#primaryimage"},"thumbnailUrl":"https:\/\/cuartetoenlaweb.com.ar\/sitio\/wp-content\/uploads\/2025\/11\/Jhonny-Deep-359x226-13.jpg","datePublished":"2025-11-15T10:00:39+00:00","breadcrumb":{"@id":"http:\/\/cuartetoenlaweb.com.ar\/sitio\/angel-de-brito-revelo-lo-que-nadie-sabe-del-documental-de-silvina-luna-queria-mostrar-todo-su-dolor-y\/#breadcrumb"},"inLanguage":"es","potentialAction":[{"@type":"ReadAction","target":["http:\/\/cuartetoenlaweb.com.ar\/sitio\/angel-de-brito-revelo-lo-que-nadie-sabe-del-documental-de-silvina-luna-queria-mostrar-todo-su-dolor-y\/"]}]},{"@type":"ImageObject","inLanguage":"es","@id":"http:\/\/cuartetoenlaweb.com.ar\/sitio\/angel-de-brito-revelo-lo-que-nadie-sabe-del-documental-de-silvina-luna-queria-mostrar-todo-su-dolor-y\/#primaryimage","url":"https:\/\/cuartetoenlaweb.com.ar\/sitio\/wp-content\/uploads\/2025\/11\/Jhonny-Deep-359x226-13.jpg","contentUrl":"https:\/\/cuartetoenlaweb.com.ar\/sitio\/wp-content\/uploads\/2025\/11\/Jhonny-Deep-359x226-13.jpg","width":359,"height":226},{"@type":"BreadcrumbList","@id":"http:\/\/cuartetoenlaweb.com.ar\/sitio\/angel-de-brito-revelo-lo-que-nadie-sabe-del-documental-de-silvina-luna-queria-mostrar-todo-su-dolor-y\/#breadcrumb","itemListElement":[{"@type":"ListItem","position":1,"name":"Portada","item":"http:\/\/cuartetoenlaweb.com.ar\/sitio\/"},{"@type":"ListItem","position":2,"name":"\u00c1ngel de Brito revel\u00f3 lo que nadie sabe del documental de Silvina Luna: \u201cQuer\u00eda mostrar todo su dolor y\u2026\u201d"}]},{"@type":"WebSite","@id":"http:\/\/cuartetoenlaweb.com.ar\/sitio\/#website","url":"http:\/\/cuartetoenlaweb.com.ar\/sitio\/","name":"Cuarteto en la Web","description":"","publisher":{"@id":"http:\/\/cuartetoenlaweb.com.ar\/sitio\/#organization"},"potentialAction":[{"@type":"SearchAction","target":{"@type":"EntryPoint","urlTemplate":"http:\/\/cuartetoenlaweb.com.ar\/sitio\/?s={search_term_string}"},"query-input":{"@type":"PropertyValueSpecification","valueRequired":true,"valueName":"search_term_string"}}],"inLanguage":"es"},{"@type":"Organization","@id":"http:\/\/cuartetoenlaweb.com.ar\/sitio\/#organization","name":"Cuarteto en la Web","url":"http:\/\/cuartetoenlaweb.com.ar\/sitio\/","logo":{"@type":"ImageObject","inLanguage":"es","@id":"http:\/\/cuartetoenlaweb.com.ar\/sitio\/#\/schema\/logo\/image\/","url":"https:\/\/cuartetoenlaweb.com.ar\/sitio\/wp-content\/uploads\/2025\/07\/cropped-cropped-logitoweb21.png","contentUrl":"https:\/\/cuartetoenlaweb.com.ar\/sitio\/wp-content\/uploads\/2025\/07\/cropped-cropped-logitoweb21.png","width":199,"height":199,"caption":"Cuarteto en la Web"},"image":{"@id":"http:\/\/cuartetoenlaweb.com.ar\/sitio\/#\/schema\/logo\/image\/"}}]}},"_links":{"self":[{"href":"https:\/\/cuartetoenlaweb.com.ar\/sitio\/wp-json\/wp\/v2\/posts\/4337","targetHints":{"allow":["GET"]}}],"collection":[{"href":"https:\/\/cuartetoenlaweb.com.ar\/sitio\/wp-json\/wp\/v2\/posts"}],"about":[{"href":"https:\/\/cuartetoenlaweb.com.ar\/sitio\/wp-json\/wp\/v2\/types\/post"}],"replies":[{"embeddable":true,"href":"https:\/\/cuartetoenlaweb.com.ar\/sitio\/wp-json\/wp\/v2\/comments?post=4337"}],"version-history":[{"count":0,"href":"https:\/\/cuartetoenlaweb.com.ar\/sitio\/wp-json\/wp\/v2\/posts\/4337\/revisions"}],"wp:featuredmedia":[{"embeddable":true,"href":"https:\/\/cuartetoenlaweb.com.ar\/sitio\/wp-json\/wp\/v2\/media\/4338"}],"wp:attachment":[{"href":"https:\/\/cuartetoenlaweb.com.ar\/sitio\/wp-json\/wp\/v2\/media?parent=4337"}],"wp:term":[{"taxonomy":"category","embeddable":true,"href":"https:\/\/cuartetoenlaweb.com.ar\/sitio\/wp-json\/wp\/v2\/categories?post=4337"},{"taxonomy":"post_tag","embeddable":true,"href":"https:\/\/cuartetoenlaweb.com.ar\/sitio\/wp-json\/wp\/v2\/tags?post=4337"}],"curies":[{"name":"wp","href":"https:\/\/api.w.org\/{rel}","templated":true}]}}