
{"id":4313,"date":"2025-11-15T01:01:18","date_gmt":"2025-11-15T04:01:18","guid":{"rendered":"https:\/\/cuartetoenlaweb.com.ar\/sitio\/zona-de-guerra-un-video-desde-adentro-muestra-la-destruccion-total-del-polo-de-ezeiza-tras-la-explosion\/"},"modified":"2025-11-15T01:01:18","modified_gmt":"2025-11-15T04:01:18","slug":"zona-de-guerra-un-video-desde-adentro-muestra-la-destruccion-total-del-polo-de-ezeiza-tras-la-explosion","status":"publish","type":"post","link":"https:\/\/cuartetoenlaweb.com.ar\/sitio\/zona-de-guerra-un-video-desde-adentro-muestra-la-destruccion-total-del-polo-de-ezeiza-tras-la-explosion\/","title":{"rendered":"Zona de guerra: un video desde adentro muestra la destrucci\u00f3n total del Polo de Ezeiza tras la explosi\u00f3n"},"content":{"rendered":"<p>Buenos Aires, 15 de noviembre de 2025 (NA) &#8212; Un video grabado desde un auto en el interior del Polo Industrial Spegazzini, en Ezeiza, muestra la devastaci\u00f3n total causada por la serie de explosiones e incendios ocurridos este viernes por la noche. Las im\u00e1genes, a las que accedi\u00f3 Noticias Argentinas, revelan un escenario de \u00abzona de guerra\u00bb, con las estructuras met\u00e1licas de los galpones totalmente colapsadas y retorcidas, mientras el fuego sigue activo entre los escombros.<\/p>\n<p>Seg\u00fan supo Noticias Argentinas, el siniestro se origin\u00f3 en una planta agroqu\u00edmica y dej\u00f3 un saldo de al menos 20 heridos. El director de la Cl\u00ednica Monte Grande, Carlos Santoro, confirm\u00f3 el ingreso de dos pacientes graves: \u00abRecibimos un infartado, un directivo de una empresa&#8230; [y] una embarazada intoxicada&#8230; est\u00e1 en terapia intensiva\u201d. El Ministerio de Salud bonaerense confirm\u00f3 8 heridos en el Hospital Eurnekian, uno con fractura expuesta.<\/p>\n<p>\u00abNO LO PODEMOS CONTROLAR\u00bb: ALERTA POR IRON MOUNTAIN<\/p>\n<p>El intendente de Ezeiza, Gast\u00f3n Granados, calific\u00f3 el incendio como \u00abincontrolable\u00bb y \u00abmuy confuso\u00bb. Confirm\u00f3 que la onda expansiva afect\u00f3 a varias f\u00e1bricas, entre ellas una de neum\u00e1ticos, una de pl\u00e1sticos (\u00abPl\u00e1sticos Lagos\u00bb) y, de manera alarmante, un dep\u00f3sito de la empresa Iron Mountain.<\/p>\n<p>Granados detall\u00f3 en A24 que la firma, protagonista del incendio intencional de Barracas en 2014, hab\u00eda mudado \u00abhace poco\u00bb un dep\u00f3sito de acopio de documentos al polo industrial.<\/p>\n<p>P\u00c1NICO, \u00abNUBE T\u00d3XICA\u00bb Y EVACUADOS<\/p>\n<p>El caos del siniestro qued\u00f3 registrado en m\u00faltiples videos. Un trabajador de la f\u00e1brica lindera \u00abFlamia\u00bb grab\u00f3 la destrucci\u00f3n desde adentro, gritando: \u00abAcaba de explotar la f\u00e1brica de al lado&#8230; Flamia est\u00e1 destruida\u00bb. Otro video capt\u00f3 a operarios huyendo al grito de: \u00ab\u00a1Corran wacho, corran! \u00a1Bajo techo!\u00bb.<\/p>\n<p>Debido a la \u00abnube t\u00f3xica\u00bb por la quema de agroqu\u00edmicos, pl\u00e1sticos y gasoil, los municipios de Ezeiza, Ca\u00f1uelas, La Matanza, Esteban Echeverr\u00eda y San Vicente emitieron alertas pidiendo a los vecinos no salir, cerrar puertas y ventanas, y usar barbijos.<\/p>\n<p> * Operativo Sanitario: La Provincia despleg\u00f3 27 ambulancias (12 provinciales y 15 municipales) y activ\u00f3 una red hospitalaria para derivar heridos graves a los hospitales Eurnekian (Ezeiza), Bicentenario (Echeverr\u00eda) y Balestrini (La Matanza).<br \/>\n * Cortes: La Autopista Ezeiza-Ca\u00f1uelas permanece cortada.<br \/>\n * Aeropuerto: El Aeropuerto Internacional de Ezeiza opera con normalidad.<\/p>\n<p>#AgenciaNA<\/p>\n","protected":false},"excerpt":{"rendered":"<p>Buenos Aires, 15 de noviembre de 2025 (NA) &#8212; Un<\/p>\n","protected":false},"author":0,"featured_media":4314,"comment_status":"","ping_status":"","sticky":false,"template":"","format":"standard","meta":{"footnotes":""},"categories":[65],"tags":[],"class_list":["post-4313","post","type-post","status-publish","format-standard","has-post-thumbnail","hentry","category-pais"],"yoast_head":"<!-- This site is optimized with the Yoast SEO plugin v27.4 - https:\/\/yoast.com\/product\/yoast-seo-wordpress\/ -->\n<title>Zona de guerra: un video desde adentro muestra la destrucci\u00f3n total del Polo de Ezeiza tras la explosi\u00f3n - Cuarteto en la Web<\/title>\n<meta name=\"robots\" content=\"index, follow, max-snippet:-1, max-image-preview:large, max-video-preview:-1\" \/>\n<link rel=\"canonical\" href=\"https:\/\/cuartetoenlaweb.com.ar\/sitio\/zona-de-guerra-un-video-desde-adentro-muestra-la-destruccion-total-del-polo-de-ezeiza-tras-la-explosion\/\" \/>\n<meta property=\"og:locale\" content=\"es_ES\" \/>\n<meta property=\"og:type\" content=\"article\" \/>\n<meta property=\"og:title\" content=\"Zona de guerra: un video desde adentro muestra la destrucci\u00f3n total del Polo de Ezeiza tras la explosi\u00f3n - Cuarteto en la Web\" \/>\n<meta property=\"og:description\" content=\"Buenos Aires, 15 de noviembre de 2025 (NA) &#8212; Un\" \/>\n<meta property=\"og:url\" content=\"https:\/\/cuartetoenlaweb.com.ar\/sitio\/zona-de-guerra-un-video-desde-adentro-muestra-la-destruccion-total-del-polo-de-ezeiza-tras-la-explosion\/\" \/>\n<meta property=\"og:site_name\" content=\"Cuarteto en la Web\" \/>\n<meta property=\"article:published_time\" content=\"2025-11-15T04:01:18+00:00\" \/>\n<meta property=\"og:image\" content=\"https:\/\/cuartetoenlaweb.com.ar\/sitio\/wp-content\/uploads\/2025\/11\/720-1019.jpeg\" \/>\n\t<meta property=\"og:image:width\" content=\"1280\" \/>\n\t<meta property=\"og:image:height\" content=\"720\" \/>\n\t<meta property=\"og:image:type\" content=\"image\/jpeg\" \/>\n<meta name=\"twitter:card\" content=\"summary_large_image\" \/>\n<meta name=\"twitter:label1\" content=\"Tiempo de lectura\" \/>\n\t<meta name=\"twitter:data1\" content=\"2 minutos\" \/>\n<script type=\"application\/ld+json\" class=\"yoast-schema-graph\">{\"@context\":\"https:\\\/\\\/schema.org\",\"@graph\":[{\"@type\":\"Article\",\"@id\":\"https:\\\/\\\/cuartetoenlaweb.com.ar\\\/sitio\\\/zona-de-guerra-un-video-desde-adentro-muestra-la-destruccion-total-del-polo-de-ezeiza-tras-la-explosion\\\/#article\",\"isPartOf\":{\"@id\":\"https:\\\/\\\/cuartetoenlaweb.com.ar\\\/sitio\\\/zona-de-guerra-un-video-desde-adentro-muestra-la-destruccion-total-del-polo-de-ezeiza-tras-la-explosion\\\/\"},\"author\":{\"name\":\"\",\"@id\":\"\"},\"headline\":\"Zona de guerra: un video desde adentro muestra la destrucci\u00f3n total del Polo de Ezeiza tras la explosi\u00f3n\",\"datePublished\":\"2025-11-15T04:01:18+00:00\",\"mainEntityOfPage\":{\"@id\":\"https:\\\/\\\/cuartetoenlaweb.com.ar\\\/sitio\\\/zona-de-guerra-un-video-desde-adentro-muestra-la-destruccion-total-del-polo-de-ezeiza-tras-la-explosion\\\/\"},\"wordCount\":404,\"publisher\":{\"@id\":\"http:\\\/\\\/cuartetoenlaweb.com.ar\\\/sitio\\\/#organization\"},\"image\":{\"@id\":\"https:\\\/\\\/cuartetoenlaweb.com.ar\\\/sitio\\\/zona-de-guerra-un-video-desde-adentro-muestra-la-destruccion-total-del-polo-de-ezeiza-tras-la-explosion\\\/#primaryimage\"},\"thumbnailUrl\":\"https:\\\/\\\/cuartetoenlaweb.com.ar\\\/sitio\\\/wp-content\\\/uploads\\\/2025\\\/11\\\/720-1019.jpeg\",\"articleSection\":[\"PAIS\"],\"inLanguage\":\"es\"},{\"@type\":\"WebPage\",\"@id\":\"https:\\\/\\\/cuartetoenlaweb.com.ar\\\/sitio\\\/zona-de-guerra-un-video-desde-adentro-muestra-la-destruccion-total-del-polo-de-ezeiza-tras-la-explosion\\\/\",\"url\":\"https:\\\/\\\/cuartetoenlaweb.com.ar\\\/sitio\\\/zona-de-guerra-un-video-desde-adentro-muestra-la-destruccion-total-del-polo-de-ezeiza-tras-la-explosion\\\/\",\"name\":\"Zona de guerra: un video desde adentro muestra la destrucci\u00f3n total del Polo de Ezeiza tras la explosi\u00f3n - Cuarteto en la Web\",\"isPartOf\":{\"@id\":\"http:\\\/\\\/cuartetoenlaweb.com.ar\\\/sitio\\\/#website\"},\"primaryImageOfPage\":{\"@id\":\"https:\\\/\\\/cuartetoenlaweb.com.ar\\\/sitio\\\/zona-de-guerra-un-video-desde-adentro-muestra-la-destruccion-total-del-polo-de-ezeiza-tras-la-explosion\\\/#primaryimage\"},\"image\":{\"@id\":\"https:\\\/\\\/cuartetoenlaweb.com.ar\\\/sitio\\\/zona-de-guerra-un-video-desde-adentro-muestra-la-destruccion-total-del-polo-de-ezeiza-tras-la-explosion\\\/#primaryimage\"},\"thumbnailUrl\":\"https:\\\/\\\/cuartetoenlaweb.com.ar\\\/sitio\\\/wp-content\\\/uploads\\\/2025\\\/11\\\/720-1019.jpeg\",\"datePublished\":\"2025-11-15T04:01:18+00:00\",\"breadcrumb\":{\"@id\":\"https:\\\/\\\/cuartetoenlaweb.com.ar\\\/sitio\\\/zona-de-guerra-un-video-desde-adentro-muestra-la-destruccion-total-del-polo-de-ezeiza-tras-la-explosion\\\/#breadcrumb\"},\"inLanguage\":\"es\",\"potentialAction\":[{\"@type\":\"ReadAction\",\"target\":[\"https:\\\/\\\/cuartetoenlaweb.com.ar\\\/sitio\\\/zona-de-guerra-un-video-desde-adentro-muestra-la-destruccion-total-del-polo-de-ezeiza-tras-la-explosion\\\/\"]}]},{\"@type\":\"ImageObject\",\"inLanguage\":\"es\",\"@id\":\"https:\\\/\\\/cuartetoenlaweb.com.ar\\\/sitio\\\/zona-de-guerra-un-video-desde-adentro-muestra-la-destruccion-total-del-polo-de-ezeiza-tras-la-explosion\\\/#primaryimage\",\"url\":\"https:\\\/\\\/cuartetoenlaweb.com.ar\\\/sitio\\\/wp-content\\\/uploads\\\/2025\\\/11\\\/720-1019.jpeg\",\"contentUrl\":\"https:\\\/\\\/cuartetoenlaweb.com.ar\\\/sitio\\\/wp-content\\\/uploads\\\/2025\\\/11\\\/720-1019.jpeg\",\"width\":1280,\"height\":720},{\"@type\":\"BreadcrumbList\",\"@id\":\"https:\\\/\\\/cuartetoenlaweb.com.ar\\\/sitio\\\/zona-de-guerra-un-video-desde-adentro-muestra-la-destruccion-total-del-polo-de-ezeiza-tras-la-explosion\\\/#breadcrumb\",\"itemListElement\":[{\"@type\":\"ListItem\",\"position\":1,\"name\":\"Portada\",\"item\":\"http:\\\/\\\/cuartetoenlaweb.com.ar\\\/sitio\\\/\"},{\"@type\":\"ListItem\",\"position\":2,\"name\":\"Zona de guerra: un video desde adentro muestra la destrucci\u00f3n total del Polo de Ezeiza tras la explosi\u00f3n\"}]},{\"@type\":\"WebSite\",\"@id\":\"http:\\\/\\\/cuartetoenlaweb.com.ar\\\/sitio\\\/#website\",\"url\":\"http:\\\/\\\/cuartetoenlaweb.com.ar\\\/sitio\\\/\",\"name\":\"Cuarteto en la Web\",\"description\":\"\",\"publisher\":{\"@id\":\"http:\\\/\\\/cuartetoenlaweb.com.ar\\\/sitio\\\/#organization\"},\"potentialAction\":[{\"@type\":\"SearchAction\",\"target\":{\"@type\":\"EntryPoint\",\"urlTemplate\":\"http:\\\/\\\/cuartetoenlaweb.com.ar\\\/sitio\\\/?s={search_term_string}\"},\"query-input\":{\"@type\":\"PropertyValueSpecification\",\"valueRequired\":true,\"valueName\":\"search_term_string\"}}],\"inLanguage\":\"es\"},{\"@type\":\"Organization\",\"@id\":\"http:\\\/\\\/cuartetoenlaweb.com.ar\\\/sitio\\\/#organization\",\"name\":\"Cuarteto en la Web\",\"url\":\"http:\\\/\\\/cuartetoenlaweb.com.ar\\\/sitio\\\/\",\"logo\":{\"@type\":\"ImageObject\",\"inLanguage\":\"es\",\"@id\":\"http:\\\/\\\/cuartetoenlaweb.com.ar\\\/sitio\\\/#\\\/schema\\\/logo\\\/image\\\/\",\"url\":\"https:\\\/\\\/cuartetoenlaweb.com.ar\\\/sitio\\\/wp-content\\\/uploads\\\/2025\\\/07\\\/cropped-cropped-logitoweb21.png\",\"contentUrl\":\"https:\\\/\\\/cuartetoenlaweb.com.ar\\\/sitio\\\/wp-content\\\/uploads\\\/2025\\\/07\\\/cropped-cropped-logitoweb21.png\",\"width\":199,\"height\":199,\"caption\":\"Cuarteto en la Web\"},\"image\":{\"@id\":\"http:\\\/\\\/cuartetoenlaweb.com.ar\\\/sitio\\\/#\\\/schema\\\/logo\\\/image\\\/\"}}]}<\/script>\n<!-- \/ Yoast SEO plugin. -->","yoast_head_json":{"title":"Zona de guerra: un video desde adentro muestra la destrucci\u00f3n total del Polo de Ezeiza tras la explosi\u00f3n - Cuarteto en la Web","robots":{"index":"index","follow":"follow","max-snippet":"max-snippet:-1","max-image-preview":"max-image-preview:large","max-video-preview":"max-video-preview:-1"},"canonical":"https:\/\/cuartetoenlaweb.com.ar\/sitio\/zona-de-guerra-un-video-desde-adentro-muestra-la-destruccion-total-del-polo-de-ezeiza-tras-la-explosion\/","og_locale":"es_ES","og_type":"article","og_title":"Zona de guerra: un video desde adentro muestra la destrucci\u00f3n total del Polo de Ezeiza tras la explosi\u00f3n - Cuarteto en la Web","og_description":"Buenos Aires, 15 de noviembre de 2025 (NA) &#8212; Un","og_url":"https:\/\/cuartetoenlaweb.com.ar\/sitio\/zona-de-guerra-un-video-desde-adentro-muestra-la-destruccion-total-del-polo-de-ezeiza-tras-la-explosion\/","og_site_name":"Cuarteto en la Web","article_published_time":"2025-11-15T04:01:18+00:00","og_image":[{"width":1280,"height":720,"url":"https:\/\/cuartetoenlaweb.com.ar\/sitio\/wp-content\/uploads\/2025\/11\/720-1019.jpeg","type":"image\/jpeg"}],"twitter_card":"summary_large_image","twitter_misc":{"Tiempo de lectura":"2 minutos"},"schema":{"@context":"https:\/\/schema.org","@graph":[{"@type":"Article","@id":"https:\/\/cuartetoenlaweb.com.ar\/sitio\/zona-de-guerra-un-video-desde-adentro-muestra-la-destruccion-total-del-polo-de-ezeiza-tras-la-explosion\/#article","isPartOf":{"@id":"https:\/\/cuartetoenlaweb.com.ar\/sitio\/zona-de-guerra-un-video-desde-adentro-muestra-la-destruccion-total-del-polo-de-ezeiza-tras-la-explosion\/"},"author":{"name":"","@id":""},"headline":"Zona de guerra: un video desde adentro muestra la destrucci\u00f3n total del Polo de Ezeiza tras la explosi\u00f3n","datePublished":"2025-11-15T04:01:18+00:00","mainEntityOfPage":{"@id":"https:\/\/cuartetoenlaweb.com.ar\/sitio\/zona-de-guerra-un-video-desde-adentro-muestra-la-destruccion-total-del-polo-de-ezeiza-tras-la-explosion\/"},"wordCount":404,"publisher":{"@id":"http:\/\/cuartetoenlaweb.com.ar\/sitio\/#organization"},"image":{"@id":"https:\/\/cuartetoenlaweb.com.ar\/sitio\/zona-de-guerra-un-video-desde-adentro-muestra-la-destruccion-total-del-polo-de-ezeiza-tras-la-explosion\/#primaryimage"},"thumbnailUrl":"https:\/\/cuartetoenlaweb.com.ar\/sitio\/wp-content\/uploads\/2025\/11\/720-1019.jpeg","articleSection":["PAIS"],"inLanguage":"es"},{"@type":"WebPage","@id":"https:\/\/cuartetoenlaweb.com.ar\/sitio\/zona-de-guerra-un-video-desde-adentro-muestra-la-destruccion-total-del-polo-de-ezeiza-tras-la-explosion\/","url":"https:\/\/cuartetoenlaweb.com.ar\/sitio\/zona-de-guerra-un-video-desde-adentro-muestra-la-destruccion-total-del-polo-de-ezeiza-tras-la-explosion\/","name":"Zona de guerra: un video desde adentro muestra la destrucci\u00f3n total del Polo de Ezeiza tras la explosi\u00f3n - Cuarteto en la Web","isPartOf":{"@id":"http:\/\/cuartetoenlaweb.com.ar\/sitio\/#website"},"primaryImageOfPage":{"@id":"https:\/\/cuartetoenlaweb.com.ar\/sitio\/zona-de-guerra-un-video-desde-adentro-muestra-la-destruccion-total-del-polo-de-ezeiza-tras-la-explosion\/#primaryimage"},"image":{"@id":"https:\/\/cuartetoenlaweb.com.ar\/sitio\/zona-de-guerra-un-video-desde-adentro-muestra-la-destruccion-total-del-polo-de-ezeiza-tras-la-explosion\/#primaryimage"},"thumbnailUrl":"https:\/\/cuartetoenlaweb.com.ar\/sitio\/wp-content\/uploads\/2025\/11\/720-1019.jpeg","datePublished":"2025-11-15T04:01:18+00:00","breadcrumb":{"@id":"https:\/\/cuartetoenlaweb.com.ar\/sitio\/zona-de-guerra-un-video-desde-adentro-muestra-la-destruccion-total-del-polo-de-ezeiza-tras-la-explosion\/#breadcrumb"},"inLanguage":"es","potentialAction":[{"@type":"ReadAction","target":["https:\/\/cuartetoenlaweb.com.ar\/sitio\/zona-de-guerra-un-video-desde-adentro-muestra-la-destruccion-total-del-polo-de-ezeiza-tras-la-explosion\/"]}]},{"@type":"ImageObject","inLanguage":"es","@id":"https:\/\/cuartetoenlaweb.com.ar\/sitio\/zona-de-guerra-un-video-desde-adentro-muestra-la-destruccion-total-del-polo-de-ezeiza-tras-la-explosion\/#primaryimage","url":"https:\/\/cuartetoenlaweb.com.ar\/sitio\/wp-content\/uploads\/2025\/11\/720-1019.jpeg","contentUrl":"https:\/\/cuartetoenlaweb.com.ar\/sitio\/wp-content\/uploads\/2025\/11\/720-1019.jpeg","width":1280,"height":720},{"@type":"BreadcrumbList","@id":"https:\/\/cuartetoenlaweb.com.ar\/sitio\/zona-de-guerra-un-video-desde-adentro-muestra-la-destruccion-total-del-polo-de-ezeiza-tras-la-explosion\/#breadcrumb","itemListElement":[{"@type":"ListItem","position":1,"name":"Portada","item":"http:\/\/cuartetoenlaweb.com.ar\/sitio\/"},{"@type":"ListItem","position":2,"name":"Zona de guerra: un video desde adentro muestra la destrucci\u00f3n total del Polo de Ezeiza tras la explosi\u00f3n"}]},{"@type":"WebSite","@id":"http:\/\/cuartetoenlaweb.com.ar\/sitio\/#website","url":"http:\/\/cuartetoenlaweb.com.ar\/sitio\/","name":"Cuarteto en la Web","description":"","publisher":{"@id":"http:\/\/cuartetoenlaweb.com.ar\/sitio\/#organization"},"potentialAction":[{"@type":"SearchAction","target":{"@type":"EntryPoint","urlTemplate":"http:\/\/cuartetoenlaweb.com.ar\/sitio\/?s={search_term_string}"},"query-input":{"@type":"PropertyValueSpecification","valueRequired":true,"valueName":"search_term_string"}}],"inLanguage":"es"},{"@type":"Organization","@id":"http:\/\/cuartetoenlaweb.com.ar\/sitio\/#organization","name":"Cuarteto en la Web","url":"http:\/\/cuartetoenlaweb.com.ar\/sitio\/","logo":{"@type":"ImageObject","inLanguage":"es","@id":"http:\/\/cuartetoenlaweb.com.ar\/sitio\/#\/schema\/logo\/image\/","url":"https:\/\/cuartetoenlaweb.com.ar\/sitio\/wp-content\/uploads\/2025\/07\/cropped-cropped-logitoweb21.png","contentUrl":"https:\/\/cuartetoenlaweb.com.ar\/sitio\/wp-content\/uploads\/2025\/07\/cropped-cropped-logitoweb21.png","width":199,"height":199,"caption":"Cuarteto en la Web"},"image":{"@id":"http:\/\/cuartetoenlaweb.com.ar\/sitio\/#\/schema\/logo\/image\/"}}]}},"_links":{"self":[{"href":"https:\/\/cuartetoenlaweb.com.ar\/sitio\/wp-json\/wp\/v2\/posts\/4313","targetHints":{"allow":["GET"]}}],"collection":[{"href":"https:\/\/cuartetoenlaweb.com.ar\/sitio\/wp-json\/wp\/v2\/posts"}],"about":[{"href":"https:\/\/cuartetoenlaweb.com.ar\/sitio\/wp-json\/wp\/v2\/types\/post"}],"replies":[{"embeddable":true,"href":"https:\/\/cuartetoenlaweb.com.ar\/sitio\/wp-json\/wp\/v2\/comments?post=4313"}],"version-history":[{"count":0,"href":"https:\/\/cuartetoenlaweb.com.ar\/sitio\/wp-json\/wp\/v2\/posts\/4313\/revisions"}],"wp:featuredmedia":[{"embeddable":true,"href":"https:\/\/cuartetoenlaweb.com.ar\/sitio\/wp-json\/wp\/v2\/media\/4314"}],"wp:attachment":[{"href":"https:\/\/cuartetoenlaweb.com.ar\/sitio\/wp-json\/wp\/v2\/media?parent=4313"}],"wp:term":[{"taxonomy":"category","embeddable":true,"href":"https:\/\/cuartetoenlaweb.com.ar\/sitio\/wp-json\/wp\/v2\/categories?post=4313"},{"taxonomy":"post_tag","embeddable":true,"href":"https:\/\/cuartetoenlaweb.com.ar\/sitio\/wp-json\/wp\/v2\/tags?post=4313"}],"curies":[{"name":"wp","href":"https:\/\/api.w.org\/{rel}","templated":true}]}}