
{"id":4311,"date":"2025-11-15T01:01:15","date_gmt":"2025-11-15T04:01:15","guid":{"rendered":"https:\/\/cuartetoenlaweb.com.ar\/sitio\/explosion-en-ezeiza-el-gobierno-de-milei-despliega-la-brigada-quimica-y-los-hospitales-para-quemados-graves\/"},"modified":"2025-11-15T01:01:15","modified_gmt":"2025-11-15T04:01:15","slug":"explosion-en-ezeiza-el-gobierno-de-milei-despliega-la-brigada-quimica-y-los-hospitales-para-quemados-graves","status":"publish","type":"post","link":"https:\/\/cuartetoenlaweb.com.ar\/sitio\/explosion-en-ezeiza-el-gobierno-de-milei-despliega-la-brigada-quimica-y-los-hospitales-para-quemados-graves\/","title":{"rendered":"Explosi\u00f3n en Ezeiza: el Gobierno de Milei despliega la brigada qu\u00edmica y los hospitales para \u201cquemados graves\u201d"},"content":{"rendered":"<p>Buenos Aires, 15 de noviembre de 2025 (NA) &#8212; El Gobierno de Javier Milei, a trav\u00e9s de la Agencia Federal de Emergencias (AFE), emiti\u00f3 un comunicado oficial pasada la medianoche detallando el despliegue de fuerzas federales y el estado del operativo sanitario por la grave explosi\u00f3n e incendio en el Polo Industrial de Ezeiza.<\/p>\n<p>Seg\u00fan supo Noticias Argentinas del parte oficial, el Ministerio de Salud de la Naci\u00f3n coordina la derivaci\u00f3n de v\u00edctimas y la preparaci\u00f3n de hospitales. El Hospital Cuenca (Naci\u00f3n) \u00abespera el ingreso de un paciente quemado grave con fracturas\u00bb.<\/p>\n<p>OPERATIVO SANITARIO NACIONAL<\/p>\n<p>El parte de la AFE detall\u00f3 la situaci\u00f3n sanitaria bajo la \u00f3rbita nacional:<\/p>\n<p> * Heridos trasladados: \u00ab15 pacientes derivados a la Cl\u00ednica de Monte Grande\u00bb y \u00ab3 pacientes trasladados al Hospital de Ezeiza\u00bb.<br \/>\n * C\u00f3digos Rojos: Se defini\u00f3 junto a la Provincia de Buenos Aires que \u00ablos primeros c\u00f3digos rojos ir\u00e1n al Hospital Bicentenario\u00bb (Naci\u00f3n).<br \/>\n * Soporte toxicol\u00f3gico: Una \u00abtoxic\u00f3loga del Hospital Posadas\u00bb est\u00e1 en contacto con el Hospital Cuenca \u00abpara soporte\u00bb ante la naturaleza qu\u00edmica del incendio.<br \/>\n * Protocolo de Descontaminaci\u00f3n: El Hospital Bicentenario (Naci\u00f3n) activ\u00f3 su \u00abProtocolo de descontaminaci\u00f3n\u00bb y prepar\u00f3 \u00ab9 camas cr\u00edticas\u00bb, 3 camillas adicionales y refuerzos de personal.<br \/>\n * Disponibilidad de camas: Se activ\u00f3 la red PAMI (Hospital Milstein) y el Hospital Posadas (Naci\u00f3n), que tienen disponibles 7 camas de Terapia Intensiva (UTI) cada uno.<\/p>\n<p>DESPLIEGUE DE FUERZAS FEDERALES<\/p>\n<p>En cuanto a las fuerzas de seguridad, Gendarmer\u00eda Nacional \u00abse encuentra en el lugar colaborando en el orden del tr\u00e1nsito\u00bb.<\/p>\n<p>La Polic\u00eda Federal Argentina (PFA) despleg\u00f3 m\u00faltiples recursos para asistir en la emergencia:<\/p>\n<p> * Bomberos PFA: Dos unidades contra incendios, una \u00abunidad de riesgos qu\u00edmicos\u00bb y una cisterna de apoyo.<br \/>\n * Sanidad PFA: Una ambulancia con emergent\u00f3logo y un helic\u00f3ptero sanitario \u00aben apresto\u00bb.<\/p>\n<p>El comunicado concluye asegurando que el gobierno nacional est\u00e1 \u00abmonitoreando la situaci\u00f3n junto a las autoridades locales, provinciales y los equipos de emergencia\u00bb.<\/p>\n<p>#AgenciaNA<\/p>\n","protected":false},"excerpt":{"rendered":"<p>Buenos Aires, 15 de noviembre de 2025 (NA) &#8212; El<\/p>\n","protected":false},"author":0,"featured_media":4312,"comment_status":"","ping_status":"","sticky":false,"template":"","format":"standard","meta":{"footnotes":""},"categories":[65],"tags":[],"class_list":["post-4311","post","type-post","status-publish","format-standard","has-post-thumbnail","hentry","category-pais"],"yoast_head":"<!-- This site is optimized with the Yoast SEO plugin v27.4 - https:\/\/yoast.com\/product\/yoast-seo-wordpress\/ -->\n<title>Explosi\u00f3n en Ezeiza: el Gobierno de Milei despliega la brigada qu\u00edmica y los hospitales para \u201cquemados graves\u201d - Cuarteto en la Web<\/title>\n<meta name=\"robots\" content=\"index, follow, max-snippet:-1, max-image-preview:large, max-video-preview:-1\" \/>\n<link rel=\"canonical\" href=\"http:\/\/cuartetoenlaweb.com.ar\/sitio\/explosion-en-ezeiza-el-gobierno-de-milei-despliega-la-brigada-quimica-y-los-hospitales-para-quemados-graves\/\" \/>\n<meta property=\"og:locale\" content=\"es_ES\" \/>\n<meta property=\"og:type\" content=\"article\" \/>\n<meta property=\"og:title\" content=\"Explosi\u00f3n en Ezeiza: el Gobierno de Milei despliega la brigada qu\u00edmica y los hospitales para \u201cquemados graves\u201d - Cuarteto en la Web\" \/>\n<meta property=\"og:description\" content=\"Buenos Aires, 15 de noviembre de 2025 (NA) &#8212; El\" \/>\n<meta property=\"og:url\" content=\"http:\/\/cuartetoenlaweb.com.ar\/sitio\/explosion-en-ezeiza-el-gobierno-de-milei-despliega-la-brigada-quimica-y-los-hospitales-para-quemados-graves\/\" \/>\n<meta property=\"og:site_name\" content=\"Cuarteto en la Web\" \/>\n<meta property=\"article:published_time\" content=\"2025-11-15T04:01:15+00:00\" \/>\n<meta property=\"og:image\" content=\"http:\/\/cuartetoenlaweb.com.ar\/sitio\/wp-content\/uploads\/2025\/11\/720-1018.jpeg\" \/>\n\t<meta property=\"og:image:width\" content=\"960\" \/>\n\t<meta property=\"og:image:height\" content=\"720\" \/>\n\t<meta property=\"og:image:type\" content=\"image\/jpeg\" \/>\n<meta name=\"twitter:card\" content=\"summary_large_image\" \/>\n<meta name=\"twitter:label1\" content=\"Tiempo de lectura\" \/>\n\t<meta name=\"twitter:data1\" content=\"2 minutos\" \/>\n<script type=\"application\/ld+json\" class=\"yoast-schema-graph\">{\"@context\":\"https:\\\/\\\/schema.org\",\"@graph\":[{\"@type\":\"Article\",\"@id\":\"http:\\\/\\\/cuartetoenlaweb.com.ar\\\/sitio\\\/explosion-en-ezeiza-el-gobierno-de-milei-despliega-la-brigada-quimica-y-los-hospitales-para-quemados-graves\\\/#article\",\"isPartOf\":{\"@id\":\"http:\\\/\\\/cuartetoenlaweb.com.ar\\\/sitio\\\/explosion-en-ezeiza-el-gobierno-de-milei-despliega-la-brigada-quimica-y-los-hospitales-para-quemados-graves\\\/\"},\"author\":{\"name\":\"\",\"@id\":\"\"},\"headline\":\"Explosi\u00f3n en Ezeiza: el Gobierno de Milei despliega la brigada qu\u00edmica y los hospitales para \u201cquemados graves\u201d\",\"datePublished\":\"2025-11-15T04:01:15+00:00\",\"mainEntityOfPage\":{\"@id\":\"http:\\\/\\\/cuartetoenlaweb.com.ar\\\/sitio\\\/explosion-en-ezeiza-el-gobierno-de-milei-despliega-la-brigada-quimica-y-los-hospitales-para-quemados-graves\\\/\"},\"wordCount\":351,\"publisher\":{\"@id\":\"http:\\\/\\\/cuartetoenlaweb.com.ar\\\/sitio\\\/#organization\"},\"image\":{\"@id\":\"http:\\\/\\\/cuartetoenlaweb.com.ar\\\/sitio\\\/explosion-en-ezeiza-el-gobierno-de-milei-despliega-la-brigada-quimica-y-los-hospitales-para-quemados-graves\\\/#primaryimage\"},\"thumbnailUrl\":\"https:\\\/\\\/cuartetoenlaweb.com.ar\\\/sitio\\\/wp-content\\\/uploads\\\/2025\\\/11\\\/720-1018.jpeg\",\"articleSection\":[\"PAIS\"],\"inLanguage\":\"es\"},{\"@type\":\"WebPage\",\"@id\":\"http:\\\/\\\/cuartetoenlaweb.com.ar\\\/sitio\\\/explosion-en-ezeiza-el-gobierno-de-milei-despliega-la-brigada-quimica-y-los-hospitales-para-quemados-graves\\\/\",\"url\":\"http:\\\/\\\/cuartetoenlaweb.com.ar\\\/sitio\\\/explosion-en-ezeiza-el-gobierno-de-milei-despliega-la-brigada-quimica-y-los-hospitales-para-quemados-graves\\\/\",\"name\":\"Explosi\u00f3n en Ezeiza: el Gobierno de Milei despliega la brigada qu\u00edmica y los hospitales para \u201cquemados graves\u201d - Cuarteto en la Web\",\"isPartOf\":{\"@id\":\"http:\\\/\\\/cuartetoenlaweb.com.ar\\\/sitio\\\/#website\"},\"primaryImageOfPage\":{\"@id\":\"http:\\\/\\\/cuartetoenlaweb.com.ar\\\/sitio\\\/explosion-en-ezeiza-el-gobierno-de-milei-despliega-la-brigada-quimica-y-los-hospitales-para-quemados-graves\\\/#primaryimage\"},\"image\":{\"@id\":\"http:\\\/\\\/cuartetoenlaweb.com.ar\\\/sitio\\\/explosion-en-ezeiza-el-gobierno-de-milei-despliega-la-brigada-quimica-y-los-hospitales-para-quemados-graves\\\/#primaryimage\"},\"thumbnailUrl\":\"https:\\\/\\\/cuartetoenlaweb.com.ar\\\/sitio\\\/wp-content\\\/uploads\\\/2025\\\/11\\\/720-1018.jpeg\",\"datePublished\":\"2025-11-15T04:01:15+00:00\",\"breadcrumb\":{\"@id\":\"http:\\\/\\\/cuartetoenlaweb.com.ar\\\/sitio\\\/explosion-en-ezeiza-el-gobierno-de-milei-despliega-la-brigada-quimica-y-los-hospitales-para-quemados-graves\\\/#breadcrumb\"},\"inLanguage\":\"es\",\"potentialAction\":[{\"@type\":\"ReadAction\",\"target\":[\"http:\\\/\\\/cuartetoenlaweb.com.ar\\\/sitio\\\/explosion-en-ezeiza-el-gobierno-de-milei-despliega-la-brigada-quimica-y-los-hospitales-para-quemados-graves\\\/\"]}]},{\"@type\":\"ImageObject\",\"inLanguage\":\"es\",\"@id\":\"http:\\\/\\\/cuartetoenlaweb.com.ar\\\/sitio\\\/explosion-en-ezeiza-el-gobierno-de-milei-despliega-la-brigada-quimica-y-los-hospitales-para-quemados-graves\\\/#primaryimage\",\"url\":\"https:\\\/\\\/cuartetoenlaweb.com.ar\\\/sitio\\\/wp-content\\\/uploads\\\/2025\\\/11\\\/720-1018.jpeg\",\"contentUrl\":\"https:\\\/\\\/cuartetoenlaweb.com.ar\\\/sitio\\\/wp-content\\\/uploads\\\/2025\\\/11\\\/720-1018.jpeg\",\"width\":960,\"height\":720},{\"@type\":\"BreadcrumbList\",\"@id\":\"http:\\\/\\\/cuartetoenlaweb.com.ar\\\/sitio\\\/explosion-en-ezeiza-el-gobierno-de-milei-despliega-la-brigada-quimica-y-los-hospitales-para-quemados-graves\\\/#breadcrumb\",\"itemListElement\":[{\"@type\":\"ListItem\",\"position\":1,\"name\":\"Portada\",\"item\":\"http:\\\/\\\/cuartetoenlaweb.com.ar\\\/sitio\\\/\"},{\"@type\":\"ListItem\",\"position\":2,\"name\":\"Explosi\u00f3n en Ezeiza: el Gobierno de Milei despliega la brigada qu\u00edmica y los hospitales para \u201cquemados graves\u201d\"}]},{\"@type\":\"WebSite\",\"@id\":\"http:\\\/\\\/cuartetoenlaweb.com.ar\\\/sitio\\\/#website\",\"url\":\"http:\\\/\\\/cuartetoenlaweb.com.ar\\\/sitio\\\/\",\"name\":\"Cuarteto en la Web\",\"description\":\"\",\"publisher\":{\"@id\":\"http:\\\/\\\/cuartetoenlaweb.com.ar\\\/sitio\\\/#organization\"},\"potentialAction\":[{\"@type\":\"SearchAction\",\"target\":{\"@type\":\"EntryPoint\",\"urlTemplate\":\"http:\\\/\\\/cuartetoenlaweb.com.ar\\\/sitio\\\/?s={search_term_string}\"},\"query-input\":{\"@type\":\"PropertyValueSpecification\",\"valueRequired\":true,\"valueName\":\"search_term_string\"}}],\"inLanguage\":\"es\"},{\"@type\":\"Organization\",\"@id\":\"http:\\\/\\\/cuartetoenlaweb.com.ar\\\/sitio\\\/#organization\",\"name\":\"Cuarteto en la Web\",\"url\":\"http:\\\/\\\/cuartetoenlaweb.com.ar\\\/sitio\\\/\",\"logo\":{\"@type\":\"ImageObject\",\"inLanguage\":\"es\",\"@id\":\"http:\\\/\\\/cuartetoenlaweb.com.ar\\\/sitio\\\/#\\\/schema\\\/logo\\\/image\\\/\",\"url\":\"https:\\\/\\\/cuartetoenlaweb.com.ar\\\/sitio\\\/wp-content\\\/uploads\\\/2025\\\/07\\\/cropped-cropped-logitoweb21.png\",\"contentUrl\":\"https:\\\/\\\/cuartetoenlaweb.com.ar\\\/sitio\\\/wp-content\\\/uploads\\\/2025\\\/07\\\/cropped-cropped-logitoweb21.png\",\"width\":199,\"height\":199,\"caption\":\"Cuarteto en la Web\"},\"image\":{\"@id\":\"http:\\\/\\\/cuartetoenlaweb.com.ar\\\/sitio\\\/#\\\/schema\\\/logo\\\/image\\\/\"}}]}<\/script>\n<!-- \/ Yoast SEO plugin. -->","yoast_head_json":{"title":"Explosi\u00f3n en Ezeiza: el Gobierno de Milei despliega la brigada qu\u00edmica y los hospitales para \u201cquemados graves\u201d - Cuarteto en la Web","robots":{"index":"index","follow":"follow","max-snippet":"max-snippet:-1","max-image-preview":"max-image-preview:large","max-video-preview":"max-video-preview:-1"},"canonical":"http:\/\/cuartetoenlaweb.com.ar\/sitio\/explosion-en-ezeiza-el-gobierno-de-milei-despliega-la-brigada-quimica-y-los-hospitales-para-quemados-graves\/","og_locale":"es_ES","og_type":"article","og_title":"Explosi\u00f3n en Ezeiza: el Gobierno de Milei despliega la brigada qu\u00edmica y los hospitales para \u201cquemados graves\u201d - Cuarteto en la Web","og_description":"Buenos Aires, 15 de noviembre de 2025 (NA) &#8212; El","og_url":"http:\/\/cuartetoenlaweb.com.ar\/sitio\/explosion-en-ezeiza-el-gobierno-de-milei-despliega-la-brigada-quimica-y-los-hospitales-para-quemados-graves\/","og_site_name":"Cuarteto en la Web","article_published_time":"2025-11-15T04:01:15+00:00","og_image":[{"width":960,"height":720,"url":"http:\/\/cuartetoenlaweb.com.ar\/sitio\/wp-content\/uploads\/2025\/11\/720-1018.jpeg","type":"image\/jpeg"}],"twitter_card":"summary_large_image","twitter_misc":{"Tiempo de lectura":"2 minutos"},"schema":{"@context":"https:\/\/schema.org","@graph":[{"@type":"Article","@id":"http:\/\/cuartetoenlaweb.com.ar\/sitio\/explosion-en-ezeiza-el-gobierno-de-milei-despliega-la-brigada-quimica-y-los-hospitales-para-quemados-graves\/#article","isPartOf":{"@id":"http:\/\/cuartetoenlaweb.com.ar\/sitio\/explosion-en-ezeiza-el-gobierno-de-milei-despliega-la-brigada-quimica-y-los-hospitales-para-quemados-graves\/"},"author":{"name":"","@id":""},"headline":"Explosi\u00f3n en Ezeiza: el Gobierno de Milei despliega la brigada qu\u00edmica y los hospitales para \u201cquemados graves\u201d","datePublished":"2025-11-15T04:01:15+00:00","mainEntityOfPage":{"@id":"http:\/\/cuartetoenlaweb.com.ar\/sitio\/explosion-en-ezeiza-el-gobierno-de-milei-despliega-la-brigada-quimica-y-los-hospitales-para-quemados-graves\/"},"wordCount":351,"publisher":{"@id":"http:\/\/cuartetoenlaweb.com.ar\/sitio\/#organization"},"image":{"@id":"http:\/\/cuartetoenlaweb.com.ar\/sitio\/explosion-en-ezeiza-el-gobierno-de-milei-despliega-la-brigada-quimica-y-los-hospitales-para-quemados-graves\/#primaryimage"},"thumbnailUrl":"https:\/\/cuartetoenlaweb.com.ar\/sitio\/wp-content\/uploads\/2025\/11\/720-1018.jpeg","articleSection":["PAIS"],"inLanguage":"es"},{"@type":"WebPage","@id":"http:\/\/cuartetoenlaweb.com.ar\/sitio\/explosion-en-ezeiza-el-gobierno-de-milei-despliega-la-brigada-quimica-y-los-hospitales-para-quemados-graves\/","url":"http:\/\/cuartetoenlaweb.com.ar\/sitio\/explosion-en-ezeiza-el-gobierno-de-milei-despliega-la-brigada-quimica-y-los-hospitales-para-quemados-graves\/","name":"Explosi\u00f3n en Ezeiza: el Gobierno de Milei despliega la brigada qu\u00edmica y los hospitales para \u201cquemados graves\u201d - Cuarteto en la Web","isPartOf":{"@id":"http:\/\/cuartetoenlaweb.com.ar\/sitio\/#website"},"primaryImageOfPage":{"@id":"http:\/\/cuartetoenlaweb.com.ar\/sitio\/explosion-en-ezeiza-el-gobierno-de-milei-despliega-la-brigada-quimica-y-los-hospitales-para-quemados-graves\/#primaryimage"},"image":{"@id":"http:\/\/cuartetoenlaweb.com.ar\/sitio\/explosion-en-ezeiza-el-gobierno-de-milei-despliega-la-brigada-quimica-y-los-hospitales-para-quemados-graves\/#primaryimage"},"thumbnailUrl":"https:\/\/cuartetoenlaweb.com.ar\/sitio\/wp-content\/uploads\/2025\/11\/720-1018.jpeg","datePublished":"2025-11-15T04:01:15+00:00","breadcrumb":{"@id":"http:\/\/cuartetoenlaweb.com.ar\/sitio\/explosion-en-ezeiza-el-gobierno-de-milei-despliega-la-brigada-quimica-y-los-hospitales-para-quemados-graves\/#breadcrumb"},"inLanguage":"es","potentialAction":[{"@type":"ReadAction","target":["http:\/\/cuartetoenlaweb.com.ar\/sitio\/explosion-en-ezeiza-el-gobierno-de-milei-despliega-la-brigada-quimica-y-los-hospitales-para-quemados-graves\/"]}]},{"@type":"ImageObject","inLanguage":"es","@id":"http:\/\/cuartetoenlaweb.com.ar\/sitio\/explosion-en-ezeiza-el-gobierno-de-milei-despliega-la-brigada-quimica-y-los-hospitales-para-quemados-graves\/#primaryimage","url":"https:\/\/cuartetoenlaweb.com.ar\/sitio\/wp-content\/uploads\/2025\/11\/720-1018.jpeg","contentUrl":"https:\/\/cuartetoenlaweb.com.ar\/sitio\/wp-content\/uploads\/2025\/11\/720-1018.jpeg","width":960,"height":720},{"@type":"BreadcrumbList","@id":"http:\/\/cuartetoenlaweb.com.ar\/sitio\/explosion-en-ezeiza-el-gobierno-de-milei-despliega-la-brigada-quimica-y-los-hospitales-para-quemados-graves\/#breadcrumb","itemListElement":[{"@type":"ListItem","position":1,"name":"Portada","item":"http:\/\/cuartetoenlaweb.com.ar\/sitio\/"},{"@type":"ListItem","position":2,"name":"Explosi\u00f3n en Ezeiza: el Gobierno de Milei despliega la brigada qu\u00edmica y los hospitales para \u201cquemados graves\u201d"}]},{"@type":"WebSite","@id":"http:\/\/cuartetoenlaweb.com.ar\/sitio\/#website","url":"http:\/\/cuartetoenlaweb.com.ar\/sitio\/","name":"Cuarteto en la Web","description":"","publisher":{"@id":"http:\/\/cuartetoenlaweb.com.ar\/sitio\/#organization"},"potentialAction":[{"@type":"SearchAction","target":{"@type":"EntryPoint","urlTemplate":"http:\/\/cuartetoenlaweb.com.ar\/sitio\/?s={search_term_string}"},"query-input":{"@type":"PropertyValueSpecification","valueRequired":true,"valueName":"search_term_string"}}],"inLanguage":"es"},{"@type":"Organization","@id":"http:\/\/cuartetoenlaweb.com.ar\/sitio\/#organization","name":"Cuarteto en la Web","url":"http:\/\/cuartetoenlaweb.com.ar\/sitio\/","logo":{"@type":"ImageObject","inLanguage":"es","@id":"http:\/\/cuartetoenlaweb.com.ar\/sitio\/#\/schema\/logo\/image\/","url":"https:\/\/cuartetoenlaweb.com.ar\/sitio\/wp-content\/uploads\/2025\/07\/cropped-cropped-logitoweb21.png","contentUrl":"https:\/\/cuartetoenlaweb.com.ar\/sitio\/wp-content\/uploads\/2025\/07\/cropped-cropped-logitoweb21.png","width":199,"height":199,"caption":"Cuarteto en la Web"},"image":{"@id":"http:\/\/cuartetoenlaweb.com.ar\/sitio\/#\/schema\/logo\/image\/"}}]}},"_links":{"self":[{"href":"https:\/\/cuartetoenlaweb.com.ar\/sitio\/wp-json\/wp\/v2\/posts\/4311","targetHints":{"allow":["GET"]}}],"collection":[{"href":"https:\/\/cuartetoenlaweb.com.ar\/sitio\/wp-json\/wp\/v2\/posts"}],"about":[{"href":"https:\/\/cuartetoenlaweb.com.ar\/sitio\/wp-json\/wp\/v2\/types\/post"}],"replies":[{"embeddable":true,"href":"https:\/\/cuartetoenlaweb.com.ar\/sitio\/wp-json\/wp\/v2\/comments?post=4311"}],"version-history":[{"count":0,"href":"https:\/\/cuartetoenlaweb.com.ar\/sitio\/wp-json\/wp\/v2\/posts\/4311\/revisions"}],"wp:featuredmedia":[{"embeddable":true,"href":"https:\/\/cuartetoenlaweb.com.ar\/sitio\/wp-json\/wp\/v2\/media\/4312"}],"wp:attachment":[{"href":"https:\/\/cuartetoenlaweb.com.ar\/sitio\/wp-json\/wp\/v2\/media?parent=4311"}],"wp:term":[{"taxonomy":"category","embeddable":true,"href":"https:\/\/cuartetoenlaweb.com.ar\/sitio\/wp-json\/wp\/v2\/categories?post=4311"},{"taxonomy":"post_tag","embeddable":true,"href":"https:\/\/cuartetoenlaweb.com.ar\/sitio\/wp-json\/wp\/v2\/tags?post=4311"}],"curies":[{"name":"wp","href":"https:\/\/api.w.org\/{rel}","templated":true}]}}