
{"id":4309,"date":"2025-11-15T01:01:13","date_gmt":"2025-11-15T04:01:13","guid":{"rendered":"https:\/\/cuartetoenlaweb.com.ar\/sitio\/dan-las-fechas-la-china-suarez-revelo-cuando-empezo-el-noviazgo-con-mauro-icardi\/"},"modified":"2025-11-15T01:01:13","modified_gmt":"2025-11-15T04:01:13","slug":"dan-las-fechas-la-china-suarez-revelo-cuando-empezo-el-noviazgo-con-mauro-icardi","status":"publish","type":"post","link":"https:\/\/cuartetoenlaweb.com.ar\/sitio\/dan-las-fechas-la-china-suarez-revelo-cuando-empezo-el-noviazgo-con-mauro-icardi\/","title":{"rendered":"\u00bfDan las fechas? La China Su\u00e1rez revel\u00f3 cu\u00e1ndo empez\u00f3 el noviazgo con Mauro Icardi"},"content":{"rendered":"<p>Una tarde \u00e1lgida, repleta de situaciones escabrosas, con las sirenas altisonantes que se acercaron a ese edificio ostentoso. <strong>Wanda Nara<\/strong> llam\u00f3 desesperada a la polic\u00eda y solicit\u00f3 que la ayuden a desalojar a <strong>Mauro Icardi<\/strong> de su mega piso en el Chateau de N\u00fa\u00f1ez.<\/p>\n<p>Esa escena ocurri\u00f3 un <strong>11 de noviembre<\/strong>, del a\u00f1o pasado, para construir el contexto. Ese es el punto de quiebre del matrimonio de la conductora de MasterChef y el delantero, porque se convirti\u00f3 en el momento sin retorno y nunca m\u00e1s existi\u00f3 una posibilidad de reconciliaci\u00f3n.<\/p>\n<p>El misterio se enquist\u00f3 en la sociedad, dado que inmediatamente el futbolista sali\u00f3 a gritarle al mundo que se enamor\u00f3 de<a href=\"https:\/\/www.paparazzi.com.ar\/romances\/la-china-suarez-confirmo-la-noticia-mas-esperada-con-mauro-icardi-en-la-nota-con-pergolini-nos-vamos-a\/\"> Mar\u00eda Eugenia<\/a>, apenas un pu\u00f1adito de d\u00edas despu\u00e9s de esa pelea con Wanda, que requiri\u00f3 de \u00f3rdenes judiciales y agentes policiales.<\/p>\n<div class=\"mt-box \">\n<h4 class=\"mt-heading\">Mir\u00e1 Tambi\u00e9n<\/h4>\n<p><a href=\"https:\/\/www.paparazzi.com.ar\/romances\/la-china-suarez-confirmo-la-noticia-mas-esperada-con-mauro-icardi-en-la-nota-con-pergolini-nos-vamos-a\/\"><\/p>\n<div class=\"mt-content\">\n<div class=\"mt-image-container\"><img decoding=\"async\" src=\"https:\/\/www.paparazzi.com.ar\/wp-content\/uploads\/2025\/11\/China-Suarez-Icardi-casamiento-359x226.jpg\" alt=\"La China Su\u00e1rez confirm\u00f3 la noticia m\u00e1s esperada con Mauro Icardi en la nota con Pergolini: \u201cNos vamos a\u2026\u201d\" class=\"mt-image\" loading=\"lazy\" \/><\/div>\n<h5 class=\"mt-title\">La China Su\u00e1rez confirm\u00f3 la noticia m\u00e1s esperada con Mauro Icardi en la nota con Pergolini: \u201cNos vamos a\u2026\u201d<\/h5>\n<\/div>\n<p><\/a><\/div>\n<p>Toda esa extra\u00f1a situaci\u00f3n se acaba de revelar y por los propios protagonistas. La China confirm\u00f3 el momento preciso en que se lanz\u00f3 a los brazos del jugador para trenzarse en la pasi\u00f3n e iniciar una relaci\u00f3n formal, luego de aquel <a href=\"https:\/\/www.paparazzi.com.ar\/romances\/escandalo-mauro-icardi-confirmo-que-su-romance-con-la-china-suarez-arranco-en-el-hotel-de-paris\/\">v\u00ednculo clandestino del 2021<\/a> con esa noche furtiva de intimidad en un hotel de Par\u00eds.<\/p>\n<h2 class=\"wp-block-heading\">LA CHINA SU\u00c1REZ CONFIRM\u00d3 EL D\u00cdA EXACTO EN QUE EMPEZ\u00d3 EL NOVIAZGO CON MAURO ICARDI<\/h2>\n<p>En una extensa entrevista, <strong>Mario Pergolini <\/strong>le pregunt\u00f3 hace cu\u00e1nto tiempo que conoce a Mauro y as\u00ed Su\u00e1rez admiti\u00f3: \u00ab<em>Desde hace tres a\u00f1os<\/em>\u00ab. Incluso ironiz\u00f3 con la inc\u00f3gnita de todo el mundo: \u00ab<em>\u00bfNo te dan las fechas?\u00bb<\/em>. En definitiva, Mar\u00eda Eugenia corrobor\u00f3: \u00ab<em>No nos pusimos de acuerdo para decir qu\u00e9 fecha nos conocimos. De noviazgo el 29 de noviembre, faltan unos d\u00edas para el aniversario<\/em>\u00ab.<\/p>\n<p>\u00bfC\u00f3mo pas\u00f3 el delantero de implorarle a Nara para que reconstruir el matrimonio a enamorarse de la China en dos semanas? I<strong>cardi arroj\u00f3 otro dato explosivo, porque en otro tramo de la charla admiti\u00f3 la infidelidad a Wanda<\/strong>:  \u00ab<em>Nos conocemos desde el 2021, nos conocimos en Par\u00eds<\/em>\u00ab.<\/p>\n<blockquote class=\"wp-block-quote is-layout-flow wp-block-quote-is-layout-flow\">\n<p>\u00ab<em>No nos pusimos de acuerdo para decir qu\u00e9 fecha nos conocimos. De noviazgo el 29 de noviembre<\/em>\u00ab, cont\u00f3 la China Su\u00e1rez.<\/p>\n<\/blockquote>\n<div class=\"mt-box \">\n<h4 class=\"mt-heading\">Mir\u00e1 Tambi\u00e9n<\/h4>\n<p><a href=\"https:\/\/www.paparazzi.com.ar\/romances\/escandalo-mauro-icardi-confirmo-que-su-romance-con-la-china-suarez-arranco-en-el-hotel-de-paris\/\"><\/p>\n<div class=\"mt-content\">\n<div class=\"mt-image-container\"><img decoding=\"async\" src=\"https:\/\/www.paparazzi.com.ar\/wp-content\/uploads\/2025\/11\/Mauro-Icardi-Paris-359x226.jpg\" alt=\"\u00a1Esc\u00e1ndalo! Mauro Icardi confirm\u00f3 que su romance con la China Su\u00e1rez arranc\u00f3 en el hotel de Par\u00eds en 2021\" class=\"mt-image\" loading=\"lazy\" \/><\/div>\n<h5 class=\"mt-title\">\u00a1Esc\u00e1ndalo! Mauro Icardi confirm\u00f3 que su romance con la China Su\u00e1rez arranc\u00f3 en el hotel de Par\u00eds en 2021<\/h5>\n<\/div>\n<p><\/a><\/div>\n<div class=\"mt-box \">\n<h4 class=\"mt-heading\">Mir\u00e1 Tambi\u00e9n<\/h4>\n<p><a href=\"https:\/\/www.paparazzi.com.ar\/romances\/se-quedan-con-el-el-sorpresivo-pedido-de-las-hijas-de-wanda-nara-por-la-convivencia-con-mauro-icardi\/\"><\/p>\n<div class=\"mt-content\">\n<div class=\"mt-image-container\"><img decoding=\"async\" src=\"https:\/\/www.paparazzi.com.ar\/wp-content\/uploads\/2025\/06\/Wanda-Nara-hijas-Mauro-Icardi.jpg.webp\" alt=\"\u00bfSe quedan con \u00e9l? El sorpresivo pedido de las hijas de Wanda Nara por la convivencia con Mauro Icardi\" class=\"mt-image\" loading=\"lazy\" \/><\/div>\n<h5 class=\"mt-title\">\u00bfSe quedan con \u00e9l? El sorpresivo pedido de las hijas de Wanda Nara por la convivencia con Mauro Icardi<\/h5>\n<\/div>\n<p><\/a><\/div>\n<p>The post <a href=\"https:\/\/www.paparazzi.com.ar\/romances\/dan-las-fechas-la-china-suarez-revelo-cuando-empezo-el-noviazgo-con-mauro-icardi\/\">\u00bfDan las fechas? La China Su\u00e1rez revel\u00f3 cu\u00e1ndo empez\u00f3 el noviazgo con Mauro Icardi<\/a> appeared first on <a href=\"https:\/\/www.paparazzi.com.ar\">Revista Paparazzi<\/a>.<\/p>\n","protected":false},"excerpt":{"rendered":"<p>Una tarde \u00e1lgida, repleta de situaciones escabrosas, con las sirenas<\/p>\n","protected":false},"author":0,"featured_media":4310,"comment_status":"","ping_status":"","sticky":false,"template":"","format":"standard","meta":{"footnotes":""},"categories":[12],"tags":[],"class_list":["post-4309","post","type-post","status-publish","format-standard","has-post-thumbnail","hentry","category-espectaculo"],"yoast_head":"<!-- This site is optimized with the Yoast SEO plugin v27.4 - https:\/\/yoast.com\/product\/yoast-seo-wordpress\/ -->\n<title>\u00bfDan las fechas? La China Su\u00e1rez revel\u00f3 cu\u00e1ndo empez\u00f3 el noviazgo con Mauro Icardi - Cuarteto en la Web<\/title>\n<meta name=\"robots\" content=\"index, follow, max-snippet:-1, max-image-preview:large, max-video-preview:-1\" \/>\n<link rel=\"canonical\" href=\"https:\/\/cuartetoenlaweb.com.ar\/sitio\/dan-las-fechas-la-china-suarez-revelo-cuando-empezo-el-noviazgo-con-mauro-icardi\/\" \/>\n<meta property=\"og:locale\" content=\"es_ES\" \/>\n<meta property=\"og:type\" content=\"article\" \/>\n<meta property=\"og:title\" content=\"\u00bfDan las fechas? La China Su\u00e1rez revel\u00f3 cu\u00e1ndo empez\u00f3 el noviazgo con Mauro Icardi - Cuarteto en la Web\" \/>\n<meta property=\"og:description\" content=\"Una tarde \u00e1lgida, repleta de situaciones escabrosas, con las sirenas\" \/>\n<meta property=\"og:url\" content=\"https:\/\/cuartetoenlaweb.com.ar\/sitio\/dan-las-fechas-la-china-suarez-revelo-cuando-empezo-el-noviazgo-con-mauro-icardi\/\" \/>\n<meta property=\"og:site_name\" content=\"Cuarteto en la Web\" \/>\n<meta property=\"article:published_time\" content=\"2025-11-15T04:01:13+00:00\" \/>\n<meta property=\"og:image\" content=\"https:\/\/cuartetoenlaweb.com.ar\/sitio\/wp-content\/uploads\/2025\/11\/China-Suarez-Icardi-casamiento-359x226-3.jpg\" \/>\n\t<meta property=\"og:image:width\" content=\"359\" \/>\n\t<meta property=\"og:image:height\" content=\"226\" \/>\n\t<meta property=\"og:image:type\" content=\"image\/jpeg\" \/>\n<meta name=\"twitter:card\" content=\"summary_large_image\" \/>\n<meta name=\"twitter:label1\" content=\"Tiempo de lectura\" \/>\n\t<meta name=\"twitter:data1\" content=\"2 minutos\" \/>\n<script type=\"application\/ld+json\" class=\"yoast-schema-graph\">{\"@context\":\"https:\\\/\\\/schema.org\",\"@graph\":[{\"@type\":\"Article\",\"@id\":\"https:\\\/\\\/cuartetoenlaweb.com.ar\\\/sitio\\\/dan-las-fechas-la-china-suarez-revelo-cuando-empezo-el-noviazgo-con-mauro-icardi\\\/#article\",\"isPartOf\":{\"@id\":\"https:\\\/\\\/cuartetoenlaweb.com.ar\\\/sitio\\\/dan-las-fechas-la-china-suarez-revelo-cuando-empezo-el-noviazgo-con-mauro-icardi\\\/\"},\"author\":{\"name\":\"\",\"@id\":\"\"},\"headline\":\"\u00bfDan las fechas? La China Su\u00e1rez revel\u00f3 cu\u00e1ndo empez\u00f3 el noviazgo con Mauro Icardi\",\"datePublished\":\"2025-11-15T04:01:13+00:00\",\"mainEntityOfPage\":{\"@id\":\"https:\\\/\\\/cuartetoenlaweb.com.ar\\\/sitio\\\/dan-las-fechas-la-china-suarez-revelo-cuando-empezo-el-noviazgo-con-mauro-icardi\\\/\"},\"wordCount\":466,\"publisher\":{\"@id\":\"http:\\\/\\\/cuartetoenlaweb.com.ar\\\/sitio\\\/#organization\"},\"image\":{\"@id\":\"https:\\\/\\\/cuartetoenlaweb.com.ar\\\/sitio\\\/dan-las-fechas-la-china-suarez-revelo-cuando-empezo-el-noviazgo-con-mauro-icardi\\\/#primaryimage\"},\"thumbnailUrl\":\"https:\\\/\\\/cuartetoenlaweb.com.ar\\\/sitio\\\/wp-content\\\/uploads\\\/2025\\\/11\\\/China-Suarez-Icardi-casamiento-359x226-3.jpg\",\"articleSection\":[\"ESPECT\u00c1CULO\"],\"inLanguage\":\"es\"},{\"@type\":\"WebPage\",\"@id\":\"https:\\\/\\\/cuartetoenlaweb.com.ar\\\/sitio\\\/dan-las-fechas-la-china-suarez-revelo-cuando-empezo-el-noviazgo-con-mauro-icardi\\\/\",\"url\":\"https:\\\/\\\/cuartetoenlaweb.com.ar\\\/sitio\\\/dan-las-fechas-la-china-suarez-revelo-cuando-empezo-el-noviazgo-con-mauro-icardi\\\/\",\"name\":\"\u00bfDan las fechas? La China Su\u00e1rez revel\u00f3 cu\u00e1ndo empez\u00f3 el noviazgo con Mauro Icardi - Cuarteto en la Web\",\"isPartOf\":{\"@id\":\"http:\\\/\\\/cuartetoenlaweb.com.ar\\\/sitio\\\/#website\"},\"primaryImageOfPage\":{\"@id\":\"https:\\\/\\\/cuartetoenlaweb.com.ar\\\/sitio\\\/dan-las-fechas-la-china-suarez-revelo-cuando-empezo-el-noviazgo-con-mauro-icardi\\\/#primaryimage\"},\"image\":{\"@id\":\"https:\\\/\\\/cuartetoenlaweb.com.ar\\\/sitio\\\/dan-las-fechas-la-china-suarez-revelo-cuando-empezo-el-noviazgo-con-mauro-icardi\\\/#primaryimage\"},\"thumbnailUrl\":\"https:\\\/\\\/cuartetoenlaweb.com.ar\\\/sitio\\\/wp-content\\\/uploads\\\/2025\\\/11\\\/China-Suarez-Icardi-casamiento-359x226-3.jpg\",\"datePublished\":\"2025-11-15T04:01:13+00:00\",\"breadcrumb\":{\"@id\":\"https:\\\/\\\/cuartetoenlaweb.com.ar\\\/sitio\\\/dan-las-fechas-la-china-suarez-revelo-cuando-empezo-el-noviazgo-con-mauro-icardi\\\/#breadcrumb\"},\"inLanguage\":\"es\",\"potentialAction\":[{\"@type\":\"ReadAction\",\"target\":[\"https:\\\/\\\/cuartetoenlaweb.com.ar\\\/sitio\\\/dan-las-fechas-la-china-suarez-revelo-cuando-empezo-el-noviazgo-con-mauro-icardi\\\/\"]}]},{\"@type\":\"ImageObject\",\"inLanguage\":\"es\",\"@id\":\"https:\\\/\\\/cuartetoenlaweb.com.ar\\\/sitio\\\/dan-las-fechas-la-china-suarez-revelo-cuando-empezo-el-noviazgo-con-mauro-icardi\\\/#primaryimage\",\"url\":\"https:\\\/\\\/cuartetoenlaweb.com.ar\\\/sitio\\\/wp-content\\\/uploads\\\/2025\\\/11\\\/China-Suarez-Icardi-casamiento-359x226-3.jpg\",\"contentUrl\":\"https:\\\/\\\/cuartetoenlaweb.com.ar\\\/sitio\\\/wp-content\\\/uploads\\\/2025\\\/11\\\/China-Suarez-Icardi-casamiento-359x226-3.jpg\",\"width\":359,\"height\":226},{\"@type\":\"BreadcrumbList\",\"@id\":\"https:\\\/\\\/cuartetoenlaweb.com.ar\\\/sitio\\\/dan-las-fechas-la-china-suarez-revelo-cuando-empezo-el-noviazgo-con-mauro-icardi\\\/#breadcrumb\",\"itemListElement\":[{\"@type\":\"ListItem\",\"position\":1,\"name\":\"Portada\",\"item\":\"http:\\\/\\\/cuartetoenlaweb.com.ar\\\/sitio\\\/\"},{\"@type\":\"ListItem\",\"position\":2,\"name\":\"\u00bfDan las fechas? La China Su\u00e1rez revel\u00f3 cu\u00e1ndo empez\u00f3 el noviazgo con Mauro Icardi\"}]},{\"@type\":\"WebSite\",\"@id\":\"http:\\\/\\\/cuartetoenlaweb.com.ar\\\/sitio\\\/#website\",\"url\":\"http:\\\/\\\/cuartetoenlaweb.com.ar\\\/sitio\\\/\",\"name\":\"Cuarteto en la Web\",\"description\":\"\",\"publisher\":{\"@id\":\"http:\\\/\\\/cuartetoenlaweb.com.ar\\\/sitio\\\/#organization\"},\"potentialAction\":[{\"@type\":\"SearchAction\",\"target\":{\"@type\":\"EntryPoint\",\"urlTemplate\":\"http:\\\/\\\/cuartetoenlaweb.com.ar\\\/sitio\\\/?s={search_term_string}\"},\"query-input\":{\"@type\":\"PropertyValueSpecification\",\"valueRequired\":true,\"valueName\":\"search_term_string\"}}],\"inLanguage\":\"es\"},{\"@type\":\"Organization\",\"@id\":\"http:\\\/\\\/cuartetoenlaweb.com.ar\\\/sitio\\\/#organization\",\"name\":\"Cuarteto en la Web\",\"url\":\"http:\\\/\\\/cuartetoenlaweb.com.ar\\\/sitio\\\/\",\"logo\":{\"@type\":\"ImageObject\",\"inLanguage\":\"es\",\"@id\":\"http:\\\/\\\/cuartetoenlaweb.com.ar\\\/sitio\\\/#\\\/schema\\\/logo\\\/image\\\/\",\"url\":\"https:\\\/\\\/cuartetoenlaweb.com.ar\\\/sitio\\\/wp-content\\\/uploads\\\/2025\\\/07\\\/cropped-cropped-logitoweb21.png\",\"contentUrl\":\"https:\\\/\\\/cuartetoenlaweb.com.ar\\\/sitio\\\/wp-content\\\/uploads\\\/2025\\\/07\\\/cropped-cropped-logitoweb21.png\",\"width\":199,\"height\":199,\"caption\":\"Cuarteto en la Web\"},\"image\":{\"@id\":\"http:\\\/\\\/cuartetoenlaweb.com.ar\\\/sitio\\\/#\\\/schema\\\/logo\\\/image\\\/\"}}]}<\/script>\n<!-- \/ Yoast SEO plugin. -->","yoast_head_json":{"title":"\u00bfDan las fechas? La China Su\u00e1rez revel\u00f3 cu\u00e1ndo empez\u00f3 el noviazgo con Mauro Icardi - Cuarteto en la Web","robots":{"index":"index","follow":"follow","max-snippet":"max-snippet:-1","max-image-preview":"max-image-preview:large","max-video-preview":"max-video-preview:-1"},"canonical":"https:\/\/cuartetoenlaweb.com.ar\/sitio\/dan-las-fechas-la-china-suarez-revelo-cuando-empezo-el-noviazgo-con-mauro-icardi\/","og_locale":"es_ES","og_type":"article","og_title":"\u00bfDan las fechas? La China Su\u00e1rez revel\u00f3 cu\u00e1ndo empez\u00f3 el noviazgo con Mauro Icardi - Cuarteto en la Web","og_description":"Una tarde \u00e1lgida, repleta de situaciones escabrosas, con las sirenas","og_url":"https:\/\/cuartetoenlaweb.com.ar\/sitio\/dan-las-fechas-la-china-suarez-revelo-cuando-empezo-el-noviazgo-con-mauro-icardi\/","og_site_name":"Cuarteto en la Web","article_published_time":"2025-11-15T04:01:13+00:00","og_image":[{"width":359,"height":226,"url":"https:\/\/cuartetoenlaweb.com.ar\/sitio\/wp-content\/uploads\/2025\/11\/China-Suarez-Icardi-casamiento-359x226-3.jpg","type":"image\/jpeg"}],"twitter_card":"summary_large_image","twitter_misc":{"Tiempo de lectura":"2 minutos"},"schema":{"@context":"https:\/\/schema.org","@graph":[{"@type":"Article","@id":"https:\/\/cuartetoenlaweb.com.ar\/sitio\/dan-las-fechas-la-china-suarez-revelo-cuando-empezo-el-noviazgo-con-mauro-icardi\/#article","isPartOf":{"@id":"https:\/\/cuartetoenlaweb.com.ar\/sitio\/dan-las-fechas-la-china-suarez-revelo-cuando-empezo-el-noviazgo-con-mauro-icardi\/"},"author":{"name":"","@id":""},"headline":"\u00bfDan las fechas? La China Su\u00e1rez revel\u00f3 cu\u00e1ndo empez\u00f3 el noviazgo con Mauro Icardi","datePublished":"2025-11-15T04:01:13+00:00","mainEntityOfPage":{"@id":"https:\/\/cuartetoenlaweb.com.ar\/sitio\/dan-las-fechas-la-china-suarez-revelo-cuando-empezo-el-noviazgo-con-mauro-icardi\/"},"wordCount":466,"publisher":{"@id":"http:\/\/cuartetoenlaweb.com.ar\/sitio\/#organization"},"image":{"@id":"https:\/\/cuartetoenlaweb.com.ar\/sitio\/dan-las-fechas-la-china-suarez-revelo-cuando-empezo-el-noviazgo-con-mauro-icardi\/#primaryimage"},"thumbnailUrl":"https:\/\/cuartetoenlaweb.com.ar\/sitio\/wp-content\/uploads\/2025\/11\/China-Suarez-Icardi-casamiento-359x226-3.jpg","articleSection":["ESPECT\u00c1CULO"],"inLanguage":"es"},{"@type":"WebPage","@id":"https:\/\/cuartetoenlaweb.com.ar\/sitio\/dan-las-fechas-la-china-suarez-revelo-cuando-empezo-el-noviazgo-con-mauro-icardi\/","url":"https:\/\/cuartetoenlaweb.com.ar\/sitio\/dan-las-fechas-la-china-suarez-revelo-cuando-empezo-el-noviazgo-con-mauro-icardi\/","name":"\u00bfDan las fechas? La China Su\u00e1rez revel\u00f3 cu\u00e1ndo empez\u00f3 el noviazgo con Mauro Icardi - Cuarteto en la Web","isPartOf":{"@id":"http:\/\/cuartetoenlaweb.com.ar\/sitio\/#website"},"primaryImageOfPage":{"@id":"https:\/\/cuartetoenlaweb.com.ar\/sitio\/dan-las-fechas-la-china-suarez-revelo-cuando-empezo-el-noviazgo-con-mauro-icardi\/#primaryimage"},"image":{"@id":"https:\/\/cuartetoenlaweb.com.ar\/sitio\/dan-las-fechas-la-china-suarez-revelo-cuando-empezo-el-noviazgo-con-mauro-icardi\/#primaryimage"},"thumbnailUrl":"https:\/\/cuartetoenlaweb.com.ar\/sitio\/wp-content\/uploads\/2025\/11\/China-Suarez-Icardi-casamiento-359x226-3.jpg","datePublished":"2025-11-15T04:01:13+00:00","breadcrumb":{"@id":"https:\/\/cuartetoenlaweb.com.ar\/sitio\/dan-las-fechas-la-china-suarez-revelo-cuando-empezo-el-noviazgo-con-mauro-icardi\/#breadcrumb"},"inLanguage":"es","potentialAction":[{"@type":"ReadAction","target":["https:\/\/cuartetoenlaweb.com.ar\/sitio\/dan-las-fechas-la-china-suarez-revelo-cuando-empezo-el-noviazgo-con-mauro-icardi\/"]}]},{"@type":"ImageObject","inLanguage":"es","@id":"https:\/\/cuartetoenlaweb.com.ar\/sitio\/dan-las-fechas-la-china-suarez-revelo-cuando-empezo-el-noviazgo-con-mauro-icardi\/#primaryimage","url":"https:\/\/cuartetoenlaweb.com.ar\/sitio\/wp-content\/uploads\/2025\/11\/China-Suarez-Icardi-casamiento-359x226-3.jpg","contentUrl":"https:\/\/cuartetoenlaweb.com.ar\/sitio\/wp-content\/uploads\/2025\/11\/China-Suarez-Icardi-casamiento-359x226-3.jpg","width":359,"height":226},{"@type":"BreadcrumbList","@id":"https:\/\/cuartetoenlaweb.com.ar\/sitio\/dan-las-fechas-la-china-suarez-revelo-cuando-empezo-el-noviazgo-con-mauro-icardi\/#breadcrumb","itemListElement":[{"@type":"ListItem","position":1,"name":"Portada","item":"http:\/\/cuartetoenlaweb.com.ar\/sitio\/"},{"@type":"ListItem","position":2,"name":"\u00bfDan las fechas? La China Su\u00e1rez revel\u00f3 cu\u00e1ndo empez\u00f3 el noviazgo con Mauro Icardi"}]},{"@type":"WebSite","@id":"http:\/\/cuartetoenlaweb.com.ar\/sitio\/#website","url":"http:\/\/cuartetoenlaweb.com.ar\/sitio\/","name":"Cuarteto en la Web","description":"","publisher":{"@id":"http:\/\/cuartetoenlaweb.com.ar\/sitio\/#organization"},"potentialAction":[{"@type":"SearchAction","target":{"@type":"EntryPoint","urlTemplate":"http:\/\/cuartetoenlaweb.com.ar\/sitio\/?s={search_term_string}"},"query-input":{"@type":"PropertyValueSpecification","valueRequired":true,"valueName":"search_term_string"}}],"inLanguage":"es"},{"@type":"Organization","@id":"http:\/\/cuartetoenlaweb.com.ar\/sitio\/#organization","name":"Cuarteto en la Web","url":"http:\/\/cuartetoenlaweb.com.ar\/sitio\/","logo":{"@type":"ImageObject","inLanguage":"es","@id":"http:\/\/cuartetoenlaweb.com.ar\/sitio\/#\/schema\/logo\/image\/","url":"https:\/\/cuartetoenlaweb.com.ar\/sitio\/wp-content\/uploads\/2025\/07\/cropped-cropped-logitoweb21.png","contentUrl":"https:\/\/cuartetoenlaweb.com.ar\/sitio\/wp-content\/uploads\/2025\/07\/cropped-cropped-logitoweb21.png","width":199,"height":199,"caption":"Cuarteto en la Web"},"image":{"@id":"http:\/\/cuartetoenlaweb.com.ar\/sitio\/#\/schema\/logo\/image\/"}}]}},"_links":{"self":[{"href":"https:\/\/cuartetoenlaweb.com.ar\/sitio\/wp-json\/wp\/v2\/posts\/4309","targetHints":{"allow":["GET"]}}],"collection":[{"href":"https:\/\/cuartetoenlaweb.com.ar\/sitio\/wp-json\/wp\/v2\/posts"}],"about":[{"href":"https:\/\/cuartetoenlaweb.com.ar\/sitio\/wp-json\/wp\/v2\/types\/post"}],"replies":[{"embeddable":true,"href":"https:\/\/cuartetoenlaweb.com.ar\/sitio\/wp-json\/wp\/v2\/comments?post=4309"}],"version-history":[{"count":0,"href":"https:\/\/cuartetoenlaweb.com.ar\/sitio\/wp-json\/wp\/v2\/posts\/4309\/revisions"}],"wp:featuredmedia":[{"embeddable":true,"href":"https:\/\/cuartetoenlaweb.com.ar\/sitio\/wp-json\/wp\/v2\/media\/4310"}],"wp:attachment":[{"href":"https:\/\/cuartetoenlaweb.com.ar\/sitio\/wp-json\/wp\/v2\/media?parent=4309"}],"wp:term":[{"taxonomy":"category","embeddable":true,"href":"https:\/\/cuartetoenlaweb.com.ar\/sitio\/wp-json\/wp\/v2\/categories?post=4309"},{"taxonomy":"post_tag","embeddable":true,"href":"https:\/\/cuartetoenlaweb.com.ar\/sitio\/wp-json\/wp\/v2\/tags?post=4309"}],"curies":[{"name":"wp","href":"https:\/\/api.w.org\/{rel}","templated":true}]}}