
{"id":19620,"date":"2026-05-02T06:00:45","date_gmt":"2026-05-02T09:00:45","guid":{"rendered":"https:\/\/cuartetoenlaweb.com.ar\/sitio\/entro-en-vigor-el-mayor-acuerdo-comercial-mercosur-union-europea\/"},"modified":"2026-05-02T06:00:45","modified_gmt":"2026-05-02T09:00:45","slug":"entro-en-vigor-el-mayor-acuerdo-comercial-mercosur-union-europea","status":"publish","type":"post","link":"https:\/\/cuartetoenlaweb.com.ar\/sitio\/entro-en-vigor-el-mayor-acuerdo-comercial-mercosur-union-europea\/","title":{"rendered":"Entr\u00f3 en vigor el mayor acuerdo comercial: Mercosur-Uni\u00f3n Europea"},"content":{"rendered":"<p>El Tratado de Libre Comercio entre el Mercosur y la Uni\u00f3n Europea entr\u00f3 en vigencia ayer, lo que supone la creaci\u00f3n de un mercado de 700 millones de personas en el que se liberalizan m\u00e1s del 90 por ciento de los aranceles actuales, incluso algunos de forma inmediata a partir del 1 de mayo.<\/p>\n<p>Debido a que algunos pasos formales a\u00fan restan cumplirse, el convenio se inicia de manera provisoria con la implementaci\u00f3n de la parte comercial, mientras que los temas institucionales y de cooperaci\u00f3n quedan para una segunda etapa cuando se completen los tr\u00e1mites que faltan.<\/p>\n<p>Al amparo de quejas de Espa\u00f1a y Francia especialmente por el tema agr\u00edcola, en Europa a\u00fan se discuten algunos aspectos legales del acuerdo y resta la aprobaci\u00f3n parlamentaria en cada uno de esos pa\u00edses, mientras que el bloque Mercosur ya cumpli\u00f3 con ese paso.<\/p>\n<p>El inicio de esta nueva etapa tambi\u00e9n tiene un fuerte componente geopol\u00edtico, ya que es un l\u00edmite a la expansi\u00f3n de China, en especial en suelo americano.<\/p>\n<p>En Sudam\u00e9rica<\/p>\n<p>De esta manera, comienza un gradual desmantelamiento arancelario para m\u00e1s del 90% del comercio bilateral. Esta reducci\u00f3n no es homog\u00e9nea, sino que cada sector tiene reg\u00edmenes diferentes que, en algunos casos, alcanzan hasta los 15 a\u00f1os, como en el caso de la industria automotriz.<\/p>\n<p>El convenio establece cuotas arancelarias colectivas para el Mercosur entre los que se destacan: carnes bovinas, aviares y porcinas, arroz, ma\u00edz, sorgo, miel, quesos, leche en polvo, etanol y ovoproductos. Adem\u00e1s, el 80% de las exportaciones industriales comenzar\u00e1n a tener un arancel de entrada de cero por ciento.<\/p>\n<p>Los beneficios directos lo recibir\u00e1n productos como el aceite de soja para uso industrial, el aceite de girasol y productos pesqueros.<\/p>\n<p>En carnes y granos no habr\u00e1 aranceles cero para todo el volumen que se exporte sino cuotas con arancel preferencial, a la vez que en carne vacuna habr\u00e1 una cuota 99.000 toneladas (con un arancel del 7.5%). Para Argentina, esto es vital ya que la Cuota Hilton (carne de alta calidad) pasa a tener arancel 0% inmediatamente.<\/p>\n<p>En carne aviar se estableci\u00f3 un cupo de 180.000 toneladas para el bloque, con eliminaci\u00f3n total de aranceles repartida en un plazo de 5 a\u00f1os, mientras que en arroz, el cupo con arancel cero es de 60.000 toneladas, a implementarse gradualmente en 5 a\u00f1os y en miel, el cupo con arancel cero es para 45.000 toneladas; entre otros sectores que ya empezar\u00e1n a gozar de estos beneficios.<\/p>\n<p>En Europa<\/p>\n<p>Bruselas calcula que el acuerdo permitir\u00e1 aumentar las exportaciones anuales europeas a los pa\u00edses de Mercosur un 39 % en 2040, hasta los 50.000 millones de euros.<\/p>\n<p>La UE ha pactado medidas de salvaguarda para proteger a los agricultores europeos de posibles perjuicios que pueda ocasionarles la entrada en vigor del pacto, con la posibilidad de suspender temporalmente las preferencias arancelarias a productos agroalimentarios como la carne de vacuno, de pollo, el az\u00facar, los huevos o los c\u00edtricos.<\/p><\/p>\n","protected":false},"excerpt":{"rendered":"<p>El Tratado de Libre Comercio entre el Mercosur y la<\/p>\n","protected":false},"author":0,"featured_media":19621,"comment_status":"","ping_status":"","sticky":false,"template":"","format":"standard","meta":{"footnotes":""},"categories":[65],"tags":[],"class_list":["post-19620","post","type-post","status-publish","format-standard","has-post-thumbnail","hentry","category-pais"],"yoast_head":"<!-- This site is optimized with the Yoast SEO plugin v27.5 - https:\/\/yoast.com\/product\/yoast-seo-wordpress\/ -->\n<title>Entr\u00f3 en vigor el mayor acuerdo comercial: Mercosur-Uni\u00f3n Europea - Cuarteto en la Web<\/title>\n<meta name=\"robots\" content=\"index, follow, max-snippet:-1, max-image-preview:large, max-video-preview:-1\" \/>\n<link rel=\"canonical\" href=\"https:\/\/cuartetoenlaweb.com.ar\/sitio\/entro-en-vigor-el-mayor-acuerdo-comercial-mercosur-union-europea\/\" \/>\n<meta property=\"og:locale\" content=\"es_ES\" \/>\n<meta property=\"og:type\" content=\"article\" \/>\n<meta property=\"og:title\" content=\"Entr\u00f3 en vigor el mayor acuerdo comercial: Mercosur-Uni\u00f3n Europea - Cuarteto en la Web\" \/>\n<meta property=\"og:description\" content=\"El Tratado de Libre Comercio entre el Mercosur y la\" \/>\n<meta property=\"og:url\" content=\"https:\/\/cuartetoenlaweb.com.ar\/sitio\/entro-en-vigor-el-mayor-acuerdo-comercial-mercosur-union-europea\/\" \/>\n<meta property=\"og:site_name\" content=\"Cuarteto en la Web\" \/>\n<meta property=\"article:published_time\" content=\"2026-05-02T09:00:45+00:00\" \/>\n<meta property=\"og:image\" content=\"http:\/\/cuartetoenlaweb.com.ar\/sitio\/wp-content\/uploads\/2026\/05\/portadax-17.png\" \/>\n\t<meta property=\"og:image:width\" content=\"1366\" \/>\n\t<meta property=\"og:image:height\" content=\"768\" \/>\n\t<meta property=\"og:image:type\" content=\"image\/png\" \/>\n<meta name=\"twitter:card\" content=\"summary_large_image\" \/>\n<meta name=\"twitter:label1\" content=\"Tiempo de lectura\" \/>\n\t<meta name=\"twitter:data1\" content=\"3 minutos\" \/>\n<script type=\"application\/ld+json\" class=\"yoast-schema-graph\">{\"@context\":\"https:\\\/\\\/schema.org\",\"@graph\":[{\"@type\":\"Article\",\"@id\":\"https:\\\/\\\/cuartetoenlaweb.com.ar\\\/sitio\\\/entro-en-vigor-el-mayor-acuerdo-comercial-mercosur-union-europea\\\/#article\",\"isPartOf\":{\"@id\":\"https:\\\/\\\/cuartetoenlaweb.com.ar\\\/sitio\\\/entro-en-vigor-el-mayor-acuerdo-comercial-mercosur-union-europea\\\/\"},\"author\":{\"name\":\"\",\"@id\":\"\"},\"headline\":\"Entr\u00f3 en vigor el mayor acuerdo comercial: Mercosur-Uni\u00f3n Europea\",\"datePublished\":\"2026-05-02T09:00:45+00:00\",\"mainEntityOfPage\":{\"@id\":\"https:\\\/\\\/cuartetoenlaweb.com.ar\\\/sitio\\\/entro-en-vigor-el-mayor-acuerdo-comercial-mercosur-union-europea\\\/\"},\"wordCount\":510,\"publisher\":{\"@id\":\"https:\\\/\\\/cuartetoenlaweb.com.ar\\\/sitio\\\/#organization\"},\"image\":{\"@id\":\"https:\\\/\\\/cuartetoenlaweb.com.ar\\\/sitio\\\/entro-en-vigor-el-mayor-acuerdo-comercial-mercosur-union-europea\\\/#primaryimage\"},\"thumbnailUrl\":\"https:\\\/\\\/cuartetoenlaweb.com.ar\\\/sitio\\\/wp-content\\\/uploads\\\/2026\\\/05\\\/portadax-17.png\",\"articleSection\":[\"PAIS\"],\"inLanguage\":\"es\"},{\"@type\":\"WebPage\",\"@id\":\"https:\\\/\\\/cuartetoenlaweb.com.ar\\\/sitio\\\/entro-en-vigor-el-mayor-acuerdo-comercial-mercosur-union-europea\\\/\",\"url\":\"https:\\\/\\\/cuartetoenlaweb.com.ar\\\/sitio\\\/entro-en-vigor-el-mayor-acuerdo-comercial-mercosur-union-europea\\\/\",\"name\":\"Entr\u00f3 en vigor el mayor acuerdo comercial: Mercosur-Uni\u00f3n Europea - Cuarteto en la Web\",\"isPartOf\":{\"@id\":\"https:\\\/\\\/cuartetoenlaweb.com.ar\\\/sitio\\\/#website\"},\"primaryImageOfPage\":{\"@id\":\"https:\\\/\\\/cuartetoenlaweb.com.ar\\\/sitio\\\/entro-en-vigor-el-mayor-acuerdo-comercial-mercosur-union-europea\\\/#primaryimage\"},\"image\":{\"@id\":\"https:\\\/\\\/cuartetoenlaweb.com.ar\\\/sitio\\\/entro-en-vigor-el-mayor-acuerdo-comercial-mercosur-union-europea\\\/#primaryimage\"},\"thumbnailUrl\":\"https:\\\/\\\/cuartetoenlaweb.com.ar\\\/sitio\\\/wp-content\\\/uploads\\\/2026\\\/05\\\/portadax-17.png\",\"datePublished\":\"2026-05-02T09:00:45+00:00\",\"breadcrumb\":{\"@id\":\"https:\\\/\\\/cuartetoenlaweb.com.ar\\\/sitio\\\/entro-en-vigor-el-mayor-acuerdo-comercial-mercosur-union-europea\\\/#breadcrumb\"},\"inLanguage\":\"es\",\"potentialAction\":[{\"@type\":\"ReadAction\",\"target\":[\"https:\\\/\\\/cuartetoenlaweb.com.ar\\\/sitio\\\/entro-en-vigor-el-mayor-acuerdo-comercial-mercosur-union-europea\\\/\"]}]},{\"@type\":\"ImageObject\",\"inLanguage\":\"es\",\"@id\":\"https:\\\/\\\/cuartetoenlaweb.com.ar\\\/sitio\\\/entro-en-vigor-el-mayor-acuerdo-comercial-mercosur-union-europea\\\/#primaryimage\",\"url\":\"https:\\\/\\\/cuartetoenlaweb.com.ar\\\/sitio\\\/wp-content\\\/uploads\\\/2026\\\/05\\\/portadax-17.png\",\"contentUrl\":\"https:\\\/\\\/cuartetoenlaweb.com.ar\\\/sitio\\\/wp-content\\\/uploads\\\/2026\\\/05\\\/portadax-17.png\",\"width\":1366,\"height\":768},{\"@type\":\"BreadcrumbList\",\"@id\":\"https:\\\/\\\/cuartetoenlaweb.com.ar\\\/sitio\\\/entro-en-vigor-el-mayor-acuerdo-comercial-mercosur-union-europea\\\/#breadcrumb\",\"itemListElement\":[{\"@type\":\"ListItem\",\"position\":1,\"name\":\"Portada\",\"item\":\"https:\\\/\\\/cuartetoenlaweb.com.ar\\\/sitio\\\/\"},{\"@type\":\"ListItem\",\"position\":2,\"name\":\"Entr\u00f3 en vigor el mayor acuerdo comercial: Mercosur-Uni\u00f3n Europea\"}]},{\"@type\":\"WebSite\",\"@id\":\"https:\\\/\\\/cuartetoenlaweb.com.ar\\\/sitio\\\/#website\",\"url\":\"https:\\\/\\\/cuartetoenlaweb.com.ar\\\/sitio\\\/\",\"name\":\"Cuarteto en la Web\",\"description\":\"\",\"publisher\":{\"@id\":\"https:\\\/\\\/cuartetoenlaweb.com.ar\\\/sitio\\\/#organization\"},\"potentialAction\":[{\"@type\":\"SearchAction\",\"target\":{\"@type\":\"EntryPoint\",\"urlTemplate\":\"https:\\\/\\\/cuartetoenlaweb.com.ar\\\/sitio\\\/?s={search_term_string}\"},\"query-input\":{\"@type\":\"PropertyValueSpecification\",\"valueRequired\":true,\"valueName\":\"search_term_string\"}}],\"inLanguage\":\"es\"},{\"@type\":\"Organization\",\"@id\":\"https:\\\/\\\/cuartetoenlaweb.com.ar\\\/sitio\\\/#organization\",\"name\":\"Cuarteto en la Web\",\"url\":\"https:\\\/\\\/cuartetoenlaweb.com.ar\\\/sitio\\\/\",\"logo\":{\"@type\":\"ImageObject\",\"inLanguage\":\"es\",\"@id\":\"https:\\\/\\\/cuartetoenlaweb.com.ar\\\/sitio\\\/#\\\/schema\\\/logo\\\/image\\\/\",\"url\":\"https:\\\/\\\/cuartetoenlaweb.com.ar\\\/sitio\\\/wp-content\\\/uploads\\\/2025\\\/07\\\/cropped-cropped-logitoweb21.png\",\"contentUrl\":\"https:\\\/\\\/cuartetoenlaweb.com.ar\\\/sitio\\\/wp-content\\\/uploads\\\/2025\\\/07\\\/cropped-cropped-logitoweb21.png\",\"width\":199,\"height\":199,\"caption\":\"Cuarteto en la Web\"},\"image\":{\"@id\":\"https:\\\/\\\/cuartetoenlaweb.com.ar\\\/sitio\\\/#\\\/schema\\\/logo\\\/image\\\/\"}}]}<\/script>\n<!-- \/ Yoast SEO plugin. -->","yoast_head_json":{"title":"Entr\u00f3 en vigor el mayor acuerdo comercial: Mercosur-Uni\u00f3n Europea - Cuarteto en la Web","robots":{"index":"index","follow":"follow","max-snippet":"max-snippet:-1","max-image-preview":"max-image-preview:large","max-video-preview":"max-video-preview:-1"},"canonical":"https:\/\/cuartetoenlaweb.com.ar\/sitio\/entro-en-vigor-el-mayor-acuerdo-comercial-mercosur-union-europea\/","og_locale":"es_ES","og_type":"article","og_title":"Entr\u00f3 en vigor el mayor acuerdo comercial: Mercosur-Uni\u00f3n Europea - Cuarteto en la Web","og_description":"El Tratado de Libre Comercio entre el Mercosur y la","og_url":"https:\/\/cuartetoenlaweb.com.ar\/sitio\/entro-en-vigor-el-mayor-acuerdo-comercial-mercosur-union-europea\/","og_site_name":"Cuarteto en la Web","article_published_time":"2026-05-02T09:00:45+00:00","og_image":[{"width":1366,"height":768,"url":"http:\/\/cuartetoenlaweb.com.ar\/sitio\/wp-content\/uploads\/2026\/05\/portadax-17.png","type":"image\/png"}],"twitter_card":"summary_large_image","twitter_misc":{"Tiempo de lectura":"3 minutos"},"schema":{"@context":"https:\/\/schema.org","@graph":[{"@type":"Article","@id":"https:\/\/cuartetoenlaweb.com.ar\/sitio\/entro-en-vigor-el-mayor-acuerdo-comercial-mercosur-union-europea\/#article","isPartOf":{"@id":"https:\/\/cuartetoenlaweb.com.ar\/sitio\/entro-en-vigor-el-mayor-acuerdo-comercial-mercosur-union-europea\/"},"author":{"name":"","@id":""},"headline":"Entr\u00f3 en vigor el mayor acuerdo comercial: Mercosur-Uni\u00f3n Europea","datePublished":"2026-05-02T09:00:45+00:00","mainEntityOfPage":{"@id":"https:\/\/cuartetoenlaweb.com.ar\/sitio\/entro-en-vigor-el-mayor-acuerdo-comercial-mercosur-union-europea\/"},"wordCount":510,"publisher":{"@id":"https:\/\/cuartetoenlaweb.com.ar\/sitio\/#organization"},"image":{"@id":"https:\/\/cuartetoenlaweb.com.ar\/sitio\/entro-en-vigor-el-mayor-acuerdo-comercial-mercosur-union-europea\/#primaryimage"},"thumbnailUrl":"https:\/\/cuartetoenlaweb.com.ar\/sitio\/wp-content\/uploads\/2026\/05\/portadax-17.png","articleSection":["PAIS"],"inLanguage":"es"},{"@type":"WebPage","@id":"https:\/\/cuartetoenlaweb.com.ar\/sitio\/entro-en-vigor-el-mayor-acuerdo-comercial-mercosur-union-europea\/","url":"https:\/\/cuartetoenlaweb.com.ar\/sitio\/entro-en-vigor-el-mayor-acuerdo-comercial-mercosur-union-europea\/","name":"Entr\u00f3 en vigor el mayor acuerdo comercial: Mercosur-Uni\u00f3n Europea - Cuarteto en la Web","isPartOf":{"@id":"https:\/\/cuartetoenlaweb.com.ar\/sitio\/#website"},"primaryImageOfPage":{"@id":"https:\/\/cuartetoenlaweb.com.ar\/sitio\/entro-en-vigor-el-mayor-acuerdo-comercial-mercosur-union-europea\/#primaryimage"},"image":{"@id":"https:\/\/cuartetoenlaweb.com.ar\/sitio\/entro-en-vigor-el-mayor-acuerdo-comercial-mercosur-union-europea\/#primaryimage"},"thumbnailUrl":"https:\/\/cuartetoenlaweb.com.ar\/sitio\/wp-content\/uploads\/2026\/05\/portadax-17.png","datePublished":"2026-05-02T09:00:45+00:00","breadcrumb":{"@id":"https:\/\/cuartetoenlaweb.com.ar\/sitio\/entro-en-vigor-el-mayor-acuerdo-comercial-mercosur-union-europea\/#breadcrumb"},"inLanguage":"es","potentialAction":[{"@type":"ReadAction","target":["https:\/\/cuartetoenlaweb.com.ar\/sitio\/entro-en-vigor-el-mayor-acuerdo-comercial-mercosur-union-europea\/"]}]},{"@type":"ImageObject","inLanguage":"es","@id":"https:\/\/cuartetoenlaweb.com.ar\/sitio\/entro-en-vigor-el-mayor-acuerdo-comercial-mercosur-union-europea\/#primaryimage","url":"https:\/\/cuartetoenlaweb.com.ar\/sitio\/wp-content\/uploads\/2026\/05\/portadax-17.png","contentUrl":"https:\/\/cuartetoenlaweb.com.ar\/sitio\/wp-content\/uploads\/2026\/05\/portadax-17.png","width":1366,"height":768},{"@type":"BreadcrumbList","@id":"https:\/\/cuartetoenlaweb.com.ar\/sitio\/entro-en-vigor-el-mayor-acuerdo-comercial-mercosur-union-europea\/#breadcrumb","itemListElement":[{"@type":"ListItem","position":1,"name":"Portada","item":"https:\/\/cuartetoenlaweb.com.ar\/sitio\/"},{"@type":"ListItem","position":2,"name":"Entr\u00f3 en vigor el mayor acuerdo comercial: Mercosur-Uni\u00f3n Europea"}]},{"@type":"WebSite","@id":"https:\/\/cuartetoenlaweb.com.ar\/sitio\/#website","url":"https:\/\/cuartetoenlaweb.com.ar\/sitio\/","name":"Cuarteto en la Web","description":"","publisher":{"@id":"https:\/\/cuartetoenlaweb.com.ar\/sitio\/#organization"},"potentialAction":[{"@type":"SearchAction","target":{"@type":"EntryPoint","urlTemplate":"https:\/\/cuartetoenlaweb.com.ar\/sitio\/?s={search_term_string}"},"query-input":{"@type":"PropertyValueSpecification","valueRequired":true,"valueName":"search_term_string"}}],"inLanguage":"es"},{"@type":"Organization","@id":"https:\/\/cuartetoenlaweb.com.ar\/sitio\/#organization","name":"Cuarteto en la Web","url":"https:\/\/cuartetoenlaweb.com.ar\/sitio\/","logo":{"@type":"ImageObject","inLanguage":"es","@id":"https:\/\/cuartetoenlaweb.com.ar\/sitio\/#\/schema\/logo\/image\/","url":"https:\/\/cuartetoenlaweb.com.ar\/sitio\/wp-content\/uploads\/2025\/07\/cropped-cropped-logitoweb21.png","contentUrl":"https:\/\/cuartetoenlaweb.com.ar\/sitio\/wp-content\/uploads\/2025\/07\/cropped-cropped-logitoweb21.png","width":199,"height":199,"caption":"Cuarteto en la Web"},"image":{"@id":"https:\/\/cuartetoenlaweb.com.ar\/sitio\/#\/schema\/logo\/image\/"}}]}},"_links":{"self":[{"href":"https:\/\/cuartetoenlaweb.com.ar\/sitio\/wp-json\/wp\/v2\/posts\/19620","targetHints":{"allow":["GET"]}}],"collection":[{"href":"https:\/\/cuartetoenlaweb.com.ar\/sitio\/wp-json\/wp\/v2\/posts"}],"about":[{"href":"https:\/\/cuartetoenlaweb.com.ar\/sitio\/wp-json\/wp\/v2\/types\/post"}],"replies":[{"embeddable":true,"href":"https:\/\/cuartetoenlaweb.com.ar\/sitio\/wp-json\/wp\/v2\/comments?post=19620"}],"version-history":[{"count":0,"href":"https:\/\/cuartetoenlaweb.com.ar\/sitio\/wp-json\/wp\/v2\/posts\/19620\/revisions"}],"wp:featuredmedia":[{"embeddable":true,"href":"https:\/\/cuartetoenlaweb.com.ar\/sitio\/wp-json\/wp\/v2\/media\/19621"}],"wp:attachment":[{"href":"https:\/\/cuartetoenlaweb.com.ar\/sitio\/wp-json\/wp\/v2\/media?parent=19620"}],"wp:term":[{"taxonomy":"category","embeddable":true,"href":"https:\/\/cuartetoenlaweb.com.ar\/sitio\/wp-json\/wp\/v2\/categories?post=19620"},{"taxonomy":"post_tag","embeddable":true,"href":"https:\/\/cuartetoenlaweb.com.ar\/sitio\/wp-json\/wp\/v2\/tags?post=19620"}],"curies":[{"name":"wp","href":"https:\/\/api.w.org\/{rel}","templated":true}]}}