
{"id":19606,"date":"2026-05-02T06:00:21","date_gmt":"2026-05-02T09:00:21","guid":{"rendered":"https:\/\/cuartetoenlaweb.com.ar\/sitio\/la-respuesta-de-tailhade-a-milei-tras-la-amenaza-de-denunciarlo-por-una-investigacion-periodistica\/"},"modified":"2026-05-02T06:00:21","modified_gmt":"2026-05-02T09:00:21","slug":"la-respuesta-de-tailhade-a-milei-tras-la-amenaza-de-denunciarlo-por-una-investigacion-periodistica","status":"publish","type":"post","link":"https:\/\/cuartetoenlaweb.com.ar\/sitio\/la-respuesta-de-tailhade-a-milei-tras-la-amenaza-de-denunciarlo-por-una-investigacion-periodistica\/","title":{"rendered":"La respuesta de Tailhade a Milei tras la amenaza de denunciarlo por&#8230; \u00a1una investigaci\u00f3n period\u00edstica!"},"content":{"rendered":"<p>La exposici\u00f3n de Manuel Adorni en el Congreso del \u00faltimo mi\u00e9rcoles sigue generando el negacionismo y reacciones ins\u00f3litas del Gobierno Nacional. <\/p>\n<p>Este viernes, el jefe de Gabinete confirm\u00f3 que la gesti\u00f3n Milei denunciar\u00e1 al diputado kirchnerista Rodolfo Tailhade por haber difundido informaci\u00f3n sobre su familia en la C\u00e1mara de Diputados. Fue tras el cruce en redes entre el presidente y el legislador kirchnersita. <\/p>\n<p>Milei escribi\u00f3 en sus redes: \u201cMe gustar\u00eda saber qu\u00e9 opinan las basuras inmundas de Fopea sobre lo que ha hecho Tailhade a la luz de que muchos \u2018periodistas\u2019 se la pasan meti\u00e9ndose en la vida privada de las personas violando de modo flagrante la Constituci\u00f3n Nacional (A. 19)\u201d. \u201c\u00bfCreen estar por encima de la Constituci\u00f3n?\u201d. <\/p>\n<p>Tailhade, que ya hab\u00eda expresado en una nota que espera con \u201cimpaciencia\u201d esa presentaci\u00f3n judicial en su contra por supuesto espionaje ilegal, le contest\u00f3 fuerte a Milei:. <\/p>\n<p>\u201cNo necesito el apoyo de la infame FOPEA, pero gracias igual por reconocer que lo de la custodia ilegal de la esposa de Adorni fue una investigaci\u00f3n period\u00edstica y no espionaje\u00bb. <\/p>\n<p>\u201cNo tiene idea de c\u00f3mo le minti\u00f3 a su hermana cuando le dijo \u201cahora s\u00ed, no hay nada m\u00e1s\u201d. Hay mucho, mucho, MUCHO m\u00e1s que los 10 minutos que me dieron para hablar en el recinto. \u00bfAdorni le dijo, por ejemplo, de la \u201ccharla para empresarios\u201d a mil d\u00f3lares por cabeza? \u00bfQue la esposa le cont\u00f3 a medio mundo de la comitiva paralela en el viaje a Nueva York, donde no s\u00f3lo fue ella sino tambi\u00e9n SU FOT\u00d3GRAFO PERSONAL que adem\u00e1s es \u00f1oqui de la Secretar\u00eda de Comunicaci\u00f3n?\u201d <\/p>\n<p>\u201cS\u00e1quese para cuidarse, Presidente. Ya hizo un papel\u00f3n con Espert y ahora est\u00e1 repitiendo el mismo error. Y deje de boludear en X y p\u00f3ngase a trabajar, porque la situaci\u00f3n econ\u00f3mica de los laburantes y las familias argentinas es dram\u00e1tica\u201d. <\/p>\n<p>Y remat\u00f3: \u201cPD: Espero con impaciencia -no exenta de entusiasmo- la denuncia penal en mi contra por espionaje ilegal\u201d.<\/p>\n<p>\u00bfQU\u00c9 PAS\u00d3 DURANTE LA SESI\u00d3N ENTRE TAILHADE Y ADORNI?<\/p>\n<p>Rodolfo se\u00f1al\u00f3 el supuesto uso de agentes de la Polic\u00eda Federal como custodia de Bettina Angeletti, la esposa del funcionario, incluso en ocasiones cotidianas y de \u00edndole personal, con la menci\u00f3n a presuntas actividades y lugares que frecuenta. <\/p>\n<p>\u201cSu esposa tiene custodia policial desde que usted asumi\u00f3 la vocer\u00eda. La usa para ir a la manicura, a llevar a sus hijos al colegio o para ir a La Ferneter\u00eda, un bar de moda. Est\u00e1 claro que el jefe de Gabinete deber\u00eda informarnos, aun cuando tenga alg\u00fan aviso de judicializaci\u00f3n, por qu\u00e9 colm\u00f3 de privilegios a su esposa\u201d, cuestion\u00f3 el diputado. <\/p>\n<p>Y Adorni patale\u00f3: \u201cNo se me pasa por alto que un diputado acaba de detallar el itinerario diario de mi mujer, con un nivel de detalle sospechoso y con informaci\u00f3n que, en caso de que fuera cierta, ser\u00eda de dudosa procedencia\u201d.<\/p>\n","protected":false},"excerpt":{"rendered":"<p>La exposici\u00f3n de Manuel Adorni en el Congreso del \u00faltimo<\/p>\n","protected":false},"author":0,"featured_media":19607,"comment_status":"","ping_status":"","sticky":false,"template":"","format":"standard","meta":{"footnotes":""},"categories":[65],"tags":[],"class_list":["post-19606","post","type-post","status-publish","format-standard","has-post-thumbnail","hentry","category-pais"],"yoast_head":"<!-- This site is optimized with the Yoast SEO plugin v27.5 - https:\/\/yoast.com\/product\/yoast-seo-wordpress\/ -->\n<title>La respuesta de Tailhade a Milei tras la amenaza de denunciarlo por... \u00a1una investigaci\u00f3n period\u00edstica! - Cuarteto en la Web<\/title>\n<meta name=\"robots\" content=\"index, follow, max-snippet:-1, max-image-preview:large, max-video-preview:-1\" \/>\n<link rel=\"canonical\" href=\"https:\/\/cuartetoenlaweb.com.ar\/sitio\/la-respuesta-de-tailhade-a-milei-tras-la-amenaza-de-denunciarlo-por-una-investigacion-periodistica\/\" \/>\n<meta property=\"og:locale\" content=\"es_ES\" \/>\n<meta property=\"og:type\" content=\"article\" \/>\n<meta property=\"og:title\" content=\"La respuesta de Tailhade a Milei tras la amenaza de denunciarlo por... \u00a1una investigaci\u00f3n period\u00edstica! - Cuarteto en la Web\" \/>\n<meta property=\"og:description\" content=\"La exposici\u00f3n de Manuel Adorni en el Congreso del \u00faltimo\" \/>\n<meta property=\"og:url\" content=\"https:\/\/cuartetoenlaweb.com.ar\/sitio\/la-respuesta-de-tailhade-a-milei-tras-la-amenaza-de-denunciarlo-por-una-investigacion-periodistica\/\" \/>\n<meta property=\"og:site_name\" content=\"Cuarteto en la Web\" \/>\n<meta property=\"article:published_time\" content=\"2026-05-02T09:00:21+00:00\" \/>\n<meta property=\"og:image\" content=\"http:\/\/cuartetoenlaweb.com.ar\/sitio\/wp-content\/uploads\/2026\/05\/720-23.jpeg\" \/>\n\t<meta property=\"og:image:width\" content=\"1280\" \/>\n\t<meta property=\"og:image:height\" content=\"548\" \/>\n\t<meta property=\"og:image:type\" content=\"image\/jpeg\" \/>\n<meta name=\"twitter:card\" content=\"summary_large_image\" \/>\n<meta name=\"twitter:label1\" content=\"Tiempo de lectura\" \/>\n\t<meta name=\"twitter:data1\" content=\"3 minutos\" \/>\n<script type=\"application\/ld+json\" class=\"yoast-schema-graph\">{\"@context\":\"https:\\\/\\\/schema.org\",\"@graph\":[{\"@type\":\"Article\",\"@id\":\"https:\\\/\\\/cuartetoenlaweb.com.ar\\\/sitio\\\/la-respuesta-de-tailhade-a-milei-tras-la-amenaza-de-denunciarlo-por-una-investigacion-periodistica\\\/#article\",\"isPartOf\":{\"@id\":\"https:\\\/\\\/cuartetoenlaweb.com.ar\\\/sitio\\\/la-respuesta-de-tailhade-a-milei-tras-la-amenaza-de-denunciarlo-por-una-investigacion-periodistica\\\/\"},\"author\":{\"name\":\"\",\"@id\":\"\"},\"headline\":\"La respuesta de Tailhade a Milei tras la amenaza de denunciarlo por&#8230; \u00a1una investigaci\u00f3n period\u00edstica!\",\"datePublished\":\"2026-05-02T09:00:21+00:00\",\"mainEntityOfPage\":{\"@id\":\"https:\\\/\\\/cuartetoenlaweb.com.ar\\\/sitio\\\/la-respuesta-de-tailhade-a-milei-tras-la-amenaza-de-denunciarlo-por-una-investigacion-periodistica\\\/\"},\"wordCount\":529,\"publisher\":{\"@id\":\"https:\\\/\\\/cuartetoenlaweb.com.ar\\\/sitio\\\/#organization\"},\"image\":{\"@id\":\"https:\\\/\\\/cuartetoenlaweb.com.ar\\\/sitio\\\/la-respuesta-de-tailhade-a-milei-tras-la-amenaza-de-denunciarlo-por-una-investigacion-periodistica\\\/#primaryimage\"},\"thumbnailUrl\":\"https:\\\/\\\/cuartetoenlaweb.com.ar\\\/sitio\\\/wp-content\\\/uploads\\\/2026\\\/05\\\/720-23.jpeg\",\"articleSection\":[\"PAIS\"],\"inLanguage\":\"es\"},{\"@type\":\"WebPage\",\"@id\":\"https:\\\/\\\/cuartetoenlaweb.com.ar\\\/sitio\\\/la-respuesta-de-tailhade-a-milei-tras-la-amenaza-de-denunciarlo-por-una-investigacion-periodistica\\\/\",\"url\":\"https:\\\/\\\/cuartetoenlaweb.com.ar\\\/sitio\\\/la-respuesta-de-tailhade-a-milei-tras-la-amenaza-de-denunciarlo-por-una-investigacion-periodistica\\\/\",\"name\":\"La respuesta de Tailhade a Milei tras la amenaza de denunciarlo por... \u00a1una investigaci\u00f3n period\u00edstica! - Cuarteto en la Web\",\"isPartOf\":{\"@id\":\"https:\\\/\\\/cuartetoenlaweb.com.ar\\\/sitio\\\/#website\"},\"primaryImageOfPage\":{\"@id\":\"https:\\\/\\\/cuartetoenlaweb.com.ar\\\/sitio\\\/la-respuesta-de-tailhade-a-milei-tras-la-amenaza-de-denunciarlo-por-una-investigacion-periodistica\\\/#primaryimage\"},\"image\":{\"@id\":\"https:\\\/\\\/cuartetoenlaweb.com.ar\\\/sitio\\\/la-respuesta-de-tailhade-a-milei-tras-la-amenaza-de-denunciarlo-por-una-investigacion-periodistica\\\/#primaryimage\"},\"thumbnailUrl\":\"https:\\\/\\\/cuartetoenlaweb.com.ar\\\/sitio\\\/wp-content\\\/uploads\\\/2026\\\/05\\\/720-23.jpeg\",\"datePublished\":\"2026-05-02T09:00:21+00:00\",\"breadcrumb\":{\"@id\":\"https:\\\/\\\/cuartetoenlaweb.com.ar\\\/sitio\\\/la-respuesta-de-tailhade-a-milei-tras-la-amenaza-de-denunciarlo-por-una-investigacion-periodistica\\\/#breadcrumb\"},\"inLanguage\":\"es\",\"potentialAction\":[{\"@type\":\"ReadAction\",\"target\":[\"https:\\\/\\\/cuartetoenlaweb.com.ar\\\/sitio\\\/la-respuesta-de-tailhade-a-milei-tras-la-amenaza-de-denunciarlo-por-una-investigacion-periodistica\\\/\"]}]},{\"@type\":\"ImageObject\",\"inLanguage\":\"es\",\"@id\":\"https:\\\/\\\/cuartetoenlaweb.com.ar\\\/sitio\\\/la-respuesta-de-tailhade-a-milei-tras-la-amenaza-de-denunciarlo-por-una-investigacion-periodistica\\\/#primaryimage\",\"url\":\"https:\\\/\\\/cuartetoenlaweb.com.ar\\\/sitio\\\/wp-content\\\/uploads\\\/2026\\\/05\\\/720-23.jpeg\",\"contentUrl\":\"https:\\\/\\\/cuartetoenlaweb.com.ar\\\/sitio\\\/wp-content\\\/uploads\\\/2026\\\/05\\\/720-23.jpeg\",\"width\":1280,\"height\":548},{\"@type\":\"BreadcrumbList\",\"@id\":\"https:\\\/\\\/cuartetoenlaweb.com.ar\\\/sitio\\\/la-respuesta-de-tailhade-a-milei-tras-la-amenaza-de-denunciarlo-por-una-investigacion-periodistica\\\/#breadcrumb\",\"itemListElement\":[{\"@type\":\"ListItem\",\"position\":1,\"name\":\"Portada\",\"item\":\"https:\\\/\\\/cuartetoenlaweb.com.ar\\\/sitio\\\/\"},{\"@type\":\"ListItem\",\"position\":2,\"name\":\"La respuesta de Tailhade a Milei tras la amenaza de denunciarlo por&#8230; \u00a1una investigaci\u00f3n period\u00edstica!\"}]},{\"@type\":\"WebSite\",\"@id\":\"https:\\\/\\\/cuartetoenlaweb.com.ar\\\/sitio\\\/#website\",\"url\":\"https:\\\/\\\/cuartetoenlaweb.com.ar\\\/sitio\\\/\",\"name\":\"Cuarteto en la Web\",\"description\":\"\",\"publisher\":{\"@id\":\"https:\\\/\\\/cuartetoenlaweb.com.ar\\\/sitio\\\/#organization\"},\"potentialAction\":[{\"@type\":\"SearchAction\",\"target\":{\"@type\":\"EntryPoint\",\"urlTemplate\":\"https:\\\/\\\/cuartetoenlaweb.com.ar\\\/sitio\\\/?s={search_term_string}\"},\"query-input\":{\"@type\":\"PropertyValueSpecification\",\"valueRequired\":true,\"valueName\":\"search_term_string\"}}],\"inLanguage\":\"es\"},{\"@type\":\"Organization\",\"@id\":\"https:\\\/\\\/cuartetoenlaweb.com.ar\\\/sitio\\\/#organization\",\"name\":\"Cuarteto en la Web\",\"url\":\"https:\\\/\\\/cuartetoenlaweb.com.ar\\\/sitio\\\/\",\"logo\":{\"@type\":\"ImageObject\",\"inLanguage\":\"es\",\"@id\":\"https:\\\/\\\/cuartetoenlaweb.com.ar\\\/sitio\\\/#\\\/schema\\\/logo\\\/image\\\/\",\"url\":\"https:\\\/\\\/cuartetoenlaweb.com.ar\\\/sitio\\\/wp-content\\\/uploads\\\/2025\\\/07\\\/cropped-cropped-logitoweb21.png\",\"contentUrl\":\"https:\\\/\\\/cuartetoenlaweb.com.ar\\\/sitio\\\/wp-content\\\/uploads\\\/2025\\\/07\\\/cropped-cropped-logitoweb21.png\",\"width\":199,\"height\":199,\"caption\":\"Cuarteto en la Web\"},\"image\":{\"@id\":\"https:\\\/\\\/cuartetoenlaweb.com.ar\\\/sitio\\\/#\\\/schema\\\/logo\\\/image\\\/\"}}]}<\/script>\n<!-- \/ Yoast SEO plugin. -->","yoast_head_json":{"title":"La respuesta de Tailhade a Milei tras la amenaza de denunciarlo por... \u00a1una investigaci\u00f3n period\u00edstica! - Cuarteto en la Web","robots":{"index":"index","follow":"follow","max-snippet":"max-snippet:-1","max-image-preview":"max-image-preview:large","max-video-preview":"max-video-preview:-1"},"canonical":"https:\/\/cuartetoenlaweb.com.ar\/sitio\/la-respuesta-de-tailhade-a-milei-tras-la-amenaza-de-denunciarlo-por-una-investigacion-periodistica\/","og_locale":"es_ES","og_type":"article","og_title":"La respuesta de Tailhade a Milei tras la amenaza de denunciarlo por... \u00a1una investigaci\u00f3n period\u00edstica! - Cuarteto en la Web","og_description":"La exposici\u00f3n de Manuel Adorni en el Congreso del \u00faltimo","og_url":"https:\/\/cuartetoenlaweb.com.ar\/sitio\/la-respuesta-de-tailhade-a-milei-tras-la-amenaza-de-denunciarlo-por-una-investigacion-periodistica\/","og_site_name":"Cuarteto en la Web","article_published_time":"2026-05-02T09:00:21+00:00","og_image":[{"width":1280,"height":548,"url":"http:\/\/cuartetoenlaweb.com.ar\/sitio\/wp-content\/uploads\/2026\/05\/720-23.jpeg","type":"image\/jpeg"}],"twitter_card":"summary_large_image","twitter_misc":{"Tiempo de lectura":"3 minutos"},"schema":{"@context":"https:\/\/schema.org","@graph":[{"@type":"Article","@id":"https:\/\/cuartetoenlaweb.com.ar\/sitio\/la-respuesta-de-tailhade-a-milei-tras-la-amenaza-de-denunciarlo-por-una-investigacion-periodistica\/#article","isPartOf":{"@id":"https:\/\/cuartetoenlaweb.com.ar\/sitio\/la-respuesta-de-tailhade-a-milei-tras-la-amenaza-de-denunciarlo-por-una-investigacion-periodistica\/"},"author":{"name":"","@id":""},"headline":"La respuesta de Tailhade a Milei tras la amenaza de denunciarlo por&#8230; \u00a1una investigaci\u00f3n period\u00edstica!","datePublished":"2026-05-02T09:00:21+00:00","mainEntityOfPage":{"@id":"https:\/\/cuartetoenlaweb.com.ar\/sitio\/la-respuesta-de-tailhade-a-milei-tras-la-amenaza-de-denunciarlo-por-una-investigacion-periodistica\/"},"wordCount":529,"publisher":{"@id":"https:\/\/cuartetoenlaweb.com.ar\/sitio\/#organization"},"image":{"@id":"https:\/\/cuartetoenlaweb.com.ar\/sitio\/la-respuesta-de-tailhade-a-milei-tras-la-amenaza-de-denunciarlo-por-una-investigacion-periodistica\/#primaryimage"},"thumbnailUrl":"https:\/\/cuartetoenlaweb.com.ar\/sitio\/wp-content\/uploads\/2026\/05\/720-23.jpeg","articleSection":["PAIS"],"inLanguage":"es"},{"@type":"WebPage","@id":"https:\/\/cuartetoenlaweb.com.ar\/sitio\/la-respuesta-de-tailhade-a-milei-tras-la-amenaza-de-denunciarlo-por-una-investigacion-periodistica\/","url":"https:\/\/cuartetoenlaweb.com.ar\/sitio\/la-respuesta-de-tailhade-a-milei-tras-la-amenaza-de-denunciarlo-por-una-investigacion-periodistica\/","name":"La respuesta de Tailhade a Milei tras la amenaza de denunciarlo por... \u00a1una investigaci\u00f3n period\u00edstica! - Cuarteto en la Web","isPartOf":{"@id":"https:\/\/cuartetoenlaweb.com.ar\/sitio\/#website"},"primaryImageOfPage":{"@id":"https:\/\/cuartetoenlaweb.com.ar\/sitio\/la-respuesta-de-tailhade-a-milei-tras-la-amenaza-de-denunciarlo-por-una-investigacion-periodistica\/#primaryimage"},"image":{"@id":"https:\/\/cuartetoenlaweb.com.ar\/sitio\/la-respuesta-de-tailhade-a-milei-tras-la-amenaza-de-denunciarlo-por-una-investigacion-periodistica\/#primaryimage"},"thumbnailUrl":"https:\/\/cuartetoenlaweb.com.ar\/sitio\/wp-content\/uploads\/2026\/05\/720-23.jpeg","datePublished":"2026-05-02T09:00:21+00:00","breadcrumb":{"@id":"https:\/\/cuartetoenlaweb.com.ar\/sitio\/la-respuesta-de-tailhade-a-milei-tras-la-amenaza-de-denunciarlo-por-una-investigacion-periodistica\/#breadcrumb"},"inLanguage":"es","potentialAction":[{"@type":"ReadAction","target":["https:\/\/cuartetoenlaweb.com.ar\/sitio\/la-respuesta-de-tailhade-a-milei-tras-la-amenaza-de-denunciarlo-por-una-investigacion-periodistica\/"]}]},{"@type":"ImageObject","inLanguage":"es","@id":"https:\/\/cuartetoenlaweb.com.ar\/sitio\/la-respuesta-de-tailhade-a-milei-tras-la-amenaza-de-denunciarlo-por-una-investigacion-periodistica\/#primaryimage","url":"https:\/\/cuartetoenlaweb.com.ar\/sitio\/wp-content\/uploads\/2026\/05\/720-23.jpeg","contentUrl":"https:\/\/cuartetoenlaweb.com.ar\/sitio\/wp-content\/uploads\/2026\/05\/720-23.jpeg","width":1280,"height":548},{"@type":"BreadcrumbList","@id":"https:\/\/cuartetoenlaweb.com.ar\/sitio\/la-respuesta-de-tailhade-a-milei-tras-la-amenaza-de-denunciarlo-por-una-investigacion-periodistica\/#breadcrumb","itemListElement":[{"@type":"ListItem","position":1,"name":"Portada","item":"https:\/\/cuartetoenlaweb.com.ar\/sitio\/"},{"@type":"ListItem","position":2,"name":"La respuesta de Tailhade a Milei tras la amenaza de denunciarlo por&#8230; \u00a1una investigaci\u00f3n period\u00edstica!"}]},{"@type":"WebSite","@id":"https:\/\/cuartetoenlaweb.com.ar\/sitio\/#website","url":"https:\/\/cuartetoenlaweb.com.ar\/sitio\/","name":"Cuarteto en la Web","description":"","publisher":{"@id":"https:\/\/cuartetoenlaweb.com.ar\/sitio\/#organization"},"potentialAction":[{"@type":"SearchAction","target":{"@type":"EntryPoint","urlTemplate":"https:\/\/cuartetoenlaweb.com.ar\/sitio\/?s={search_term_string}"},"query-input":{"@type":"PropertyValueSpecification","valueRequired":true,"valueName":"search_term_string"}}],"inLanguage":"es"},{"@type":"Organization","@id":"https:\/\/cuartetoenlaweb.com.ar\/sitio\/#organization","name":"Cuarteto en la Web","url":"https:\/\/cuartetoenlaweb.com.ar\/sitio\/","logo":{"@type":"ImageObject","inLanguage":"es","@id":"https:\/\/cuartetoenlaweb.com.ar\/sitio\/#\/schema\/logo\/image\/","url":"https:\/\/cuartetoenlaweb.com.ar\/sitio\/wp-content\/uploads\/2025\/07\/cropped-cropped-logitoweb21.png","contentUrl":"https:\/\/cuartetoenlaweb.com.ar\/sitio\/wp-content\/uploads\/2025\/07\/cropped-cropped-logitoweb21.png","width":199,"height":199,"caption":"Cuarteto en la Web"},"image":{"@id":"https:\/\/cuartetoenlaweb.com.ar\/sitio\/#\/schema\/logo\/image\/"}}]}},"_links":{"self":[{"href":"https:\/\/cuartetoenlaweb.com.ar\/sitio\/wp-json\/wp\/v2\/posts\/19606","targetHints":{"allow":["GET"]}}],"collection":[{"href":"https:\/\/cuartetoenlaweb.com.ar\/sitio\/wp-json\/wp\/v2\/posts"}],"about":[{"href":"https:\/\/cuartetoenlaweb.com.ar\/sitio\/wp-json\/wp\/v2\/types\/post"}],"replies":[{"embeddable":true,"href":"https:\/\/cuartetoenlaweb.com.ar\/sitio\/wp-json\/wp\/v2\/comments?post=19606"}],"version-history":[{"count":0,"href":"https:\/\/cuartetoenlaweb.com.ar\/sitio\/wp-json\/wp\/v2\/posts\/19606\/revisions"}],"wp:featuredmedia":[{"embeddable":true,"href":"https:\/\/cuartetoenlaweb.com.ar\/sitio\/wp-json\/wp\/v2\/media\/19607"}],"wp:attachment":[{"href":"https:\/\/cuartetoenlaweb.com.ar\/sitio\/wp-json\/wp\/v2\/media?parent=19606"}],"wp:term":[{"taxonomy":"category","embeddable":true,"href":"https:\/\/cuartetoenlaweb.com.ar\/sitio\/wp-json\/wp\/v2\/categories?post=19606"},{"taxonomy":"post_tag","embeddable":true,"href":"https:\/\/cuartetoenlaweb.com.ar\/sitio\/wp-json\/wp\/v2\/tags?post=19606"}],"curies":[{"name":"wp","href":"https:\/\/api.w.org\/{rel}","templated":true}]}}