
{"id":19600,"date":"2026-05-02T05:00:18","date_gmt":"2026-05-02T08:00:18","guid":{"rendered":"https:\/\/cuartetoenlaweb.com.ar\/sitio\/mirtha-legrand-hablo-a-fondo-de-su-estado-de-salud-a-los-99-anos-me-hizo-mucho-dano\/"},"modified":"2026-05-02T05:00:18","modified_gmt":"2026-05-02T08:00:18","slug":"mirtha-legrand-hablo-a-fondo-de-su-estado-de-salud-a-los-99-anos-me-hizo-mucho-dano","status":"publish","type":"post","link":"https:\/\/cuartetoenlaweb.com.ar\/sitio\/mirtha-legrand-hablo-a-fondo-de-su-estado-de-salud-a-los-99-anos-me-hizo-mucho-dano\/","title":{"rendered":"Mirtha Legrand habl\u00f3 a fondo de su estado de salud a los 99 a\u00f1os: \u201cMe hizo mucho da\u00f1o\u201d"},"content":{"rendered":"<p>Su ausencia en este ic\u00f3nico espacio activ\u00f3 la preocupaci\u00f3n de la sociedad. La mesa de la televisi\u00f3n es sin\u00f3nimo de <strong>Mirtha Legrand<\/strong>, la que construy\u00f3 una leyenda con ese formato y su talento. Ya han transcurrido dos fines de semana sin la diva al aire.<\/p>\n<p>La filtraci\u00f3n de un cuadro de salud adverso provoc\u00f3 angustia, adem\u00e1s por la proliferaci\u00f3n de datos inexactos. Hasta que ahora la propia conductora sali\u00f3 a derrumbar las especulaciones y especific\u00f3 el punto exacto en que contrajo esa bronquitis aguda.<\/p>\n<p>La novedad brot\u00f3 de la mano de <strong>\u00c1ngel de Brito<\/strong>, quien ley\u00f3 el mensaje directo y privado que le envi\u00f3 <a href=\"https:\/\/www.paparazzi.com.ar\/teve\/crece-la-preocupacion-por-la-salud-de-mirtha-legrand-a-los-99-anos-por-que-culpan-a-nico-vazquez-de-su-enfermedad\/\">Legrand<\/a>. \u201cNo Angelito no fue una gripe, fue bronquitis y muy fuerte. Me dieron muchos antibi\u00f3ticos\u201d, relat\u00f3 con total honestidad la diva de los almuerzos.<\/p>\n<div class=\"mt-box \">\n<h4 class=\"mt-heading\">Mir\u00e1 Tambi\u00e9n<\/h4>\n<p><a href=\"https:\/\/www.paparazzi.com.ar\/romances\/yanina-latorre-confirmo-la-separacion-de-pampita-y-revelo-a-donde-se-fue-para-atravesar-el-duelo-viajo-a\/\"><\/p>\n<div class=\"mt-content\">\n<div class=\"mt-image-container\"><img decoding=\"async\" src=\"https:\/\/www.paparazzi.com.ar\/wp-content\/uploads\/2026\/04\/Yanina-Latorre-Pampita-1-359x226.jpg\" alt=\"Yanina Latorre confirm\u00f3 la separaci\u00f3n de Pampita y revel\u00f3 a d\u00f3nde se fue para atravesar el duelo: \u201cViaj\u00f3 a\u2026\u201d\" class=\"mt-image\" loading=\"lazy\" \/><\/div>\n<h5 class=\"mt-title\">Yanina Latorre confirm\u00f3 la separaci\u00f3n de Pampita y revel\u00f3 a d\u00f3nde se fue para atravesar el duelo: \u201cViaj\u00f3 a\u2026\u201d<\/h5>\n<\/div>\n<p><\/a><\/div>\n<p>Asimismo, <a href=\"https:\/\/www.paparazzi.com.ar\/teve\/el-golpe-que-nadie-vio-venir-la-muerte-que-afecto-a-mirtha-legrand-y-complico-su-recuperacion\/\">Mirtha<\/a> aclar\u00f3 que se encuentra en la etapa final de la recuperaci\u00f3n, tras los tratamientos designados por los m\u00e9dicos. \u201cEstoy casi repuesta de todo\u201d, cont\u00f3 y solt\u00f3 una noticia enormemente positiva: \u201cLa semana que viene retomo mi programa\u201d.<\/p>\n<h2 class=\"wp-block-heading\">MIRTHA LEGRAND CONT\u00d3 CU\u00c1NDO SE ENFERM\u00d3<\/h2>\n<p>En ese di\u00e1logo con el conductor de Am\u00e9rica TV, la estrella de la televisi\u00f3n admiti\u00f3 el momento preciso en que su organismo recay\u00f3 en esta dolencia. \u201cFui al teatro a ver la obra Rocky, donde hab\u00eda mucha refrigeraci\u00f3n y me hizo mucho da\u00f1o\u201d, sostuvo.<\/p>\n<p>A partir de la palabra autorizada de la conductora, la expectativa se direcciona en aguardar que retome su labor en eltrece en el pr\u00f3ximo fin de semana. <\/p>\n<div class=\"mt-box \">\n<h4 class=\"mt-heading\">Mir\u00e1 Tambi\u00e9n<\/h4>\n<p><a href=\"https:\/\/www.paparazzi.com.ar\/romances\/marcelo-tinelli-tuvo-una-cita-romantica-con-su-nueva-y-aparecio-una-foto-explosiva\/\"><\/p>\n<div class=\"mt-content\">\n<div class=\"mt-image-container\"><img decoding=\"async\" src=\"https:\/\/www.paparazzi.com.ar\/wp-content\/uploads\/2026\/04\/Marcelo-Tinelli-novia-1-359x226.jpg\" alt=\"Marcelo Tinelli tuvo una cita rom\u00e1ntica con su nueva novia y apareci\u00f3 una foto explosiva\" class=\"mt-image\" loading=\"lazy\" \/><\/div>\n<h5 class=\"mt-title\">Marcelo Tinelli tuvo una cita rom\u00e1ntica con su nueva novia y apareci\u00f3 una foto explosiva<\/h5>\n<\/div>\n<p><\/a><\/div>\n<div class=\"mt-box \">\n<h4 class=\"mt-heading\">Mir\u00e1 Tambi\u00e9n<\/h4>\n<p><a href=\"https:\/\/www.paparazzi.com.ar\/teve\/moria-casan-destrozo-a-wanda-nara-por-la-nominacion-como-mejor-conductora-a-los-martin-fierro-esta-senora\/\"><\/p>\n<div class=\"mt-content\">\n<div class=\"mt-image-container\"><img decoding=\"async\" src=\"https:\/\/www.paparazzi.com.ar\/wp-content\/uploads\/2026\/05\/Wanda-Nara-Moria-Casan-359x226.jpg\" alt=\"Moria Cas\u00e1n destroz\u00f3 a Wanda Nara por la nominaci\u00f3n como mejor conductora a los Mart\u00edn Fierro: \u201cEsta se\u00f1ora\u2026\u201d\" class=\"mt-image\" loading=\"lazy\" \/><\/div>\n<h5 class=\"mt-title\">Moria Cas\u00e1n destroz\u00f3 a Wanda Nara por la nominaci\u00f3n como mejor conductora a los Mart\u00edn Fierro: \u201cEsta se\u00f1ora\u2026\u201d<\/h5>\n<\/div>\n<p><\/a><\/div>\n<p>The post <a href=\"https:\/\/www.paparazzi.com.ar\/teve\/mirtha-legrand-hablo-a-fondo-de-su-estado-de-salud-a-los-99-anos-me-hizo-mucho-dano\/\">Mirtha Legrand habl\u00f3 a fondo de su estado de salud a los 99 a\u00f1os: \u201cMe hizo mucho da\u00f1o\u201d<\/a> appeared first on <a href=\"https:\/\/www.paparazzi.com.ar\">Revista Paparazzi<\/a>.<\/p>\n","protected":false},"excerpt":{"rendered":"<p>Su ausencia en este ic\u00f3nico espacio activ\u00f3 la preocupaci\u00f3n de<\/p>\n","protected":false},"author":0,"featured_media":19601,"comment_status":"","ping_status":"","sticky":false,"template":"","format":"standard","meta":{"footnotes":""},"categories":[12],"tags":[],"class_list":["post-19600","post","type-post","status-publish","format-standard","has-post-thumbnail","hentry","category-espectaculo"],"yoast_head":"<!-- This site is optimized with the Yoast SEO plugin v27.5 - https:\/\/yoast.com\/product\/yoast-seo-wordpress\/ -->\n<title>Mirtha Legrand habl\u00f3 a fondo de su estado de salud a los 99 a\u00f1os: \u201cMe hizo mucho da\u00f1o\u201d - Cuarteto en la Web<\/title>\n<meta name=\"robots\" content=\"index, follow, max-snippet:-1, max-image-preview:large, max-video-preview:-1\" \/>\n<link rel=\"canonical\" href=\"https:\/\/cuartetoenlaweb.com.ar\/sitio\/mirtha-legrand-hablo-a-fondo-de-su-estado-de-salud-a-los-99-anos-me-hizo-mucho-dano\/\" \/>\n<meta property=\"og:locale\" content=\"es_ES\" \/>\n<meta property=\"og:type\" content=\"article\" \/>\n<meta property=\"og:title\" content=\"Mirtha Legrand habl\u00f3 a fondo de su estado de salud a los 99 a\u00f1os: \u201cMe hizo mucho da\u00f1o\u201d - Cuarteto en la Web\" \/>\n<meta property=\"og:description\" content=\"Su ausencia en este ic\u00f3nico espacio activ\u00f3 la preocupaci\u00f3n de\" \/>\n<meta property=\"og:url\" content=\"https:\/\/cuartetoenlaweb.com.ar\/sitio\/mirtha-legrand-hablo-a-fondo-de-su-estado-de-salud-a-los-99-anos-me-hizo-mucho-dano\/\" \/>\n<meta property=\"og:site_name\" content=\"Cuarteto en la Web\" \/>\n<meta property=\"article:published_time\" content=\"2026-05-02T08:00:18+00:00\" \/>\n<meta property=\"og:image\" content=\"http:\/\/cuartetoenlaweb.com.ar\/sitio\/wp-content\/uploads\/2026\/05\/Yanina-Latorre-Pampita-1-359x226-1.jpg\" \/>\n\t<meta property=\"og:image:width\" content=\"359\" \/>\n\t<meta property=\"og:image:height\" content=\"226\" \/>\n\t<meta property=\"og:image:type\" content=\"image\/jpeg\" \/>\n<meta name=\"twitter:card\" content=\"summary_large_image\" \/>\n<meta name=\"twitter:label1\" content=\"Tiempo de lectura\" \/>\n\t<meta name=\"twitter:data1\" content=\"2 minutos\" \/>\n<script type=\"application\/ld+json\" class=\"yoast-schema-graph\">{\"@context\":\"https:\\\/\\\/schema.org\",\"@graph\":[{\"@type\":\"Article\",\"@id\":\"https:\\\/\\\/cuartetoenlaweb.com.ar\\\/sitio\\\/mirtha-legrand-hablo-a-fondo-de-su-estado-de-salud-a-los-99-anos-me-hizo-mucho-dano\\\/#article\",\"isPartOf\":{\"@id\":\"https:\\\/\\\/cuartetoenlaweb.com.ar\\\/sitio\\\/mirtha-legrand-hablo-a-fondo-de-su-estado-de-salud-a-los-99-anos-me-hizo-mucho-dano\\\/\"},\"author\":{\"name\":\"\",\"@id\":\"\"},\"headline\":\"Mirtha Legrand habl\u00f3 a fondo de su estado de salud a los 99 a\u00f1os: \u201cMe hizo mucho da\u00f1o\u201d\",\"datePublished\":\"2026-05-02T08:00:18+00:00\",\"mainEntityOfPage\":{\"@id\":\"https:\\\/\\\/cuartetoenlaweb.com.ar\\\/sitio\\\/mirtha-legrand-hablo-a-fondo-de-su-estado-de-salud-a-los-99-anos-me-hizo-mucho-dano\\\/\"},\"wordCount\":376,\"publisher\":{\"@id\":\"https:\\\/\\\/cuartetoenlaweb.com.ar\\\/sitio\\\/#organization\"},\"image\":{\"@id\":\"https:\\\/\\\/cuartetoenlaweb.com.ar\\\/sitio\\\/mirtha-legrand-hablo-a-fondo-de-su-estado-de-salud-a-los-99-anos-me-hizo-mucho-dano\\\/#primaryimage\"},\"thumbnailUrl\":\"https:\\\/\\\/cuartetoenlaweb.com.ar\\\/sitio\\\/wp-content\\\/uploads\\\/2026\\\/05\\\/Yanina-Latorre-Pampita-1-359x226-1.jpg\",\"articleSection\":[\"ESPECT\u00c1CULO\"],\"inLanguage\":\"es\"},{\"@type\":\"WebPage\",\"@id\":\"https:\\\/\\\/cuartetoenlaweb.com.ar\\\/sitio\\\/mirtha-legrand-hablo-a-fondo-de-su-estado-de-salud-a-los-99-anos-me-hizo-mucho-dano\\\/\",\"url\":\"https:\\\/\\\/cuartetoenlaweb.com.ar\\\/sitio\\\/mirtha-legrand-hablo-a-fondo-de-su-estado-de-salud-a-los-99-anos-me-hizo-mucho-dano\\\/\",\"name\":\"Mirtha Legrand habl\u00f3 a fondo de su estado de salud a los 99 a\u00f1os: \u201cMe hizo mucho da\u00f1o\u201d - Cuarteto en la Web\",\"isPartOf\":{\"@id\":\"https:\\\/\\\/cuartetoenlaweb.com.ar\\\/sitio\\\/#website\"},\"primaryImageOfPage\":{\"@id\":\"https:\\\/\\\/cuartetoenlaweb.com.ar\\\/sitio\\\/mirtha-legrand-hablo-a-fondo-de-su-estado-de-salud-a-los-99-anos-me-hizo-mucho-dano\\\/#primaryimage\"},\"image\":{\"@id\":\"https:\\\/\\\/cuartetoenlaweb.com.ar\\\/sitio\\\/mirtha-legrand-hablo-a-fondo-de-su-estado-de-salud-a-los-99-anos-me-hizo-mucho-dano\\\/#primaryimage\"},\"thumbnailUrl\":\"https:\\\/\\\/cuartetoenlaweb.com.ar\\\/sitio\\\/wp-content\\\/uploads\\\/2026\\\/05\\\/Yanina-Latorre-Pampita-1-359x226-1.jpg\",\"datePublished\":\"2026-05-02T08:00:18+00:00\",\"breadcrumb\":{\"@id\":\"https:\\\/\\\/cuartetoenlaweb.com.ar\\\/sitio\\\/mirtha-legrand-hablo-a-fondo-de-su-estado-de-salud-a-los-99-anos-me-hizo-mucho-dano\\\/#breadcrumb\"},\"inLanguage\":\"es\",\"potentialAction\":[{\"@type\":\"ReadAction\",\"target\":[\"https:\\\/\\\/cuartetoenlaweb.com.ar\\\/sitio\\\/mirtha-legrand-hablo-a-fondo-de-su-estado-de-salud-a-los-99-anos-me-hizo-mucho-dano\\\/\"]}]},{\"@type\":\"ImageObject\",\"inLanguage\":\"es\",\"@id\":\"https:\\\/\\\/cuartetoenlaweb.com.ar\\\/sitio\\\/mirtha-legrand-hablo-a-fondo-de-su-estado-de-salud-a-los-99-anos-me-hizo-mucho-dano\\\/#primaryimage\",\"url\":\"https:\\\/\\\/cuartetoenlaweb.com.ar\\\/sitio\\\/wp-content\\\/uploads\\\/2026\\\/05\\\/Yanina-Latorre-Pampita-1-359x226-1.jpg\",\"contentUrl\":\"https:\\\/\\\/cuartetoenlaweb.com.ar\\\/sitio\\\/wp-content\\\/uploads\\\/2026\\\/05\\\/Yanina-Latorre-Pampita-1-359x226-1.jpg\",\"width\":359,\"height\":226},{\"@type\":\"BreadcrumbList\",\"@id\":\"https:\\\/\\\/cuartetoenlaweb.com.ar\\\/sitio\\\/mirtha-legrand-hablo-a-fondo-de-su-estado-de-salud-a-los-99-anos-me-hizo-mucho-dano\\\/#breadcrumb\",\"itemListElement\":[{\"@type\":\"ListItem\",\"position\":1,\"name\":\"Portada\",\"item\":\"https:\\\/\\\/cuartetoenlaweb.com.ar\\\/sitio\\\/\"},{\"@type\":\"ListItem\",\"position\":2,\"name\":\"Mirtha Legrand habl\u00f3 a fondo de su estado de salud a los 99 a\u00f1os: \u201cMe hizo mucho da\u00f1o\u201d\"}]},{\"@type\":\"WebSite\",\"@id\":\"https:\\\/\\\/cuartetoenlaweb.com.ar\\\/sitio\\\/#website\",\"url\":\"https:\\\/\\\/cuartetoenlaweb.com.ar\\\/sitio\\\/\",\"name\":\"Cuarteto en la Web\",\"description\":\"\",\"publisher\":{\"@id\":\"https:\\\/\\\/cuartetoenlaweb.com.ar\\\/sitio\\\/#organization\"},\"potentialAction\":[{\"@type\":\"SearchAction\",\"target\":{\"@type\":\"EntryPoint\",\"urlTemplate\":\"https:\\\/\\\/cuartetoenlaweb.com.ar\\\/sitio\\\/?s={search_term_string}\"},\"query-input\":{\"@type\":\"PropertyValueSpecification\",\"valueRequired\":true,\"valueName\":\"search_term_string\"}}],\"inLanguage\":\"es\"},{\"@type\":\"Organization\",\"@id\":\"https:\\\/\\\/cuartetoenlaweb.com.ar\\\/sitio\\\/#organization\",\"name\":\"Cuarteto en la Web\",\"url\":\"https:\\\/\\\/cuartetoenlaweb.com.ar\\\/sitio\\\/\",\"logo\":{\"@type\":\"ImageObject\",\"inLanguage\":\"es\",\"@id\":\"https:\\\/\\\/cuartetoenlaweb.com.ar\\\/sitio\\\/#\\\/schema\\\/logo\\\/image\\\/\",\"url\":\"https:\\\/\\\/cuartetoenlaweb.com.ar\\\/sitio\\\/wp-content\\\/uploads\\\/2025\\\/07\\\/cropped-cropped-logitoweb21.png\",\"contentUrl\":\"https:\\\/\\\/cuartetoenlaweb.com.ar\\\/sitio\\\/wp-content\\\/uploads\\\/2025\\\/07\\\/cropped-cropped-logitoweb21.png\",\"width\":199,\"height\":199,\"caption\":\"Cuarteto en la Web\"},\"image\":{\"@id\":\"https:\\\/\\\/cuartetoenlaweb.com.ar\\\/sitio\\\/#\\\/schema\\\/logo\\\/image\\\/\"}}]}<\/script>\n<!-- \/ Yoast SEO plugin. -->","yoast_head_json":{"title":"Mirtha Legrand habl\u00f3 a fondo de su estado de salud a los 99 a\u00f1os: \u201cMe hizo mucho da\u00f1o\u201d - Cuarteto en la Web","robots":{"index":"index","follow":"follow","max-snippet":"max-snippet:-1","max-image-preview":"max-image-preview:large","max-video-preview":"max-video-preview:-1"},"canonical":"https:\/\/cuartetoenlaweb.com.ar\/sitio\/mirtha-legrand-hablo-a-fondo-de-su-estado-de-salud-a-los-99-anos-me-hizo-mucho-dano\/","og_locale":"es_ES","og_type":"article","og_title":"Mirtha Legrand habl\u00f3 a fondo de su estado de salud a los 99 a\u00f1os: \u201cMe hizo mucho da\u00f1o\u201d - Cuarteto en la Web","og_description":"Su ausencia en este ic\u00f3nico espacio activ\u00f3 la preocupaci\u00f3n de","og_url":"https:\/\/cuartetoenlaweb.com.ar\/sitio\/mirtha-legrand-hablo-a-fondo-de-su-estado-de-salud-a-los-99-anos-me-hizo-mucho-dano\/","og_site_name":"Cuarteto en la Web","article_published_time":"2026-05-02T08:00:18+00:00","og_image":[{"width":359,"height":226,"url":"http:\/\/cuartetoenlaweb.com.ar\/sitio\/wp-content\/uploads\/2026\/05\/Yanina-Latorre-Pampita-1-359x226-1.jpg","type":"image\/jpeg"}],"twitter_card":"summary_large_image","twitter_misc":{"Tiempo de lectura":"2 minutos"},"schema":{"@context":"https:\/\/schema.org","@graph":[{"@type":"Article","@id":"https:\/\/cuartetoenlaweb.com.ar\/sitio\/mirtha-legrand-hablo-a-fondo-de-su-estado-de-salud-a-los-99-anos-me-hizo-mucho-dano\/#article","isPartOf":{"@id":"https:\/\/cuartetoenlaweb.com.ar\/sitio\/mirtha-legrand-hablo-a-fondo-de-su-estado-de-salud-a-los-99-anos-me-hizo-mucho-dano\/"},"author":{"name":"","@id":""},"headline":"Mirtha Legrand habl\u00f3 a fondo de su estado de salud a los 99 a\u00f1os: \u201cMe hizo mucho da\u00f1o\u201d","datePublished":"2026-05-02T08:00:18+00:00","mainEntityOfPage":{"@id":"https:\/\/cuartetoenlaweb.com.ar\/sitio\/mirtha-legrand-hablo-a-fondo-de-su-estado-de-salud-a-los-99-anos-me-hizo-mucho-dano\/"},"wordCount":376,"publisher":{"@id":"https:\/\/cuartetoenlaweb.com.ar\/sitio\/#organization"},"image":{"@id":"https:\/\/cuartetoenlaweb.com.ar\/sitio\/mirtha-legrand-hablo-a-fondo-de-su-estado-de-salud-a-los-99-anos-me-hizo-mucho-dano\/#primaryimage"},"thumbnailUrl":"https:\/\/cuartetoenlaweb.com.ar\/sitio\/wp-content\/uploads\/2026\/05\/Yanina-Latorre-Pampita-1-359x226-1.jpg","articleSection":["ESPECT\u00c1CULO"],"inLanguage":"es"},{"@type":"WebPage","@id":"https:\/\/cuartetoenlaweb.com.ar\/sitio\/mirtha-legrand-hablo-a-fondo-de-su-estado-de-salud-a-los-99-anos-me-hizo-mucho-dano\/","url":"https:\/\/cuartetoenlaweb.com.ar\/sitio\/mirtha-legrand-hablo-a-fondo-de-su-estado-de-salud-a-los-99-anos-me-hizo-mucho-dano\/","name":"Mirtha Legrand habl\u00f3 a fondo de su estado de salud a los 99 a\u00f1os: \u201cMe hizo mucho da\u00f1o\u201d - Cuarteto en la Web","isPartOf":{"@id":"https:\/\/cuartetoenlaweb.com.ar\/sitio\/#website"},"primaryImageOfPage":{"@id":"https:\/\/cuartetoenlaweb.com.ar\/sitio\/mirtha-legrand-hablo-a-fondo-de-su-estado-de-salud-a-los-99-anos-me-hizo-mucho-dano\/#primaryimage"},"image":{"@id":"https:\/\/cuartetoenlaweb.com.ar\/sitio\/mirtha-legrand-hablo-a-fondo-de-su-estado-de-salud-a-los-99-anos-me-hizo-mucho-dano\/#primaryimage"},"thumbnailUrl":"https:\/\/cuartetoenlaweb.com.ar\/sitio\/wp-content\/uploads\/2026\/05\/Yanina-Latorre-Pampita-1-359x226-1.jpg","datePublished":"2026-05-02T08:00:18+00:00","breadcrumb":{"@id":"https:\/\/cuartetoenlaweb.com.ar\/sitio\/mirtha-legrand-hablo-a-fondo-de-su-estado-de-salud-a-los-99-anos-me-hizo-mucho-dano\/#breadcrumb"},"inLanguage":"es","potentialAction":[{"@type":"ReadAction","target":["https:\/\/cuartetoenlaweb.com.ar\/sitio\/mirtha-legrand-hablo-a-fondo-de-su-estado-de-salud-a-los-99-anos-me-hizo-mucho-dano\/"]}]},{"@type":"ImageObject","inLanguage":"es","@id":"https:\/\/cuartetoenlaweb.com.ar\/sitio\/mirtha-legrand-hablo-a-fondo-de-su-estado-de-salud-a-los-99-anos-me-hizo-mucho-dano\/#primaryimage","url":"https:\/\/cuartetoenlaweb.com.ar\/sitio\/wp-content\/uploads\/2026\/05\/Yanina-Latorre-Pampita-1-359x226-1.jpg","contentUrl":"https:\/\/cuartetoenlaweb.com.ar\/sitio\/wp-content\/uploads\/2026\/05\/Yanina-Latorre-Pampita-1-359x226-1.jpg","width":359,"height":226},{"@type":"BreadcrumbList","@id":"https:\/\/cuartetoenlaweb.com.ar\/sitio\/mirtha-legrand-hablo-a-fondo-de-su-estado-de-salud-a-los-99-anos-me-hizo-mucho-dano\/#breadcrumb","itemListElement":[{"@type":"ListItem","position":1,"name":"Portada","item":"https:\/\/cuartetoenlaweb.com.ar\/sitio\/"},{"@type":"ListItem","position":2,"name":"Mirtha Legrand habl\u00f3 a fondo de su estado de salud a los 99 a\u00f1os: \u201cMe hizo mucho da\u00f1o\u201d"}]},{"@type":"WebSite","@id":"https:\/\/cuartetoenlaweb.com.ar\/sitio\/#website","url":"https:\/\/cuartetoenlaweb.com.ar\/sitio\/","name":"Cuarteto en la Web","description":"","publisher":{"@id":"https:\/\/cuartetoenlaweb.com.ar\/sitio\/#organization"},"potentialAction":[{"@type":"SearchAction","target":{"@type":"EntryPoint","urlTemplate":"https:\/\/cuartetoenlaweb.com.ar\/sitio\/?s={search_term_string}"},"query-input":{"@type":"PropertyValueSpecification","valueRequired":true,"valueName":"search_term_string"}}],"inLanguage":"es"},{"@type":"Organization","@id":"https:\/\/cuartetoenlaweb.com.ar\/sitio\/#organization","name":"Cuarteto en la Web","url":"https:\/\/cuartetoenlaweb.com.ar\/sitio\/","logo":{"@type":"ImageObject","inLanguage":"es","@id":"https:\/\/cuartetoenlaweb.com.ar\/sitio\/#\/schema\/logo\/image\/","url":"https:\/\/cuartetoenlaweb.com.ar\/sitio\/wp-content\/uploads\/2025\/07\/cropped-cropped-logitoweb21.png","contentUrl":"https:\/\/cuartetoenlaweb.com.ar\/sitio\/wp-content\/uploads\/2025\/07\/cropped-cropped-logitoweb21.png","width":199,"height":199,"caption":"Cuarteto en la Web"},"image":{"@id":"https:\/\/cuartetoenlaweb.com.ar\/sitio\/#\/schema\/logo\/image\/"}}]}},"_links":{"self":[{"href":"https:\/\/cuartetoenlaweb.com.ar\/sitio\/wp-json\/wp\/v2\/posts\/19600","targetHints":{"allow":["GET"]}}],"collection":[{"href":"https:\/\/cuartetoenlaweb.com.ar\/sitio\/wp-json\/wp\/v2\/posts"}],"about":[{"href":"https:\/\/cuartetoenlaweb.com.ar\/sitio\/wp-json\/wp\/v2\/types\/post"}],"replies":[{"embeddable":true,"href":"https:\/\/cuartetoenlaweb.com.ar\/sitio\/wp-json\/wp\/v2\/comments?post=19600"}],"version-history":[{"count":0,"href":"https:\/\/cuartetoenlaweb.com.ar\/sitio\/wp-json\/wp\/v2\/posts\/19600\/revisions"}],"wp:featuredmedia":[{"embeddable":true,"href":"https:\/\/cuartetoenlaweb.com.ar\/sitio\/wp-json\/wp\/v2\/media\/19601"}],"wp:attachment":[{"href":"https:\/\/cuartetoenlaweb.com.ar\/sitio\/wp-json\/wp\/v2\/media?parent=19600"}],"wp:term":[{"taxonomy":"category","embeddable":true,"href":"https:\/\/cuartetoenlaweb.com.ar\/sitio\/wp-json\/wp\/v2\/categories?post=19600"},{"taxonomy":"post_tag","embeddable":true,"href":"https:\/\/cuartetoenlaweb.com.ar\/sitio\/wp-json\/wp\/v2\/tags?post=19600"}],"curies":[{"name":"wp","href":"https:\/\/api.w.org\/{rel}","templated":true}]}}