
{"id":19590,"date":"2026-05-01T22:00:03","date_gmt":"2026-05-02T01:00:03","guid":{"rendered":"https:\/\/cuartetoenlaweb.com.ar\/sitio\/ricardo-arjona-hizo-vibrar-el-movistar-arena-durante-su-primera-noche-en-argentina\/"},"modified":"2026-05-01T22:00:03","modified_gmt":"2026-05-02T01:00:03","slug":"ricardo-arjona-hizo-vibrar-el-movistar-arena-durante-su-primera-noche-en-argentina","status":"publish","type":"post","link":"https:\/\/cuartetoenlaweb.com.ar\/sitio\/ricardo-arjona-hizo-vibrar-el-movistar-arena-durante-su-primera-noche-en-argentina\/","title":{"rendered":"Ricardo Arjona hizo vibrar el Movistar Arena durante su primera noche en Argentina"},"content":{"rendered":"<p>Buenos Aires, 1 mayo (NA) &#8212; Ricardo Arjona, el reconocido cantante guatemalteco, inici\u00f3 su residencia \u201cLo que el Seco no dijo\u201d en Argentina e hizo vibrar el estadio Movistar Arena, donde realizar\u00e1 otras 13 funciones, con entradas totalmente agotadas.<\/p>\n<p>Durante el espect\u00e1culo en el que estuvo presente la Agencia Noticias Argentinas, el cantante abri\u00f3 el show con un inicio musical a todo pulm\u00f3n, mientras las fan\u00e1ticas cantaban, incluso, m\u00e1s fuerte que el propio artista.<\/p>\n<p>Esta gira, reconocida como la producci\u00f3n m\u00e1s ambiciosa y espectacular de toda su trayectoria, presenta una puesta en escena in\u00e9dita, dise\u00f1ada especialmente para esta etapa art\u00edstica, elevando la experiencia del concierto a un nivel nunca antes visto en su carrera.<\/p>\n<p>A continuaci\u00f3n, Arjona relat\u00f3 una an\u00e9cdota situada en \u201cAndaluc\u00eda de C\u00e1diz\u201d donde su abuelo \u201ctom\u00f3 un barco, no sab\u00eda a d\u00f3nde iba, fue a parar, nadie sabe c\u00f3mo, a las costas de Guatemala, se llamaba igual que yo. Ah\u00ed fue a parar un pueblito ind\u00edgena que se llama Tecp\u00e1n y puso una panader\u00eda\u201d.<\/p>\n<p>\u201cSe le ocurri\u00f3 morir cuando mi padre ten\u00eda solo seis a\u00f1os y los sue\u00f1os de mi padre. Uno de ellos, quiz\u00e1 el m\u00e1s importante que era ser futbolista se trunc\u00f3 porque tuvo que escoger lo m\u00e1s pr\u00f3ximo que le quedaba para poder sacar adelante a su familia. \u00c9l ten\u00eda solo 6 pero se gradu\u00f3 de maestro pronto y un d\u00eda despu\u00e9s de graduado pidi\u00f3 trabajo en el ministerio de educaci\u00f3n y lo nombraron\u201d.<\/p>\n<p>El int\u00e9rprete inaugur\u00f3 el tour el 30 de enero de este a\u00f1o con un concierto sold-out en el Allstate Arena de Chicago, lo que marc\u00f3 el inicio de un recorrido de m\u00e1s de 35 fechas en Estados Unidos y Puerto Rico. #AgenciaNA<\/p>\n","protected":false},"excerpt":{"rendered":"<p>Buenos Aires, 1 mayo (NA) &#8212; Ricardo Arjona, el reconocido<\/p>\n","protected":false},"author":0,"featured_media":19591,"comment_status":"","ping_status":"","sticky":false,"template":"","format":"standard","meta":{"footnotes":""},"categories":[65],"tags":[],"class_list":["post-19590","post","type-post","status-publish","format-standard","has-post-thumbnail","hentry","category-pais"],"yoast_head":"<!-- This site is optimized with the Yoast SEO plugin v27.5 - https:\/\/yoast.com\/product\/yoast-seo-wordpress\/ -->\n<title>Ricardo Arjona hizo vibrar el Movistar Arena durante su primera noche en Argentina - Cuarteto en la Web<\/title>\n<meta name=\"robots\" content=\"index, follow, max-snippet:-1, max-image-preview:large, max-video-preview:-1\" \/>\n<link rel=\"canonical\" href=\"https:\/\/cuartetoenlaweb.com.ar\/sitio\/ricardo-arjona-hizo-vibrar-el-movistar-arena-durante-su-primera-noche-en-argentina\/\" \/>\n<meta property=\"og:locale\" content=\"es_ES\" \/>\n<meta property=\"og:type\" content=\"article\" \/>\n<meta property=\"og:title\" content=\"Ricardo Arjona hizo vibrar el Movistar Arena durante su primera noche en Argentina - Cuarteto en la Web\" \/>\n<meta property=\"og:description\" content=\"Buenos Aires, 1 mayo (NA) &#8212; Ricardo Arjona, el reconocido\" \/>\n<meta property=\"og:url\" content=\"https:\/\/cuartetoenlaweb.com.ar\/sitio\/ricardo-arjona-hizo-vibrar-el-movistar-arena-durante-su-primera-noche-en-argentina\/\" \/>\n<meta property=\"og:site_name\" content=\"Cuarteto en la Web\" \/>\n<meta property=\"article:published_time\" content=\"2026-05-02T01:00:03+00:00\" \/>\n<meta name=\"twitter:card\" content=\"summary_large_image\" \/>\n<meta name=\"twitter:label1\" content=\"Tiempo de lectura\" \/>\n\t<meta name=\"twitter:data1\" content=\"2 minutos\" \/>\n<script type=\"application\/ld+json\" class=\"yoast-schema-graph\">{\"@context\":\"https:\\\/\\\/schema.org\",\"@graph\":[{\"@type\":\"Article\",\"@id\":\"https:\\\/\\\/cuartetoenlaweb.com.ar\\\/sitio\\\/ricardo-arjona-hizo-vibrar-el-movistar-arena-durante-su-primera-noche-en-argentina\\\/#article\",\"isPartOf\":{\"@id\":\"https:\\\/\\\/cuartetoenlaweb.com.ar\\\/sitio\\\/ricardo-arjona-hizo-vibrar-el-movistar-arena-durante-su-primera-noche-en-argentina\\\/\"},\"author\":{\"name\":\"\",\"@id\":\"\"},\"headline\":\"Ricardo Arjona hizo vibrar el Movistar Arena durante su primera noche en Argentina\",\"datePublished\":\"2026-05-02T01:00:03+00:00\",\"mainEntityOfPage\":{\"@id\":\"https:\\\/\\\/cuartetoenlaweb.com.ar\\\/sitio\\\/ricardo-arjona-hizo-vibrar-el-movistar-arena-durante-su-primera-noche-en-argentina\\\/\"},\"wordCount\":322,\"publisher\":{\"@id\":\"http:\\\/\\\/cuartetoenlaweb.com.ar\\\/sitio\\\/#organization\"},\"image\":{\"@id\":\"https:\\\/\\\/cuartetoenlaweb.com.ar\\\/sitio\\\/ricardo-arjona-hizo-vibrar-el-movistar-arena-durante-su-primera-noche-en-argentina\\\/#primaryimage\"},\"thumbnailUrl\":\"https:\\\/\\\/cuartetoenlaweb.com.ar\\\/sitio\\\/wp-content\\\/uploads\\\/2026\\\/05\\\/720-21.jpeg\",\"articleSection\":[\"PAIS\"],\"inLanguage\":\"es\"},{\"@type\":\"WebPage\",\"@id\":\"https:\\\/\\\/cuartetoenlaweb.com.ar\\\/sitio\\\/ricardo-arjona-hizo-vibrar-el-movistar-arena-durante-su-primera-noche-en-argentina\\\/\",\"url\":\"https:\\\/\\\/cuartetoenlaweb.com.ar\\\/sitio\\\/ricardo-arjona-hizo-vibrar-el-movistar-arena-durante-su-primera-noche-en-argentina\\\/\",\"name\":\"Ricardo Arjona hizo vibrar el Movistar Arena durante su primera noche en Argentina - Cuarteto en la Web\",\"isPartOf\":{\"@id\":\"http:\\\/\\\/cuartetoenlaweb.com.ar\\\/sitio\\\/#website\"},\"primaryImageOfPage\":{\"@id\":\"https:\\\/\\\/cuartetoenlaweb.com.ar\\\/sitio\\\/ricardo-arjona-hizo-vibrar-el-movistar-arena-durante-su-primera-noche-en-argentina\\\/#primaryimage\"},\"image\":{\"@id\":\"https:\\\/\\\/cuartetoenlaweb.com.ar\\\/sitio\\\/ricardo-arjona-hizo-vibrar-el-movistar-arena-durante-su-primera-noche-en-argentina\\\/#primaryimage\"},\"thumbnailUrl\":\"https:\\\/\\\/cuartetoenlaweb.com.ar\\\/sitio\\\/wp-content\\\/uploads\\\/2026\\\/05\\\/720-21.jpeg\",\"datePublished\":\"2026-05-02T01:00:03+00:00\",\"breadcrumb\":{\"@id\":\"https:\\\/\\\/cuartetoenlaweb.com.ar\\\/sitio\\\/ricardo-arjona-hizo-vibrar-el-movistar-arena-durante-su-primera-noche-en-argentina\\\/#breadcrumb\"},\"inLanguage\":\"es\",\"potentialAction\":[{\"@type\":\"ReadAction\",\"target\":[\"https:\\\/\\\/cuartetoenlaweb.com.ar\\\/sitio\\\/ricardo-arjona-hizo-vibrar-el-movistar-arena-durante-su-primera-noche-en-argentina\\\/\"]}]},{\"@type\":\"ImageObject\",\"inLanguage\":\"es\",\"@id\":\"https:\\\/\\\/cuartetoenlaweb.com.ar\\\/sitio\\\/ricardo-arjona-hizo-vibrar-el-movistar-arena-durante-su-primera-noche-en-argentina\\\/#primaryimage\",\"url\":\"https:\\\/\\\/cuartetoenlaweb.com.ar\\\/sitio\\\/wp-content\\\/uploads\\\/2026\\\/05\\\/720-21.jpeg\",\"contentUrl\":\"https:\\\/\\\/cuartetoenlaweb.com.ar\\\/sitio\\\/wp-content\\\/uploads\\\/2026\\\/05\\\/720-21.jpeg\",\"width\":957,\"height\":720},{\"@type\":\"BreadcrumbList\",\"@id\":\"https:\\\/\\\/cuartetoenlaweb.com.ar\\\/sitio\\\/ricardo-arjona-hizo-vibrar-el-movistar-arena-durante-su-primera-noche-en-argentina\\\/#breadcrumb\",\"itemListElement\":[{\"@type\":\"ListItem\",\"position\":1,\"name\":\"Portada\",\"item\":\"http:\\\/\\\/cuartetoenlaweb.com.ar\\\/sitio\\\/\"},{\"@type\":\"ListItem\",\"position\":2,\"name\":\"Ricardo Arjona hizo vibrar el Movistar Arena durante su primera noche en Argentina\"}]},{\"@type\":\"WebSite\",\"@id\":\"http:\\\/\\\/cuartetoenlaweb.com.ar\\\/sitio\\\/#website\",\"url\":\"http:\\\/\\\/cuartetoenlaweb.com.ar\\\/sitio\\\/\",\"name\":\"Cuarteto en la Web\",\"description\":\"\",\"publisher\":{\"@id\":\"http:\\\/\\\/cuartetoenlaweb.com.ar\\\/sitio\\\/#organization\"},\"potentialAction\":[{\"@type\":\"SearchAction\",\"target\":{\"@type\":\"EntryPoint\",\"urlTemplate\":\"http:\\\/\\\/cuartetoenlaweb.com.ar\\\/sitio\\\/?s={search_term_string}\"},\"query-input\":{\"@type\":\"PropertyValueSpecification\",\"valueRequired\":true,\"valueName\":\"search_term_string\"}}],\"inLanguage\":\"es\"},{\"@type\":\"Organization\",\"@id\":\"http:\\\/\\\/cuartetoenlaweb.com.ar\\\/sitio\\\/#organization\",\"name\":\"Cuarteto en la Web\",\"url\":\"http:\\\/\\\/cuartetoenlaweb.com.ar\\\/sitio\\\/\",\"logo\":{\"@type\":\"ImageObject\",\"inLanguage\":\"es\",\"@id\":\"http:\\\/\\\/cuartetoenlaweb.com.ar\\\/sitio\\\/#\\\/schema\\\/logo\\\/image\\\/\",\"url\":\"https:\\\/\\\/cuartetoenlaweb.com.ar\\\/sitio\\\/wp-content\\\/uploads\\\/2025\\\/07\\\/cropped-cropped-logitoweb21.png\",\"contentUrl\":\"https:\\\/\\\/cuartetoenlaweb.com.ar\\\/sitio\\\/wp-content\\\/uploads\\\/2025\\\/07\\\/cropped-cropped-logitoweb21.png\",\"width\":199,\"height\":199,\"caption\":\"Cuarteto en la Web\"},\"image\":{\"@id\":\"http:\\\/\\\/cuartetoenlaweb.com.ar\\\/sitio\\\/#\\\/schema\\\/logo\\\/image\\\/\"}}]}<\/script>\n<!-- \/ Yoast SEO plugin. -->","yoast_head_json":{"title":"Ricardo Arjona hizo vibrar el Movistar Arena durante su primera noche en Argentina - Cuarteto en la Web","robots":{"index":"index","follow":"follow","max-snippet":"max-snippet:-1","max-image-preview":"max-image-preview:large","max-video-preview":"max-video-preview:-1"},"canonical":"https:\/\/cuartetoenlaweb.com.ar\/sitio\/ricardo-arjona-hizo-vibrar-el-movistar-arena-durante-su-primera-noche-en-argentina\/","og_locale":"es_ES","og_type":"article","og_title":"Ricardo Arjona hizo vibrar el Movistar Arena durante su primera noche en Argentina - Cuarteto en la Web","og_description":"Buenos Aires, 1 mayo (NA) &#8212; Ricardo Arjona, el reconocido","og_url":"https:\/\/cuartetoenlaweb.com.ar\/sitio\/ricardo-arjona-hizo-vibrar-el-movistar-arena-durante-su-primera-noche-en-argentina\/","og_site_name":"Cuarteto en la Web","article_published_time":"2026-05-02T01:00:03+00:00","twitter_card":"summary_large_image","twitter_misc":{"Tiempo de lectura":"2 minutos"},"schema":{"@context":"https:\/\/schema.org","@graph":[{"@type":"Article","@id":"https:\/\/cuartetoenlaweb.com.ar\/sitio\/ricardo-arjona-hizo-vibrar-el-movistar-arena-durante-su-primera-noche-en-argentina\/#article","isPartOf":{"@id":"https:\/\/cuartetoenlaweb.com.ar\/sitio\/ricardo-arjona-hizo-vibrar-el-movistar-arena-durante-su-primera-noche-en-argentina\/"},"author":{"name":"","@id":""},"headline":"Ricardo Arjona hizo vibrar el Movistar Arena durante su primera noche en Argentina","datePublished":"2026-05-02T01:00:03+00:00","mainEntityOfPage":{"@id":"https:\/\/cuartetoenlaweb.com.ar\/sitio\/ricardo-arjona-hizo-vibrar-el-movistar-arena-durante-su-primera-noche-en-argentina\/"},"wordCount":322,"publisher":{"@id":"http:\/\/cuartetoenlaweb.com.ar\/sitio\/#organization"},"image":{"@id":"https:\/\/cuartetoenlaweb.com.ar\/sitio\/ricardo-arjona-hizo-vibrar-el-movistar-arena-durante-su-primera-noche-en-argentina\/#primaryimage"},"thumbnailUrl":"https:\/\/cuartetoenlaweb.com.ar\/sitio\/wp-content\/uploads\/2026\/05\/720-21.jpeg","articleSection":["PAIS"],"inLanguage":"es"},{"@type":"WebPage","@id":"https:\/\/cuartetoenlaweb.com.ar\/sitio\/ricardo-arjona-hizo-vibrar-el-movistar-arena-durante-su-primera-noche-en-argentina\/","url":"https:\/\/cuartetoenlaweb.com.ar\/sitio\/ricardo-arjona-hizo-vibrar-el-movistar-arena-durante-su-primera-noche-en-argentina\/","name":"Ricardo Arjona hizo vibrar el Movistar Arena durante su primera noche en Argentina - Cuarteto en la Web","isPartOf":{"@id":"http:\/\/cuartetoenlaweb.com.ar\/sitio\/#website"},"primaryImageOfPage":{"@id":"https:\/\/cuartetoenlaweb.com.ar\/sitio\/ricardo-arjona-hizo-vibrar-el-movistar-arena-durante-su-primera-noche-en-argentina\/#primaryimage"},"image":{"@id":"https:\/\/cuartetoenlaweb.com.ar\/sitio\/ricardo-arjona-hizo-vibrar-el-movistar-arena-durante-su-primera-noche-en-argentina\/#primaryimage"},"thumbnailUrl":"https:\/\/cuartetoenlaweb.com.ar\/sitio\/wp-content\/uploads\/2026\/05\/720-21.jpeg","datePublished":"2026-05-02T01:00:03+00:00","breadcrumb":{"@id":"https:\/\/cuartetoenlaweb.com.ar\/sitio\/ricardo-arjona-hizo-vibrar-el-movistar-arena-durante-su-primera-noche-en-argentina\/#breadcrumb"},"inLanguage":"es","potentialAction":[{"@type":"ReadAction","target":["https:\/\/cuartetoenlaweb.com.ar\/sitio\/ricardo-arjona-hizo-vibrar-el-movistar-arena-durante-su-primera-noche-en-argentina\/"]}]},{"@type":"ImageObject","inLanguage":"es","@id":"https:\/\/cuartetoenlaweb.com.ar\/sitio\/ricardo-arjona-hizo-vibrar-el-movistar-arena-durante-su-primera-noche-en-argentina\/#primaryimage","url":"https:\/\/cuartetoenlaweb.com.ar\/sitio\/wp-content\/uploads\/2026\/05\/720-21.jpeg","contentUrl":"https:\/\/cuartetoenlaweb.com.ar\/sitio\/wp-content\/uploads\/2026\/05\/720-21.jpeg","width":957,"height":720},{"@type":"BreadcrumbList","@id":"https:\/\/cuartetoenlaweb.com.ar\/sitio\/ricardo-arjona-hizo-vibrar-el-movistar-arena-durante-su-primera-noche-en-argentina\/#breadcrumb","itemListElement":[{"@type":"ListItem","position":1,"name":"Portada","item":"http:\/\/cuartetoenlaweb.com.ar\/sitio\/"},{"@type":"ListItem","position":2,"name":"Ricardo Arjona hizo vibrar el Movistar Arena durante su primera noche en Argentina"}]},{"@type":"WebSite","@id":"http:\/\/cuartetoenlaweb.com.ar\/sitio\/#website","url":"http:\/\/cuartetoenlaweb.com.ar\/sitio\/","name":"Cuarteto en la Web","description":"","publisher":{"@id":"http:\/\/cuartetoenlaweb.com.ar\/sitio\/#organization"},"potentialAction":[{"@type":"SearchAction","target":{"@type":"EntryPoint","urlTemplate":"http:\/\/cuartetoenlaweb.com.ar\/sitio\/?s={search_term_string}"},"query-input":{"@type":"PropertyValueSpecification","valueRequired":true,"valueName":"search_term_string"}}],"inLanguage":"es"},{"@type":"Organization","@id":"http:\/\/cuartetoenlaweb.com.ar\/sitio\/#organization","name":"Cuarteto en la Web","url":"http:\/\/cuartetoenlaweb.com.ar\/sitio\/","logo":{"@type":"ImageObject","inLanguage":"es","@id":"http:\/\/cuartetoenlaweb.com.ar\/sitio\/#\/schema\/logo\/image\/","url":"https:\/\/cuartetoenlaweb.com.ar\/sitio\/wp-content\/uploads\/2025\/07\/cropped-cropped-logitoweb21.png","contentUrl":"https:\/\/cuartetoenlaweb.com.ar\/sitio\/wp-content\/uploads\/2025\/07\/cropped-cropped-logitoweb21.png","width":199,"height":199,"caption":"Cuarteto en la Web"},"image":{"@id":"http:\/\/cuartetoenlaweb.com.ar\/sitio\/#\/schema\/logo\/image\/"}}]}},"_links":{"self":[{"href":"https:\/\/cuartetoenlaweb.com.ar\/sitio\/wp-json\/wp\/v2\/posts\/19590","targetHints":{"allow":["GET"]}}],"collection":[{"href":"https:\/\/cuartetoenlaweb.com.ar\/sitio\/wp-json\/wp\/v2\/posts"}],"about":[{"href":"https:\/\/cuartetoenlaweb.com.ar\/sitio\/wp-json\/wp\/v2\/types\/post"}],"replies":[{"embeddable":true,"href":"https:\/\/cuartetoenlaweb.com.ar\/sitio\/wp-json\/wp\/v2\/comments?post=19590"}],"version-history":[{"count":0,"href":"https:\/\/cuartetoenlaweb.com.ar\/sitio\/wp-json\/wp\/v2\/posts\/19590\/revisions"}],"wp:featuredmedia":[{"embeddable":true,"href":"https:\/\/cuartetoenlaweb.com.ar\/sitio\/wp-json\/wp\/v2\/media\/19591"}],"wp:attachment":[{"href":"https:\/\/cuartetoenlaweb.com.ar\/sitio\/wp-json\/wp\/v2\/media?parent=19590"}],"wp:term":[{"taxonomy":"category","embeddable":true,"href":"https:\/\/cuartetoenlaweb.com.ar\/sitio\/wp-json\/wp\/v2\/categories?post=19590"},{"taxonomy":"post_tag","embeddable":true,"href":"https:\/\/cuartetoenlaweb.com.ar\/sitio\/wp-json\/wp\/v2\/tags?post=19590"}],"curies":[{"name":"wp","href":"https:\/\/api.w.org\/{rel}","templated":true}]}}