
{"id":19588,"date":"2026-05-01T21:59:59","date_gmt":"2026-05-02T00:59:59","guid":{"rendered":"https:\/\/cuartetoenlaweb.com.ar\/sitio\/lo-he-explicado-hasta-el-cansancio-milei-arremete-contra-el-chanterio-por-los-datos-de-contraccion-monetaria\/"},"modified":"2026-05-01T21:59:59","modified_gmt":"2026-05-02T00:59:59","slug":"lo-he-explicado-hasta-el-cansancio-milei-arremete-contra-el-chanterio-por-los-datos-de-contraccion-monetaria","status":"publish","type":"post","link":"https:\/\/cuartetoenlaweb.com.ar\/sitio\/lo-he-explicado-hasta-el-cansancio-milei-arremete-contra-el-chanterio-por-los-datos-de-contraccion-monetaria\/","title":{"rendered":"&quot;Lo he explicado hasta el cansancio&quot;: Milei arremete contra el &quot;chanter\u00edo&quot; por los datos de contracci\u00f3n monetaria"},"content":{"rendered":"<p>Buenos Aires, 1 mayo (NA) &#8211; El presidente Javier Milei utiliz\u00f3 su cuenta de la red social X para reivindicar la marcha de su plan econ\u00f3mico, apoy\u00e1ndose en datos globales que muestran a la Argentina en una posici\u00f3n solitaria en materia de pol\u00edtica monetaria. <\/p>\n<p>Al comentar un informe del analista Octavio Tavi Costa fundador y CEO de Azuria Capital LLC, que sit\u00faa la contracci\u00f3n de la oferta monetaria argentina en un 11% anual en t\u00e9rminos de d\u00f3lares al 30 de abril de 2026, el mandatario lanza duras cr\u00edticas hacia los sectores que cuestionan su hoja de ruta.<\/p>\n<p>Con un tono desafiante, Milei afirma sobre la din\u00e1mica de las \u00abcondiciones monetarias relativas\u00bb: \u00abLo he explicado hasta el cansancio el a\u00f1o pasado\u00bb. <\/p>\n<p>El Jefe de Estado recuerda incluso que present\u00f3 las ecuaciones t\u00e9cnicas en transmisiones en vivo para demostrar la solidez de su postura, mencionando que dichas f\u00f3rmulas terminaron estampadas en prendas de vestir como s\u00edmbolo de su batalla cultural y econ\u00f3mica. Para el Ejecutivo, la escasez de pesos es una decisi\u00f3n deliberada y matem\u00e1tica, no un accidente.<\/p>\n<p>El Presidente no ahorra calificativos para sus detractores, se\u00f1alando que \u00abel chanter\u00edo local operaba devaluaci\u00f3n, buscando sembrar el terror\u00bb en la opini\u00f3n p\u00fablica. Seg\u00fan la visi\u00f3n de la Casa Rosada, los pron\u00f3sticos que vaticinaban un salto cambiario ignoran la realidad de un mercado donde la moneda nacional se contrae a un ritmo de dos d\u00edgitos, mientras que el resto del mundo \u2014con excepciones m\u00ednimas como Jap\u00f3n\u2014 contin\u00faa expandiendo el cr\u00e9dito sin disciplina.<\/p>\n<p>Los datos que respaldan el descargo presidencial muestran un contraste n\u00edtido: mientras potencias y pa\u00edses vecinos registran crecimientos en su masa monetaria de hasta el 30%, Argentina profundiza su pol\u00edtica de absorci\u00f3n y disciplina fiscal. Esta \u00abrareza\u00bb estad\u00edstica es la que Milei utiliza este viernes para desestimar las presiones cambiarias, sugiriendo que la falta de activos tangibles y la abundancia de cr\u00e9dito en el exterior validan su estrategia de saneamiento local.<\/p>\n<p>La nota de cierre de Milei, un tajante \u00ab\u00a1CIAO!\u00bb, busca dar por finalizada la discusi\u00f3n con los operadores que, a su juicio, intentaron desestabilizar el programa financiero. Al resaltar que Argentina es el \u00fanico pa\u00eds donde la oferta monetaria cae con tal fuerza, el mandatario refuerza su compromiso con la ortodoxia y el fin de la emisi\u00f3n, present\u00e1ndose como el \u00fanico l\u00edder dispuesto a aplicar las ecuaciones que, seg\u00fan \u00e9l, ya deriv\u00f3 y explic\u00f3 ante la sociedad de manera exhaustiva. #AgenciaNA<\/p>\n","protected":false},"excerpt":{"rendered":"<p>Buenos Aires, 1 mayo (NA) &#8211; El presidente Javier Milei<\/p>\n","protected":false},"author":0,"featured_media":19589,"comment_status":"","ping_status":"","sticky":false,"template":"","format":"standard","meta":{"footnotes":""},"categories":[65],"tags":[],"class_list":["post-19588","post","type-post","status-publish","format-standard","has-post-thumbnail","hentry","category-pais"],"yoast_head":"<!-- This site is optimized with the Yoast SEO plugin v27.5 - https:\/\/yoast.com\/product\/yoast-seo-wordpress\/ -->\n<title>&quot;Lo he explicado hasta el cansancio&quot;: Milei arremete contra el &quot;chanter\u00edo&quot; por los datos de contracci\u00f3n monetaria - Cuarteto en la Web<\/title>\n<meta name=\"robots\" content=\"index, follow, max-snippet:-1, max-image-preview:large, max-video-preview:-1\" \/>\n<link rel=\"canonical\" href=\"https:\/\/cuartetoenlaweb.com.ar\/sitio\/lo-he-explicado-hasta-el-cansancio-milei-arremete-contra-el-chanterio-por-los-datos-de-contraccion-monetaria\/\" \/>\n<meta property=\"og:locale\" content=\"es_ES\" \/>\n<meta property=\"og:type\" content=\"article\" \/>\n<meta property=\"og:title\" content=\"&quot;Lo he explicado hasta el cansancio&quot;: Milei arremete contra el &quot;chanter\u00edo&quot; por los datos de contracci\u00f3n monetaria - Cuarteto en la Web\" \/>\n<meta property=\"og:description\" content=\"Buenos Aires, 1 mayo (NA) &#8211; El presidente Javier Milei\" \/>\n<meta property=\"og:url\" content=\"https:\/\/cuartetoenlaweb.com.ar\/sitio\/lo-he-explicado-hasta-el-cansancio-milei-arremete-contra-el-chanterio-por-los-datos-de-contraccion-monetaria\/\" \/>\n<meta property=\"og:site_name\" content=\"Cuarteto en la Web\" \/>\n<meta property=\"article:published_time\" content=\"2026-05-02T00:59:59+00:00\" \/>\n<meta name=\"twitter:card\" content=\"summary_large_image\" \/>\n<meta name=\"twitter:label1\" content=\"Tiempo de lectura\" \/>\n\t<meta name=\"twitter:data1\" content=\"2 minutos\" \/>\n<script type=\"application\/ld+json\" class=\"yoast-schema-graph\">{\"@context\":\"https:\\\/\\\/schema.org\",\"@graph\":[{\"@type\":\"Article\",\"@id\":\"https:\\\/\\\/cuartetoenlaweb.com.ar\\\/sitio\\\/lo-he-explicado-hasta-el-cansancio-milei-arremete-contra-el-chanterio-por-los-datos-de-contraccion-monetaria\\\/#article\",\"isPartOf\":{\"@id\":\"https:\\\/\\\/cuartetoenlaweb.com.ar\\\/sitio\\\/lo-he-explicado-hasta-el-cansancio-milei-arremete-contra-el-chanterio-por-los-datos-de-contraccion-monetaria\\\/\"},\"author\":{\"name\":\"\",\"@id\":\"\"},\"headline\":\"&quot;Lo he explicado hasta el cansancio&quot;: Milei arremete contra el &quot;chanter\u00edo&quot; por los datos de contracci\u00f3n monetaria\",\"datePublished\":\"2026-05-02T00:59:59+00:00\",\"mainEntityOfPage\":{\"@id\":\"https:\\\/\\\/cuartetoenlaweb.com.ar\\\/sitio\\\/lo-he-explicado-hasta-el-cansancio-milei-arremete-contra-el-chanterio-por-los-datos-de-contraccion-monetaria\\\/\"},\"wordCount\":460,\"publisher\":{\"@id\":\"http:\\\/\\\/cuartetoenlaweb.com.ar\\\/sitio\\\/#organization\"},\"image\":{\"@id\":\"https:\\\/\\\/cuartetoenlaweb.com.ar\\\/sitio\\\/lo-he-explicado-hasta-el-cansancio-milei-arremete-contra-el-chanterio-por-los-datos-de-contraccion-monetaria\\\/#primaryimage\"},\"thumbnailUrl\":\"https:\\\/\\\/cuartetoenlaweb.com.ar\\\/sitio\\\/wp-content\\\/uploads\\\/2026\\\/05\\\/720-20.jpeg\",\"articleSection\":[\"PAIS\"],\"inLanguage\":\"es\"},{\"@type\":\"WebPage\",\"@id\":\"https:\\\/\\\/cuartetoenlaweb.com.ar\\\/sitio\\\/lo-he-explicado-hasta-el-cansancio-milei-arremete-contra-el-chanterio-por-los-datos-de-contraccion-monetaria\\\/\",\"url\":\"https:\\\/\\\/cuartetoenlaweb.com.ar\\\/sitio\\\/lo-he-explicado-hasta-el-cansancio-milei-arremete-contra-el-chanterio-por-los-datos-de-contraccion-monetaria\\\/\",\"name\":\"&quot;Lo he explicado hasta el cansancio&quot;: Milei arremete contra el &quot;chanter\u00edo&quot; por los datos de contracci\u00f3n monetaria - Cuarteto en la Web\",\"isPartOf\":{\"@id\":\"http:\\\/\\\/cuartetoenlaweb.com.ar\\\/sitio\\\/#website\"},\"primaryImageOfPage\":{\"@id\":\"https:\\\/\\\/cuartetoenlaweb.com.ar\\\/sitio\\\/lo-he-explicado-hasta-el-cansancio-milei-arremete-contra-el-chanterio-por-los-datos-de-contraccion-monetaria\\\/#primaryimage\"},\"image\":{\"@id\":\"https:\\\/\\\/cuartetoenlaweb.com.ar\\\/sitio\\\/lo-he-explicado-hasta-el-cansancio-milei-arremete-contra-el-chanterio-por-los-datos-de-contraccion-monetaria\\\/#primaryimage\"},\"thumbnailUrl\":\"https:\\\/\\\/cuartetoenlaweb.com.ar\\\/sitio\\\/wp-content\\\/uploads\\\/2026\\\/05\\\/720-20.jpeg\",\"datePublished\":\"2026-05-02T00:59:59+00:00\",\"breadcrumb\":{\"@id\":\"https:\\\/\\\/cuartetoenlaweb.com.ar\\\/sitio\\\/lo-he-explicado-hasta-el-cansancio-milei-arremete-contra-el-chanterio-por-los-datos-de-contraccion-monetaria\\\/#breadcrumb\"},\"inLanguage\":\"es\",\"potentialAction\":[{\"@type\":\"ReadAction\",\"target\":[\"https:\\\/\\\/cuartetoenlaweb.com.ar\\\/sitio\\\/lo-he-explicado-hasta-el-cansancio-milei-arremete-contra-el-chanterio-por-los-datos-de-contraccion-monetaria\\\/\"]}]},{\"@type\":\"ImageObject\",\"inLanguage\":\"es\",\"@id\":\"https:\\\/\\\/cuartetoenlaweb.com.ar\\\/sitio\\\/lo-he-explicado-hasta-el-cansancio-milei-arremete-contra-el-chanterio-por-los-datos-de-contraccion-monetaria\\\/#primaryimage\",\"url\":\"https:\\\/\\\/cuartetoenlaweb.com.ar\\\/sitio\\\/wp-content\\\/uploads\\\/2026\\\/05\\\/720-20.jpeg\",\"contentUrl\":\"https:\\\/\\\/cuartetoenlaweb.com.ar\\\/sitio\\\/wp-content\\\/uploads\\\/2026\\\/05\\\/720-20.jpeg\",\"width\":1197,\"height\":720},{\"@type\":\"BreadcrumbList\",\"@id\":\"https:\\\/\\\/cuartetoenlaweb.com.ar\\\/sitio\\\/lo-he-explicado-hasta-el-cansancio-milei-arremete-contra-el-chanterio-por-los-datos-de-contraccion-monetaria\\\/#breadcrumb\",\"itemListElement\":[{\"@type\":\"ListItem\",\"position\":1,\"name\":\"Portada\",\"item\":\"http:\\\/\\\/cuartetoenlaweb.com.ar\\\/sitio\\\/\"},{\"@type\":\"ListItem\",\"position\":2,\"name\":\"&quot;Lo he explicado hasta el cansancio&quot;: Milei arremete contra el &quot;chanter\u00edo&quot; por los datos de contracci\u00f3n monetaria\"}]},{\"@type\":\"WebSite\",\"@id\":\"http:\\\/\\\/cuartetoenlaweb.com.ar\\\/sitio\\\/#website\",\"url\":\"http:\\\/\\\/cuartetoenlaweb.com.ar\\\/sitio\\\/\",\"name\":\"Cuarteto en la Web\",\"description\":\"\",\"publisher\":{\"@id\":\"http:\\\/\\\/cuartetoenlaweb.com.ar\\\/sitio\\\/#organization\"},\"potentialAction\":[{\"@type\":\"SearchAction\",\"target\":{\"@type\":\"EntryPoint\",\"urlTemplate\":\"http:\\\/\\\/cuartetoenlaweb.com.ar\\\/sitio\\\/?s={search_term_string}\"},\"query-input\":{\"@type\":\"PropertyValueSpecification\",\"valueRequired\":true,\"valueName\":\"search_term_string\"}}],\"inLanguage\":\"es\"},{\"@type\":\"Organization\",\"@id\":\"http:\\\/\\\/cuartetoenlaweb.com.ar\\\/sitio\\\/#organization\",\"name\":\"Cuarteto en la Web\",\"url\":\"http:\\\/\\\/cuartetoenlaweb.com.ar\\\/sitio\\\/\",\"logo\":{\"@type\":\"ImageObject\",\"inLanguage\":\"es\",\"@id\":\"http:\\\/\\\/cuartetoenlaweb.com.ar\\\/sitio\\\/#\\\/schema\\\/logo\\\/image\\\/\",\"url\":\"https:\\\/\\\/cuartetoenlaweb.com.ar\\\/sitio\\\/wp-content\\\/uploads\\\/2025\\\/07\\\/cropped-cropped-logitoweb21.png\",\"contentUrl\":\"https:\\\/\\\/cuartetoenlaweb.com.ar\\\/sitio\\\/wp-content\\\/uploads\\\/2025\\\/07\\\/cropped-cropped-logitoweb21.png\",\"width\":199,\"height\":199,\"caption\":\"Cuarteto en la Web\"},\"image\":{\"@id\":\"http:\\\/\\\/cuartetoenlaweb.com.ar\\\/sitio\\\/#\\\/schema\\\/logo\\\/image\\\/\"}}]}<\/script>\n<!-- \/ Yoast SEO plugin. -->","yoast_head_json":{"title":"&quot;Lo he explicado hasta el cansancio&quot;: Milei arremete contra el &quot;chanter\u00edo&quot; por los datos de contracci\u00f3n monetaria - Cuarteto en la Web","robots":{"index":"index","follow":"follow","max-snippet":"max-snippet:-1","max-image-preview":"max-image-preview:large","max-video-preview":"max-video-preview:-1"},"canonical":"https:\/\/cuartetoenlaweb.com.ar\/sitio\/lo-he-explicado-hasta-el-cansancio-milei-arremete-contra-el-chanterio-por-los-datos-de-contraccion-monetaria\/","og_locale":"es_ES","og_type":"article","og_title":"&quot;Lo he explicado hasta el cansancio&quot;: Milei arremete contra el &quot;chanter\u00edo&quot; por los datos de contracci\u00f3n monetaria - Cuarteto en la Web","og_description":"Buenos Aires, 1 mayo (NA) &#8211; El presidente Javier Milei","og_url":"https:\/\/cuartetoenlaweb.com.ar\/sitio\/lo-he-explicado-hasta-el-cansancio-milei-arremete-contra-el-chanterio-por-los-datos-de-contraccion-monetaria\/","og_site_name":"Cuarteto en la Web","article_published_time":"2026-05-02T00:59:59+00:00","twitter_card":"summary_large_image","twitter_misc":{"Tiempo de lectura":"2 minutos"},"schema":{"@context":"https:\/\/schema.org","@graph":[{"@type":"Article","@id":"https:\/\/cuartetoenlaweb.com.ar\/sitio\/lo-he-explicado-hasta-el-cansancio-milei-arremete-contra-el-chanterio-por-los-datos-de-contraccion-monetaria\/#article","isPartOf":{"@id":"https:\/\/cuartetoenlaweb.com.ar\/sitio\/lo-he-explicado-hasta-el-cansancio-milei-arremete-contra-el-chanterio-por-los-datos-de-contraccion-monetaria\/"},"author":{"name":"","@id":""},"headline":"&quot;Lo he explicado hasta el cansancio&quot;: Milei arremete contra el &quot;chanter\u00edo&quot; por los datos de contracci\u00f3n monetaria","datePublished":"2026-05-02T00:59:59+00:00","mainEntityOfPage":{"@id":"https:\/\/cuartetoenlaweb.com.ar\/sitio\/lo-he-explicado-hasta-el-cansancio-milei-arremete-contra-el-chanterio-por-los-datos-de-contraccion-monetaria\/"},"wordCount":460,"publisher":{"@id":"http:\/\/cuartetoenlaweb.com.ar\/sitio\/#organization"},"image":{"@id":"https:\/\/cuartetoenlaweb.com.ar\/sitio\/lo-he-explicado-hasta-el-cansancio-milei-arremete-contra-el-chanterio-por-los-datos-de-contraccion-monetaria\/#primaryimage"},"thumbnailUrl":"https:\/\/cuartetoenlaweb.com.ar\/sitio\/wp-content\/uploads\/2026\/05\/720-20.jpeg","articleSection":["PAIS"],"inLanguage":"es"},{"@type":"WebPage","@id":"https:\/\/cuartetoenlaweb.com.ar\/sitio\/lo-he-explicado-hasta-el-cansancio-milei-arremete-contra-el-chanterio-por-los-datos-de-contraccion-monetaria\/","url":"https:\/\/cuartetoenlaweb.com.ar\/sitio\/lo-he-explicado-hasta-el-cansancio-milei-arremete-contra-el-chanterio-por-los-datos-de-contraccion-monetaria\/","name":"&quot;Lo he explicado hasta el cansancio&quot;: Milei arremete contra el &quot;chanter\u00edo&quot; por los datos de contracci\u00f3n monetaria - Cuarteto en la Web","isPartOf":{"@id":"http:\/\/cuartetoenlaweb.com.ar\/sitio\/#website"},"primaryImageOfPage":{"@id":"https:\/\/cuartetoenlaweb.com.ar\/sitio\/lo-he-explicado-hasta-el-cansancio-milei-arremete-contra-el-chanterio-por-los-datos-de-contraccion-monetaria\/#primaryimage"},"image":{"@id":"https:\/\/cuartetoenlaweb.com.ar\/sitio\/lo-he-explicado-hasta-el-cansancio-milei-arremete-contra-el-chanterio-por-los-datos-de-contraccion-monetaria\/#primaryimage"},"thumbnailUrl":"https:\/\/cuartetoenlaweb.com.ar\/sitio\/wp-content\/uploads\/2026\/05\/720-20.jpeg","datePublished":"2026-05-02T00:59:59+00:00","breadcrumb":{"@id":"https:\/\/cuartetoenlaweb.com.ar\/sitio\/lo-he-explicado-hasta-el-cansancio-milei-arremete-contra-el-chanterio-por-los-datos-de-contraccion-monetaria\/#breadcrumb"},"inLanguage":"es","potentialAction":[{"@type":"ReadAction","target":["https:\/\/cuartetoenlaweb.com.ar\/sitio\/lo-he-explicado-hasta-el-cansancio-milei-arremete-contra-el-chanterio-por-los-datos-de-contraccion-monetaria\/"]}]},{"@type":"ImageObject","inLanguage":"es","@id":"https:\/\/cuartetoenlaweb.com.ar\/sitio\/lo-he-explicado-hasta-el-cansancio-milei-arremete-contra-el-chanterio-por-los-datos-de-contraccion-monetaria\/#primaryimage","url":"https:\/\/cuartetoenlaweb.com.ar\/sitio\/wp-content\/uploads\/2026\/05\/720-20.jpeg","contentUrl":"https:\/\/cuartetoenlaweb.com.ar\/sitio\/wp-content\/uploads\/2026\/05\/720-20.jpeg","width":1197,"height":720},{"@type":"BreadcrumbList","@id":"https:\/\/cuartetoenlaweb.com.ar\/sitio\/lo-he-explicado-hasta-el-cansancio-milei-arremete-contra-el-chanterio-por-los-datos-de-contraccion-monetaria\/#breadcrumb","itemListElement":[{"@type":"ListItem","position":1,"name":"Portada","item":"http:\/\/cuartetoenlaweb.com.ar\/sitio\/"},{"@type":"ListItem","position":2,"name":"&quot;Lo he explicado hasta el cansancio&quot;: Milei arremete contra el &quot;chanter\u00edo&quot; por los datos de contracci\u00f3n monetaria"}]},{"@type":"WebSite","@id":"http:\/\/cuartetoenlaweb.com.ar\/sitio\/#website","url":"http:\/\/cuartetoenlaweb.com.ar\/sitio\/","name":"Cuarteto en la Web","description":"","publisher":{"@id":"http:\/\/cuartetoenlaweb.com.ar\/sitio\/#organization"},"potentialAction":[{"@type":"SearchAction","target":{"@type":"EntryPoint","urlTemplate":"http:\/\/cuartetoenlaweb.com.ar\/sitio\/?s={search_term_string}"},"query-input":{"@type":"PropertyValueSpecification","valueRequired":true,"valueName":"search_term_string"}}],"inLanguage":"es"},{"@type":"Organization","@id":"http:\/\/cuartetoenlaweb.com.ar\/sitio\/#organization","name":"Cuarteto en la Web","url":"http:\/\/cuartetoenlaweb.com.ar\/sitio\/","logo":{"@type":"ImageObject","inLanguage":"es","@id":"http:\/\/cuartetoenlaweb.com.ar\/sitio\/#\/schema\/logo\/image\/","url":"https:\/\/cuartetoenlaweb.com.ar\/sitio\/wp-content\/uploads\/2025\/07\/cropped-cropped-logitoweb21.png","contentUrl":"https:\/\/cuartetoenlaweb.com.ar\/sitio\/wp-content\/uploads\/2025\/07\/cropped-cropped-logitoweb21.png","width":199,"height":199,"caption":"Cuarteto en la Web"},"image":{"@id":"http:\/\/cuartetoenlaweb.com.ar\/sitio\/#\/schema\/logo\/image\/"}}]}},"_links":{"self":[{"href":"https:\/\/cuartetoenlaweb.com.ar\/sitio\/wp-json\/wp\/v2\/posts\/19588","targetHints":{"allow":["GET"]}}],"collection":[{"href":"https:\/\/cuartetoenlaweb.com.ar\/sitio\/wp-json\/wp\/v2\/posts"}],"about":[{"href":"https:\/\/cuartetoenlaweb.com.ar\/sitio\/wp-json\/wp\/v2\/types\/post"}],"replies":[{"embeddable":true,"href":"https:\/\/cuartetoenlaweb.com.ar\/sitio\/wp-json\/wp\/v2\/comments?post=19588"}],"version-history":[{"count":0,"href":"https:\/\/cuartetoenlaweb.com.ar\/sitio\/wp-json\/wp\/v2\/posts\/19588\/revisions"}],"wp:featuredmedia":[{"embeddable":true,"href":"https:\/\/cuartetoenlaweb.com.ar\/sitio\/wp-json\/wp\/v2\/media\/19589"}],"wp:attachment":[{"href":"https:\/\/cuartetoenlaweb.com.ar\/sitio\/wp-json\/wp\/v2\/media?parent=19588"}],"wp:term":[{"taxonomy":"category","embeddable":true,"href":"https:\/\/cuartetoenlaweb.com.ar\/sitio\/wp-json\/wp\/v2\/categories?post=19588"},{"taxonomy":"post_tag","embeddable":true,"href":"https:\/\/cuartetoenlaweb.com.ar\/sitio\/wp-json\/wp\/v2\/tags?post=19588"}],"curies":[{"name":"wp","href":"https:\/\/api.w.org\/{rel}","templated":true}]}}