
{"id":19582,"date":"2026-05-01T18:00:29","date_gmt":"2026-05-01T21:00:29","guid":{"rendered":"https:\/\/cuartetoenlaweb.com.ar\/sitio\/la-camara-pyme-de-salta-busca-nuevos-caminos-para-la-reactivacion-del-sector\/"},"modified":"2026-05-01T18:00:29","modified_gmt":"2026-05-01T21:00:29","slug":"la-camara-pyme-de-salta-busca-nuevos-caminos-para-la-reactivacion-del-sector","status":"publish","type":"post","link":"https:\/\/cuartetoenlaweb.com.ar\/sitio\/la-camara-pyme-de-salta-busca-nuevos-caminos-para-la-reactivacion-del-sector\/","title":{"rendered":"La C\u00e1mara Pyme de Salta busca nuevos caminos para la reactivaci\u00f3n del sector"},"content":{"rendered":"<p>El relevamiento de la <strong>C\u00e1mara Pyme de Salta<\/strong> advierte que la provincia cuenta con un estimado de 12 mil empresarios pymes, que concentra <strong>el 80 por ciento del empleo privado<\/strong>. \u00abHoy uno de los sectores m\u00e1s afectados de las Pymes salte\u00f1as es el \u00e1rea de la venta al mostrador\u00bb, alert\u00f3 Dar\u00edo Pellegrini, en su visita a <strong>El Tribuno<\/strong>, donde estuvo acompa\u00f1ado por Rodolfo G\u00e1mes, presidente de la Asociaci\u00f3n de Parques Industriales Argentinos (APIA) ; V\u00edctor Rosado, vocal de la Comisi\u00f3n de la C\u00e1mara Pyme de Salta y Miriam Guzm\u00e1n, contadora de la C\u00e1mara Pyme de Salta. <\/p>\n<p>Desde la C\u00e1mara de Pymes de Salta adelantaron que ya se logr\u00f3 la firma de un convenio de trabajo con APIA. \u00abDesde la C\u00e1mara estamos organizando un recorrido por el Parque Industrial de Salta con empresarios. Tambi\u00e9n se mantuvo una reuni\u00f3n con la Uni\u00f3n Industrial, en un encuentro promovido entre C\u00e1maras de Industria. Nosotros practicamos mucho la frase:<strong> \u00abLa uni\u00f3n es la clave\u00bb <\/strong>como herramienta para el crecimiento\u00bb, destac\u00f3 Pellegrini, y que busca desde la C\u00e1mara llevar adelante acciones concretas que permitan salir de la crisis que se encuentran varios sectores productivos de la peque\u00f1a y la mediana industria en Salta. <\/p>\n<p>Entre algunas de las acciones concreta que se est\u00e1n llevando a cabo desde la C\u00e1mara Pyme de Salta se destacan los encuentros con Pymes de otras provincias, las reuniones con el ministro de Producci\u00f3n y Miner\u00eda, Ignacio Lupi\u00f3n. \u00abHemos estado reunidos con el secretario de Energ\u00eda, con la Subsecretaria de Econom\u00eda del Conocimiento, en un recorrido intentando conocer en profundidad el tejido productivo de la provincia para que desde la experiencia de Rodolfo en APIA nos d\u00e9 una mirada hacia donde podemos encarar con mayor eficacia esta herramienta por la crisis\u00bb, explic\u00f3 Pellegrini.<\/p>\n<p><img decoding=\"async\" src=\"https:\/\/uscdn.eltribuno.com\/052026\/1777653134968.jpg\" \/><\/p>\n<p>En la actualidad la C\u00e1mara Pyme de Salta cuenta con 400 miembros. <strong>\u00abPara la ley, incluso para la C\u00e1mara, u<\/strong>na pyme es simplemente una persona que abre un CUIT ya se convierte para la ley en una Pyme. Ya sea un quiosco, un taxista, un vendedor de seguro, en forma individual ya constituye una Pyme. Hay muchos empresarios que dicen, \u00abno, yo no soy pyme, yo soy quiosquero\u00bb. Es una Pyme y tiene un rol important\u00edsimo dentro del movimiento\u00bb, explic\u00f3 el presidente de la C\u00e1mara. <\/p>\n<p>Desde la C\u00e1mara, en en memoria por la conmemoraci\u00f3n del 1\u00ba de Mayo, est\u00e1n inaugurando una frase,  que es una etiqueta que se apunta a colocar en los negocios, veh\u00edculos, que dice: <strong>\u00abEmpresa al servicio del pa\u00eds\u00bb. <\/strong><br \/>\u00abConsideramos que es un dato certero que la gente tiene que incorporar. Las Pymes hoy representan m\u00e1s del 97% de la cantidad de empresas del pa\u00eds y empleamos el 80% del empleo privado. Entonces, la clave del funcionamiento del pa\u00eds es Pyme, por lo cual la crisis Pyme no deja de ser una crisis de contexto nacional\u00bb, dijo Pellegrini <\/p>\n<p>Un problema com\u00fan: la falta de ventas<\/p>\n<p>Los \u00edndices indican que la venta de cualquier producto, servicio o producto en general, est\u00e1 dif\u00edcil, en bajas, en ca\u00eddas. \u00abTodos tenemos el mismo problema en com\u00fan, que es la falta de consumo y en una crisis de doble pinza. Falta de consumo, por un lado, o sea, falta de ingreso de la Pyme, y por otro, un aumento de costo. Entonces es una f\u00f3rmula, digamos, de muerte asegurada. Entendiendo que una c\u00e1mara o un empresario no puede manejar ni la micro ni la macro econom\u00eda del pa\u00eds ni de la provincia, <strong> lo que estamos haciendo es trabajar en herramientas, por un lado, de reducir los costos:<\/strong> sistemas asociativos, pules de compra, compartir oficina, compartir transporte. De ah\u00ed viene esa frase que nosotros machacamos, que es la uni\u00f3n es la clave, y por otro lado, trabajar en el aumento de las posibilidades de venta o de consumo\u00bb. agreg\u00f3.<\/p>\n<p>Pellegrini advierte que la clave en este momento coyuntural es buscar ventas fuera del  espacio de comodidad y desde ya bajar los costos en forma inteligente.  \u00abDigo en forma inteligente, despedir un empleado no es bajar un costo en forma inteligente,  es <strong>disminuir el costo<\/strong>, pero pierdo tambi\u00e9n un colaborador y una persona formada. Hoy la Pyme est\u00e1 concentrada en evitar el despido, trabajando en otras matrices de reducci\u00f3n de costo. Y, estamos muy preocupados por la presi\u00f3n fiscal.  Estamos viviendo una presi\u00f3n fiscal y de cobro por parte de ARCA jam\u00e1s vista, justo en el momento jam\u00e1s visto en falta de venta\u00bb, detall\u00f3<\/p>\n<p>\u00abEs un reclamo permanente de que el gobierno nos ayude gener\u00e1ndonos herramientas y espacio para<strong> juntar el dinero para pagar los impuestos\u00bb<\/strong>, agreg\u00f3. <\/p>\n<p><img decoding=\"async\" src=\"https:\/\/uscdn.eltribuno.com\/052026\/1777653136687.jpg\" \/><\/p>\n<p>Uno de los sectores m\u00e1s afectados por las crisis de las Pyme es  es el comercio mostrador. Todo ese comercio que tiene un costo fijo alto, la zapater\u00eda, la venta de tela, que tiene ese costo fijo del empleado, de la luz, del alquiler, que est\u00e1 muy afectado por ese aumento de costo sumado a una reducci\u00f3n de venta. \u00abParte de la venta ha cambiado,  hacia la venta electr\u00f3nica o el consumo online, y eso afecta al mostrador. Mucho de ese consumo online tambi\u00e9n est\u00e1 relacionado con el cierre de la Pyme. Nosotros tenemos socios que han cerrado su negocio de venta al p\u00fablico, ) porque no pueden pagar los costos, y se han transformado en un negocio online\u00bb, explicaron desde la C\u00e1mara.<\/p>\n<p>Se suman a la crisis otros dos sectores. <strong>Aparte del negocio mostrador, uno es el turismo, con toda su cadena: <\/strong>gastron\u00f3mica, traslado, taxi, hoteler\u00eda, agencias. \u00abUn ejemplo que venimos viendo muy claro es que hace dos a\u00f1os atr\u00e1s un hotel necesitaba el 30% de ocupaci\u00f3n para pagar sus costos,) hoy ese hotel necesita el 60% para pagar sus costos. Entonces cuando se habla de que la hoteler\u00eda se ocup\u00f3 un fin de semana, unl 80%, es s\u00f3lo el 20% por arriba de los costos\u00bb, explic\u00f3 Pellegrini.<\/p>\n<p> Y por \u00faltimo el <strong>sector proveedor minero.<\/strong> \u00abTodas esas empresas reconvertidas en proveedores de miner\u00eda, ante la ca\u00edda de consumo de la miner\u00eda, ca\u00edda especulativa de inversi\u00f3n para esperar que salgan los RIGI, etc.,  hace que ese proveedor minero que confi\u00f3 en la miner\u00eda, que apag\u00f3 todas sus luces tradicionales y se convirti\u00f3 \u00fanicamente en proveedor minero, haya quedado hoy desocupado. Hemos detectado empresas que hab\u00edan abierto, que cerraron y se fueron a trabajar a otro lado, o volvieron a sus provincias de origen,  y otras que est\u00e1n intentando volver a sus negocios anteriores\u00bb, entr\u00f3 en detalle el presidente de la C\u00e1mara. <\/p>\n<p>Locales vac\u00edos<\/p>\n<p>Miriam Guzm\u00e1n, contadora de la C\u00e1mara Pyme advierte sobre los cambios que se est\u00e1n dando en el \u00e1rea comercial del centro de la ciudad de Salta. \u00abEn un sector que comprende 8 cuadras del centro comercial de Salta como es la calle Belgrano y 20 de Febrero y la calle Pueyrred\u00f3n tenes un total de <strong>30 locales vac\u00edos<\/strong>.  Cuadras hist\u00f3ricas de mucho tr\u00e1nsito, de mucho comercio. Ese es el s\u00edntoma de la falta de consumo, nuestra enfermedad, es la falta de consumo. El s\u00edntoma es el negocio cerrado, el posible despido, la reconversi\u00f3n de su ocupaci\u00f3n. <strong> Ese empresario que antes era una empresa de turismo y hoy es un Uber.<\/strong> Lla p\u00e9rdida de competitividad, de calidad del puesto laboral\u00bb, destall\u00f3 Guzm\u00e1n, describiendo una postal de lo que ocurre con los locales comerciales en el centro de la ciudad de Salta. <\/p>\n<p>Enfoque colaborativo<\/p>\n<p>Desde la C\u00e1mara apuntan a aumentar nuestro espectro colaborativo, focalizar la parte formativa para en mejorar la competitividad. Todos los martes, la C\u00e1mara de Pymes de Salta ofrece encuentros que buscar promover las herramientas espec\u00edficas para cada negocio.  Este martes pasado el encuentro estuvo destinado al sector de indumentaria y turismo.<\/p>\n<p>\u00abEn base a esa l\u00ednea es que hicimos la alianza con APIA,  buscando nuevos mercados, pero tambi\u00e9n viendo qu\u00e9 hace el resto del pa\u00eds\u00bb, expres\u00f3 Pellegrini.<\/p>\n<p>Desde APIA<strong>, Rodolfo G\u00e1mes, destac\u00f3 que la asociaci\u00f3n tiene 400 miembros<\/strong>. \u00abAPIA es muy federal, tiene parques absolutamente en todas las provincias de la Argentina. Tenemos una visi\u00f3n federal mundial, lo que nos permite estar permanentemente en contacto con todas las provincias.<\/p>\n<p>La problem\u00e1tica de los parques de Salta es com\u00fan a la problem\u00e1tica de la mayor\u00eda  de los parques, que tiene que ver con el atraso en infraestructuras. Hoy la empresa, sobre todo la empresa extranjera, la inversi\u00f3n que viene atra\u00edda por lo que estamos viendo en la econom\u00eda,  por ejemplo, la miner\u00eda, busca radicarse en sitios que le favorezcan la competitividad. Vemos un d\u00e9ficit de infraestructuras,  no es f\u00e1cil en estos tiempos hacerlas, pero no es tampoco imposible\u00bb, explic\u00f3 G\u00e1mes. <\/p>\n<p>Con respecto a las necesidades espec\u00edficas de los parques industriales de Salta, G\u00e1mes desta\u00f3 la necesidad de un gerenciamiento moderno acorde con la demanda de las nuevas realidades. \u00abTener una buena comisi\u00f3n directiva, tener un gerenciamiento productivo que est\u00e9 permanentemente buscando alternativas de financiamiento externo, para promover este tipo de obras de infraestructuras. Hay que tener un gerente o una persona, un encargado que est\u00e9 permanentemente hacia adentro, que es lo que necesitan las empresas, y hacia afuera,  que es lo que hay para el mejoramiento del parque\u00bb, detall\u00f3 G\u00e1mes. <\/p>\n<p>\u00ab<strong>Hoy falta estructura y maquinaria<\/strong>.  Nosotros decimos que el parque industrial es conocido porque le da competitividad) a las empresas, es lo m\u00e1s com\u00fan, pero el parque tiene otras dos funciones  que nos son m\u00e1s o menos importantes. Uno que favorece la convivencia de los vecinos, sacando de las ciudades, las grandes actividades que generan  accidentes, tr\u00e1nsito, humo, ruido, y adem\u00e1s es un factor important\u00edsimo de desarrollo local, de desarrollo de la regi\u00f3n\u00bb, expres\u00f3 el titular de APIA.<\/p>\n<p>G\u00e1mes agreg\u00f3 que es el momento para atraer maquinaria, en t\u00e9rminos de d\u00f3lares est\u00e1 barata. \u00abY si fabrico trigo y si lo vendo sin valor,  lo transformo en harina, lo transformo en fideos. Hay que trabajar haciendo sinergia, nosotros estamos promulgando los grupos asociativos, es decir, hay que reducir costos, costos de materia prima. Y en conjuntos es m\u00e1s f\u00e1cil y m\u00e1s barato\u00bb, agreg\u00f3. <\/p>\n<p>Desde APIA destacaron de uno de los problema para llegar al trabajo en conjunto es la desconfianza es imposible el asociativismo. \u00ab<strong>Tenemos que trabajar paradigmas  y salir de nuestra zona de confort<\/strong>\u00ab, afirm\u00f3 Pellegrini.<\/p>\n","protected":false},"excerpt":{"rendered":"<p>El relevamiento de la C\u00e1mara Pyme de Salta advierte que<\/p>\n","protected":false},"author":0,"featured_media":19583,"comment_status":"","ping_status":"","sticky":false,"template":"","format":"standard","meta":{"footnotes":""},"categories":[65],"tags":[],"class_list":["post-19582","post","type-post","status-publish","format-standard","has-post-thumbnail","hentry","category-pais"],"yoast_head":"<!-- This site is optimized with the Yoast SEO plugin v27.5 - https:\/\/yoast.com\/product\/yoast-seo-wordpress\/ -->\n<title>La C\u00e1mara Pyme de Salta busca nuevos caminos para la reactivaci\u00f3n del sector - Cuarteto en la Web<\/title>\n<meta name=\"robots\" content=\"index, follow, max-snippet:-1, max-image-preview:large, max-video-preview:-1\" \/>\n<link rel=\"canonical\" href=\"https:\/\/cuartetoenlaweb.com.ar\/sitio\/la-camara-pyme-de-salta-busca-nuevos-caminos-para-la-reactivacion-del-sector\/\" \/>\n<meta property=\"og:locale\" content=\"es_ES\" \/>\n<meta property=\"og:type\" content=\"article\" \/>\n<meta property=\"og:title\" content=\"La C\u00e1mara Pyme de Salta busca nuevos caminos para la reactivaci\u00f3n del sector - Cuarteto en la Web\" \/>\n<meta property=\"og:description\" content=\"El relevamiento de la C\u00e1mara Pyme de Salta advierte que\" \/>\n<meta property=\"og:url\" content=\"https:\/\/cuartetoenlaweb.com.ar\/sitio\/la-camara-pyme-de-salta-busca-nuevos-caminos-para-la-reactivacion-del-sector\/\" \/>\n<meta property=\"og:site_name\" content=\"Cuarteto en la Web\" \/>\n<meta property=\"article:published_time\" content=\"2026-05-01T21:00:29+00:00\" \/>\n<meta property=\"og:image\" content=\"https:\/\/uscdn.eltribuno.com\/052026\/1777653134968.jpg\" \/>\n<meta name=\"twitter:card\" content=\"summary_large_image\" \/>\n<meta name=\"twitter:label1\" content=\"Tiempo de lectura\" \/>\n\t<meta name=\"twitter:data1\" content=\"9 minutos\" \/>\n<script type=\"application\/ld+json\" class=\"yoast-schema-graph\">{\"@context\":\"https:\\\/\\\/schema.org\",\"@graph\":[{\"@type\":\"Article\",\"@id\":\"https:\\\/\\\/cuartetoenlaweb.com.ar\\\/sitio\\\/la-camara-pyme-de-salta-busca-nuevos-caminos-para-la-reactivacion-del-sector\\\/#article\",\"isPartOf\":{\"@id\":\"https:\\\/\\\/cuartetoenlaweb.com.ar\\\/sitio\\\/la-camara-pyme-de-salta-busca-nuevos-caminos-para-la-reactivacion-del-sector\\\/\"},\"author\":{\"name\":\"\",\"@id\":\"\"},\"headline\":\"La C\u00e1mara Pyme de Salta busca nuevos caminos para la reactivaci\u00f3n del sector\",\"datePublished\":\"2026-05-01T21:00:29+00:00\",\"mainEntityOfPage\":{\"@id\":\"https:\\\/\\\/cuartetoenlaweb.com.ar\\\/sitio\\\/la-camara-pyme-de-salta-busca-nuevos-caminos-para-la-reactivacion-del-sector\\\/\"},\"wordCount\":1799,\"publisher\":{\"@id\":\"http:\\\/\\\/cuartetoenlaweb.com.ar\\\/sitio\\\/#organization\"},\"image\":{\"@id\":\"https:\\\/\\\/cuartetoenlaweb.com.ar\\\/sitio\\\/la-camara-pyme-de-salta-busca-nuevos-caminos-para-la-reactivacion-del-sector\\\/#primaryimage\"},\"thumbnailUrl\":\"https:\\\/\\\/cuartetoenlaweb.com.ar\\\/sitio\\\/wp-content\\\/uploads\\\/2026\\\/05\\\/1777653134968.jpg\",\"articleSection\":[\"PAIS\"],\"inLanguage\":\"es\"},{\"@type\":\"WebPage\",\"@id\":\"https:\\\/\\\/cuartetoenlaweb.com.ar\\\/sitio\\\/la-camara-pyme-de-salta-busca-nuevos-caminos-para-la-reactivacion-del-sector\\\/\",\"url\":\"https:\\\/\\\/cuartetoenlaweb.com.ar\\\/sitio\\\/la-camara-pyme-de-salta-busca-nuevos-caminos-para-la-reactivacion-del-sector\\\/\",\"name\":\"La C\u00e1mara Pyme de Salta busca nuevos caminos para la reactivaci\u00f3n del sector - Cuarteto en la Web\",\"isPartOf\":{\"@id\":\"http:\\\/\\\/cuartetoenlaweb.com.ar\\\/sitio\\\/#website\"},\"primaryImageOfPage\":{\"@id\":\"https:\\\/\\\/cuartetoenlaweb.com.ar\\\/sitio\\\/la-camara-pyme-de-salta-busca-nuevos-caminos-para-la-reactivacion-del-sector\\\/#primaryimage\"},\"image\":{\"@id\":\"https:\\\/\\\/cuartetoenlaweb.com.ar\\\/sitio\\\/la-camara-pyme-de-salta-busca-nuevos-caminos-para-la-reactivacion-del-sector\\\/#primaryimage\"},\"thumbnailUrl\":\"https:\\\/\\\/cuartetoenlaweb.com.ar\\\/sitio\\\/wp-content\\\/uploads\\\/2026\\\/05\\\/1777653134968.jpg\",\"datePublished\":\"2026-05-01T21:00:29+00:00\",\"breadcrumb\":{\"@id\":\"https:\\\/\\\/cuartetoenlaweb.com.ar\\\/sitio\\\/la-camara-pyme-de-salta-busca-nuevos-caminos-para-la-reactivacion-del-sector\\\/#breadcrumb\"},\"inLanguage\":\"es\",\"potentialAction\":[{\"@type\":\"ReadAction\",\"target\":[\"https:\\\/\\\/cuartetoenlaweb.com.ar\\\/sitio\\\/la-camara-pyme-de-salta-busca-nuevos-caminos-para-la-reactivacion-del-sector\\\/\"]}]},{\"@type\":\"ImageObject\",\"inLanguage\":\"es\",\"@id\":\"https:\\\/\\\/cuartetoenlaweb.com.ar\\\/sitio\\\/la-camara-pyme-de-salta-busca-nuevos-caminos-para-la-reactivacion-del-sector\\\/#primaryimage\",\"url\":\"https:\\\/\\\/cuartetoenlaweb.com.ar\\\/sitio\\\/wp-content\\\/uploads\\\/2026\\\/05\\\/1777653134968.jpg\",\"contentUrl\":\"https:\\\/\\\/cuartetoenlaweb.com.ar\\\/sitio\\\/wp-content\\\/uploads\\\/2026\\\/05\\\/1777653134968.jpg\",\"width\":1500,\"height\":843},{\"@type\":\"BreadcrumbList\",\"@id\":\"https:\\\/\\\/cuartetoenlaweb.com.ar\\\/sitio\\\/la-camara-pyme-de-salta-busca-nuevos-caminos-para-la-reactivacion-del-sector\\\/#breadcrumb\",\"itemListElement\":[{\"@type\":\"ListItem\",\"position\":1,\"name\":\"Portada\",\"item\":\"http:\\\/\\\/cuartetoenlaweb.com.ar\\\/sitio\\\/\"},{\"@type\":\"ListItem\",\"position\":2,\"name\":\"La C\u00e1mara Pyme de Salta busca nuevos caminos para la reactivaci\u00f3n del sector\"}]},{\"@type\":\"WebSite\",\"@id\":\"http:\\\/\\\/cuartetoenlaweb.com.ar\\\/sitio\\\/#website\",\"url\":\"http:\\\/\\\/cuartetoenlaweb.com.ar\\\/sitio\\\/\",\"name\":\"Cuarteto en la Web\",\"description\":\"\",\"publisher\":{\"@id\":\"http:\\\/\\\/cuartetoenlaweb.com.ar\\\/sitio\\\/#organization\"},\"potentialAction\":[{\"@type\":\"SearchAction\",\"target\":{\"@type\":\"EntryPoint\",\"urlTemplate\":\"http:\\\/\\\/cuartetoenlaweb.com.ar\\\/sitio\\\/?s={search_term_string}\"},\"query-input\":{\"@type\":\"PropertyValueSpecification\",\"valueRequired\":true,\"valueName\":\"search_term_string\"}}],\"inLanguage\":\"es\"},{\"@type\":\"Organization\",\"@id\":\"http:\\\/\\\/cuartetoenlaweb.com.ar\\\/sitio\\\/#organization\",\"name\":\"Cuarteto en la Web\",\"url\":\"http:\\\/\\\/cuartetoenlaweb.com.ar\\\/sitio\\\/\",\"logo\":{\"@type\":\"ImageObject\",\"inLanguage\":\"es\",\"@id\":\"http:\\\/\\\/cuartetoenlaweb.com.ar\\\/sitio\\\/#\\\/schema\\\/logo\\\/image\\\/\",\"url\":\"https:\\\/\\\/cuartetoenlaweb.com.ar\\\/sitio\\\/wp-content\\\/uploads\\\/2025\\\/07\\\/cropped-cropped-logitoweb21.png\",\"contentUrl\":\"https:\\\/\\\/cuartetoenlaweb.com.ar\\\/sitio\\\/wp-content\\\/uploads\\\/2025\\\/07\\\/cropped-cropped-logitoweb21.png\",\"width\":199,\"height\":199,\"caption\":\"Cuarteto en la Web\"},\"image\":{\"@id\":\"http:\\\/\\\/cuartetoenlaweb.com.ar\\\/sitio\\\/#\\\/schema\\\/logo\\\/image\\\/\"}}]}<\/script>\n<!-- \/ Yoast SEO plugin. -->","yoast_head_json":{"title":"La C\u00e1mara Pyme de Salta busca nuevos caminos para la reactivaci\u00f3n del sector - Cuarteto en la Web","robots":{"index":"index","follow":"follow","max-snippet":"max-snippet:-1","max-image-preview":"max-image-preview:large","max-video-preview":"max-video-preview:-1"},"canonical":"https:\/\/cuartetoenlaweb.com.ar\/sitio\/la-camara-pyme-de-salta-busca-nuevos-caminos-para-la-reactivacion-del-sector\/","og_locale":"es_ES","og_type":"article","og_title":"La C\u00e1mara Pyme de Salta busca nuevos caminos para la reactivaci\u00f3n del sector - Cuarteto en la Web","og_description":"El relevamiento de la C\u00e1mara Pyme de Salta advierte que","og_url":"https:\/\/cuartetoenlaweb.com.ar\/sitio\/la-camara-pyme-de-salta-busca-nuevos-caminos-para-la-reactivacion-del-sector\/","og_site_name":"Cuarteto en la Web","article_published_time":"2026-05-01T21:00:29+00:00","og_image":[{"url":"https:\/\/uscdn.eltribuno.com\/052026\/1777653134968.jpg","type":"","width":"","height":""}],"twitter_card":"summary_large_image","twitter_misc":{"Tiempo de lectura":"9 minutos"},"schema":{"@context":"https:\/\/schema.org","@graph":[{"@type":"Article","@id":"https:\/\/cuartetoenlaweb.com.ar\/sitio\/la-camara-pyme-de-salta-busca-nuevos-caminos-para-la-reactivacion-del-sector\/#article","isPartOf":{"@id":"https:\/\/cuartetoenlaweb.com.ar\/sitio\/la-camara-pyme-de-salta-busca-nuevos-caminos-para-la-reactivacion-del-sector\/"},"author":{"name":"","@id":""},"headline":"La C\u00e1mara Pyme de Salta busca nuevos caminos para la reactivaci\u00f3n del sector","datePublished":"2026-05-01T21:00:29+00:00","mainEntityOfPage":{"@id":"https:\/\/cuartetoenlaweb.com.ar\/sitio\/la-camara-pyme-de-salta-busca-nuevos-caminos-para-la-reactivacion-del-sector\/"},"wordCount":1799,"publisher":{"@id":"http:\/\/cuartetoenlaweb.com.ar\/sitio\/#organization"},"image":{"@id":"https:\/\/cuartetoenlaweb.com.ar\/sitio\/la-camara-pyme-de-salta-busca-nuevos-caminos-para-la-reactivacion-del-sector\/#primaryimage"},"thumbnailUrl":"https:\/\/cuartetoenlaweb.com.ar\/sitio\/wp-content\/uploads\/2026\/05\/1777653134968.jpg","articleSection":["PAIS"],"inLanguage":"es"},{"@type":"WebPage","@id":"https:\/\/cuartetoenlaweb.com.ar\/sitio\/la-camara-pyme-de-salta-busca-nuevos-caminos-para-la-reactivacion-del-sector\/","url":"https:\/\/cuartetoenlaweb.com.ar\/sitio\/la-camara-pyme-de-salta-busca-nuevos-caminos-para-la-reactivacion-del-sector\/","name":"La C\u00e1mara Pyme de Salta busca nuevos caminos para la reactivaci\u00f3n del sector - Cuarteto en la Web","isPartOf":{"@id":"http:\/\/cuartetoenlaweb.com.ar\/sitio\/#website"},"primaryImageOfPage":{"@id":"https:\/\/cuartetoenlaweb.com.ar\/sitio\/la-camara-pyme-de-salta-busca-nuevos-caminos-para-la-reactivacion-del-sector\/#primaryimage"},"image":{"@id":"https:\/\/cuartetoenlaweb.com.ar\/sitio\/la-camara-pyme-de-salta-busca-nuevos-caminos-para-la-reactivacion-del-sector\/#primaryimage"},"thumbnailUrl":"https:\/\/cuartetoenlaweb.com.ar\/sitio\/wp-content\/uploads\/2026\/05\/1777653134968.jpg","datePublished":"2026-05-01T21:00:29+00:00","breadcrumb":{"@id":"https:\/\/cuartetoenlaweb.com.ar\/sitio\/la-camara-pyme-de-salta-busca-nuevos-caminos-para-la-reactivacion-del-sector\/#breadcrumb"},"inLanguage":"es","potentialAction":[{"@type":"ReadAction","target":["https:\/\/cuartetoenlaweb.com.ar\/sitio\/la-camara-pyme-de-salta-busca-nuevos-caminos-para-la-reactivacion-del-sector\/"]}]},{"@type":"ImageObject","inLanguage":"es","@id":"https:\/\/cuartetoenlaweb.com.ar\/sitio\/la-camara-pyme-de-salta-busca-nuevos-caminos-para-la-reactivacion-del-sector\/#primaryimage","url":"https:\/\/cuartetoenlaweb.com.ar\/sitio\/wp-content\/uploads\/2026\/05\/1777653134968.jpg","contentUrl":"https:\/\/cuartetoenlaweb.com.ar\/sitio\/wp-content\/uploads\/2026\/05\/1777653134968.jpg","width":1500,"height":843},{"@type":"BreadcrumbList","@id":"https:\/\/cuartetoenlaweb.com.ar\/sitio\/la-camara-pyme-de-salta-busca-nuevos-caminos-para-la-reactivacion-del-sector\/#breadcrumb","itemListElement":[{"@type":"ListItem","position":1,"name":"Portada","item":"http:\/\/cuartetoenlaweb.com.ar\/sitio\/"},{"@type":"ListItem","position":2,"name":"La C\u00e1mara Pyme de Salta busca nuevos caminos para la reactivaci\u00f3n del sector"}]},{"@type":"WebSite","@id":"http:\/\/cuartetoenlaweb.com.ar\/sitio\/#website","url":"http:\/\/cuartetoenlaweb.com.ar\/sitio\/","name":"Cuarteto en la Web","description":"","publisher":{"@id":"http:\/\/cuartetoenlaweb.com.ar\/sitio\/#organization"},"potentialAction":[{"@type":"SearchAction","target":{"@type":"EntryPoint","urlTemplate":"http:\/\/cuartetoenlaweb.com.ar\/sitio\/?s={search_term_string}"},"query-input":{"@type":"PropertyValueSpecification","valueRequired":true,"valueName":"search_term_string"}}],"inLanguage":"es"},{"@type":"Organization","@id":"http:\/\/cuartetoenlaweb.com.ar\/sitio\/#organization","name":"Cuarteto en la Web","url":"http:\/\/cuartetoenlaweb.com.ar\/sitio\/","logo":{"@type":"ImageObject","inLanguage":"es","@id":"http:\/\/cuartetoenlaweb.com.ar\/sitio\/#\/schema\/logo\/image\/","url":"https:\/\/cuartetoenlaweb.com.ar\/sitio\/wp-content\/uploads\/2025\/07\/cropped-cropped-logitoweb21.png","contentUrl":"https:\/\/cuartetoenlaweb.com.ar\/sitio\/wp-content\/uploads\/2025\/07\/cropped-cropped-logitoweb21.png","width":199,"height":199,"caption":"Cuarteto en la Web"},"image":{"@id":"http:\/\/cuartetoenlaweb.com.ar\/sitio\/#\/schema\/logo\/image\/"}}]}},"_links":{"self":[{"href":"https:\/\/cuartetoenlaweb.com.ar\/sitio\/wp-json\/wp\/v2\/posts\/19582","targetHints":{"allow":["GET"]}}],"collection":[{"href":"https:\/\/cuartetoenlaweb.com.ar\/sitio\/wp-json\/wp\/v2\/posts"}],"about":[{"href":"https:\/\/cuartetoenlaweb.com.ar\/sitio\/wp-json\/wp\/v2\/types\/post"}],"replies":[{"embeddable":true,"href":"https:\/\/cuartetoenlaweb.com.ar\/sitio\/wp-json\/wp\/v2\/comments?post=19582"}],"version-history":[{"count":0,"href":"https:\/\/cuartetoenlaweb.com.ar\/sitio\/wp-json\/wp\/v2\/posts\/19582\/revisions"}],"wp:featuredmedia":[{"embeddable":true,"href":"https:\/\/cuartetoenlaweb.com.ar\/sitio\/wp-json\/wp\/v2\/media\/19583"}],"wp:attachment":[{"href":"https:\/\/cuartetoenlaweb.com.ar\/sitio\/wp-json\/wp\/v2\/media?parent=19582"}],"wp:term":[{"taxonomy":"category","embeddable":true,"href":"https:\/\/cuartetoenlaweb.com.ar\/sitio\/wp-json\/wp\/v2\/categories?post=19582"},{"taxonomy":"post_tag","embeddable":true,"href":"https:\/\/cuartetoenlaweb.com.ar\/sitio\/wp-json\/wp\/v2\/tags?post=19582"}],"curies":[{"name":"wp","href":"https:\/\/api.w.org\/{rel}","templated":true}]}}