
{"id":19580,"date":"2026-05-01T18:00:25","date_gmt":"2026-05-01T21:00:25","guid":{"rendered":"https:\/\/cuartetoenlaweb.com.ar\/sitio\/luna-llena-de-mayo-las-fechas-clave-para-rituales-y-conexion-espiritual\/"},"modified":"2026-05-01T18:00:25","modified_gmt":"2026-05-01T21:00:25","slug":"luna-llena-de-mayo-las-fechas-clave-para-rituales-y-conexion-espiritual","status":"publish","type":"post","link":"https:\/\/cuartetoenlaweb.com.ar\/sitio\/luna-llena-de-mayo-las-fechas-clave-para-rituales-y-conexion-espiritual\/","title":{"rendered":"Luna llena de mayo: las fechas clave para rituales y conexi\u00f3n espiritual"},"content":{"rendered":"<p>Mayo se presenta con un calendario lunar cargado de<strong> significado espiritual y energ\u00e9tico<\/strong>. El primer gran hito llega este 1 de mayo con la<strong> Luna de Wesak<\/strong>, una luna llena en Escorpio considerada una de las m\u00e1s importantes dentro de distintas tradiciones espirituales.<\/p>\n<p><strong>Este plenilunio, que se produce a las 17:22 UT<\/strong>, conmemora tres momentos centrales en la vida de Buda: su nacimiento, iluminaci\u00f3n y muerte. Por eso, suele estar asociado a pr\u00e1cticas como la meditaci\u00f3n, el ayuno, las plegarias y los actos de generosidad, en un contexto de b\u00fasqueda de claridad y conexi\u00f3n interior.<\/p>\n<p>\u201cEs una luna muy potente para trabajar la purificaci\u00f3n y la conexi\u00f3n con la sabidur\u00eda\u201d, explic\u00f3 la astr\u00f3loga Florencia Morales, quien analiz\u00f3 los principales eventos del mes. Seg\u00fan detall\u00f3, esta lunaci\u00f3n tambi\u00e9n presenta una configuraci\u00f3n exigente que invita a dejar atr\u00e1s estructuras viejas y abrirse a procesos de transformaci\u00f3n.<\/p>\n<p><strong>El segundo momento clave llegar\u00e1 el 16 de mayo con la Luna Nueva en Tauro<\/strong>, que adem\u00e1s ser\u00e1 superluna por su cercan\u00eda a la Tierra. Este tipo de evento suele vincularse con el inicio de ciclos y la siembra de intenciones, tanto a nivel individual como colectivo.<\/p>\n<p>\u201cEs un momento ideal para plantar proyectos, para bajar a tierra lo que queremos construir\u201d, se\u00f1al\u00f3 Morales, al referirse a esta fase, que estar\u00e1 acompa\u00f1ada por una energ\u00eda asociada al cuidado, la estabilidad y la concreci\u00f3n.<\/p>\n<p><strong>El cierre del mes se dar\u00e1 el 31 de mayo con una Luna Llena en Sagitario, <\/strong>que tendr\u00e1 una particularidad: ser\u00e1 una Luna Azul, es decir, la segunda luna llena dentro del mismo mes. Adem\u00e1s, coincidir\u00e1 con una microluna, al encontrarse en el punto m\u00e1s alejado de la Tierra.<\/p>\n<p>Desde lo simb\u00f3lico, esta combinaci\u00f3<strong>n se vincula con el cierre de ciclos, el agradecimiento y la proyecci\u00f3n de nuevas etapas<\/strong>. \u201cEs una energ\u00eda muy propicia para soltar lo que ya no sirve y abrirse a lo que viene\u201d, indic\u00f3 la astr\u00f3loga.<\/p>\n<p>De esta manera, mayo queda marcado por tres momentos bien definidos: un inicio enfocado en la introspecci\u00f3n y la conciencia, una etapa intermedia de siembra y un cierre orientado a la renovaci\u00f3n. Un recorrido que, para muchas pr\u00e1cticas espirituales, representa una oportunidad para frenar, reflexionar y reconectar.<\/p>\n","protected":false},"excerpt":{"rendered":"<p>Mayo se presenta con un calendario lunar cargado de significado<\/p>\n","protected":false},"author":0,"featured_media":19581,"comment_status":"","ping_status":"","sticky":false,"template":"","format":"standard","meta":{"footnotes":""},"categories":[65],"tags":[],"class_list":["post-19580","post","type-post","status-publish","format-standard","has-post-thumbnail","hentry","category-pais"],"yoast_head":"<!-- This site is optimized with the Yoast SEO plugin v27.5 - https:\/\/yoast.com\/product\/yoast-seo-wordpress\/ -->\n<title>Luna llena de mayo: las fechas clave para rituales y conexi\u00f3n espiritual - Cuarteto en la Web<\/title>\n<meta name=\"robots\" content=\"index, follow, max-snippet:-1, max-image-preview:large, max-video-preview:-1\" \/>\n<link rel=\"canonical\" href=\"https:\/\/cuartetoenlaweb.com.ar\/sitio\/luna-llena-de-mayo-las-fechas-clave-para-rituales-y-conexion-espiritual\/\" \/>\n<meta property=\"og:locale\" content=\"es_ES\" \/>\n<meta property=\"og:type\" content=\"article\" \/>\n<meta property=\"og:title\" content=\"Luna llena de mayo: las fechas clave para rituales y conexi\u00f3n espiritual - Cuarteto en la Web\" \/>\n<meta property=\"og:description\" content=\"Mayo se presenta con un calendario lunar cargado de significado\" \/>\n<meta property=\"og:url\" content=\"https:\/\/cuartetoenlaweb.com.ar\/sitio\/luna-llena-de-mayo-las-fechas-clave-para-rituales-y-conexion-espiritual\/\" \/>\n<meta property=\"og:site_name\" content=\"Cuarteto en la Web\" \/>\n<meta property=\"article:published_time\" content=\"2026-05-01T21:00:25+00:00\" \/>\n<meta name=\"twitter:card\" content=\"summary_large_image\" \/>\n<meta name=\"twitter:label1\" content=\"Tiempo de lectura\" \/>\n\t<meta name=\"twitter:data1\" content=\"2 minutos\" \/>\n<script type=\"application\/ld+json\" class=\"yoast-schema-graph\">{\"@context\":\"https:\\\/\\\/schema.org\",\"@graph\":[{\"@type\":\"Article\",\"@id\":\"https:\\\/\\\/cuartetoenlaweb.com.ar\\\/sitio\\\/luna-llena-de-mayo-las-fechas-clave-para-rituales-y-conexion-espiritual\\\/#article\",\"isPartOf\":{\"@id\":\"https:\\\/\\\/cuartetoenlaweb.com.ar\\\/sitio\\\/luna-llena-de-mayo-las-fechas-clave-para-rituales-y-conexion-espiritual\\\/\"},\"author\":{\"name\":\"\",\"@id\":\"\"},\"headline\":\"Luna llena de mayo: las fechas clave para rituales y conexi\u00f3n espiritual\",\"datePublished\":\"2026-05-01T21:00:25+00:00\",\"mainEntityOfPage\":{\"@id\":\"https:\\\/\\\/cuartetoenlaweb.com.ar\\\/sitio\\\/luna-llena-de-mayo-las-fechas-clave-para-rituales-y-conexion-espiritual\\\/\"},\"wordCount\":406,\"publisher\":{\"@id\":\"http:\\\/\\\/cuartetoenlaweb.com.ar\\\/sitio\\\/#organization\"},\"image\":{\"@id\":\"https:\\\/\\\/cuartetoenlaweb.com.ar\\\/sitio\\\/luna-llena-de-mayo-las-fechas-clave-para-rituales-y-conexion-espiritual\\\/#primaryimage\"},\"thumbnailUrl\":\"https:\\\/\\\/cuartetoenlaweb.com.ar\\\/sitio\\\/wp-content\\\/uploads\\\/2026\\\/05\\\/portadax-12.png\",\"articleSection\":[\"PAIS\"],\"inLanguage\":\"es\"},{\"@type\":\"WebPage\",\"@id\":\"https:\\\/\\\/cuartetoenlaweb.com.ar\\\/sitio\\\/luna-llena-de-mayo-las-fechas-clave-para-rituales-y-conexion-espiritual\\\/\",\"url\":\"https:\\\/\\\/cuartetoenlaweb.com.ar\\\/sitio\\\/luna-llena-de-mayo-las-fechas-clave-para-rituales-y-conexion-espiritual\\\/\",\"name\":\"Luna llena de mayo: las fechas clave para rituales y conexi\u00f3n espiritual - Cuarteto en la Web\",\"isPartOf\":{\"@id\":\"http:\\\/\\\/cuartetoenlaweb.com.ar\\\/sitio\\\/#website\"},\"primaryImageOfPage\":{\"@id\":\"https:\\\/\\\/cuartetoenlaweb.com.ar\\\/sitio\\\/luna-llena-de-mayo-las-fechas-clave-para-rituales-y-conexion-espiritual\\\/#primaryimage\"},\"image\":{\"@id\":\"https:\\\/\\\/cuartetoenlaweb.com.ar\\\/sitio\\\/luna-llena-de-mayo-las-fechas-clave-para-rituales-y-conexion-espiritual\\\/#primaryimage\"},\"thumbnailUrl\":\"https:\\\/\\\/cuartetoenlaweb.com.ar\\\/sitio\\\/wp-content\\\/uploads\\\/2026\\\/05\\\/portadax-12.png\",\"datePublished\":\"2026-05-01T21:00:25+00:00\",\"breadcrumb\":{\"@id\":\"https:\\\/\\\/cuartetoenlaweb.com.ar\\\/sitio\\\/luna-llena-de-mayo-las-fechas-clave-para-rituales-y-conexion-espiritual\\\/#breadcrumb\"},\"inLanguage\":\"es\",\"potentialAction\":[{\"@type\":\"ReadAction\",\"target\":[\"https:\\\/\\\/cuartetoenlaweb.com.ar\\\/sitio\\\/luna-llena-de-mayo-las-fechas-clave-para-rituales-y-conexion-espiritual\\\/\"]}]},{\"@type\":\"ImageObject\",\"inLanguage\":\"es\",\"@id\":\"https:\\\/\\\/cuartetoenlaweb.com.ar\\\/sitio\\\/luna-llena-de-mayo-las-fechas-clave-para-rituales-y-conexion-espiritual\\\/#primaryimage\",\"url\":\"https:\\\/\\\/cuartetoenlaweb.com.ar\\\/sitio\\\/wp-content\\\/uploads\\\/2026\\\/05\\\/portadax-12.png\",\"contentUrl\":\"https:\\\/\\\/cuartetoenlaweb.com.ar\\\/sitio\\\/wp-content\\\/uploads\\\/2026\\\/05\\\/portadax-12.png\",\"width\":1366,\"height\":768},{\"@type\":\"BreadcrumbList\",\"@id\":\"https:\\\/\\\/cuartetoenlaweb.com.ar\\\/sitio\\\/luna-llena-de-mayo-las-fechas-clave-para-rituales-y-conexion-espiritual\\\/#breadcrumb\",\"itemListElement\":[{\"@type\":\"ListItem\",\"position\":1,\"name\":\"Portada\",\"item\":\"http:\\\/\\\/cuartetoenlaweb.com.ar\\\/sitio\\\/\"},{\"@type\":\"ListItem\",\"position\":2,\"name\":\"Luna llena de mayo: las fechas clave para rituales y conexi\u00f3n espiritual\"}]},{\"@type\":\"WebSite\",\"@id\":\"http:\\\/\\\/cuartetoenlaweb.com.ar\\\/sitio\\\/#website\",\"url\":\"http:\\\/\\\/cuartetoenlaweb.com.ar\\\/sitio\\\/\",\"name\":\"Cuarteto en la Web\",\"description\":\"\",\"publisher\":{\"@id\":\"http:\\\/\\\/cuartetoenlaweb.com.ar\\\/sitio\\\/#organization\"},\"potentialAction\":[{\"@type\":\"SearchAction\",\"target\":{\"@type\":\"EntryPoint\",\"urlTemplate\":\"http:\\\/\\\/cuartetoenlaweb.com.ar\\\/sitio\\\/?s={search_term_string}\"},\"query-input\":{\"@type\":\"PropertyValueSpecification\",\"valueRequired\":true,\"valueName\":\"search_term_string\"}}],\"inLanguage\":\"es\"},{\"@type\":\"Organization\",\"@id\":\"http:\\\/\\\/cuartetoenlaweb.com.ar\\\/sitio\\\/#organization\",\"name\":\"Cuarteto en la Web\",\"url\":\"http:\\\/\\\/cuartetoenlaweb.com.ar\\\/sitio\\\/\",\"logo\":{\"@type\":\"ImageObject\",\"inLanguage\":\"es\",\"@id\":\"http:\\\/\\\/cuartetoenlaweb.com.ar\\\/sitio\\\/#\\\/schema\\\/logo\\\/image\\\/\",\"url\":\"https:\\\/\\\/cuartetoenlaweb.com.ar\\\/sitio\\\/wp-content\\\/uploads\\\/2025\\\/07\\\/cropped-cropped-logitoweb21.png\",\"contentUrl\":\"https:\\\/\\\/cuartetoenlaweb.com.ar\\\/sitio\\\/wp-content\\\/uploads\\\/2025\\\/07\\\/cropped-cropped-logitoweb21.png\",\"width\":199,\"height\":199,\"caption\":\"Cuarteto en la Web\"},\"image\":{\"@id\":\"http:\\\/\\\/cuartetoenlaweb.com.ar\\\/sitio\\\/#\\\/schema\\\/logo\\\/image\\\/\"}}]}<\/script>\n<!-- \/ Yoast SEO plugin. -->","yoast_head_json":{"title":"Luna llena de mayo: las fechas clave para rituales y conexi\u00f3n espiritual - Cuarteto en la Web","robots":{"index":"index","follow":"follow","max-snippet":"max-snippet:-1","max-image-preview":"max-image-preview:large","max-video-preview":"max-video-preview:-1"},"canonical":"https:\/\/cuartetoenlaweb.com.ar\/sitio\/luna-llena-de-mayo-las-fechas-clave-para-rituales-y-conexion-espiritual\/","og_locale":"es_ES","og_type":"article","og_title":"Luna llena de mayo: las fechas clave para rituales y conexi\u00f3n espiritual - Cuarteto en la Web","og_description":"Mayo se presenta con un calendario lunar cargado de significado","og_url":"https:\/\/cuartetoenlaweb.com.ar\/sitio\/luna-llena-de-mayo-las-fechas-clave-para-rituales-y-conexion-espiritual\/","og_site_name":"Cuarteto en la Web","article_published_time":"2026-05-01T21:00:25+00:00","twitter_card":"summary_large_image","twitter_misc":{"Tiempo de lectura":"2 minutos"},"schema":{"@context":"https:\/\/schema.org","@graph":[{"@type":"Article","@id":"https:\/\/cuartetoenlaweb.com.ar\/sitio\/luna-llena-de-mayo-las-fechas-clave-para-rituales-y-conexion-espiritual\/#article","isPartOf":{"@id":"https:\/\/cuartetoenlaweb.com.ar\/sitio\/luna-llena-de-mayo-las-fechas-clave-para-rituales-y-conexion-espiritual\/"},"author":{"name":"","@id":""},"headline":"Luna llena de mayo: las fechas clave para rituales y conexi\u00f3n espiritual","datePublished":"2026-05-01T21:00:25+00:00","mainEntityOfPage":{"@id":"https:\/\/cuartetoenlaweb.com.ar\/sitio\/luna-llena-de-mayo-las-fechas-clave-para-rituales-y-conexion-espiritual\/"},"wordCount":406,"publisher":{"@id":"http:\/\/cuartetoenlaweb.com.ar\/sitio\/#organization"},"image":{"@id":"https:\/\/cuartetoenlaweb.com.ar\/sitio\/luna-llena-de-mayo-las-fechas-clave-para-rituales-y-conexion-espiritual\/#primaryimage"},"thumbnailUrl":"https:\/\/cuartetoenlaweb.com.ar\/sitio\/wp-content\/uploads\/2026\/05\/portadax-12.png","articleSection":["PAIS"],"inLanguage":"es"},{"@type":"WebPage","@id":"https:\/\/cuartetoenlaweb.com.ar\/sitio\/luna-llena-de-mayo-las-fechas-clave-para-rituales-y-conexion-espiritual\/","url":"https:\/\/cuartetoenlaweb.com.ar\/sitio\/luna-llena-de-mayo-las-fechas-clave-para-rituales-y-conexion-espiritual\/","name":"Luna llena de mayo: las fechas clave para rituales y conexi\u00f3n espiritual - Cuarteto en la Web","isPartOf":{"@id":"http:\/\/cuartetoenlaweb.com.ar\/sitio\/#website"},"primaryImageOfPage":{"@id":"https:\/\/cuartetoenlaweb.com.ar\/sitio\/luna-llena-de-mayo-las-fechas-clave-para-rituales-y-conexion-espiritual\/#primaryimage"},"image":{"@id":"https:\/\/cuartetoenlaweb.com.ar\/sitio\/luna-llena-de-mayo-las-fechas-clave-para-rituales-y-conexion-espiritual\/#primaryimage"},"thumbnailUrl":"https:\/\/cuartetoenlaweb.com.ar\/sitio\/wp-content\/uploads\/2026\/05\/portadax-12.png","datePublished":"2026-05-01T21:00:25+00:00","breadcrumb":{"@id":"https:\/\/cuartetoenlaweb.com.ar\/sitio\/luna-llena-de-mayo-las-fechas-clave-para-rituales-y-conexion-espiritual\/#breadcrumb"},"inLanguage":"es","potentialAction":[{"@type":"ReadAction","target":["https:\/\/cuartetoenlaweb.com.ar\/sitio\/luna-llena-de-mayo-las-fechas-clave-para-rituales-y-conexion-espiritual\/"]}]},{"@type":"ImageObject","inLanguage":"es","@id":"https:\/\/cuartetoenlaweb.com.ar\/sitio\/luna-llena-de-mayo-las-fechas-clave-para-rituales-y-conexion-espiritual\/#primaryimage","url":"https:\/\/cuartetoenlaweb.com.ar\/sitio\/wp-content\/uploads\/2026\/05\/portadax-12.png","contentUrl":"https:\/\/cuartetoenlaweb.com.ar\/sitio\/wp-content\/uploads\/2026\/05\/portadax-12.png","width":1366,"height":768},{"@type":"BreadcrumbList","@id":"https:\/\/cuartetoenlaweb.com.ar\/sitio\/luna-llena-de-mayo-las-fechas-clave-para-rituales-y-conexion-espiritual\/#breadcrumb","itemListElement":[{"@type":"ListItem","position":1,"name":"Portada","item":"http:\/\/cuartetoenlaweb.com.ar\/sitio\/"},{"@type":"ListItem","position":2,"name":"Luna llena de mayo: las fechas clave para rituales y conexi\u00f3n espiritual"}]},{"@type":"WebSite","@id":"http:\/\/cuartetoenlaweb.com.ar\/sitio\/#website","url":"http:\/\/cuartetoenlaweb.com.ar\/sitio\/","name":"Cuarteto en la Web","description":"","publisher":{"@id":"http:\/\/cuartetoenlaweb.com.ar\/sitio\/#organization"},"potentialAction":[{"@type":"SearchAction","target":{"@type":"EntryPoint","urlTemplate":"http:\/\/cuartetoenlaweb.com.ar\/sitio\/?s={search_term_string}"},"query-input":{"@type":"PropertyValueSpecification","valueRequired":true,"valueName":"search_term_string"}}],"inLanguage":"es"},{"@type":"Organization","@id":"http:\/\/cuartetoenlaweb.com.ar\/sitio\/#organization","name":"Cuarteto en la Web","url":"http:\/\/cuartetoenlaweb.com.ar\/sitio\/","logo":{"@type":"ImageObject","inLanguage":"es","@id":"http:\/\/cuartetoenlaweb.com.ar\/sitio\/#\/schema\/logo\/image\/","url":"https:\/\/cuartetoenlaweb.com.ar\/sitio\/wp-content\/uploads\/2025\/07\/cropped-cropped-logitoweb21.png","contentUrl":"https:\/\/cuartetoenlaweb.com.ar\/sitio\/wp-content\/uploads\/2025\/07\/cropped-cropped-logitoweb21.png","width":199,"height":199,"caption":"Cuarteto en la Web"},"image":{"@id":"http:\/\/cuartetoenlaweb.com.ar\/sitio\/#\/schema\/logo\/image\/"}}]}},"_links":{"self":[{"href":"https:\/\/cuartetoenlaweb.com.ar\/sitio\/wp-json\/wp\/v2\/posts\/19580","targetHints":{"allow":["GET"]}}],"collection":[{"href":"https:\/\/cuartetoenlaweb.com.ar\/sitio\/wp-json\/wp\/v2\/posts"}],"about":[{"href":"https:\/\/cuartetoenlaweb.com.ar\/sitio\/wp-json\/wp\/v2\/types\/post"}],"replies":[{"embeddable":true,"href":"https:\/\/cuartetoenlaweb.com.ar\/sitio\/wp-json\/wp\/v2\/comments?post=19580"}],"version-history":[{"count":0,"href":"https:\/\/cuartetoenlaweb.com.ar\/sitio\/wp-json\/wp\/v2\/posts\/19580\/revisions"}],"wp:featuredmedia":[{"embeddable":true,"href":"https:\/\/cuartetoenlaweb.com.ar\/sitio\/wp-json\/wp\/v2\/media\/19581"}],"wp:attachment":[{"href":"https:\/\/cuartetoenlaweb.com.ar\/sitio\/wp-json\/wp\/v2\/media?parent=19580"}],"wp:term":[{"taxonomy":"category","embeddable":true,"href":"https:\/\/cuartetoenlaweb.com.ar\/sitio\/wp-json\/wp\/v2\/categories?post=19580"},{"taxonomy":"post_tag","embeddable":true,"href":"https:\/\/cuartetoenlaweb.com.ar\/sitio\/wp-json\/wp\/v2\/tags?post=19580"}],"curies":[{"name":"wp","href":"https:\/\/api.w.org\/{rel}","templated":true}]}}