
{"id":19578,"date":"2026-05-01T18:00:21","date_gmt":"2026-05-01T21:00:21","guid":{"rendered":"https:\/\/cuartetoenlaweb.com.ar\/sitio\/clasica-1-de-mayo-matias-cedeira-gano-en-la-elite-y-afirmo-vinimos-con-el-objetivo-de-ganar-y-lo-cumplimos\/"},"modified":"2026-05-01T18:00:21","modified_gmt":"2026-05-01T21:00:21","slug":"clasica-1-de-mayo-matias-cedeira-gano-en-la-elite-y-afirmo-vinimos-con-el-objetivo-de-ganar-y-lo-cumplimos","status":"publish","type":"post","link":"https:\/\/cuartetoenlaweb.com.ar\/sitio\/clasica-1-de-mayo-matias-cedeira-gano-en-la-elite-y-afirmo-vinimos-con-el-objetivo-de-ganar-y-lo-cumplimos\/","title":{"rendered":"Cl\u00e1sica 1 de Mayo. Mat\u00edas Cedeira gan\u00f3 en la \u00e9lite y afirm\u00f3: \u201cVinimos con el objetivo de ganar y lo cumplimos&quot;"},"content":{"rendered":"<p>En una edici\u00f3n marcada por la exigencia del circuito y el alto nivel competitivo, Mat\u00edas Cedeira se qued\u00f3 con la categor\u00eda \u00e9lite de la tradicional Cl\u00e1sica 1 de Mayo en Salta. El ciclista bonaerense, en su primera participaci\u00f3n, logr\u00f3 imponerse tras una definici\u00f3n ajustada en el sprint, luego de una carrera que describi\u00f3 como \u201cmuy dura\u201d y \u201cnerviosa\u201d.<\/p>\n<p><img decoding=\"async\" src=\"https:\/\/uscdn.eltribuno.com\/052026\/1777657172824.jpg\" \/><\/p>\n<p>\u201cVinimos con el objetivo de ganar y lo cumplimos\u201d, asegur\u00f3 el corredor del Team Aspen de Olavarr\u00eda en di\u00e1logo con el m\u00f3vil de Radio Salta, apenas finalizada la competencia. Cedeira destac\u00f3 el trabajo colectivo de su equipo y explic\u00f3 que la clave estuvo en la cuarta pasada por la subida de San Lorenzo: \u201cYa ven\u00edamos en una fuga de cuatro o cinco y pude atacar ah\u00ed. Llegamos al sprint y pude ganarlo\u201d.<\/p>\n<p><img decoding=\"async\" src=\"https:\/\/uscdn.eltribuno.com\/052026\/1777657178247.jpg\" \/><\/p>\n<p>El ciclista, oriundo de Ingeniero Maschwitz, remarc\u00f3 que se trat\u00f3 de su debut en esta competencia y no ocult\u00f3 su satisfacci\u00f3n: \u201cEs la primera vez que vengo, me llena de orgullo y de ganas de volver\u201d. Adem\u00e1s, valor\u00f3 las caracter\u00edsticas del circuito: \u201cMe encant\u00f3, es duro, \u00e1spero, con subidas y bajadas. A m\u00ed me gusta mucho eso\u201d.<\/p>\n<p><img decoding=\"async\" src=\"https:\/\/uscdn.eltribuno.com\/052026\/1777657180850.jpg\" \/><\/p>\n<p>Sobre el desenlace, reconoci\u00f3 lo ajustado de la llegada: \u201cLlegamos tirando la bici, fue por una rueda\u201d, describi\u00f3. Tambi\u00e9n dedic\u00f3 el triunfo a su entorno: \u201cSe lo dedico a todo mi equipo y a mi familia que me banca desde casa\u201d. Cedeira tambi\u00e9n resalt\u00f3 el acompa\u00f1amiento del p\u00fablico salte\u00f1o, un rasgo distintivo de la competencia: \u201cImpresionante c\u00f3mo apoya la gente, los chicos gritando, eso es impagable. Te llena el alma\u201d.<\/p>\n<p><img decoding=\"async\" src=\"https:\/\/uscdn.eltribuno.com\/052026\/1777657182909.jpg\" \/><\/p>\n<p>La prueba, en su 94\u00aa edici\u00f3n, reuni\u00f3 a m\u00e1s de 250 ciclistas de distintos puntos del pa\u00eds y volvi\u00f3 a consolidarse como una de las competencias m\u00e1s emblem\u00e1ticas del calendario naciona<\/p>\n","protected":false},"excerpt":{"rendered":"<p>En una edici\u00f3n marcada por la exigencia del circuito y<\/p>\n","protected":false},"author":0,"featured_media":19579,"comment_status":"","ping_status":"","sticky":false,"template":"","format":"standard","meta":{"footnotes":""},"categories":[65],"tags":[],"class_list":["post-19578","post","type-post","status-publish","format-standard","has-post-thumbnail","hentry","category-pais"],"yoast_head":"<!-- This site is optimized with the Yoast SEO plugin v27.5 - https:\/\/yoast.com\/product\/yoast-seo-wordpress\/ -->\n<title>Cl\u00e1sica 1 de Mayo. Mat\u00edas Cedeira gan\u00f3 en la \u00e9lite y afirm\u00f3: \u201cVinimos con el objetivo de ganar y lo cumplimos&quot; - Cuarteto en la Web<\/title>\n<meta name=\"robots\" content=\"index, follow, max-snippet:-1, max-image-preview:large, max-video-preview:-1\" \/>\n<link rel=\"canonical\" href=\"https:\/\/cuartetoenlaweb.com.ar\/sitio\/clasica-1-de-mayo-matias-cedeira-gano-en-la-elite-y-afirmo-vinimos-con-el-objetivo-de-ganar-y-lo-cumplimos\/\" \/>\n<meta property=\"og:locale\" content=\"es_ES\" \/>\n<meta property=\"og:type\" content=\"article\" \/>\n<meta property=\"og:title\" content=\"Cl\u00e1sica 1 de Mayo. Mat\u00edas Cedeira gan\u00f3 en la \u00e9lite y afirm\u00f3: \u201cVinimos con el objetivo de ganar y lo cumplimos&quot; - Cuarteto en la Web\" \/>\n<meta property=\"og:description\" content=\"En una edici\u00f3n marcada por la exigencia del circuito y\" \/>\n<meta property=\"og:url\" content=\"https:\/\/cuartetoenlaweb.com.ar\/sitio\/clasica-1-de-mayo-matias-cedeira-gano-en-la-elite-y-afirmo-vinimos-con-el-objetivo-de-ganar-y-lo-cumplimos\/\" \/>\n<meta property=\"og:site_name\" content=\"Cuarteto en la Web\" \/>\n<meta property=\"article:published_time\" content=\"2026-05-01T21:00:21+00:00\" \/>\n<meta property=\"og:image\" content=\"https:\/\/uscdn.eltribuno.com\/052026\/1777657172824.jpg\" \/>\n<meta name=\"twitter:card\" content=\"summary_large_image\" \/>\n<meta name=\"twitter:label1\" content=\"Tiempo de lectura\" \/>\n\t<meta name=\"twitter:data1\" content=\"2 minutos\" \/>\n<script type=\"application\/ld+json\" class=\"yoast-schema-graph\">{\"@context\":\"https:\\\/\\\/schema.org\",\"@graph\":[{\"@type\":\"Article\",\"@id\":\"https:\\\/\\\/cuartetoenlaweb.com.ar\\\/sitio\\\/clasica-1-de-mayo-matias-cedeira-gano-en-la-elite-y-afirmo-vinimos-con-el-objetivo-de-ganar-y-lo-cumplimos\\\/#article\",\"isPartOf\":{\"@id\":\"https:\\\/\\\/cuartetoenlaweb.com.ar\\\/sitio\\\/clasica-1-de-mayo-matias-cedeira-gano-en-la-elite-y-afirmo-vinimos-con-el-objetivo-de-ganar-y-lo-cumplimos\\\/\"},\"author\":{\"name\":\"\",\"@id\":\"\"},\"headline\":\"Cl\u00e1sica 1 de Mayo. Mat\u00edas Cedeira gan\u00f3 en la \u00e9lite y afirm\u00f3: \u201cVinimos con el objetivo de ganar y lo cumplimos&quot;\",\"datePublished\":\"2026-05-01T21:00:21+00:00\",\"mainEntityOfPage\":{\"@id\":\"https:\\\/\\\/cuartetoenlaweb.com.ar\\\/sitio\\\/clasica-1-de-mayo-matias-cedeira-gano-en-la-elite-y-afirmo-vinimos-con-el-objetivo-de-ganar-y-lo-cumplimos\\\/\"},\"wordCount\":332,\"publisher\":{\"@id\":\"http:\\\/\\\/cuartetoenlaweb.com.ar\\\/sitio\\\/#organization\"},\"image\":{\"@id\":\"https:\\\/\\\/cuartetoenlaweb.com.ar\\\/sitio\\\/clasica-1-de-mayo-matias-cedeira-gano-en-la-elite-y-afirmo-vinimos-con-el-objetivo-de-ganar-y-lo-cumplimos\\\/#primaryimage\"},\"thumbnailUrl\":\"https:\\\/\\\/cuartetoenlaweb.com.ar\\\/sitio\\\/wp-content\\\/uploads\\\/2026\\\/05\\\/1777657172824.jpg\",\"articleSection\":[\"PAIS\"],\"inLanguage\":\"es\"},{\"@type\":\"WebPage\",\"@id\":\"https:\\\/\\\/cuartetoenlaweb.com.ar\\\/sitio\\\/clasica-1-de-mayo-matias-cedeira-gano-en-la-elite-y-afirmo-vinimos-con-el-objetivo-de-ganar-y-lo-cumplimos\\\/\",\"url\":\"https:\\\/\\\/cuartetoenlaweb.com.ar\\\/sitio\\\/clasica-1-de-mayo-matias-cedeira-gano-en-la-elite-y-afirmo-vinimos-con-el-objetivo-de-ganar-y-lo-cumplimos\\\/\",\"name\":\"Cl\u00e1sica 1 de Mayo. Mat\u00edas Cedeira gan\u00f3 en la \u00e9lite y afirm\u00f3: \u201cVinimos con el objetivo de ganar y lo cumplimos&quot; - Cuarteto en la Web\",\"isPartOf\":{\"@id\":\"http:\\\/\\\/cuartetoenlaweb.com.ar\\\/sitio\\\/#website\"},\"primaryImageOfPage\":{\"@id\":\"https:\\\/\\\/cuartetoenlaweb.com.ar\\\/sitio\\\/clasica-1-de-mayo-matias-cedeira-gano-en-la-elite-y-afirmo-vinimos-con-el-objetivo-de-ganar-y-lo-cumplimos\\\/#primaryimage\"},\"image\":{\"@id\":\"https:\\\/\\\/cuartetoenlaweb.com.ar\\\/sitio\\\/clasica-1-de-mayo-matias-cedeira-gano-en-la-elite-y-afirmo-vinimos-con-el-objetivo-de-ganar-y-lo-cumplimos\\\/#primaryimage\"},\"thumbnailUrl\":\"https:\\\/\\\/cuartetoenlaweb.com.ar\\\/sitio\\\/wp-content\\\/uploads\\\/2026\\\/05\\\/1777657172824.jpg\",\"datePublished\":\"2026-05-01T21:00:21+00:00\",\"breadcrumb\":{\"@id\":\"https:\\\/\\\/cuartetoenlaweb.com.ar\\\/sitio\\\/clasica-1-de-mayo-matias-cedeira-gano-en-la-elite-y-afirmo-vinimos-con-el-objetivo-de-ganar-y-lo-cumplimos\\\/#breadcrumb\"},\"inLanguage\":\"es\",\"potentialAction\":[{\"@type\":\"ReadAction\",\"target\":[\"https:\\\/\\\/cuartetoenlaweb.com.ar\\\/sitio\\\/clasica-1-de-mayo-matias-cedeira-gano-en-la-elite-y-afirmo-vinimos-con-el-objetivo-de-ganar-y-lo-cumplimos\\\/\"]}]},{\"@type\":\"ImageObject\",\"inLanguage\":\"es\",\"@id\":\"https:\\\/\\\/cuartetoenlaweb.com.ar\\\/sitio\\\/clasica-1-de-mayo-matias-cedeira-gano-en-la-elite-y-afirmo-vinimos-con-el-objetivo-de-ganar-y-lo-cumplimos\\\/#primaryimage\",\"url\":\"https:\\\/\\\/cuartetoenlaweb.com.ar\\\/sitio\\\/wp-content\\\/uploads\\\/2026\\\/05\\\/1777657172824.jpg\",\"contentUrl\":\"https:\\\/\\\/cuartetoenlaweb.com.ar\\\/sitio\\\/wp-content\\\/uploads\\\/2026\\\/05\\\/1777657172824.jpg\",\"width\":1500,\"height\":857},{\"@type\":\"BreadcrumbList\",\"@id\":\"https:\\\/\\\/cuartetoenlaweb.com.ar\\\/sitio\\\/clasica-1-de-mayo-matias-cedeira-gano-en-la-elite-y-afirmo-vinimos-con-el-objetivo-de-ganar-y-lo-cumplimos\\\/#breadcrumb\",\"itemListElement\":[{\"@type\":\"ListItem\",\"position\":1,\"name\":\"Portada\",\"item\":\"http:\\\/\\\/cuartetoenlaweb.com.ar\\\/sitio\\\/\"},{\"@type\":\"ListItem\",\"position\":2,\"name\":\"Cl\u00e1sica 1 de Mayo. Mat\u00edas Cedeira gan\u00f3 en la \u00e9lite y afirm\u00f3: \u201cVinimos con el objetivo de ganar y lo cumplimos&quot;\"}]},{\"@type\":\"WebSite\",\"@id\":\"http:\\\/\\\/cuartetoenlaweb.com.ar\\\/sitio\\\/#website\",\"url\":\"http:\\\/\\\/cuartetoenlaweb.com.ar\\\/sitio\\\/\",\"name\":\"Cuarteto en la Web\",\"description\":\"\",\"publisher\":{\"@id\":\"http:\\\/\\\/cuartetoenlaweb.com.ar\\\/sitio\\\/#organization\"},\"potentialAction\":[{\"@type\":\"SearchAction\",\"target\":{\"@type\":\"EntryPoint\",\"urlTemplate\":\"http:\\\/\\\/cuartetoenlaweb.com.ar\\\/sitio\\\/?s={search_term_string}\"},\"query-input\":{\"@type\":\"PropertyValueSpecification\",\"valueRequired\":true,\"valueName\":\"search_term_string\"}}],\"inLanguage\":\"es\"},{\"@type\":\"Organization\",\"@id\":\"http:\\\/\\\/cuartetoenlaweb.com.ar\\\/sitio\\\/#organization\",\"name\":\"Cuarteto en la Web\",\"url\":\"http:\\\/\\\/cuartetoenlaweb.com.ar\\\/sitio\\\/\",\"logo\":{\"@type\":\"ImageObject\",\"inLanguage\":\"es\",\"@id\":\"http:\\\/\\\/cuartetoenlaweb.com.ar\\\/sitio\\\/#\\\/schema\\\/logo\\\/image\\\/\",\"url\":\"https:\\\/\\\/cuartetoenlaweb.com.ar\\\/sitio\\\/wp-content\\\/uploads\\\/2025\\\/07\\\/cropped-cropped-logitoweb21.png\",\"contentUrl\":\"https:\\\/\\\/cuartetoenlaweb.com.ar\\\/sitio\\\/wp-content\\\/uploads\\\/2025\\\/07\\\/cropped-cropped-logitoweb21.png\",\"width\":199,\"height\":199,\"caption\":\"Cuarteto en la Web\"},\"image\":{\"@id\":\"http:\\\/\\\/cuartetoenlaweb.com.ar\\\/sitio\\\/#\\\/schema\\\/logo\\\/image\\\/\"}}]}<\/script>\n<!-- \/ Yoast SEO plugin. -->","yoast_head_json":{"title":"Cl\u00e1sica 1 de Mayo. Mat\u00edas Cedeira gan\u00f3 en la \u00e9lite y afirm\u00f3: \u201cVinimos con el objetivo de ganar y lo cumplimos&quot; - Cuarteto en la Web","robots":{"index":"index","follow":"follow","max-snippet":"max-snippet:-1","max-image-preview":"max-image-preview:large","max-video-preview":"max-video-preview:-1"},"canonical":"https:\/\/cuartetoenlaweb.com.ar\/sitio\/clasica-1-de-mayo-matias-cedeira-gano-en-la-elite-y-afirmo-vinimos-con-el-objetivo-de-ganar-y-lo-cumplimos\/","og_locale":"es_ES","og_type":"article","og_title":"Cl\u00e1sica 1 de Mayo. Mat\u00edas Cedeira gan\u00f3 en la \u00e9lite y afirm\u00f3: \u201cVinimos con el objetivo de ganar y lo cumplimos&quot; - Cuarteto en la Web","og_description":"En una edici\u00f3n marcada por la exigencia del circuito y","og_url":"https:\/\/cuartetoenlaweb.com.ar\/sitio\/clasica-1-de-mayo-matias-cedeira-gano-en-la-elite-y-afirmo-vinimos-con-el-objetivo-de-ganar-y-lo-cumplimos\/","og_site_name":"Cuarteto en la Web","article_published_time":"2026-05-01T21:00:21+00:00","og_image":[{"url":"https:\/\/uscdn.eltribuno.com\/052026\/1777657172824.jpg","type":"","width":"","height":""}],"twitter_card":"summary_large_image","twitter_misc":{"Tiempo de lectura":"2 minutos"},"schema":{"@context":"https:\/\/schema.org","@graph":[{"@type":"Article","@id":"https:\/\/cuartetoenlaweb.com.ar\/sitio\/clasica-1-de-mayo-matias-cedeira-gano-en-la-elite-y-afirmo-vinimos-con-el-objetivo-de-ganar-y-lo-cumplimos\/#article","isPartOf":{"@id":"https:\/\/cuartetoenlaweb.com.ar\/sitio\/clasica-1-de-mayo-matias-cedeira-gano-en-la-elite-y-afirmo-vinimos-con-el-objetivo-de-ganar-y-lo-cumplimos\/"},"author":{"name":"","@id":""},"headline":"Cl\u00e1sica 1 de Mayo. Mat\u00edas Cedeira gan\u00f3 en la \u00e9lite y afirm\u00f3: \u201cVinimos con el objetivo de ganar y lo cumplimos&quot;","datePublished":"2026-05-01T21:00:21+00:00","mainEntityOfPage":{"@id":"https:\/\/cuartetoenlaweb.com.ar\/sitio\/clasica-1-de-mayo-matias-cedeira-gano-en-la-elite-y-afirmo-vinimos-con-el-objetivo-de-ganar-y-lo-cumplimos\/"},"wordCount":332,"publisher":{"@id":"http:\/\/cuartetoenlaweb.com.ar\/sitio\/#organization"},"image":{"@id":"https:\/\/cuartetoenlaweb.com.ar\/sitio\/clasica-1-de-mayo-matias-cedeira-gano-en-la-elite-y-afirmo-vinimos-con-el-objetivo-de-ganar-y-lo-cumplimos\/#primaryimage"},"thumbnailUrl":"https:\/\/cuartetoenlaweb.com.ar\/sitio\/wp-content\/uploads\/2026\/05\/1777657172824.jpg","articleSection":["PAIS"],"inLanguage":"es"},{"@type":"WebPage","@id":"https:\/\/cuartetoenlaweb.com.ar\/sitio\/clasica-1-de-mayo-matias-cedeira-gano-en-la-elite-y-afirmo-vinimos-con-el-objetivo-de-ganar-y-lo-cumplimos\/","url":"https:\/\/cuartetoenlaweb.com.ar\/sitio\/clasica-1-de-mayo-matias-cedeira-gano-en-la-elite-y-afirmo-vinimos-con-el-objetivo-de-ganar-y-lo-cumplimos\/","name":"Cl\u00e1sica 1 de Mayo. Mat\u00edas Cedeira gan\u00f3 en la \u00e9lite y afirm\u00f3: \u201cVinimos con el objetivo de ganar y lo cumplimos&quot; - Cuarteto en la Web","isPartOf":{"@id":"http:\/\/cuartetoenlaweb.com.ar\/sitio\/#website"},"primaryImageOfPage":{"@id":"https:\/\/cuartetoenlaweb.com.ar\/sitio\/clasica-1-de-mayo-matias-cedeira-gano-en-la-elite-y-afirmo-vinimos-con-el-objetivo-de-ganar-y-lo-cumplimos\/#primaryimage"},"image":{"@id":"https:\/\/cuartetoenlaweb.com.ar\/sitio\/clasica-1-de-mayo-matias-cedeira-gano-en-la-elite-y-afirmo-vinimos-con-el-objetivo-de-ganar-y-lo-cumplimos\/#primaryimage"},"thumbnailUrl":"https:\/\/cuartetoenlaweb.com.ar\/sitio\/wp-content\/uploads\/2026\/05\/1777657172824.jpg","datePublished":"2026-05-01T21:00:21+00:00","breadcrumb":{"@id":"https:\/\/cuartetoenlaweb.com.ar\/sitio\/clasica-1-de-mayo-matias-cedeira-gano-en-la-elite-y-afirmo-vinimos-con-el-objetivo-de-ganar-y-lo-cumplimos\/#breadcrumb"},"inLanguage":"es","potentialAction":[{"@type":"ReadAction","target":["https:\/\/cuartetoenlaweb.com.ar\/sitio\/clasica-1-de-mayo-matias-cedeira-gano-en-la-elite-y-afirmo-vinimos-con-el-objetivo-de-ganar-y-lo-cumplimos\/"]}]},{"@type":"ImageObject","inLanguage":"es","@id":"https:\/\/cuartetoenlaweb.com.ar\/sitio\/clasica-1-de-mayo-matias-cedeira-gano-en-la-elite-y-afirmo-vinimos-con-el-objetivo-de-ganar-y-lo-cumplimos\/#primaryimage","url":"https:\/\/cuartetoenlaweb.com.ar\/sitio\/wp-content\/uploads\/2026\/05\/1777657172824.jpg","contentUrl":"https:\/\/cuartetoenlaweb.com.ar\/sitio\/wp-content\/uploads\/2026\/05\/1777657172824.jpg","width":1500,"height":857},{"@type":"BreadcrumbList","@id":"https:\/\/cuartetoenlaweb.com.ar\/sitio\/clasica-1-de-mayo-matias-cedeira-gano-en-la-elite-y-afirmo-vinimos-con-el-objetivo-de-ganar-y-lo-cumplimos\/#breadcrumb","itemListElement":[{"@type":"ListItem","position":1,"name":"Portada","item":"http:\/\/cuartetoenlaweb.com.ar\/sitio\/"},{"@type":"ListItem","position":2,"name":"Cl\u00e1sica 1 de Mayo. Mat\u00edas Cedeira gan\u00f3 en la \u00e9lite y afirm\u00f3: \u201cVinimos con el objetivo de ganar y lo cumplimos&quot;"}]},{"@type":"WebSite","@id":"http:\/\/cuartetoenlaweb.com.ar\/sitio\/#website","url":"http:\/\/cuartetoenlaweb.com.ar\/sitio\/","name":"Cuarteto en la Web","description":"","publisher":{"@id":"http:\/\/cuartetoenlaweb.com.ar\/sitio\/#organization"},"potentialAction":[{"@type":"SearchAction","target":{"@type":"EntryPoint","urlTemplate":"http:\/\/cuartetoenlaweb.com.ar\/sitio\/?s={search_term_string}"},"query-input":{"@type":"PropertyValueSpecification","valueRequired":true,"valueName":"search_term_string"}}],"inLanguage":"es"},{"@type":"Organization","@id":"http:\/\/cuartetoenlaweb.com.ar\/sitio\/#organization","name":"Cuarteto en la Web","url":"http:\/\/cuartetoenlaweb.com.ar\/sitio\/","logo":{"@type":"ImageObject","inLanguage":"es","@id":"http:\/\/cuartetoenlaweb.com.ar\/sitio\/#\/schema\/logo\/image\/","url":"https:\/\/cuartetoenlaweb.com.ar\/sitio\/wp-content\/uploads\/2025\/07\/cropped-cropped-logitoweb21.png","contentUrl":"https:\/\/cuartetoenlaweb.com.ar\/sitio\/wp-content\/uploads\/2025\/07\/cropped-cropped-logitoweb21.png","width":199,"height":199,"caption":"Cuarteto en la Web"},"image":{"@id":"http:\/\/cuartetoenlaweb.com.ar\/sitio\/#\/schema\/logo\/image\/"}}]}},"_links":{"self":[{"href":"https:\/\/cuartetoenlaweb.com.ar\/sitio\/wp-json\/wp\/v2\/posts\/19578","targetHints":{"allow":["GET"]}}],"collection":[{"href":"https:\/\/cuartetoenlaweb.com.ar\/sitio\/wp-json\/wp\/v2\/posts"}],"about":[{"href":"https:\/\/cuartetoenlaweb.com.ar\/sitio\/wp-json\/wp\/v2\/types\/post"}],"replies":[{"embeddable":true,"href":"https:\/\/cuartetoenlaweb.com.ar\/sitio\/wp-json\/wp\/v2\/comments?post=19578"}],"version-history":[{"count":0,"href":"https:\/\/cuartetoenlaweb.com.ar\/sitio\/wp-json\/wp\/v2\/posts\/19578\/revisions"}],"wp:featuredmedia":[{"embeddable":true,"href":"https:\/\/cuartetoenlaweb.com.ar\/sitio\/wp-json\/wp\/v2\/media\/19579"}],"wp:attachment":[{"href":"https:\/\/cuartetoenlaweb.com.ar\/sitio\/wp-json\/wp\/v2\/media?parent=19578"}],"wp:term":[{"taxonomy":"category","embeddable":true,"href":"https:\/\/cuartetoenlaweb.com.ar\/sitio\/wp-json\/wp\/v2\/categories?post=19578"},{"taxonomy":"post_tag","embeddable":true,"href":"https:\/\/cuartetoenlaweb.com.ar\/sitio\/wp-json\/wp\/v2\/tags?post=19578"}],"curies":[{"name":"wp","href":"https:\/\/api.w.org\/{rel}","templated":true}]}}