
{"id":19576,"date":"2026-05-01T18:00:18","date_gmt":"2026-05-01T21:00:18","guid":{"rendered":"https:\/\/cuartetoenlaweb.com.ar\/sitio\/adorni-dijo-que-la-causa-sobre-los-departamentos-no-tiene-gollete-y-que-quedara-demostrado-en-la-justicia\/"},"modified":"2026-05-01T18:00:18","modified_gmt":"2026-05-01T21:00:18","slug":"adorni-dijo-que-la-causa-sobre-los-departamentos-no-tiene-gollete-y-que-quedara-demostrado-en-la-justicia","status":"publish","type":"post","link":"https:\/\/cuartetoenlaweb.com.ar\/sitio\/adorni-dijo-que-la-causa-sobre-los-departamentos-no-tiene-gollete-y-que-quedara-demostrado-en-la-justicia\/","title":{"rendered":"Adorni dijo que la causa sobre los departamentos \u201cno tiene gollete\u201d y que quedar\u00e1 demostrado en la Justicia"},"content":{"rendered":"<p>El jefe de Gabinete, Manuel Adorni, afirm\u00f3 que la causa en la que se lo investiga por compras de departamentos \u201cno tiene gollete\u201d y asegur\u00f3 que no conoce Disney, en respuesta a una nueva denuncia realizada por el diputado Rodolfo Tailhade.<\/p>\n<p>\u201cLa causa no tiene gollete y no va a prosperar de culpabilidad. Es una causa que no tiene ning\u00fan sustento. No quiero pecar en entrar a interferir en la causa, pero no solo que no soy culpable, sino que va a quedar todo demostrado en la Justicia\u201d, dijo Adorni en declaraciones a El Observador. <\/p>\n<p>Seg\u00fan el funcionario nacional, que el mi\u00e9rcoles pasado se present\u00f3 ante Diputados para exponer el informe de gesti\u00f3n de gobierno, \u201cen el medio hubo un mont\u00f3n mentiras\u201d y agreg\u00f3: \u00abYo dije &#8216;guarda que est\u00e1n sacando conclusiones equivocadas'\u00bb.<\/p>\n<p>Con respecto a la denuncia de Tailhade, Adorni explic\u00f3: \u00abEstuvieron diciendo que fui a Disney. No conozco, no fui nunca. Dijeron que en 2024 estuve en R\u00edo, y hace 15 a\u00f1os no voy a R\u00edo. Dijeron que me fui a Aruba en primera clase y no chequearon que en ese vuelo no hab\u00eda primera clase\u00bb.<\/p>\n<p>A su vez, sostuvo que los viajes que s\u00ed realiz\u00f3 fueron \u201cpersonales\u201d y que no se arrepiente de \u201cbrindarle\u201d a su hijos y familia \u201cunos dias de vacaciones\u201d. Y se pregunt\u00f3: \u201c\u00bfEstamos todos locos, de qu\u00e9 estamos hablando?\u201d.<\/p>\n","protected":false},"excerpt":{"rendered":"<p>El jefe de Gabinete, Manuel Adorni, afirm\u00f3 que la causa<\/p>\n","protected":false},"author":0,"featured_media":19577,"comment_status":"","ping_status":"","sticky":false,"template":"","format":"standard","meta":{"footnotes":""},"categories":[65],"tags":[],"class_list":["post-19576","post","type-post","status-publish","format-standard","has-post-thumbnail","hentry","category-pais"],"yoast_head":"<!-- This site is optimized with the Yoast SEO plugin v27.5 - https:\/\/yoast.com\/product\/yoast-seo-wordpress\/ -->\n<title>Adorni dijo que la causa sobre los departamentos \u201cno tiene gollete\u201d y que quedar\u00e1 demostrado en la Justicia - Cuarteto en la Web<\/title>\n<meta name=\"robots\" content=\"index, follow, max-snippet:-1, max-image-preview:large, max-video-preview:-1\" \/>\n<link rel=\"canonical\" href=\"https:\/\/cuartetoenlaweb.com.ar\/sitio\/adorni-dijo-que-la-causa-sobre-los-departamentos-no-tiene-gollete-y-que-quedara-demostrado-en-la-justicia\/\" \/>\n<meta property=\"og:locale\" content=\"es_ES\" \/>\n<meta property=\"og:type\" content=\"article\" \/>\n<meta property=\"og:title\" content=\"Adorni dijo que la causa sobre los departamentos \u201cno tiene gollete\u201d y que quedar\u00e1 demostrado en la Justicia - Cuarteto en la Web\" \/>\n<meta property=\"og:description\" content=\"El jefe de Gabinete, Manuel Adorni, afirm\u00f3 que la causa\" \/>\n<meta property=\"og:url\" content=\"https:\/\/cuartetoenlaweb.com.ar\/sitio\/adorni-dijo-que-la-causa-sobre-los-departamentos-no-tiene-gollete-y-que-quedara-demostrado-en-la-justicia\/\" \/>\n<meta property=\"og:site_name\" content=\"Cuarteto en la Web\" \/>\n<meta property=\"article:published_time\" content=\"2026-05-01T21:00:18+00:00\" \/>\n<meta name=\"twitter:card\" content=\"summary_large_image\" \/>\n<meta name=\"twitter:label1\" content=\"Tiempo de lectura\" \/>\n\t<meta name=\"twitter:data1\" content=\"1 minuto\" \/>\n<script type=\"application\/ld+json\" class=\"yoast-schema-graph\">{\"@context\":\"https:\\\/\\\/schema.org\",\"@graph\":[{\"@type\":\"Article\",\"@id\":\"https:\\\/\\\/cuartetoenlaweb.com.ar\\\/sitio\\\/adorni-dijo-que-la-causa-sobre-los-departamentos-no-tiene-gollete-y-que-quedara-demostrado-en-la-justicia\\\/#article\",\"isPartOf\":{\"@id\":\"https:\\\/\\\/cuartetoenlaweb.com.ar\\\/sitio\\\/adorni-dijo-que-la-causa-sobre-los-departamentos-no-tiene-gollete-y-que-quedara-demostrado-en-la-justicia\\\/\"},\"author\":{\"name\":\"\",\"@id\":\"\"},\"headline\":\"Adorni dijo que la causa sobre los departamentos \u201cno tiene gollete\u201d y que quedar\u00e1 demostrado en la Justicia\",\"datePublished\":\"2026-05-01T21:00:18+00:00\",\"mainEntityOfPage\":{\"@id\":\"https:\\\/\\\/cuartetoenlaweb.com.ar\\\/sitio\\\/adorni-dijo-que-la-causa-sobre-los-departamentos-no-tiene-gollete-y-que-quedara-demostrado-en-la-justicia\\\/\"},\"wordCount\":251,\"publisher\":{\"@id\":\"http:\\\/\\\/cuartetoenlaweb.com.ar\\\/sitio\\\/#organization\"},\"image\":{\"@id\":\"https:\\\/\\\/cuartetoenlaweb.com.ar\\\/sitio\\\/adorni-dijo-que-la-causa-sobre-los-departamentos-no-tiene-gollete-y-que-quedara-demostrado-en-la-justicia\\\/#primaryimage\"},\"thumbnailUrl\":\"https:\\\/\\\/cuartetoenlaweb.com.ar\\\/sitio\\\/wp-content\\\/uploads\\\/2026\\\/05\\\/portadax-11.png\",\"articleSection\":[\"PAIS\"],\"inLanguage\":\"es\"},{\"@type\":\"WebPage\",\"@id\":\"https:\\\/\\\/cuartetoenlaweb.com.ar\\\/sitio\\\/adorni-dijo-que-la-causa-sobre-los-departamentos-no-tiene-gollete-y-que-quedara-demostrado-en-la-justicia\\\/\",\"url\":\"https:\\\/\\\/cuartetoenlaweb.com.ar\\\/sitio\\\/adorni-dijo-que-la-causa-sobre-los-departamentos-no-tiene-gollete-y-que-quedara-demostrado-en-la-justicia\\\/\",\"name\":\"Adorni dijo que la causa sobre los departamentos \u201cno tiene gollete\u201d y que quedar\u00e1 demostrado en la Justicia - Cuarteto en la Web\",\"isPartOf\":{\"@id\":\"http:\\\/\\\/cuartetoenlaweb.com.ar\\\/sitio\\\/#website\"},\"primaryImageOfPage\":{\"@id\":\"https:\\\/\\\/cuartetoenlaweb.com.ar\\\/sitio\\\/adorni-dijo-que-la-causa-sobre-los-departamentos-no-tiene-gollete-y-que-quedara-demostrado-en-la-justicia\\\/#primaryimage\"},\"image\":{\"@id\":\"https:\\\/\\\/cuartetoenlaweb.com.ar\\\/sitio\\\/adorni-dijo-que-la-causa-sobre-los-departamentos-no-tiene-gollete-y-que-quedara-demostrado-en-la-justicia\\\/#primaryimage\"},\"thumbnailUrl\":\"https:\\\/\\\/cuartetoenlaweb.com.ar\\\/sitio\\\/wp-content\\\/uploads\\\/2026\\\/05\\\/portadax-11.png\",\"datePublished\":\"2026-05-01T21:00:18+00:00\",\"breadcrumb\":{\"@id\":\"https:\\\/\\\/cuartetoenlaweb.com.ar\\\/sitio\\\/adorni-dijo-que-la-causa-sobre-los-departamentos-no-tiene-gollete-y-que-quedara-demostrado-en-la-justicia\\\/#breadcrumb\"},\"inLanguage\":\"es\",\"potentialAction\":[{\"@type\":\"ReadAction\",\"target\":[\"https:\\\/\\\/cuartetoenlaweb.com.ar\\\/sitio\\\/adorni-dijo-que-la-causa-sobre-los-departamentos-no-tiene-gollete-y-que-quedara-demostrado-en-la-justicia\\\/\"]}]},{\"@type\":\"ImageObject\",\"inLanguage\":\"es\",\"@id\":\"https:\\\/\\\/cuartetoenlaweb.com.ar\\\/sitio\\\/adorni-dijo-que-la-causa-sobre-los-departamentos-no-tiene-gollete-y-que-quedara-demostrado-en-la-justicia\\\/#primaryimage\",\"url\":\"https:\\\/\\\/cuartetoenlaweb.com.ar\\\/sitio\\\/wp-content\\\/uploads\\\/2026\\\/05\\\/portadax-11.png\",\"contentUrl\":\"https:\\\/\\\/cuartetoenlaweb.com.ar\\\/sitio\\\/wp-content\\\/uploads\\\/2026\\\/05\\\/portadax-11.png\",\"width\":1366,\"height\":768},{\"@type\":\"BreadcrumbList\",\"@id\":\"https:\\\/\\\/cuartetoenlaweb.com.ar\\\/sitio\\\/adorni-dijo-que-la-causa-sobre-los-departamentos-no-tiene-gollete-y-que-quedara-demostrado-en-la-justicia\\\/#breadcrumb\",\"itemListElement\":[{\"@type\":\"ListItem\",\"position\":1,\"name\":\"Portada\",\"item\":\"http:\\\/\\\/cuartetoenlaweb.com.ar\\\/sitio\\\/\"},{\"@type\":\"ListItem\",\"position\":2,\"name\":\"Adorni dijo que la causa sobre los departamentos \u201cno tiene gollete\u201d y que quedar\u00e1 demostrado en la Justicia\"}]},{\"@type\":\"WebSite\",\"@id\":\"http:\\\/\\\/cuartetoenlaweb.com.ar\\\/sitio\\\/#website\",\"url\":\"http:\\\/\\\/cuartetoenlaweb.com.ar\\\/sitio\\\/\",\"name\":\"Cuarteto en la Web\",\"description\":\"\",\"publisher\":{\"@id\":\"http:\\\/\\\/cuartetoenlaweb.com.ar\\\/sitio\\\/#organization\"},\"potentialAction\":[{\"@type\":\"SearchAction\",\"target\":{\"@type\":\"EntryPoint\",\"urlTemplate\":\"http:\\\/\\\/cuartetoenlaweb.com.ar\\\/sitio\\\/?s={search_term_string}\"},\"query-input\":{\"@type\":\"PropertyValueSpecification\",\"valueRequired\":true,\"valueName\":\"search_term_string\"}}],\"inLanguage\":\"es\"},{\"@type\":\"Organization\",\"@id\":\"http:\\\/\\\/cuartetoenlaweb.com.ar\\\/sitio\\\/#organization\",\"name\":\"Cuarteto en la Web\",\"url\":\"http:\\\/\\\/cuartetoenlaweb.com.ar\\\/sitio\\\/\",\"logo\":{\"@type\":\"ImageObject\",\"inLanguage\":\"es\",\"@id\":\"http:\\\/\\\/cuartetoenlaweb.com.ar\\\/sitio\\\/#\\\/schema\\\/logo\\\/image\\\/\",\"url\":\"https:\\\/\\\/cuartetoenlaweb.com.ar\\\/sitio\\\/wp-content\\\/uploads\\\/2025\\\/07\\\/cropped-cropped-logitoweb21.png\",\"contentUrl\":\"https:\\\/\\\/cuartetoenlaweb.com.ar\\\/sitio\\\/wp-content\\\/uploads\\\/2025\\\/07\\\/cropped-cropped-logitoweb21.png\",\"width\":199,\"height\":199,\"caption\":\"Cuarteto en la Web\"},\"image\":{\"@id\":\"http:\\\/\\\/cuartetoenlaweb.com.ar\\\/sitio\\\/#\\\/schema\\\/logo\\\/image\\\/\"}}]}<\/script>\n<!-- \/ Yoast SEO plugin. -->","yoast_head_json":{"title":"Adorni dijo que la causa sobre los departamentos \u201cno tiene gollete\u201d y que quedar\u00e1 demostrado en la Justicia - Cuarteto en la Web","robots":{"index":"index","follow":"follow","max-snippet":"max-snippet:-1","max-image-preview":"max-image-preview:large","max-video-preview":"max-video-preview:-1"},"canonical":"https:\/\/cuartetoenlaweb.com.ar\/sitio\/adorni-dijo-que-la-causa-sobre-los-departamentos-no-tiene-gollete-y-que-quedara-demostrado-en-la-justicia\/","og_locale":"es_ES","og_type":"article","og_title":"Adorni dijo que la causa sobre los departamentos \u201cno tiene gollete\u201d y que quedar\u00e1 demostrado en la Justicia - Cuarteto en la Web","og_description":"El jefe de Gabinete, Manuel Adorni, afirm\u00f3 que la causa","og_url":"https:\/\/cuartetoenlaweb.com.ar\/sitio\/adorni-dijo-que-la-causa-sobre-los-departamentos-no-tiene-gollete-y-que-quedara-demostrado-en-la-justicia\/","og_site_name":"Cuarteto en la Web","article_published_time":"2026-05-01T21:00:18+00:00","twitter_card":"summary_large_image","twitter_misc":{"Tiempo de lectura":"1 minuto"},"schema":{"@context":"https:\/\/schema.org","@graph":[{"@type":"Article","@id":"https:\/\/cuartetoenlaweb.com.ar\/sitio\/adorni-dijo-que-la-causa-sobre-los-departamentos-no-tiene-gollete-y-que-quedara-demostrado-en-la-justicia\/#article","isPartOf":{"@id":"https:\/\/cuartetoenlaweb.com.ar\/sitio\/adorni-dijo-que-la-causa-sobre-los-departamentos-no-tiene-gollete-y-que-quedara-demostrado-en-la-justicia\/"},"author":{"name":"","@id":""},"headline":"Adorni dijo que la causa sobre los departamentos \u201cno tiene gollete\u201d y que quedar\u00e1 demostrado en la Justicia","datePublished":"2026-05-01T21:00:18+00:00","mainEntityOfPage":{"@id":"https:\/\/cuartetoenlaweb.com.ar\/sitio\/adorni-dijo-que-la-causa-sobre-los-departamentos-no-tiene-gollete-y-que-quedara-demostrado-en-la-justicia\/"},"wordCount":251,"publisher":{"@id":"http:\/\/cuartetoenlaweb.com.ar\/sitio\/#organization"},"image":{"@id":"https:\/\/cuartetoenlaweb.com.ar\/sitio\/adorni-dijo-que-la-causa-sobre-los-departamentos-no-tiene-gollete-y-que-quedara-demostrado-en-la-justicia\/#primaryimage"},"thumbnailUrl":"https:\/\/cuartetoenlaweb.com.ar\/sitio\/wp-content\/uploads\/2026\/05\/portadax-11.png","articleSection":["PAIS"],"inLanguage":"es"},{"@type":"WebPage","@id":"https:\/\/cuartetoenlaweb.com.ar\/sitio\/adorni-dijo-que-la-causa-sobre-los-departamentos-no-tiene-gollete-y-que-quedara-demostrado-en-la-justicia\/","url":"https:\/\/cuartetoenlaweb.com.ar\/sitio\/adorni-dijo-que-la-causa-sobre-los-departamentos-no-tiene-gollete-y-que-quedara-demostrado-en-la-justicia\/","name":"Adorni dijo que la causa sobre los departamentos \u201cno tiene gollete\u201d y que quedar\u00e1 demostrado en la Justicia - Cuarteto en la Web","isPartOf":{"@id":"http:\/\/cuartetoenlaweb.com.ar\/sitio\/#website"},"primaryImageOfPage":{"@id":"https:\/\/cuartetoenlaweb.com.ar\/sitio\/adorni-dijo-que-la-causa-sobre-los-departamentos-no-tiene-gollete-y-que-quedara-demostrado-en-la-justicia\/#primaryimage"},"image":{"@id":"https:\/\/cuartetoenlaweb.com.ar\/sitio\/adorni-dijo-que-la-causa-sobre-los-departamentos-no-tiene-gollete-y-que-quedara-demostrado-en-la-justicia\/#primaryimage"},"thumbnailUrl":"https:\/\/cuartetoenlaweb.com.ar\/sitio\/wp-content\/uploads\/2026\/05\/portadax-11.png","datePublished":"2026-05-01T21:00:18+00:00","breadcrumb":{"@id":"https:\/\/cuartetoenlaweb.com.ar\/sitio\/adorni-dijo-que-la-causa-sobre-los-departamentos-no-tiene-gollete-y-que-quedara-demostrado-en-la-justicia\/#breadcrumb"},"inLanguage":"es","potentialAction":[{"@type":"ReadAction","target":["https:\/\/cuartetoenlaweb.com.ar\/sitio\/adorni-dijo-que-la-causa-sobre-los-departamentos-no-tiene-gollete-y-que-quedara-demostrado-en-la-justicia\/"]}]},{"@type":"ImageObject","inLanguage":"es","@id":"https:\/\/cuartetoenlaweb.com.ar\/sitio\/adorni-dijo-que-la-causa-sobre-los-departamentos-no-tiene-gollete-y-que-quedara-demostrado-en-la-justicia\/#primaryimage","url":"https:\/\/cuartetoenlaweb.com.ar\/sitio\/wp-content\/uploads\/2026\/05\/portadax-11.png","contentUrl":"https:\/\/cuartetoenlaweb.com.ar\/sitio\/wp-content\/uploads\/2026\/05\/portadax-11.png","width":1366,"height":768},{"@type":"BreadcrumbList","@id":"https:\/\/cuartetoenlaweb.com.ar\/sitio\/adorni-dijo-que-la-causa-sobre-los-departamentos-no-tiene-gollete-y-que-quedara-demostrado-en-la-justicia\/#breadcrumb","itemListElement":[{"@type":"ListItem","position":1,"name":"Portada","item":"http:\/\/cuartetoenlaweb.com.ar\/sitio\/"},{"@type":"ListItem","position":2,"name":"Adorni dijo que la causa sobre los departamentos \u201cno tiene gollete\u201d y que quedar\u00e1 demostrado en la Justicia"}]},{"@type":"WebSite","@id":"http:\/\/cuartetoenlaweb.com.ar\/sitio\/#website","url":"http:\/\/cuartetoenlaweb.com.ar\/sitio\/","name":"Cuarteto en la Web","description":"","publisher":{"@id":"http:\/\/cuartetoenlaweb.com.ar\/sitio\/#organization"},"potentialAction":[{"@type":"SearchAction","target":{"@type":"EntryPoint","urlTemplate":"http:\/\/cuartetoenlaweb.com.ar\/sitio\/?s={search_term_string}"},"query-input":{"@type":"PropertyValueSpecification","valueRequired":true,"valueName":"search_term_string"}}],"inLanguage":"es"},{"@type":"Organization","@id":"http:\/\/cuartetoenlaweb.com.ar\/sitio\/#organization","name":"Cuarteto en la Web","url":"http:\/\/cuartetoenlaweb.com.ar\/sitio\/","logo":{"@type":"ImageObject","inLanguage":"es","@id":"http:\/\/cuartetoenlaweb.com.ar\/sitio\/#\/schema\/logo\/image\/","url":"https:\/\/cuartetoenlaweb.com.ar\/sitio\/wp-content\/uploads\/2025\/07\/cropped-cropped-logitoweb21.png","contentUrl":"https:\/\/cuartetoenlaweb.com.ar\/sitio\/wp-content\/uploads\/2025\/07\/cropped-cropped-logitoweb21.png","width":199,"height":199,"caption":"Cuarteto en la Web"},"image":{"@id":"http:\/\/cuartetoenlaweb.com.ar\/sitio\/#\/schema\/logo\/image\/"}}]}},"_links":{"self":[{"href":"https:\/\/cuartetoenlaweb.com.ar\/sitio\/wp-json\/wp\/v2\/posts\/19576","targetHints":{"allow":["GET"]}}],"collection":[{"href":"https:\/\/cuartetoenlaweb.com.ar\/sitio\/wp-json\/wp\/v2\/posts"}],"about":[{"href":"https:\/\/cuartetoenlaweb.com.ar\/sitio\/wp-json\/wp\/v2\/types\/post"}],"replies":[{"embeddable":true,"href":"https:\/\/cuartetoenlaweb.com.ar\/sitio\/wp-json\/wp\/v2\/comments?post=19576"}],"version-history":[{"count":0,"href":"https:\/\/cuartetoenlaweb.com.ar\/sitio\/wp-json\/wp\/v2\/posts\/19576\/revisions"}],"wp:featuredmedia":[{"embeddable":true,"href":"https:\/\/cuartetoenlaweb.com.ar\/sitio\/wp-json\/wp\/v2\/media\/19577"}],"wp:attachment":[{"href":"https:\/\/cuartetoenlaweb.com.ar\/sitio\/wp-json\/wp\/v2\/media?parent=19576"}],"wp:term":[{"taxonomy":"category","embeddable":true,"href":"https:\/\/cuartetoenlaweb.com.ar\/sitio\/wp-json\/wp\/v2\/categories?post=19576"},{"taxonomy":"post_tag","embeddable":true,"href":"https:\/\/cuartetoenlaweb.com.ar\/sitio\/wp-json\/wp\/v2\/tags?post=19576"}],"curies":[{"name":"wp","href":"https:\/\/api.w.org\/{rel}","templated":true}]}}