
{"id":19574,"date":"2026-05-01T18:00:13","date_gmt":"2026-05-01T21:00:13","guid":{"rendered":"https:\/\/cuartetoenlaweb.com.ar\/sitio\/formula-1-colapinto-termino-en-el-puesto-11-en-la-practica-libre-y-ya-corre-la-clasificacion-sprint\/"},"modified":"2026-05-01T18:00:13","modified_gmt":"2026-05-01T21:00:13","slug":"formula-1-colapinto-termino-en-el-puesto-11-en-la-practica-libre-y-ya-corre-la-clasificacion-sprint","status":"publish","type":"post","link":"https:\/\/cuartetoenlaweb.com.ar\/sitio\/formula-1-colapinto-termino-en-el-puesto-11-en-la-practica-libre-y-ya-corre-la-clasificacion-sprint\/","title":{"rendered":"F\u00f3rmula 1: Colapinto termin\u00f3 en el puesto 11 en la pr\u00e1ctica libre y ya corre la clasificaci\u00f3n sprint"},"content":{"rendered":"<p>El piloto argentino de la escuder\u00eda Alpine, Franco Colapinto, culmin\u00f3 en el puesto 11 de la pr\u00e1ctica libre del Gran Premio de Miami, y desde las 17.30 participa en la prueba clasificatoria de la sprint.<\/p>\n<p>En el Autodr\u00f3mo Internacional de dicha ciudad de Estados Unidos, el oriundo de Pilar inici\u00f3 la sesi\u00f3n a los 7 minutos de comenzada y con neum\u00e1ticos duros al igual que su compa\u00f1ero franc\u00e9s Pierre Gasly.<\/p>\n<p>En su vuelta 9 y a la media hora de pr\u00e1ctica, Colapinto ingres\u00f3 a boxes estando en el s\u00e9ptimo lugar. El argentino se qued\u00f3 en los pits durante 50 minutos y retorn\u00f3 a la pista con neum\u00e1ticos duros. <\/p>\n<p>Su \u00faltimo ingreso a boxes se dio a falta de 18 minutos para el final, estando en el noveno puesto y con 24 vueltas realizadas. En este \u00faltimo ingreso, el argentino cambi\u00f3 los neum\u00e1ticos duros por los blandos y retorn\u00f3 para los \u00faltimos diez minutos de sesi\u00f3n que decretaron su puesto 11 en dicha pr\u00e1ctica, con 33 vueltas completadas.<\/p>\n<p>Desde las 17.30 de la Argentina, se lleva a cabo la clasificaci\u00f3n sprint para lo que ser\u00e1 la carrera sprint del s\u00e1bado a las 13.<\/p>\n<p><em><strong>Noticia en desarrollo&#8230;<\/strong><\/em><\/p>\n","protected":false},"excerpt":{"rendered":"<p>El piloto argentino de la escuder\u00eda Alpine, Franco Colapinto, culmin\u00f3<\/p>\n","protected":false},"author":0,"featured_media":19575,"comment_status":"","ping_status":"","sticky":false,"template":"","format":"standard","meta":{"footnotes":""},"categories":[65],"tags":[],"class_list":["post-19574","post","type-post","status-publish","format-standard","has-post-thumbnail","hentry","category-pais"],"yoast_head":"<!-- This site is optimized with the Yoast SEO plugin v27.5 - https:\/\/yoast.com\/product\/yoast-seo-wordpress\/ -->\n<title>F\u00f3rmula 1: Colapinto termin\u00f3 en el puesto 11 en la pr\u00e1ctica libre y ya corre la clasificaci\u00f3n sprint - Cuarteto en la Web<\/title>\n<meta name=\"robots\" content=\"index, follow, max-snippet:-1, max-image-preview:large, max-video-preview:-1\" \/>\n<link rel=\"canonical\" href=\"https:\/\/cuartetoenlaweb.com.ar\/sitio\/formula-1-colapinto-termino-en-el-puesto-11-en-la-practica-libre-y-ya-corre-la-clasificacion-sprint\/\" \/>\n<meta property=\"og:locale\" content=\"es_ES\" \/>\n<meta property=\"og:type\" content=\"article\" \/>\n<meta property=\"og:title\" content=\"F\u00f3rmula 1: Colapinto termin\u00f3 en el puesto 11 en la pr\u00e1ctica libre y ya corre la clasificaci\u00f3n sprint - Cuarteto en la Web\" \/>\n<meta property=\"og:description\" content=\"El piloto argentino de la escuder\u00eda Alpine, Franco Colapinto, culmin\u00f3\" \/>\n<meta property=\"og:url\" content=\"https:\/\/cuartetoenlaweb.com.ar\/sitio\/formula-1-colapinto-termino-en-el-puesto-11-en-la-practica-libre-y-ya-corre-la-clasificacion-sprint\/\" \/>\n<meta property=\"og:site_name\" content=\"Cuarteto en la Web\" \/>\n<meta property=\"article:published_time\" content=\"2026-05-01T21:00:13+00:00\" \/>\n<meta name=\"twitter:card\" content=\"summary_large_image\" \/>\n<meta name=\"twitter:label1\" content=\"Tiempo de lectura\" \/>\n\t<meta name=\"twitter:data1\" content=\"1 minuto\" \/>\n<script type=\"application\/ld+json\" class=\"yoast-schema-graph\">{\"@context\":\"https:\\\/\\\/schema.org\",\"@graph\":[{\"@type\":\"Article\",\"@id\":\"https:\\\/\\\/cuartetoenlaweb.com.ar\\\/sitio\\\/formula-1-colapinto-termino-en-el-puesto-11-en-la-practica-libre-y-ya-corre-la-clasificacion-sprint\\\/#article\",\"isPartOf\":{\"@id\":\"https:\\\/\\\/cuartetoenlaweb.com.ar\\\/sitio\\\/formula-1-colapinto-termino-en-el-puesto-11-en-la-practica-libre-y-ya-corre-la-clasificacion-sprint\\\/\"},\"author\":{\"name\":\"\",\"@id\":\"\"},\"headline\":\"F\u00f3rmula 1: Colapinto termin\u00f3 en el puesto 11 en la pr\u00e1ctica libre y ya corre la clasificaci\u00f3n sprint\",\"datePublished\":\"2026-05-01T21:00:13+00:00\",\"mainEntityOfPage\":{\"@id\":\"https:\\\/\\\/cuartetoenlaweb.com.ar\\\/sitio\\\/formula-1-colapinto-termino-en-el-puesto-11-en-la-practica-libre-y-ya-corre-la-clasificacion-sprint\\\/\"},\"wordCount\":218,\"publisher\":{\"@id\":\"http:\\\/\\\/cuartetoenlaweb.com.ar\\\/sitio\\\/#organization\"},\"image\":{\"@id\":\"https:\\\/\\\/cuartetoenlaweb.com.ar\\\/sitio\\\/formula-1-colapinto-termino-en-el-puesto-11-en-la-practica-libre-y-ya-corre-la-clasificacion-sprint\\\/#primaryimage\"},\"thumbnailUrl\":\"https:\\\/\\\/cuartetoenlaweb.com.ar\\\/sitio\\\/wp-content\\\/uploads\\\/2026\\\/05\\\/portadax-10.png\",\"articleSection\":[\"PAIS\"],\"inLanguage\":\"es\"},{\"@type\":\"WebPage\",\"@id\":\"https:\\\/\\\/cuartetoenlaweb.com.ar\\\/sitio\\\/formula-1-colapinto-termino-en-el-puesto-11-en-la-practica-libre-y-ya-corre-la-clasificacion-sprint\\\/\",\"url\":\"https:\\\/\\\/cuartetoenlaweb.com.ar\\\/sitio\\\/formula-1-colapinto-termino-en-el-puesto-11-en-la-practica-libre-y-ya-corre-la-clasificacion-sprint\\\/\",\"name\":\"F\u00f3rmula 1: Colapinto termin\u00f3 en el puesto 11 en la pr\u00e1ctica libre y ya corre la clasificaci\u00f3n sprint - Cuarteto en la Web\",\"isPartOf\":{\"@id\":\"http:\\\/\\\/cuartetoenlaweb.com.ar\\\/sitio\\\/#website\"},\"primaryImageOfPage\":{\"@id\":\"https:\\\/\\\/cuartetoenlaweb.com.ar\\\/sitio\\\/formula-1-colapinto-termino-en-el-puesto-11-en-la-practica-libre-y-ya-corre-la-clasificacion-sprint\\\/#primaryimage\"},\"image\":{\"@id\":\"https:\\\/\\\/cuartetoenlaweb.com.ar\\\/sitio\\\/formula-1-colapinto-termino-en-el-puesto-11-en-la-practica-libre-y-ya-corre-la-clasificacion-sprint\\\/#primaryimage\"},\"thumbnailUrl\":\"https:\\\/\\\/cuartetoenlaweb.com.ar\\\/sitio\\\/wp-content\\\/uploads\\\/2026\\\/05\\\/portadax-10.png\",\"datePublished\":\"2026-05-01T21:00:13+00:00\",\"breadcrumb\":{\"@id\":\"https:\\\/\\\/cuartetoenlaweb.com.ar\\\/sitio\\\/formula-1-colapinto-termino-en-el-puesto-11-en-la-practica-libre-y-ya-corre-la-clasificacion-sprint\\\/#breadcrumb\"},\"inLanguage\":\"es\",\"potentialAction\":[{\"@type\":\"ReadAction\",\"target\":[\"https:\\\/\\\/cuartetoenlaweb.com.ar\\\/sitio\\\/formula-1-colapinto-termino-en-el-puesto-11-en-la-practica-libre-y-ya-corre-la-clasificacion-sprint\\\/\"]}]},{\"@type\":\"ImageObject\",\"inLanguage\":\"es\",\"@id\":\"https:\\\/\\\/cuartetoenlaweb.com.ar\\\/sitio\\\/formula-1-colapinto-termino-en-el-puesto-11-en-la-practica-libre-y-ya-corre-la-clasificacion-sprint\\\/#primaryimage\",\"url\":\"https:\\\/\\\/cuartetoenlaweb.com.ar\\\/sitio\\\/wp-content\\\/uploads\\\/2026\\\/05\\\/portadax-10.png\",\"contentUrl\":\"https:\\\/\\\/cuartetoenlaweb.com.ar\\\/sitio\\\/wp-content\\\/uploads\\\/2026\\\/05\\\/portadax-10.png\",\"width\":1366,\"height\":768},{\"@type\":\"BreadcrumbList\",\"@id\":\"https:\\\/\\\/cuartetoenlaweb.com.ar\\\/sitio\\\/formula-1-colapinto-termino-en-el-puesto-11-en-la-practica-libre-y-ya-corre-la-clasificacion-sprint\\\/#breadcrumb\",\"itemListElement\":[{\"@type\":\"ListItem\",\"position\":1,\"name\":\"Portada\",\"item\":\"http:\\\/\\\/cuartetoenlaweb.com.ar\\\/sitio\\\/\"},{\"@type\":\"ListItem\",\"position\":2,\"name\":\"F\u00f3rmula 1: Colapinto termin\u00f3 en el puesto 11 en la pr\u00e1ctica libre y ya corre la clasificaci\u00f3n sprint\"}]},{\"@type\":\"WebSite\",\"@id\":\"http:\\\/\\\/cuartetoenlaweb.com.ar\\\/sitio\\\/#website\",\"url\":\"http:\\\/\\\/cuartetoenlaweb.com.ar\\\/sitio\\\/\",\"name\":\"Cuarteto en la Web\",\"description\":\"\",\"publisher\":{\"@id\":\"http:\\\/\\\/cuartetoenlaweb.com.ar\\\/sitio\\\/#organization\"},\"potentialAction\":[{\"@type\":\"SearchAction\",\"target\":{\"@type\":\"EntryPoint\",\"urlTemplate\":\"http:\\\/\\\/cuartetoenlaweb.com.ar\\\/sitio\\\/?s={search_term_string}\"},\"query-input\":{\"@type\":\"PropertyValueSpecification\",\"valueRequired\":true,\"valueName\":\"search_term_string\"}}],\"inLanguage\":\"es\"},{\"@type\":\"Organization\",\"@id\":\"http:\\\/\\\/cuartetoenlaweb.com.ar\\\/sitio\\\/#organization\",\"name\":\"Cuarteto en la Web\",\"url\":\"http:\\\/\\\/cuartetoenlaweb.com.ar\\\/sitio\\\/\",\"logo\":{\"@type\":\"ImageObject\",\"inLanguage\":\"es\",\"@id\":\"http:\\\/\\\/cuartetoenlaweb.com.ar\\\/sitio\\\/#\\\/schema\\\/logo\\\/image\\\/\",\"url\":\"https:\\\/\\\/cuartetoenlaweb.com.ar\\\/sitio\\\/wp-content\\\/uploads\\\/2025\\\/07\\\/cropped-cropped-logitoweb21.png\",\"contentUrl\":\"https:\\\/\\\/cuartetoenlaweb.com.ar\\\/sitio\\\/wp-content\\\/uploads\\\/2025\\\/07\\\/cropped-cropped-logitoweb21.png\",\"width\":199,\"height\":199,\"caption\":\"Cuarteto en la Web\"},\"image\":{\"@id\":\"http:\\\/\\\/cuartetoenlaweb.com.ar\\\/sitio\\\/#\\\/schema\\\/logo\\\/image\\\/\"}}]}<\/script>\n<!-- \/ Yoast SEO plugin. -->","yoast_head_json":{"title":"F\u00f3rmula 1: Colapinto termin\u00f3 en el puesto 11 en la pr\u00e1ctica libre y ya corre la clasificaci\u00f3n sprint - Cuarteto en la Web","robots":{"index":"index","follow":"follow","max-snippet":"max-snippet:-1","max-image-preview":"max-image-preview:large","max-video-preview":"max-video-preview:-1"},"canonical":"https:\/\/cuartetoenlaweb.com.ar\/sitio\/formula-1-colapinto-termino-en-el-puesto-11-en-la-practica-libre-y-ya-corre-la-clasificacion-sprint\/","og_locale":"es_ES","og_type":"article","og_title":"F\u00f3rmula 1: Colapinto termin\u00f3 en el puesto 11 en la pr\u00e1ctica libre y ya corre la clasificaci\u00f3n sprint - Cuarteto en la Web","og_description":"El piloto argentino de la escuder\u00eda Alpine, Franco Colapinto, culmin\u00f3","og_url":"https:\/\/cuartetoenlaweb.com.ar\/sitio\/formula-1-colapinto-termino-en-el-puesto-11-en-la-practica-libre-y-ya-corre-la-clasificacion-sprint\/","og_site_name":"Cuarteto en la Web","article_published_time":"2026-05-01T21:00:13+00:00","twitter_card":"summary_large_image","twitter_misc":{"Tiempo de lectura":"1 minuto"},"schema":{"@context":"https:\/\/schema.org","@graph":[{"@type":"Article","@id":"https:\/\/cuartetoenlaweb.com.ar\/sitio\/formula-1-colapinto-termino-en-el-puesto-11-en-la-practica-libre-y-ya-corre-la-clasificacion-sprint\/#article","isPartOf":{"@id":"https:\/\/cuartetoenlaweb.com.ar\/sitio\/formula-1-colapinto-termino-en-el-puesto-11-en-la-practica-libre-y-ya-corre-la-clasificacion-sprint\/"},"author":{"name":"","@id":""},"headline":"F\u00f3rmula 1: Colapinto termin\u00f3 en el puesto 11 en la pr\u00e1ctica libre y ya corre la clasificaci\u00f3n sprint","datePublished":"2026-05-01T21:00:13+00:00","mainEntityOfPage":{"@id":"https:\/\/cuartetoenlaweb.com.ar\/sitio\/formula-1-colapinto-termino-en-el-puesto-11-en-la-practica-libre-y-ya-corre-la-clasificacion-sprint\/"},"wordCount":218,"publisher":{"@id":"http:\/\/cuartetoenlaweb.com.ar\/sitio\/#organization"},"image":{"@id":"https:\/\/cuartetoenlaweb.com.ar\/sitio\/formula-1-colapinto-termino-en-el-puesto-11-en-la-practica-libre-y-ya-corre-la-clasificacion-sprint\/#primaryimage"},"thumbnailUrl":"https:\/\/cuartetoenlaweb.com.ar\/sitio\/wp-content\/uploads\/2026\/05\/portadax-10.png","articleSection":["PAIS"],"inLanguage":"es"},{"@type":"WebPage","@id":"https:\/\/cuartetoenlaweb.com.ar\/sitio\/formula-1-colapinto-termino-en-el-puesto-11-en-la-practica-libre-y-ya-corre-la-clasificacion-sprint\/","url":"https:\/\/cuartetoenlaweb.com.ar\/sitio\/formula-1-colapinto-termino-en-el-puesto-11-en-la-practica-libre-y-ya-corre-la-clasificacion-sprint\/","name":"F\u00f3rmula 1: Colapinto termin\u00f3 en el puesto 11 en la pr\u00e1ctica libre y ya corre la clasificaci\u00f3n sprint - Cuarteto en la Web","isPartOf":{"@id":"http:\/\/cuartetoenlaweb.com.ar\/sitio\/#website"},"primaryImageOfPage":{"@id":"https:\/\/cuartetoenlaweb.com.ar\/sitio\/formula-1-colapinto-termino-en-el-puesto-11-en-la-practica-libre-y-ya-corre-la-clasificacion-sprint\/#primaryimage"},"image":{"@id":"https:\/\/cuartetoenlaweb.com.ar\/sitio\/formula-1-colapinto-termino-en-el-puesto-11-en-la-practica-libre-y-ya-corre-la-clasificacion-sprint\/#primaryimage"},"thumbnailUrl":"https:\/\/cuartetoenlaweb.com.ar\/sitio\/wp-content\/uploads\/2026\/05\/portadax-10.png","datePublished":"2026-05-01T21:00:13+00:00","breadcrumb":{"@id":"https:\/\/cuartetoenlaweb.com.ar\/sitio\/formula-1-colapinto-termino-en-el-puesto-11-en-la-practica-libre-y-ya-corre-la-clasificacion-sprint\/#breadcrumb"},"inLanguage":"es","potentialAction":[{"@type":"ReadAction","target":["https:\/\/cuartetoenlaweb.com.ar\/sitio\/formula-1-colapinto-termino-en-el-puesto-11-en-la-practica-libre-y-ya-corre-la-clasificacion-sprint\/"]}]},{"@type":"ImageObject","inLanguage":"es","@id":"https:\/\/cuartetoenlaweb.com.ar\/sitio\/formula-1-colapinto-termino-en-el-puesto-11-en-la-practica-libre-y-ya-corre-la-clasificacion-sprint\/#primaryimage","url":"https:\/\/cuartetoenlaweb.com.ar\/sitio\/wp-content\/uploads\/2026\/05\/portadax-10.png","contentUrl":"https:\/\/cuartetoenlaweb.com.ar\/sitio\/wp-content\/uploads\/2026\/05\/portadax-10.png","width":1366,"height":768},{"@type":"BreadcrumbList","@id":"https:\/\/cuartetoenlaweb.com.ar\/sitio\/formula-1-colapinto-termino-en-el-puesto-11-en-la-practica-libre-y-ya-corre-la-clasificacion-sprint\/#breadcrumb","itemListElement":[{"@type":"ListItem","position":1,"name":"Portada","item":"http:\/\/cuartetoenlaweb.com.ar\/sitio\/"},{"@type":"ListItem","position":2,"name":"F\u00f3rmula 1: Colapinto termin\u00f3 en el puesto 11 en la pr\u00e1ctica libre y ya corre la clasificaci\u00f3n sprint"}]},{"@type":"WebSite","@id":"http:\/\/cuartetoenlaweb.com.ar\/sitio\/#website","url":"http:\/\/cuartetoenlaweb.com.ar\/sitio\/","name":"Cuarteto en la Web","description":"","publisher":{"@id":"http:\/\/cuartetoenlaweb.com.ar\/sitio\/#organization"},"potentialAction":[{"@type":"SearchAction","target":{"@type":"EntryPoint","urlTemplate":"http:\/\/cuartetoenlaweb.com.ar\/sitio\/?s={search_term_string}"},"query-input":{"@type":"PropertyValueSpecification","valueRequired":true,"valueName":"search_term_string"}}],"inLanguage":"es"},{"@type":"Organization","@id":"http:\/\/cuartetoenlaweb.com.ar\/sitio\/#organization","name":"Cuarteto en la Web","url":"http:\/\/cuartetoenlaweb.com.ar\/sitio\/","logo":{"@type":"ImageObject","inLanguage":"es","@id":"http:\/\/cuartetoenlaweb.com.ar\/sitio\/#\/schema\/logo\/image\/","url":"https:\/\/cuartetoenlaweb.com.ar\/sitio\/wp-content\/uploads\/2025\/07\/cropped-cropped-logitoweb21.png","contentUrl":"https:\/\/cuartetoenlaweb.com.ar\/sitio\/wp-content\/uploads\/2025\/07\/cropped-cropped-logitoweb21.png","width":199,"height":199,"caption":"Cuarteto en la Web"},"image":{"@id":"http:\/\/cuartetoenlaweb.com.ar\/sitio\/#\/schema\/logo\/image\/"}}]}},"_links":{"self":[{"href":"https:\/\/cuartetoenlaweb.com.ar\/sitio\/wp-json\/wp\/v2\/posts\/19574","targetHints":{"allow":["GET"]}}],"collection":[{"href":"https:\/\/cuartetoenlaweb.com.ar\/sitio\/wp-json\/wp\/v2\/posts"}],"about":[{"href":"https:\/\/cuartetoenlaweb.com.ar\/sitio\/wp-json\/wp\/v2\/types\/post"}],"replies":[{"embeddable":true,"href":"https:\/\/cuartetoenlaweb.com.ar\/sitio\/wp-json\/wp\/v2\/comments?post=19574"}],"version-history":[{"count":0,"href":"https:\/\/cuartetoenlaweb.com.ar\/sitio\/wp-json\/wp\/v2\/posts\/19574\/revisions"}],"wp:featuredmedia":[{"embeddable":true,"href":"https:\/\/cuartetoenlaweb.com.ar\/sitio\/wp-json\/wp\/v2\/media\/19575"}],"wp:attachment":[{"href":"https:\/\/cuartetoenlaweb.com.ar\/sitio\/wp-json\/wp\/v2\/media?parent=19574"}],"wp:term":[{"taxonomy":"category","embeddable":true,"href":"https:\/\/cuartetoenlaweb.com.ar\/sitio\/wp-json\/wp\/v2\/categories?post=19574"},{"taxonomy":"post_tag","embeddable":true,"href":"https:\/\/cuartetoenlaweb.com.ar\/sitio\/wp-json\/wp\/v2\/tags?post=19574"}],"curies":[{"name":"wp","href":"https:\/\/api.w.org\/{rel}","templated":true}]}}