
{"id":19572,"date":"2026-05-01T18:00:09","date_gmt":"2026-05-01T21:00:09","guid":{"rendered":"https:\/\/cuartetoenlaweb.com.ar\/sitio\/yanina-latorre-estallo-contra-las-nominaciones-y-apunto-contra-pamela-david-y-mariana-fabbiani\/"},"modified":"2026-05-01T18:00:09","modified_gmt":"2026-05-01T21:00:09","slug":"yanina-latorre-estallo-contra-las-nominaciones-y-apunto-contra-pamela-david-y-mariana-fabbiani","status":"publish","type":"post","link":"https:\/\/cuartetoenlaweb.com.ar\/sitio\/yanina-latorre-estallo-contra-las-nominaciones-y-apunto-contra-pamela-david-y-mariana-fabbiani\/","title":{"rendered":"Yanina Latorre estall\u00f3 contra las nominaciones y apunt\u00f3 contra Pamela David y Mariana Fabbiani"},"content":{"rendered":"<p>La entrega de los Premios Mart\u00edn Fierro 2026 todav\u00eda no empez\u00f3, pero ya est\u00e1 rodeada de pol\u00e9mica. Esta vez, quien sali\u00f3 con los tapones de punta fue Yanina Latorre, que critic\u00f3 duramente varias nominaciones.<\/p>\n<p>El principal cuestionamiento de la medi\u00e1tica fue respecto a la categor\u00eda de conducci\u00f3n femenina, donde aparecen nombres como Pamela David, Mariana Fabbiani y Karina Mazzocco.<\/p>\n<p>En ese contexto, Latorre fue tajante: \u201cPamela no me parece la mejor conductora de Am\u00e9rica, aunque sea la mujer del due\u00f1o\u201d.<\/p>\n<p>Adem\u00e1s, tambi\u00e9n apunt\u00f3 contra otras figuras del medio y dej\u00f3 comentarios ir\u00f3nicos sobre distintas nominaciones, cuestionando el criterio de selecci\u00f3n.<\/p>\n<p>Asimismo dispar\u00f3 contra su propia compa\u00f1era, Marcela Feudale, asegurando que no es de las mejores panelistas de la televisi\u00f3n.<\/p>\n","protected":false},"excerpt":{"rendered":"<p>La entrega de los Premios Mart\u00edn Fierro 2026 todav\u00eda no<\/p>\n","protected":false},"author":0,"featured_media":19573,"comment_status":"","ping_status":"","sticky":false,"template":"","format":"standard","meta":{"footnotes":""},"categories":[65],"tags":[],"class_list":["post-19572","post","type-post","status-publish","format-standard","has-post-thumbnail","hentry","category-pais"],"yoast_head":"<!-- This site is optimized with the Yoast SEO plugin v27.5 - https:\/\/yoast.com\/product\/yoast-seo-wordpress\/ -->\n<title>Yanina Latorre estall\u00f3 contra las nominaciones y apunt\u00f3 contra Pamela David y Mariana Fabbiani - Cuarteto en la Web<\/title>\n<meta name=\"robots\" content=\"index, follow, max-snippet:-1, max-image-preview:large, max-video-preview:-1\" \/>\n<link rel=\"canonical\" href=\"https:\/\/cuartetoenlaweb.com.ar\/sitio\/yanina-latorre-estallo-contra-las-nominaciones-y-apunto-contra-pamela-david-y-mariana-fabbiani\/\" \/>\n<meta property=\"og:locale\" content=\"es_ES\" \/>\n<meta property=\"og:type\" content=\"article\" \/>\n<meta property=\"og:title\" content=\"Yanina Latorre estall\u00f3 contra las nominaciones y apunt\u00f3 contra Pamela David y Mariana Fabbiani - Cuarteto en la Web\" \/>\n<meta property=\"og:description\" content=\"La entrega de los Premios Mart\u00edn Fierro 2026 todav\u00eda no\" \/>\n<meta property=\"og:url\" content=\"https:\/\/cuartetoenlaweb.com.ar\/sitio\/yanina-latorre-estallo-contra-las-nominaciones-y-apunto-contra-pamela-david-y-mariana-fabbiani\/\" \/>\n<meta property=\"og:site_name\" content=\"Cuarteto en la Web\" \/>\n<meta property=\"article:published_time\" content=\"2026-05-01T21:00:09+00:00\" \/>\n<meta name=\"twitter:card\" content=\"summary_large_image\" \/>\n<meta name=\"twitter:label1\" content=\"Tiempo de lectura\" \/>\n\t<meta name=\"twitter:data1\" content=\"1 minuto\" \/>\n<script type=\"application\/ld+json\" class=\"yoast-schema-graph\">{\"@context\":\"https:\\\/\\\/schema.org\",\"@graph\":[{\"@type\":\"Article\",\"@id\":\"https:\\\/\\\/cuartetoenlaweb.com.ar\\\/sitio\\\/yanina-latorre-estallo-contra-las-nominaciones-y-apunto-contra-pamela-david-y-mariana-fabbiani\\\/#article\",\"isPartOf\":{\"@id\":\"https:\\\/\\\/cuartetoenlaweb.com.ar\\\/sitio\\\/yanina-latorre-estallo-contra-las-nominaciones-y-apunto-contra-pamela-david-y-mariana-fabbiani\\\/\"},\"author\":{\"name\":\"\",\"@id\":\"\"},\"headline\":\"Yanina Latorre estall\u00f3 contra las nominaciones y apunt\u00f3 contra Pamela David y Mariana Fabbiani\",\"datePublished\":\"2026-05-01T21:00:09+00:00\",\"mainEntityOfPage\":{\"@id\":\"https:\\\/\\\/cuartetoenlaweb.com.ar\\\/sitio\\\/yanina-latorre-estallo-contra-las-nominaciones-y-apunto-contra-pamela-david-y-mariana-fabbiani\\\/\"},\"wordCount\":146,\"publisher\":{\"@id\":\"http:\\\/\\\/cuartetoenlaweb.com.ar\\\/sitio\\\/#organization\"},\"image\":{\"@id\":\"https:\\\/\\\/cuartetoenlaweb.com.ar\\\/sitio\\\/yanina-latorre-estallo-contra-las-nominaciones-y-apunto-contra-pamela-david-y-mariana-fabbiani\\\/#primaryimage\"},\"thumbnailUrl\":\"https:\\\/\\\/cuartetoenlaweb.com.ar\\\/sitio\\\/wp-content\\\/uploads\\\/2026\\\/05\\\/720-17.jpeg\",\"articleSection\":[\"PAIS\"],\"inLanguage\":\"es\"},{\"@type\":\"WebPage\",\"@id\":\"https:\\\/\\\/cuartetoenlaweb.com.ar\\\/sitio\\\/yanina-latorre-estallo-contra-las-nominaciones-y-apunto-contra-pamela-david-y-mariana-fabbiani\\\/\",\"url\":\"https:\\\/\\\/cuartetoenlaweb.com.ar\\\/sitio\\\/yanina-latorre-estallo-contra-las-nominaciones-y-apunto-contra-pamela-david-y-mariana-fabbiani\\\/\",\"name\":\"Yanina Latorre estall\u00f3 contra las nominaciones y apunt\u00f3 contra Pamela David y Mariana Fabbiani - Cuarteto en la Web\",\"isPartOf\":{\"@id\":\"http:\\\/\\\/cuartetoenlaweb.com.ar\\\/sitio\\\/#website\"},\"primaryImageOfPage\":{\"@id\":\"https:\\\/\\\/cuartetoenlaweb.com.ar\\\/sitio\\\/yanina-latorre-estallo-contra-las-nominaciones-y-apunto-contra-pamela-david-y-mariana-fabbiani\\\/#primaryimage\"},\"image\":{\"@id\":\"https:\\\/\\\/cuartetoenlaweb.com.ar\\\/sitio\\\/yanina-latorre-estallo-contra-las-nominaciones-y-apunto-contra-pamela-david-y-mariana-fabbiani\\\/#primaryimage\"},\"thumbnailUrl\":\"https:\\\/\\\/cuartetoenlaweb.com.ar\\\/sitio\\\/wp-content\\\/uploads\\\/2026\\\/05\\\/720-17.jpeg\",\"datePublished\":\"2026-05-01T21:00:09+00:00\",\"breadcrumb\":{\"@id\":\"https:\\\/\\\/cuartetoenlaweb.com.ar\\\/sitio\\\/yanina-latorre-estallo-contra-las-nominaciones-y-apunto-contra-pamela-david-y-mariana-fabbiani\\\/#breadcrumb\"},\"inLanguage\":\"es\",\"potentialAction\":[{\"@type\":\"ReadAction\",\"target\":[\"https:\\\/\\\/cuartetoenlaweb.com.ar\\\/sitio\\\/yanina-latorre-estallo-contra-las-nominaciones-y-apunto-contra-pamela-david-y-mariana-fabbiani\\\/\"]}]},{\"@type\":\"ImageObject\",\"inLanguage\":\"es\",\"@id\":\"https:\\\/\\\/cuartetoenlaweb.com.ar\\\/sitio\\\/yanina-latorre-estallo-contra-las-nominaciones-y-apunto-contra-pamela-david-y-mariana-fabbiani\\\/#primaryimage\",\"url\":\"https:\\\/\\\/cuartetoenlaweb.com.ar\\\/sitio\\\/wp-content\\\/uploads\\\/2026\\\/05\\\/720-17.jpeg\",\"contentUrl\":\"https:\\\/\\\/cuartetoenlaweb.com.ar\\\/sitio\\\/wp-content\\\/uploads\\\/2026\\\/05\\\/720-17.jpeg\",\"width\":1280,\"height\":643},{\"@type\":\"BreadcrumbList\",\"@id\":\"https:\\\/\\\/cuartetoenlaweb.com.ar\\\/sitio\\\/yanina-latorre-estallo-contra-las-nominaciones-y-apunto-contra-pamela-david-y-mariana-fabbiani\\\/#breadcrumb\",\"itemListElement\":[{\"@type\":\"ListItem\",\"position\":1,\"name\":\"Portada\",\"item\":\"http:\\\/\\\/cuartetoenlaweb.com.ar\\\/sitio\\\/\"},{\"@type\":\"ListItem\",\"position\":2,\"name\":\"Yanina Latorre estall\u00f3 contra las nominaciones y apunt\u00f3 contra Pamela David y Mariana Fabbiani\"}]},{\"@type\":\"WebSite\",\"@id\":\"http:\\\/\\\/cuartetoenlaweb.com.ar\\\/sitio\\\/#website\",\"url\":\"http:\\\/\\\/cuartetoenlaweb.com.ar\\\/sitio\\\/\",\"name\":\"Cuarteto en la Web\",\"description\":\"\",\"publisher\":{\"@id\":\"http:\\\/\\\/cuartetoenlaweb.com.ar\\\/sitio\\\/#organization\"},\"potentialAction\":[{\"@type\":\"SearchAction\",\"target\":{\"@type\":\"EntryPoint\",\"urlTemplate\":\"http:\\\/\\\/cuartetoenlaweb.com.ar\\\/sitio\\\/?s={search_term_string}\"},\"query-input\":{\"@type\":\"PropertyValueSpecification\",\"valueRequired\":true,\"valueName\":\"search_term_string\"}}],\"inLanguage\":\"es\"},{\"@type\":\"Organization\",\"@id\":\"http:\\\/\\\/cuartetoenlaweb.com.ar\\\/sitio\\\/#organization\",\"name\":\"Cuarteto en la Web\",\"url\":\"http:\\\/\\\/cuartetoenlaweb.com.ar\\\/sitio\\\/\",\"logo\":{\"@type\":\"ImageObject\",\"inLanguage\":\"es\",\"@id\":\"http:\\\/\\\/cuartetoenlaweb.com.ar\\\/sitio\\\/#\\\/schema\\\/logo\\\/image\\\/\",\"url\":\"https:\\\/\\\/cuartetoenlaweb.com.ar\\\/sitio\\\/wp-content\\\/uploads\\\/2025\\\/07\\\/cropped-cropped-logitoweb21.png\",\"contentUrl\":\"https:\\\/\\\/cuartetoenlaweb.com.ar\\\/sitio\\\/wp-content\\\/uploads\\\/2025\\\/07\\\/cropped-cropped-logitoweb21.png\",\"width\":199,\"height\":199,\"caption\":\"Cuarteto en la Web\"},\"image\":{\"@id\":\"http:\\\/\\\/cuartetoenlaweb.com.ar\\\/sitio\\\/#\\\/schema\\\/logo\\\/image\\\/\"}}]}<\/script>\n<!-- \/ Yoast SEO plugin. -->","yoast_head_json":{"title":"Yanina Latorre estall\u00f3 contra las nominaciones y apunt\u00f3 contra Pamela David y Mariana Fabbiani - Cuarteto en la Web","robots":{"index":"index","follow":"follow","max-snippet":"max-snippet:-1","max-image-preview":"max-image-preview:large","max-video-preview":"max-video-preview:-1"},"canonical":"https:\/\/cuartetoenlaweb.com.ar\/sitio\/yanina-latorre-estallo-contra-las-nominaciones-y-apunto-contra-pamela-david-y-mariana-fabbiani\/","og_locale":"es_ES","og_type":"article","og_title":"Yanina Latorre estall\u00f3 contra las nominaciones y apunt\u00f3 contra Pamela David y Mariana Fabbiani - Cuarteto en la Web","og_description":"La entrega de los Premios Mart\u00edn Fierro 2026 todav\u00eda no","og_url":"https:\/\/cuartetoenlaweb.com.ar\/sitio\/yanina-latorre-estallo-contra-las-nominaciones-y-apunto-contra-pamela-david-y-mariana-fabbiani\/","og_site_name":"Cuarteto en la Web","article_published_time":"2026-05-01T21:00:09+00:00","twitter_card":"summary_large_image","twitter_misc":{"Tiempo de lectura":"1 minuto"},"schema":{"@context":"https:\/\/schema.org","@graph":[{"@type":"Article","@id":"https:\/\/cuartetoenlaweb.com.ar\/sitio\/yanina-latorre-estallo-contra-las-nominaciones-y-apunto-contra-pamela-david-y-mariana-fabbiani\/#article","isPartOf":{"@id":"https:\/\/cuartetoenlaweb.com.ar\/sitio\/yanina-latorre-estallo-contra-las-nominaciones-y-apunto-contra-pamela-david-y-mariana-fabbiani\/"},"author":{"name":"","@id":""},"headline":"Yanina Latorre estall\u00f3 contra las nominaciones y apunt\u00f3 contra Pamela David y Mariana Fabbiani","datePublished":"2026-05-01T21:00:09+00:00","mainEntityOfPage":{"@id":"https:\/\/cuartetoenlaweb.com.ar\/sitio\/yanina-latorre-estallo-contra-las-nominaciones-y-apunto-contra-pamela-david-y-mariana-fabbiani\/"},"wordCount":146,"publisher":{"@id":"http:\/\/cuartetoenlaweb.com.ar\/sitio\/#organization"},"image":{"@id":"https:\/\/cuartetoenlaweb.com.ar\/sitio\/yanina-latorre-estallo-contra-las-nominaciones-y-apunto-contra-pamela-david-y-mariana-fabbiani\/#primaryimage"},"thumbnailUrl":"https:\/\/cuartetoenlaweb.com.ar\/sitio\/wp-content\/uploads\/2026\/05\/720-17.jpeg","articleSection":["PAIS"],"inLanguage":"es"},{"@type":"WebPage","@id":"https:\/\/cuartetoenlaweb.com.ar\/sitio\/yanina-latorre-estallo-contra-las-nominaciones-y-apunto-contra-pamela-david-y-mariana-fabbiani\/","url":"https:\/\/cuartetoenlaweb.com.ar\/sitio\/yanina-latorre-estallo-contra-las-nominaciones-y-apunto-contra-pamela-david-y-mariana-fabbiani\/","name":"Yanina Latorre estall\u00f3 contra las nominaciones y apunt\u00f3 contra Pamela David y Mariana Fabbiani - Cuarteto en la Web","isPartOf":{"@id":"http:\/\/cuartetoenlaweb.com.ar\/sitio\/#website"},"primaryImageOfPage":{"@id":"https:\/\/cuartetoenlaweb.com.ar\/sitio\/yanina-latorre-estallo-contra-las-nominaciones-y-apunto-contra-pamela-david-y-mariana-fabbiani\/#primaryimage"},"image":{"@id":"https:\/\/cuartetoenlaweb.com.ar\/sitio\/yanina-latorre-estallo-contra-las-nominaciones-y-apunto-contra-pamela-david-y-mariana-fabbiani\/#primaryimage"},"thumbnailUrl":"https:\/\/cuartetoenlaweb.com.ar\/sitio\/wp-content\/uploads\/2026\/05\/720-17.jpeg","datePublished":"2026-05-01T21:00:09+00:00","breadcrumb":{"@id":"https:\/\/cuartetoenlaweb.com.ar\/sitio\/yanina-latorre-estallo-contra-las-nominaciones-y-apunto-contra-pamela-david-y-mariana-fabbiani\/#breadcrumb"},"inLanguage":"es","potentialAction":[{"@type":"ReadAction","target":["https:\/\/cuartetoenlaweb.com.ar\/sitio\/yanina-latorre-estallo-contra-las-nominaciones-y-apunto-contra-pamela-david-y-mariana-fabbiani\/"]}]},{"@type":"ImageObject","inLanguage":"es","@id":"https:\/\/cuartetoenlaweb.com.ar\/sitio\/yanina-latorre-estallo-contra-las-nominaciones-y-apunto-contra-pamela-david-y-mariana-fabbiani\/#primaryimage","url":"https:\/\/cuartetoenlaweb.com.ar\/sitio\/wp-content\/uploads\/2026\/05\/720-17.jpeg","contentUrl":"https:\/\/cuartetoenlaweb.com.ar\/sitio\/wp-content\/uploads\/2026\/05\/720-17.jpeg","width":1280,"height":643},{"@type":"BreadcrumbList","@id":"https:\/\/cuartetoenlaweb.com.ar\/sitio\/yanina-latorre-estallo-contra-las-nominaciones-y-apunto-contra-pamela-david-y-mariana-fabbiani\/#breadcrumb","itemListElement":[{"@type":"ListItem","position":1,"name":"Portada","item":"http:\/\/cuartetoenlaweb.com.ar\/sitio\/"},{"@type":"ListItem","position":2,"name":"Yanina Latorre estall\u00f3 contra las nominaciones y apunt\u00f3 contra Pamela David y Mariana Fabbiani"}]},{"@type":"WebSite","@id":"http:\/\/cuartetoenlaweb.com.ar\/sitio\/#website","url":"http:\/\/cuartetoenlaweb.com.ar\/sitio\/","name":"Cuarteto en la Web","description":"","publisher":{"@id":"http:\/\/cuartetoenlaweb.com.ar\/sitio\/#organization"},"potentialAction":[{"@type":"SearchAction","target":{"@type":"EntryPoint","urlTemplate":"http:\/\/cuartetoenlaweb.com.ar\/sitio\/?s={search_term_string}"},"query-input":{"@type":"PropertyValueSpecification","valueRequired":true,"valueName":"search_term_string"}}],"inLanguage":"es"},{"@type":"Organization","@id":"http:\/\/cuartetoenlaweb.com.ar\/sitio\/#organization","name":"Cuarteto en la Web","url":"http:\/\/cuartetoenlaweb.com.ar\/sitio\/","logo":{"@type":"ImageObject","inLanguage":"es","@id":"http:\/\/cuartetoenlaweb.com.ar\/sitio\/#\/schema\/logo\/image\/","url":"https:\/\/cuartetoenlaweb.com.ar\/sitio\/wp-content\/uploads\/2025\/07\/cropped-cropped-logitoweb21.png","contentUrl":"https:\/\/cuartetoenlaweb.com.ar\/sitio\/wp-content\/uploads\/2025\/07\/cropped-cropped-logitoweb21.png","width":199,"height":199,"caption":"Cuarteto en la Web"},"image":{"@id":"http:\/\/cuartetoenlaweb.com.ar\/sitio\/#\/schema\/logo\/image\/"}}]}},"_links":{"self":[{"href":"https:\/\/cuartetoenlaweb.com.ar\/sitio\/wp-json\/wp\/v2\/posts\/19572","targetHints":{"allow":["GET"]}}],"collection":[{"href":"https:\/\/cuartetoenlaweb.com.ar\/sitio\/wp-json\/wp\/v2\/posts"}],"about":[{"href":"https:\/\/cuartetoenlaweb.com.ar\/sitio\/wp-json\/wp\/v2\/types\/post"}],"replies":[{"embeddable":true,"href":"https:\/\/cuartetoenlaweb.com.ar\/sitio\/wp-json\/wp\/v2\/comments?post=19572"}],"version-history":[{"count":0,"href":"https:\/\/cuartetoenlaweb.com.ar\/sitio\/wp-json\/wp\/v2\/posts\/19572\/revisions"}],"wp:featuredmedia":[{"embeddable":true,"href":"https:\/\/cuartetoenlaweb.com.ar\/sitio\/wp-json\/wp\/v2\/media\/19573"}],"wp:attachment":[{"href":"https:\/\/cuartetoenlaweb.com.ar\/sitio\/wp-json\/wp\/v2\/media?parent=19572"}],"wp:term":[{"taxonomy":"category","embeddable":true,"href":"https:\/\/cuartetoenlaweb.com.ar\/sitio\/wp-json\/wp\/v2\/categories?post=19572"},{"taxonomy":"post_tag","embeddable":true,"href":"https:\/\/cuartetoenlaweb.com.ar\/sitio\/wp-json\/wp\/v2\/tags?post=19572"}],"curies":[{"name":"wp","href":"https:\/\/api.w.org\/{rel}","templated":true}]}}