
{"id":19570,"date":"2026-05-01T18:00:05","date_gmt":"2026-05-01T21:00:05","guid":{"rendered":"https:\/\/cuartetoenlaweb.com.ar\/sitio\/pablo-echarri-dijo-lo-que-casi-todo-el-peronismo-piensa-sobre-la-interna-entre-cristina-y-kicillof\/"},"modified":"2026-05-01T18:00:05","modified_gmt":"2026-05-01T21:00:05","slug":"pablo-echarri-dijo-lo-que-casi-todo-el-peronismo-piensa-sobre-la-interna-entre-cristina-y-kicillof","status":"publish","type":"post","link":"https:\/\/cuartetoenlaweb.com.ar\/sitio\/pablo-echarri-dijo-lo-que-casi-todo-el-peronismo-piensa-sobre-la-interna-entre-cristina-y-kicillof\/","title":{"rendered":"Pablo Echarri dijo lo que (casi) todo el peronismo piensa sobre la interna entre Cristina y Kicillof"},"content":{"rendered":"<p>Pablo Echarri no le corre el culo a la jeringa, como dice el dicho popular. <\/p>\n<p>Cada vez m\u00e1s embarrado en el lodo pol\u00edtico del pa\u00eds, el actor volvi\u00f3 a hablar de la interna del Partido Justicialista, y espec\u00edficamente entre Cristina Kichner y Axel Kicillof. <\/p>\n<p>En nota con Blender en el programa de Jos\u00e9 Mar\u00eda Listorti, el periodista Manu Jove le pregunt\u00f3 \u00ab\u00bfc\u00f3mo interpreta Cristina-Axel? Que no parece de programa y de ideas, sino m\u00e1s bien de disputa de poder\u00bb. <\/p>\n<p>Echarri contest\u00f3 con total sinceridad: \u00abNos duele bastante. Estamos sufriendo mucho la interna entre Axel Kicillof y CFK\u201d. <\/p>\n<p>Y consider\u00f3: \u201cEsa pelea va a llegar hasta el final hasta el \u00faltimo d\u00eda y se va a terminar de dirimir en una interna, que es lo mejor que le puede pasar al peronismo\u201d.  <\/p>\n<p>ECHARRI Y SU CRUCE CON PERGOLINI<\/p>\n<p>Otra parte de la nota en Blender, sobre los puntos que le puso a Pergolini en la entrevista en su programa. Y tambi\u00e9n se cruz\u00f3 con Mar\u00eda Jos\u00e9.<\/p>\n","protected":false},"excerpt":{"rendered":"<p>Pablo Echarri no le corre el culo a la jeringa,<\/p>\n","protected":false},"author":0,"featured_media":19571,"comment_status":"","ping_status":"","sticky":false,"template":"","format":"standard","meta":{"footnotes":""},"categories":[65],"tags":[],"class_list":["post-19570","post","type-post","status-publish","format-standard","has-post-thumbnail","hentry","category-pais"],"yoast_head":"<!-- This site is optimized with the Yoast SEO plugin v27.5 - https:\/\/yoast.com\/product\/yoast-seo-wordpress\/ -->\n<title>Pablo Echarri dijo lo que (casi) todo el peronismo piensa sobre la interna entre Cristina y Kicillof - Cuarteto en la Web<\/title>\n<meta name=\"robots\" content=\"index, follow, max-snippet:-1, max-image-preview:large, max-video-preview:-1\" \/>\n<link rel=\"canonical\" href=\"https:\/\/cuartetoenlaweb.com.ar\/sitio\/pablo-echarri-dijo-lo-que-casi-todo-el-peronismo-piensa-sobre-la-interna-entre-cristina-y-kicillof\/\" \/>\n<meta property=\"og:locale\" content=\"es_ES\" \/>\n<meta property=\"og:type\" content=\"article\" \/>\n<meta property=\"og:title\" content=\"Pablo Echarri dijo lo que (casi) todo el peronismo piensa sobre la interna entre Cristina y Kicillof - Cuarteto en la Web\" \/>\n<meta property=\"og:description\" content=\"Pablo Echarri no le corre el culo a la jeringa,\" \/>\n<meta property=\"og:url\" content=\"https:\/\/cuartetoenlaweb.com.ar\/sitio\/pablo-echarri-dijo-lo-que-casi-todo-el-peronismo-piensa-sobre-la-interna-entre-cristina-y-kicillof\/\" \/>\n<meta property=\"og:site_name\" content=\"Cuarteto en la Web\" \/>\n<meta property=\"article:published_time\" content=\"2026-05-01T21:00:05+00:00\" \/>\n<meta name=\"twitter:card\" content=\"summary_large_image\" \/>\n<meta name=\"twitter:label1\" content=\"Tiempo de lectura\" \/>\n\t<meta name=\"twitter:data1\" content=\"1 minuto\" \/>\n<script type=\"application\/ld+json\" class=\"yoast-schema-graph\">{\"@context\":\"https:\\\/\\\/schema.org\",\"@graph\":[{\"@type\":\"Article\",\"@id\":\"https:\\\/\\\/cuartetoenlaweb.com.ar\\\/sitio\\\/pablo-echarri-dijo-lo-que-casi-todo-el-peronismo-piensa-sobre-la-interna-entre-cristina-y-kicillof\\\/#article\",\"isPartOf\":{\"@id\":\"https:\\\/\\\/cuartetoenlaweb.com.ar\\\/sitio\\\/pablo-echarri-dijo-lo-que-casi-todo-el-peronismo-piensa-sobre-la-interna-entre-cristina-y-kicillof\\\/\"},\"author\":{\"name\":\"\",\"@id\":\"\"},\"headline\":\"Pablo Echarri dijo lo que (casi) todo el peronismo piensa sobre la interna entre Cristina y Kicillof\",\"datePublished\":\"2026-05-01T21:00:05+00:00\",\"mainEntityOfPage\":{\"@id\":\"https:\\\/\\\/cuartetoenlaweb.com.ar\\\/sitio\\\/pablo-echarri-dijo-lo-que-casi-todo-el-peronismo-piensa-sobre-la-interna-entre-cristina-y-kicillof\\\/\"},\"wordCount\":192,\"publisher\":{\"@id\":\"http:\\\/\\\/cuartetoenlaweb.com.ar\\\/sitio\\\/#organization\"},\"image\":{\"@id\":\"https:\\\/\\\/cuartetoenlaweb.com.ar\\\/sitio\\\/pablo-echarri-dijo-lo-que-casi-todo-el-peronismo-piensa-sobre-la-interna-entre-cristina-y-kicillof\\\/#primaryimage\"},\"thumbnailUrl\":\"https:\\\/\\\/cuartetoenlaweb.com.ar\\\/sitio\\\/wp-content\\\/uploads\\\/2026\\\/05\\\/720-16.jpeg\",\"articleSection\":[\"PAIS\"],\"inLanguage\":\"es\"},{\"@type\":\"WebPage\",\"@id\":\"https:\\\/\\\/cuartetoenlaweb.com.ar\\\/sitio\\\/pablo-echarri-dijo-lo-que-casi-todo-el-peronismo-piensa-sobre-la-interna-entre-cristina-y-kicillof\\\/\",\"url\":\"https:\\\/\\\/cuartetoenlaweb.com.ar\\\/sitio\\\/pablo-echarri-dijo-lo-que-casi-todo-el-peronismo-piensa-sobre-la-interna-entre-cristina-y-kicillof\\\/\",\"name\":\"Pablo Echarri dijo lo que (casi) todo el peronismo piensa sobre la interna entre Cristina y Kicillof - Cuarteto en la Web\",\"isPartOf\":{\"@id\":\"http:\\\/\\\/cuartetoenlaweb.com.ar\\\/sitio\\\/#website\"},\"primaryImageOfPage\":{\"@id\":\"https:\\\/\\\/cuartetoenlaweb.com.ar\\\/sitio\\\/pablo-echarri-dijo-lo-que-casi-todo-el-peronismo-piensa-sobre-la-interna-entre-cristina-y-kicillof\\\/#primaryimage\"},\"image\":{\"@id\":\"https:\\\/\\\/cuartetoenlaweb.com.ar\\\/sitio\\\/pablo-echarri-dijo-lo-que-casi-todo-el-peronismo-piensa-sobre-la-interna-entre-cristina-y-kicillof\\\/#primaryimage\"},\"thumbnailUrl\":\"https:\\\/\\\/cuartetoenlaweb.com.ar\\\/sitio\\\/wp-content\\\/uploads\\\/2026\\\/05\\\/720-16.jpeg\",\"datePublished\":\"2026-05-01T21:00:05+00:00\",\"breadcrumb\":{\"@id\":\"https:\\\/\\\/cuartetoenlaweb.com.ar\\\/sitio\\\/pablo-echarri-dijo-lo-que-casi-todo-el-peronismo-piensa-sobre-la-interna-entre-cristina-y-kicillof\\\/#breadcrumb\"},\"inLanguage\":\"es\",\"potentialAction\":[{\"@type\":\"ReadAction\",\"target\":[\"https:\\\/\\\/cuartetoenlaweb.com.ar\\\/sitio\\\/pablo-echarri-dijo-lo-que-casi-todo-el-peronismo-piensa-sobre-la-interna-entre-cristina-y-kicillof\\\/\"]}]},{\"@type\":\"ImageObject\",\"inLanguage\":\"es\",\"@id\":\"https:\\\/\\\/cuartetoenlaweb.com.ar\\\/sitio\\\/pablo-echarri-dijo-lo-que-casi-todo-el-peronismo-piensa-sobre-la-interna-entre-cristina-y-kicillof\\\/#primaryimage\",\"url\":\"https:\\\/\\\/cuartetoenlaweb.com.ar\\\/sitio\\\/wp-content\\\/uploads\\\/2026\\\/05\\\/720-16.jpeg\",\"contentUrl\":\"https:\\\/\\\/cuartetoenlaweb.com.ar\\\/sitio\\\/wp-content\\\/uploads\\\/2026\\\/05\\\/720-16.jpeg\",\"width\":1280,\"height\":707},{\"@type\":\"BreadcrumbList\",\"@id\":\"https:\\\/\\\/cuartetoenlaweb.com.ar\\\/sitio\\\/pablo-echarri-dijo-lo-que-casi-todo-el-peronismo-piensa-sobre-la-interna-entre-cristina-y-kicillof\\\/#breadcrumb\",\"itemListElement\":[{\"@type\":\"ListItem\",\"position\":1,\"name\":\"Portada\",\"item\":\"http:\\\/\\\/cuartetoenlaweb.com.ar\\\/sitio\\\/\"},{\"@type\":\"ListItem\",\"position\":2,\"name\":\"Pablo Echarri dijo lo que (casi) todo el peronismo piensa sobre la interna entre Cristina y Kicillof\"}]},{\"@type\":\"WebSite\",\"@id\":\"http:\\\/\\\/cuartetoenlaweb.com.ar\\\/sitio\\\/#website\",\"url\":\"http:\\\/\\\/cuartetoenlaweb.com.ar\\\/sitio\\\/\",\"name\":\"Cuarteto en la Web\",\"description\":\"\",\"publisher\":{\"@id\":\"http:\\\/\\\/cuartetoenlaweb.com.ar\\\/sitio\\\/#organization\"},\"potentialAction\":[{\"@type\":\"SearchAction\",\"target\":{\"@type\":\"EntryPoint\",\"urlTemplate\":\"http:\\\/\\\/cuartetoenlaweb.com.ar\\\/sitio\\\/?s={search_term_string}\"},\"query-input\":{\"@type\":\"PropertyValueSpecification\",\"valueRequired\":true,\"valueName\":\"search_term_string\"}}],\"inLanguage\":\"es\"},{\"@type\":\"Organization\",\"@id\":\"http:\\\/\\\/cuartetoenlaweb.com.ar\\\/sitio\\\/#organization\",\"name\":\"Cuarteto en la Web\",\"url\":\"http:\\\/\\\/cuartetoenlaweb.com.ar\\\/sitio\\\/\",\"logo\":{\"@type\":\"ImageObject\",\"inLanguage\":\"es\",\"@id\":\"http:\\\/\\\/cuartetoenlaweb.com.ar\\\/sitio\\\/#\\\/schema\\\/logo\\\/image\\\/\",\"url\":\"https:\\\/\\\/cuartetoenlaweb.com.ar\\\/sitio\\\/wp-content\\\/uploads\\\/2025\\\/07\\\/cropped-cropped-logitoweb21.png\",\"contentUrl\":\"https:\\\/\\\/cuartetoenlaweb.com.ar\\\/sitio\\\/wp-content\\\/uploads\\\/2025\\\/07\\\/cropped-cropped-logitoweb21.png\",\"width\":199,\"height\":199,\"caption\":\"Cuarteto en la Web\"},\"image\":{\"@id\":\"http:\\\/\\\/cuartetoenlaweb.com.ar\\\/sitio\\\/#\\\/schema\\\/logo\\\/image\\\/\"}}]}<\/script>\n<!-- \/ Yoast SEO plugin. -->","yoast_head_json":{"title":"Pablo Echarri dijo lo que (casi) todo el peronismo piensa sobre la interna entre Cristina y Kicillof - Cuarteto en la Web","robots":{"index":"index","follow":"follow","max-snippet":"max-snippet:-1","max-image-preview":"max-image-preview:large","max-video-preview":"max-video-preview:-1"},"canonical":"https:\/\/cuartetoenlaweb.com.ar\/sitio\/pablo-echarri-dijo-lo-que-casi-todo-el-peronismo-piensa-sobre-la-interna-entre-cristina-y-kicillof\/","og_locale":"es_ES","og_type":"article","og_title":"Pablo Echarri dijo lo que (casi) todo el peronismo piensa sobre la interna entre Cristina y Kicillof - Cuarteto en la Web","og_description":"Pablo Echarri no le corre el culo a la jeringa,","og_url":"https:\/\/cuartetoenlaweb.com.ar\/sitio\/pablo-echarri-dijo-lo-que-casi-todo-el-peronismo-piensa-sobre-la-interna-entre-cristina-y-kicillof\/","og_site_name":"Cuarteto en la Web","article_published_time":"2026-05-01T21:00:05+00:00","twitter_card":"summary_large_image","twitter_misc":{"Tiempo de lectura":"1 minuto"},"schema":{"@context":"https:\/\/schema.org","@graph":[{"@type":"Article","@id":"https:\/\/cuartetoenlaweb.com.ar\/sitio\/pablo-echarri-dijo-lo-que-casi-todo-el-peronismo-piensa-sobre-la-interna-entre-cristina-y-kicillof\/#article","isPartOf":{"@id":"https:\/\/cuartetoenlaweb.com.ar\/sitio\/pablo-echarri-dijo-lo-que-casi-todo-el-peronismo-piensa-sobre-la-interna-entre-cristina-y-kicillof\/"},"author":{"name":"","@id":""},"headline":"Pablo Echarri dijo lo que (casi) todo el peronismo piensa sobre la interna entre Cristina y Kicillof","datePublished":"2026-05-01T21:00:05+00:00","mainEntityOfPage":{"@id":"https:\/\/cuartetoenlaweb.com.ar\/sitio\/pablo-echarri-dijo-lo-que-casi-todo-el-peronismo-piensa-sobre-la-interna-entre-cristina-y-kicillof\/"},"wordCount":192,"publisher":{"@id":"http:\/\/cuartetoenlaweb.com.ar\/sitio\/#organization"},"image":{"@id":"https:\/\/cuartetoenlaweb.com.ar\/sitio\/pablo-echarri-dijo-lo-que-casi-todo-el-peronismo-piensa-sobre-la-interna-entre-cristina-y-kicillof\/#primaryimage"},"thumbnailUrl":"https:\/\/cuartetoenlaweb.com.ar\/sitio\/wp-content\/uploads\/2026\/05\/720-16.jpeg","articleSection":["PAIS"],"inLanguage":"es"},{"@type":"WebPage","@id":"https:\/\/cuartetoenlaweb.com.ar\/sitio\/pablo-echarri-dijo-lo-que-casi-todo-el-peronismo-piensa-sobre-la-interna-entre-cristina-y-kicillof\/","url":"https:\/\/cuartetoenlaweb.com.ar\/sitio\/pablo-echarri-dijo-lo-que-casi-todo-el-peronismo-piensa-sobre-la-interna-entre-cristina-y-kicillof\/","name":"Pablo Echarri dijo lo que (casi) todo el peronismo piensa sobre la interna entre Cristina y Kicillof - Cuarteto en la Web","isPartOf":{"@id":"http:\/\/cuartetoenlaweb.com.ar\/sitio\/#website"},"primaryImageOfPage":{"@id":"https:\/\/cuartetoenlaweb.com.ar\/sitio\/pablo-echarri-dijo-lo-que-casi-todo-el-peronismo-piensa-sobre-la-interna-entre-cristina-y-kicillof\/#primaryimage"},"image":{"@id":"https:\/\/cuartetoenlaweb.com.ar\/sitio\/pablo-echarri-dijo-lo-que-casi-todo-el-peronismo-piensa-sobre-la-interna-entre-cristina-y-kicillof\/#primaryimage"},"thumbnailUrl":"https:\/\/cuartetoenlaweb.com.ar\/sitio\/wp-content\/uploads\/2026\/05\/720-16.jpeg","datePublished":"2026-05-01T21:00:05+00:00","breadcrumb":{"@id":"https:\/\/cuartetoenlaweb.com.ar\/sitio\/pablo-echarri-dijo-lo-que-casi-todo-el-peronismo-piensa-sobre-la-interna-entre-cristina-y-kicillof\/#breadcrumb"},"inLanguage":"es","potentialAction":[{"@type":"ReadAction","target":["https:\/\/cuartetoenlaweb.com.ar\/sitio\/pablo-echarri-dijo-lo-que-casi-todo-el-peronismo-piensa-sobre-la-interna-entre-cristina-y-kicillof\/"]}]},{"@type":"ImageObject","inLanguage":"es","@id":"https:\/\/cuartetoenlaweb.com.ar\/sitio\/pablo-echarri-dijo-lo-que-casi-todo-el-peronismo-piensa-sobre-la-interna-entre-cristina-y-kicillof\/#primaryimage","url":"https:\/\/cuartetoenlaweb.com.ar\/sitio\/wp-content\/uploads\/2026\/05\/720-16.jpeg","contentUrl":"https:\/\/cuartetoenlaweb.com.ar\/sitio\/wp-content\/uploads\/2026\/05\/720-16.jpeg","width":1280,"height":707},{"@type":"BreadcrumbList","@id":"https:\/\/cuartetoenlaweb.com.ar\/sitio\/pablo-echarri-dijo-lo-que-casi-todo-el-peronismo-piensa-sobre-la-interna-entre-cristina-y-kicillof\/#breadcrumb","itemListElement":[{"@type":"ListItem","position":1,"name":"Portada","item":"http:\/\/cuartetoenlaweb.com.ar\/sitio\/"},{"@type":"ListItem","position":2,"name":"Pablo Echarri dijo lo que (casi) todo el peronismo piensa sobre la interna entre Cristina y Kicillof"}]},{"@type":"WebSite","@id":"http:\/\/cuartetoenlaweb.com.ar\/sitio\/#website","url":"http:\/\/cuartetoenlaweb.com.ar\/sitio\/","name":"Cuarteto en la Web","description":"","publisher":{"@id":"http:\/\/cuartetoenlaweb.com.ar\/sitio\/#organization"},"potentialAction":[{"@type":"SearchAction","target":{"@type":"EntryPoint","urlTemplate":"http:\/\/cuartetoenlaweb.com.ar\/sitio\/?s={search_term_string}"},"query-input":{"@type":"PropertyValueSpecification","valueRequired":true,"valueName":"search_term_string"}}],"inLanguage":"es"},{"@type":"Organization","@id":"http:\/\/cuartetoenlaweb.com.ar\/sitio\/#organization","name":"Cuarteto en la Web","url":"http:\/\/cuartetoenlaweb.com.ar\/sitio\/","logo":{"@type":"ImageObject","inLanguage":"es","@id":"http:\/\/cuartetoenlaweb.com.ar\/sitio\/#\/schema\/logo\/image\/","url":"https:\/\/cuartetoenlaweb.com.ar\/sitio\/wp-content\/uploads\/2025\/07\/cropped-cropped-logitoweb21.png","contentUrl":"https:\/\/cuartetoenlaweb.com.ar\/sitio\/wp-content\/uploads\/2025\/07\/cropped-cropped-logitoweb21.png","width":199,"height":199,"caption":"Cuarteto en la Web"},"image":{"@id":"http:\/\/cuartetoenlaweb.com.ar\/sitio\/#\/schema\/logo\/image\/"}}]}},"_links":{"self":[{"href":"https:\/\/cuartetoenlaweb.com.ar\/sitio\/wp-json\/wp\/v2\/posts\/19570","targetHints":{"allow":["GET"]}}],"collection":[{"href":"https:\/\/cuartetoenlaweb.com.ar\/sitio\/wp-json\/wp\/v2\/posts"}],"about":[{"href":"https:\/\/cuartetoenlaweb.com.ar\/sitio\/wp-json\/wp\/v2\/types\/post"}],"replies":[{"embeddable":true,"href":"https:\/\/cuartetoenlaweb.com.ar\/sitio\/wp-json\/wp\/v2\/comments?post=19570"}],"version-history":[{"count":0,"href":"https:\/\/cuartetoenlaweb.com.ar\/sitio\/wp-json\/wp\/v2\/posts\/19570\/revisions"}],"wp:featuredmedia":[{"embeddable":true,"href":"https:\/\/cuartetoenlaweb.com.ar\/sitio\/wp-json\/wp\/v2\/media\/19571"}],"wp:attachment":[{"href":"https:\/\/cuartetoenlaweb.com.ar\/sitio\/wp-json\/wp\/v2\/media?parent=19570"}],"wp:term":[{"taxonomy":"category","embeddable":true,"href":"https:\/\/cuartetoenlaweb.com.ar\/sitio\/wp-json\/wp\/v2\/categories?post=19570"},{"taxonomy":"post_tag","embeddable":true,"href":"https:\/\/cuartetoenlaweb.com.ar\/sitio\/wp-json\/wp\/v2\/tags?post=19570"}],"curies":[{"name":"wp","href":"https:\/\/api.w.org\/{rel}","templated":true}]}}