
{"id":19566,"date":"2026-05-01T17:59:59","date_gmt":"2026-05-01T20:59:59","guid":{"rendered":"https:\/\/cuartetoenlaweb.com.ar\/sitio\/liliana-franco-comparo-a-milei-con-hitler-asi-empezaron-los-nazis-en-alemania\/"},"modified":"2026-05-01T17:59:59","modified_gmt":"2026-05-01T20:59:59","slug":"liliana-franco-comparo-a-milei-con-hitler-asi-empezaron-los-nazis-en-alemania","status":"publish","type":"post","link":"https:\/\/cuartetoenlaweb.com.ar\/sitio\/liliana-franco-comparo-a-milei-con-hitler-asi-empezaron-los-nazis-en-alemania\/","title":{"rendered":"Liliana Franco compar\u00f3 a Milei con Hitler: \u201cAs\u00ed empezaron los nazis en Alemania&quot;"},"content":{"rendered":"<p>Hace veinte d\u00edas, Liliana Franco -simpatizante de La Libertad Avanza, realiz\u00f3 un duro descargo p\u00fablico contra el Gobierno desde la puerta de la Casa tras haber perdido su acreditaci\u00f3n.<\/p>\n<p>Este jueves, la periodista con m\u00e1s de 30 a\u00f1os de trayectoria en el \u00e1mbito presidencial, volvi\u00f3 a apuntar contra la gesti\u00f3n de Javier Milei. <\/p>\n<p>En la Comisi\u00f3n de Libertad de Expresi\u00f3n de la C\u00e1mara de Diputados (ver el notable discurso de Jon Heguier), advirti\u00f3 sobre los \u00abriesgos de aceptar que se discrimine a un colectivo\u00bb.<\/p>\n<p>\u201cReemplacemos a los periodistas por negros o jud\u00edos, es grav\u00edsimo, as\u00ed empezaron los nazis en Alemania\u201d, dijo Franco, comparando a Javier Milei con Adolf Hitler. <\/p>\n<p>En las \u00faltimas horas dijo: \u00abNo compar\u00e9 a Milei con Hitler y jam\u00e1s lo har\u00eda\u00bb: \u00bfC\u00f3mo no, Liliana? En esta nota te dejamos tu video.<\/p>\n","protected":false},"excerpt":{"rendered":"<p>Hace veinte d\u00edas, Liliana Franco -simpatizante de La Libertad Avanza,<\/p>\n","protected":false},"author":0,"featured_media":19567,"comment_status":"","ping_status":"","sticky":false,"template":"","format":"standard","meta":{"footnotes":""},"categories":[65],"tags":[],"class_list":["post-19566","post","type-post","status-publish","format-standard","has-post-thumbnail","hentry","category-pais"],"yoast_head":"<!-- This site is optimized with the Yoast SEO plugin v27.5 - https:\/\/yoast.com\/product\/yoast-seo-wordpress\/ -->\n<title>Liliana Franco compar\u00f3 a Milei con Hitler: \u201cAs\u00ed empezaron los nazis en Alemania&quot; - Cuarteto en la Web<\/title>\n<meta name=\"robots\" content=\"index, follow, max-snippet:-1, max-image-preview:large, max-video-preview:-1\" \/>\n<link rel=\"canonical\" href=\"https:\/\/cuartetoenlaweb.com.ar\/sitio\/liliana-franco-comparo-a-milei-con-hitler-asi-empezaron-los-nazis-en-alemania\/\" \/>\n<meta property=\"og:locale\" content=\"es_ES\" \/>\n<meta property=\"og:type\" content=\"article\" \/>\n<meta property=\"og:title\" content=\"Liliana Franco compar\u00f3 a Milei con Hitler: \u201cAs\u00ed empezaron los nazis en Alemania&quot; - Cuarteto en la Web\" \/>\n<meta property=\"og:description\" content=\"Hace veinte d\u00edas, Liliana Franco -simpatizante de La Libertad Avanza,\" \/>\n<meta property=\"og:url\" content=\"https:\/\/cuartetoenlaweb.com.ar\/sitio\/liliana-franco-comparo-a-milei-con-hitler-asi-empezaron-los-nazis-en-alemania\/\" \/>\n<meta property=\"og:site_name\" content=\"Cuarteto en la Web\" \/>\n<meta property=\"article:published_time\" content=\"2026-05-01T20:59:59+00:00\" \/>\n<meta name=\"twitter:card\" content=\"summary_large_image\" \/>\n<meta name=\"twitter:label1\" content=\"Tiempo de lectura\" \/>\n\t<meta name=\"twitter:data1\" content=\"1 minuto\" \/>\n<script type=\"application\/ld+json\" class=\"yoast-schema-graph\">{\"@context\":\"https:\\\/\\\/schema.org\",\"@graph\":[{\"@type\":\"Article\",\"@id\":\"https:\\\/\\\/cuartetoenlaweb.com.ar\\\/sitio\\\/liliana-franco-comparo-a-milei-con-hitler-asi-empezaron-los-nazis-en-alemania\\\/#article\",\"isPartOf\":{\"@id\":\"https:\\\/\\\/cuartetoenlaweb.com.ar\\\/sitio\\\/liliana-franco-comparo-a-milei-con-hitler-asi-empezaron-los-nazis-en-alemania\\\/\"},\"author\":{\"name\":\"\",\"@id\":\"\"},\"headline\":\"Liliana Franco compar\u00f3 a Milei con Hitler: \u201cAs\u00ed empezaron los nazis en Alemania&quot;\",\"datePublished\":\"2026-05-01T20:59:59+00:00\",\"mainEntityOfPage\":{\"@id\":\"https:\\\/\\\/cuartetoenlaweb.com.ar\\\/sitio\\\/liliana-franco-comparo-a-milei-con-hitler-asi-empezaron-los-nazis-en-alemania\\\/\"},\"wordCount\":161,\"publisher\":{\"@id\":\"http:\\\/\\\/cuartetoenlaweb.com.ar\\\/sitio\\\/#organization\"},\"image\":{\"@id\":\"https:\\\/\\\/cuartetoenlaweb.com.ar\\\/sitio\\\/liliana-franco-comparo-a-milei-con-hitler-asi-empezaron-los-nazis-en-alemania\\\/#primaryimage\"},\"thumbnailUrl\":\"https:\\\/\\\/cuartetoenlaweb.com.ar\\\/sitio\\\/wp-content\\\/uploads\\\/2026\\\/05\\\/720-14.jpeg\",\"articleSection\":[\"PAIS\"],\"inLanguage\":\"es\"},{\"@type\":\"WebPage\",\"@id\":\"https:\\\/\\\/cuartetoenlaweb.com.ar\\\/sitio\\\/liliana-franco-comparo-a-milei-con-hitler-asi-empezaron-los-nazis-en-alemania\\\/\",\"url\":\"https:\\\/\\\/cuartetoenlaweb.com.ar\\\/sitio\\\/liliana-franco-comparo-a-milei-con-hitler-asi-empezaron-los-nazis-en-alemania\\\/\",\"name\":\"Liliana Franco compar\u00f3 a Milei con Hitler: \u201cAs\u00ed empezaron los nazis en Alemania&quot; - Cuarteto en la Web\",\"isPartOf\":{\"@id\":\"http:\\\/\\\/cuartetoenlaweb.com.ar\\\/sitio\\\/#website\"},\"primaryImageOfPage\":{\"@id\":\"https:\\\/\\\/cuartetoenlaweb.com.ar\\\/sitio\\\/liliana-franco-comparo-a-milei-con-hitler-asi-empezaron-los-nazis-en-alemania\\\/#primaryimage\"},\"image\":{\"@id\":\"https:\\\/\\\/cuartetoenlaweb.com.ar\\\/sitio\\\/liliana-franco-comparo-a-milei-con-hitler-asi-empezaron-los-nazis-en-alemania\\\/#primaryimage\"},\"thumbnailUrl\":\"https:\\\/\\\/cuartetoenlaweb.com.ar\\\/sitio\\\/wp-content\\\/uploads\\\/2026\\\/05\\\/720-14.jpeg\",\"datePublished\":\"2026-05-01T20:59:59+00:00\",\"breadcrumb\":{\"@id\":\"https:\\\/\\\/cuartetoenlaweb.com.ar\\\/sitio\\\/liliana-franco-comparo-a-milei-con-hitler-asi-empezaron-los-nazis-en-alemania\\\/#breadcrumb\"},\"inLanguage\":\"es\",\"potentialAction\":[{\"@type\":\"ReadAction\",\"target\":[\"https:\\\/\\\/cuartetoenlaweb.com.ar\\\/sitio\\\/liliana-franco-comparo-a-milei-con-hitler-asi-empezaron-los-nazis-en-alemania\\\/\"]}]},{\"@type\":\"ImageObject\",\"inLanguage\":\"es\",\"@id\":\"https:\\\/\\\/cuartetoenlaweb.com.ar\\\/sitio\\\/liliana-franco-comparo-a-milei-con-hitler-asi-empezaron-los-nazis-en-alemania\\\/#primaryimage\",\"url\":\"https:\\\/\\\/cuartetoenlaweb.com.ar\\\/sitio\\\/wp-content\\\/uploads\\\/2026\\\/05\\\/720-14.jpeg\",\"contentUrl\":\"https:\\\/\\\/cuartetoenlaweb.com.ar\\\/sitio\\\/wp-content\\\/uploads\\\/2026\\\/05\\\/720-14.jpeg\",\"width\":1280,\"height\":639},{\"@type\":\"BreadcrumbList\",\"@id\":\"https:\\\/\\\/cuartetoenlaweb.com.ar\\\/sitio\\\/liliana-franco-comparo-a-milei-con-hitler-asi-empezaron-los-nazis-en-alemania\\\/#breadcrumb\",\"itemListElement\":[{\"@type\":\"ListItem\",\"position\":1,\"name\":\"Portada\",\"item\":\"http:\\\/\\\/cuartetoenlaweb.com.ar\\\/sitio\\\/\"},{\"@type\":\"ListItem\",\"position\":2,\"name\":\"Liliana Franco compar\u00f3 a Milei con Hitler: \u201cAs\u00ed empezaron los nazis en Alemania&quot;\"}]},{\"@type\":\"WebSite\",\"@id\":\"http:\\\/\\\/cuartetoenlaweb.com.ar\\\/sitio\\\/#website\",\"url\":\"http:\\\/\\\/cuartetoenlaweb.com.ar\\\/sitio\\\/\",\"name\":\"Cuarteto en la Web\",\"description\":\"\",\"publisher\":{\"@id\":\"http:\\\/\\\/cuartetoenlaweb.com.ar\\\/sitio\\\/#organization\"},\"potentialAction\":[{\"@type\":\"SearchAction\",\"target\":{\"@type\":\"EntryPoint\",\"urlTemplate\":\"http:\\\/\\\/cuartetoenlaweb.com.ar\\\/sitio\\\/?s={search_term_string}\"},\"query-input\":{\"@type\":\"PropertyValueSpecification\",\"valueRequired\":true,\"valueName\":\"search_term_string\"}}],\"inLanguage\":\"es\"},{\"@type\":\"Organization\",\"@id\":\"http:\\\/\\\/cuartetoenlaweb.com.ar\\\/sitio\\\/#organization\",\"name\":\"Cuarteto en la Web\",\"url\":\"http:\\\/\\\/cuartetoenlaweb.com.ar\\\/sitio\\\/\",\"logo\":{\"@type\":\"ImageObject\",\"inLanguage\":\"es\",\"@id\":\"http:\\\/\\\/cuartetoenlaweb.com.ar\\\/sitio\\\/#\\\/schema\\\/logo\\\/image\\\/\",\"url\":\"https:\\\/\\\/cuartetoenlaweb.com.ar\\\/sitio\\\/wp-content\\\/uploads\\\/2025\\\/07\\\/cropped-cropped-logitoweb21.png\",\"contentUrl\":\"https:\\\/\\\/cuartetoenlaweb.com.ar\\\/sitio\\\/wp-content\\\/uploads\\\/2025\\\/07\\\/cropped-cropped-logitoweb21.png\",\"width\":199,\"height\":199,\"caption\":\"Cuarteto en la Web\"},\"image\":{\"@id\":\"http:\\\/\\\/cuartetoenlaweb.com.ar\\\/sitio\\\/#\\\/schema\\\/logo\\\/image\\\/\"}}]}<\/script>\n<!-- \/ Yoast SEO plugin. -->","yoast_head_json":{"title":"Liliana Franco compar\u00f3 a Milei con Hitler: \u201cAs\u00ed empezaron los nazis en Alemania&quot; - Cuarteto en la Web","robots":{"index":"index","follow":"follow","max-snippet":"max-snippet:-1","max-image-preview":"max-image-preview:large","max-video-preview":"max-video-preview:-1"},"canonical":"https:\/\/cuartetoenlaweb.com.ar\/sitio\/liliana-franco-comparo-a-milei-con-hitler-asi-empezaron-los-nazis-en-alemania\/","og_locale":"es_ES","og_type":"article","og_title":"Liliana Franco compar\u00f3 a Milei con Hitler: \u201cAs\u00ed empezaron los nazis en Alemania&quot; - Cuarteto en la Web","og_description":"Hace veinte d\u00edas, Liliana Franco -simpatizante de La Libertad Avanza,","og_url":"https:\/\/cuartetoenlaweb.com.ar\/sitio\/liliana-franco-comparo-a-milei-con-hitler-asi-empezaron-los-nazis-en-alemania\/","og_site_name":"Cuarteto en la Web","article_published_time":"2026-05-01T20:59:59+00:00","twitter_card":"summary_large_image","twitter_misc":{"Tiempo de lectura":"1 minuto"},"schema":{"@context":"https:\/\/schema.org","@graph":[{"@type":"Article","@id":"https:\/\/cuartetoenlaweb.com.ar\/sitio\/liliana-franco-comparo-a-milei-con-hitler-asi-empezaron-los-nazis-en-alemania\/#article","isPartOf":{"@id":"https:\/\/cuartetoenlaweb.com.ar\/sitio\/liliana-franco-comparo-a-milei-con-hitler-asi-empezaron-los-nazis-en-alemania\/"},"author":{"name":"","@id":""},"headline":"Liliana Franco compar\u00f3 a Milei con Hitler: \u201cAs\u00ed empezaron los nazis en Alemania&quot;","datePublished":"2026-05-01T20:59:59+00:00","mainEntityOfPage":{"@id":"https:\/\/cuartetoenlaweb.com.ar\/sitio\/liliana-franco-comparo-a-milei-con-hitler-asi-empezaron-los-nazis-en-alemania\/"},"wordCount":161,"publisher":{"@id":"http:\/\/cuartetoenlaweb.com.ar\/sitio\/#organization"},"image":{"@id":"https:\/\/cuartetoenlaweb.com.ar\/sitio\/liliana-franco-comparo-a-milei-con-hitler-asi-empezaron-los-nazis-en-alemania\/#primaryimage"},"thumbnailUrl":"https:\/\/cuartetoenlaweb.com.ar\/sitio\/wp-content\/uploads\/2026\/05\/720-14.jpeg","articleSection":["PAIS"],"inLanguage":"es"},{"@type":"WebPage","@id":"https:\/\/cuartetoenlaweb.com.ar\/sitio\/liliana-franco-comparo-a-milei-con-hitler-asi-empezaron-los-nazis-en-alemania\/","url":"https:\/\/cuartetoenlaweb.com.ar\/sitio\/liliana-franco-comparo-a-milei-con-hitler-asi-empezaron-los-nazis-en-alemania\/","name":"Liliana Franco compar\u00f3 a Milei con Hitler: \u201cAs\u00ed empezaron los nazis en Alemania&quot; - Cuarteto en la Web","isPartOf":{"@id":"http:\/\/cuartetoenlaweb.com.ar\/sitio\/#website"},"primaryImageOfPage":{"@id":"https:\/\/cuartetoenlaweb.com.ar\/sitio\/liliana-franco-comparo-a-milei-con-hitler-asi-empezaron-los-nazis-en-alemania\/#primaryimage"},"image":{"@id":"https:\/\/cuartetoenlaweb.com.ar\/sitio\/liliana-franco-comparo-a-milei-con-hitler-asi-empezaron-los-nazis-en-alemania\/#primaryimage"},"thumbnailUrl":"https:\/\/cuartetoenlaweb.com.ar\/sitio\/wp-content\/uploads\/2026\/05\/720-14.jpeg","datePublished":"2026-05-01T20:59:59+00:00","breadcrumb":{"@id":"https:\/\/cuartetoenlaweb.com.ar\/sitio\/liliana-franco-comparo-a-milei-con-hitler-asi-empezaron-los-nazis-en-alemania\/#breadcrumb"},"inLanguage":"es","potentialAction":[{"@type":"ReadAction","target":["https:\/\/cuartetoenlaweb.com.ar\/sitio\/liliana-franco-comparo-a-milei-con-hitler-asi-empezaron-los-nazis-en-alemania\/"]}]},{"@type":"ImageObject","inLanguage":"es","@id":"https:\/\/cuartetoenlaweb.com.ar\/sitio\/liliana-franco-comparo-a-milei-con-hitler-asi-empezaron-los-nazis-en-alemania\/#primaryimage","url":"https:\/\/cuartetoenlaweb.com.ar\/sitio\/wp-content\/uploads\/2026\/05\/720-14.jpeg","contentUrl":"https:\/\/cuartetoenlaweb.com.ar\/sitio\/wp-content\/uploads\/2026\/05\/720-14.jpeg","width":1280,"height":639},{"@type":"BreadcrumbList","@id":"https:\/\/cuartetoenlaweb.com.ar\/sitio\/liliana-franco-comparo-a-milei-con-hitler-asi-empezaron-los-nazis-en-alemania\/#breadcrumb","itemListElement":[{"@type":"ListItem","position":1,"name":"Portada","item":"http:\/\/cuartetoenlaweb.com.ar\/sitio\/"},{"@type":"ListItem","position":2,"name":"Liliana Franco compar\u00f3 a Milei con Hitler: \u201cAs\u00ed empezaron los nazis en Alemania&quot;"}]},{"@type":"WebSite","@id":"http:\/\/cuartetoenlaweb.com.ar\/sitio\/#website","url":"http:\/\/cuartetoenlaweb.com.ar\/sitio\/","name":"Cuarteto en la Web","description":"","publisher":{"@id":"http:\/\/cuartetoenlaweb.com.ar\/sitio\/#organization"},"potentialAction":[{"@type":"SearchAction","target":{"@type":"EntryPoint","urlTemplate":"http:\/\/cuartetoenlaweb.com.ar\/sitio\/?s={search_term_string}"},"query-input":{"@type":"PropertyValueSpecification","valueRequired":true,"valueName":"search_term_string"}}],"inLanguage":"es"},{"@type":"Organization","@id":"http:\/\/cuartetoenlaweb.com.ar\/sitio\/#organization","name":"Cuarteto en la Web","url":"http:\/\/cuartetoenlaweb.com.ar\/sitio\/","logo":{"@type":"ImageObject","inLanguage":"es","@id":"http:\/\/cuartetoenlaweb.com.ar\/sitio\/#\/schema\/logo\/image\/","url":"https:\/\/cuartetoenlaweb.com.ar\/sitio\/wp-content\/uploads\/2025\/07\/cropped-cropped-logitoweb21.png","contentUrl":"https:\/\/cuartetoenlaweb.com.ar\/sitio\/wp-content\/uploads\/2025\/07\/cropped-cropped-logitoweb21.png","width":199,"height":199,"caption":"Cuarteto en la Web"},"image":{"@id":"http:\/\/cuartetoenlaweb.com.ar\/sitio\/#\/schema\/logo\/image\/"}}]}},"_links":{"self":[{"href":"https:\/\/cuartetoenlaweb.com.ar\/sitio\/wp-json\/wp\/v2\/posts\/19566","targetHints":{"allow":["GET"]}}],"collection":[{"href":"https:\/\/cuartetoenlaweb.com.ar\/sitio\/wp-json\/wp\/v2\/posts"}],"about":[{"href":"https:\/\/cuartetoenlaweb.com.ar\/sitio\/wp-json\/wp\/v2\/types\/post"}],"replies":[{"embeddable":true,"href":"https:\/\/cuartetoenlaweb.com.ar\/sitio\/wp-json\/wp\/v2\/comments?post=19566"}],"version-history":[{"count":0,"href":"https:\/\/cuartetoenlaweb.com.ar\/sitio\/wp-json\/wp\/v2\/posts\/19566\/revisions"}],"wp:featuredmedia":[{"embeddable":true,"href":"https:\/\/cuartetoenlaweb.com.ar\/sitio\/wp-json\/wp\/v2\/media\/19567"}],"wp:attachment":[{"href":"https:\/\/cuartetoenlaweb.com.ar\/sitio\/wp-json\/wp\/v2\/media?parent=19566"}],"wp:term":[{"taxonomy":"category","embeddable":true,"href":"https:\/\/cuartetoenlaweb.com.ar\/sitio\/wp-json\/wp\/v2\/categories?post=19566"},{"taxonomy":"post_tag","embeddable":true,"href":"https:\/\/cuartetoenlaweb.com.ar\/sitio\/wp-json\/wp\/v2\/tags?post=19566"}],"curies":[{"name":"wp","href":"https:\/\/api.w.org\/{rel}","templated":true}]}}