
{"id":19562,"date":"2026-05-01T17:00:13","date_gmt":"2026-05-01T20:00:13","guid":{"rendered":"https:\/\/cuartetoenlaweb.com.ar\/sitio\/quiebre-y-separacion-definitiva-julieta-ortega-y-la-crisis-que-la-llevo-al-final-definitivo\/"},"modified":"2026-05-01T17:00:13","modified_gmt":"2026-05-01T20:00:13","slug":"quiebre-y-separacion-definitiva-julieta-ortega-y-la-crisis-que-la-llevo-al-final-definitivo","status":"publish","type":"post","link":"https:\/\/cuartetoenlaweb.com.ar\/sitio\/quiebre-y-separacion-definitiva-julieta-ortega-y-la-crisis-que-la-llevo-al-final-definitivo\/","title":{"rendered":"Quiebre y separaci\u00f3n definitiva: Julieta Ortega y la crisis que la llev\u00f3 al final definitivo"},"content":{"rendered":"<p>La ruptura de la amistad entre <strong><a href=\"https:\/\/www.paparazzi.com.ar\/teve\/la-votarian-a-andrea-rincon-le-ofrecieron-bajar-a-la-politica-y-ser-candidata-se-endiosa-el-dinero\/\">Andrea Rinc\u00f3n<\/a><\/strong> y <strong>Julieta Ortega<\/strong> dej\u00f3 de ser un rumor para convertirse en una historia cargada de dolor, reproches y frases que dicen mucho m\u00e1s de lo que parece. Esta vez, fue ex pareja de <strong>Ale Sergi<\/strong> quien volvi\u00f3 a hablar y lanz\u00f3 una advertencia que reson\u00f3 fuerte.<\/p>\n<p>\u201cSe paga un precio muy caro cuando abr\u00eds la boca\u201d, expres\u00f3 en el streaming de <strong><a href=\"https:\/\/www.paparazzi.com.ar\/teve\/imagenes-muy-sensibles-alarma-y-misterio-por-el-repentino-cuadro-de-salud-de-martin-cirio-quiero-llorar\/\">Mart\u00edn Cirio<\/a><\/strong>, en una frase tan enigm\u00e1tica como cargada de contundencia, que muchos interpretaron como un mensaje directo hacia su ex amiga.<\/p>\n<div class=\"mt-box \">\n<h4 class=\"mt-heading\">Mir\u00e1 Tambi\u00e9n<\/h4>\n<p><a href=\"https:\/\/www.paparazzi.com.ar\/romances\/la-bomba-que-exploto-en-el-matrimonio-de-nicole-neumann-y-manu-urcera-separacion-y\/\"><\/p>\n<div class=\"mt-content\">\n<div class=\"mt-image-container\"><img decoding=\"async\" src=\"https:\/\/www.paparazzi.com.ar\/wp-content\/uploads\/2026\/05\/La-bomba-que-exploto-en-el-matrimonio-de-Nicole-Neumann-y-Manu-Urcera-22Separacion-y.22-359x226.jpg\" alt=\"La bomba que explot\u00f3 en el matrimonio de  Nicole Neumann y Manu Urcera: &quot;Separaci\u00f3n y...&quot;\" class=\"mt-image\" loading=\"lazy\" \/><\/div>\n<h5 class=\"mt-title\">La bomba que explot\u00f3 en el matrimonio de  Nicole Neumann y Manu Urcera: \u00abSeparaci\u00f3n y&#8230;\u00bb<\/h5>\n<\/div>\n<p><\/a><\/div>\n<p>Lo cierto es que el v\u00ednculo entre ambas, que durante a\u00f1os fue muy cercano, termin\u00f3 de la peor manera. La propia Rinc\u00f3n reconoci\u00f3 el impacto emocional que le dej\u00f3 esta separaci\u00f3n. \u201cSiendo mucho dolor\u201d, confes\u00f3.<\/p>\n<p>Seg\u00fan su relato, el conflicto no fue solo personal, sino tambi\u00e9n laboral. Todo se habr\u00eda desencadenado a partir de un proyecto que compart\u00edan y que, lejos de unirlas, termin\u00f3 generando tensiones irreversibles en el v\u00ednculo que las un\u00edan.<\/p>\n<h2 class=\"wp-block-heading\">ANDREA RINC\u00d3N HABL\u00d3 DE LO QUE PAS\u00d3 CON JULIETA ORTEGA<\/h2>\n<p>\u201cMe cuesta mucho hablar y los medios creen que me la creo o me la doy de algo. Quedamos en que esto no se iba a contar\u00bb, record\u00f3 <a href=\"https:\/\/www.paparazzi.com.ar\/romances\/yo-traigo-suerte-andrea-rincon-conto-mas-detalles-sobre-su-encuentro-con-lionel-messi\/\">Andrea<\/a>, quien cont\u00f3 que esto formar\u00eda parte de su privacidad y finalmente no prosper\u00f3.<\/p>\n<p>Con el paso del tiempo, la situaci\u00f3n escal\u00f3. La actriz revel\u00f3 que decidi\u00f3 c\u00f3mo fue la abrupta salida que a ella la dej\u00f3 afuera del proyecto que compart\u00edan: \u201cMe desvincul\u00f3 de un trabajo que ten\u00edamos juntas, del que segu\u00eda siendo socia y no cobr\u00e9 un mango\u00bb.<\/p>\n<div class=\"mt-box \">\n<h4 class=\"mt-heading\">Mir\u00e1 Tambi\u00e9n<\/h4>\n<p><a href=\"https:\/\/www.paparazzi.com.ar\/romances\/agustin-aristaran-y-su-inesperada-separacion-de-fernanda-metilli-ataques-de-panico-y-terapia-psiquiatrica\/\"><\/p>\n<div class=\"mt-content\">\n<div class=\"mt-image-container\"><img decoding=\"async\" src=\"https:\/\/www.paparazzi.com.ar\/wp-content\/uploads\/2026\/05\/Agustin-Aristaran-y-su-inesperada-separacion-de-Fernanda-Metilli-ataques-de-panico-y-terapia-psiquiatrica--359x226.jpg\" alt=\"Agust\u00edn Aristar\u00e1n y su inesperada separaci\u00f3n de Fernanda Metilli: ataques de p\u00e1nico y terapia psiqui\u00e1trica\" class=\"mt-image\" loading=\"lazy\" \/><\/div>\n<h5 class=\"mt-title\">Agust\u00edn Aristar\u00e1n y su inesperada separaci\u00f3n de Fernanda Metilli: ataques de p\u00e1nico y terapia psiqui\u00e1trica<\/h5>\n<\/div>\n<p><\/a><\/div>\n<p>Adem\u00e1s, no ocult\u00f3 su malestar por la exposici\u00f3n p\u00fablica del conflicto. \u201cMe arrepiento porque al otro d\u00eda me matan. A m\u00ed me duele. La gente es cruel. No s\u00e9 por qu\u00e9 ella no dice que nuestra amistad fue rec\u00edproca. El amor por Julieta no dej\u00f3 de ser, la sigo amando\u00bb<\/p>\n<p>\u201cPasaron muchas cosas, no es que no pas\u00f3 nada. En alg\u00fan momento yo empec\u00e9 a empoderarme y me alej\u00e9 de muchas personas, y puede ser que alguna de esas personas haya sido ella\u201d.<\/p>\n<p>The post <a href=\"https:\/\/www.paparazzi.com.ar\/teve\/quiebre-y-separacion-definitiva-julieta-ortega-y-la-crisis-que-la-llevo-al-final-definitivo\/\">Quiebre y separaci\u00f3n definitiva: Julieta Ortega y la crisis que la llev\u00f3 al final definitivo<\/a> appeared first on <a href=\"https:\/\/www.paparazzi.com.ar\">Revista Paparazzi<\/a>.<\/p>\n","protected":false},"excerpt":{"rendered":"<p>La ruptura de la amistad entre Andrea Rinc\u00f3n y Julieta<\/p>\n","protected":false},"author":0,"featured_media":19563,"comment_status":"","ping_status":"","sticky":false,"template":"","format":"standard","meta":{"footnotes":""},"categories":[12],"tags":[],"class_list":["post-19562","post","type-post","status-publish","format-standard","has-post-thumbnail","hentry","category-espectaculo"],"yoast_head":"<!-- This site is optimized with the Yoast SEO plugin v27.5 - https:\/\/yoast.com\/product\/yoast-seo-wordpress\/ -->\n<title>Quiebre y separaci\u00f3n definitiva: Julieta Ortega y la crisis que la llev\u00f3 al final definitivo - Cuarteto en la Web<\/title>\n<meta name=\"robots\" content=\"index, follow, max-snippet:-1, max-image-preview:large, max-video-preview:-1\" \/>\n<link rel=\"canonical\" href=\"https:\/\/cuartetoenlaweb.com.ar\/sitio\/quiebre-y-separacion-definitiva-julieta-ortega-y-la-crisis-que-la-llevo-al-final-definitivo\/\" \/>\n<meta property=\"og:locale\" content=\"es_ES\" \/>\n<meta property=\"og:type\" content=\"article\" \/>\n<meta property=\"og:title\" content=\"Quiebre y separaci\u00f3n definitiva: Julieta Ortega y la crisis que la llev\u00f3 al final definitivo - Cuarteto en la Web\" \/>\n<meta property=\"og:description\" content=\"La ruptura de la amistad entre Andrea Rinc\u00f3n y Julieta\" \/>\n<meta property=\"og:url\" content=\"https:\/\/cuartetoenlaweb.com.ar\/sitio\/quiebre-y-separacion-definitiva-julieta-ortega-y-la-crisis-que-la-llevo-al-final-definitivo\/\" \/>\n<meta property=\"og:site_name\" content=\"Cuarteto en la Web\" \/>\n<meta property=\"article:published_time\" content=\"2026-05-01T20:00:13+00:00\" \/>\n<meta property=\"og:image\" content=\"https:\/\/www.paparazzi.com.ar\/wp-content\/uploads\/2026\/05\/La-bomba-que-exploto-en-el-matrimonio-de-Nicole-Neumann-y-Manu-Urcera-22Separacion-y.22-359x226.jpg\" \/>\n<meta name=\"twitter:card\" content=\"summary_large_image\" \/>\n<meta name=\"twitter:label1\" content=\"Tiempo de lectura\" \/>\n\t<meta name=\"twitter:data1\" content=\"2 minutos\" \/>\n<script type=\"application\/ld+json\" class=\"yoast-schema-graph\">{\"@context\":\"https:\\\/\\\/schema.org\",\"@graph\":[{\"@type\":\"Article\",\"@id\":\"https:\\\/\\\/cuartetoenlaweb.com.ar\\\/sitio\\\/quiebre-y-separacion-definitiva-julieta-ortega-y-la-crisis-que-la-llevo-al-final-definitivo\\\/#article\",\"isPartOf\":{\"@id\":\"https:\\\/\\\/cuartetoenlaweb.com.ar\\\/sitio\\\/quiebre-y-separacion-definitiva-julieta-ortega-y-la-crisis-que-la-llevo-al-final-definitivo\\\/\"},\"author\":{\"name\":\"\",\"@id\":\"\"},\"headline\":\"Quiebre y separaci\u00f3n definitiva: Julieta Ortega y la crisis que la llev\u00f3 al final definitivo\",\"datePublished\":\"2026-05-01T20:00:13+00:00\",\"mainEntityOfPage\":{\"@id\":\"https:\\\/\\\/cuartetoenlaweb.com.ar\\\/sitio\\\/quiebre-y-separacion-definitiva-julieta-ortega-y-la-crisis-que-la-llevo-al-final-definitivo\\\/\"},\"wordCount\":454,\"publisher\":{\"@id\":\"http:\\\/\\\/cuartetoenlaweb.com.ar\\\/sitio\\\/#organization\"},\"image\":{\"@id\":\"https:\\\/\\\/cuartetoenlaweb.com.ar\\\/sitio\\\/quiebre-y-separacion-definitiva-julieta-ortega-y-la-crisis-que-la-llevo-al-final-definitivo\\\/#primaryimage\"},\"thumbnailUrl\":\"https:\\\/\\\/cuartetoenlaweb.com.ar\\\/sitio\\\/wp-content\\\/uploads\\\/2026\\\/05\\\/La-bomba-que-exploto-en-el-matrimonio-de-Nicole-Neumann-y-Manu-Urcera-22Separacion-y.22-359x226-1.jpg\",\"articleSection\":[\"ESPECT\u00c1CULO\"],\"inLanguage\":\"es\"},{\"@type\":\"WebPage\",\"@id\":\"https:\\\/\\\/cuartetoenlaweb.com.ar\\\/sitio\\\/quiebre-y-separacion-definitiva-julieta-ortega-y-la-crisis-que-la-llevo-al-final-definitivo\\\/\",\"url\":\"https:\\\/\\\/cuartetoenlaweb.com.ar\\\/sitio\\\/quiebre-y-separacion-definitiva-julieta-ortega-y-la-crisis-que-la-llevo-al-final-definitivo\\\/\",\"name\":\"Quiebre y separaci\u00f3n definitiva: Julieta Ortega y la crisis que la llev\u00f3 al final definitivo - Cuarteto en la Web\",\"isPartOf\":{\"@id\":\"http:\\\/\\\/cuartetoenlaweb.com.ar\\\/sitio\\\/#website\"},\"primaryImageOfPage\":{\"@id\":\"https:\\\/\\\/cuartetoenlaweb.com.ar\\\/sitio\\\/quiebre-y-separacion-definitiva-julieta-ortega-y-la-crisis-que-la-llevo-al-final-definitivo\\\/#primaryimage\"},\"image\":{\"@id\":\"https:\\\/\\\/cuartetoenlaweb.com.ar\\\/sitio\\\/quiebre-y-separacion-definitiva-julieta-ortega-y-la-crisis-que-la-llevo-al-final-definitivo\\\/#primaryimage\"},\"thumbnailUrl\":\"https:\\\/\\\/cuartetoenlaweb.com.ar\\\/sitio\\\/wp-content\\\/uploads\\\/2026\\\/05\\\/La-bomba-que-exploto-en-el-matrimonio-de-Nicole-Neumann-y-Manu-Urcera-22Separacion-y.22-359x226-1.jpg\",\"datePublished\":\"2026-05-01T20:00:13+00:00\",\"breadcrumb\":{\"@id\":\"https:\\\/\\\/cuartetoenlaweb.com.ar\\\/sitio\\\/quiebre-y-separacion-definitiva-julieta-ortega-y-la-crisis-que-la-llevo-al-final-definitivo\\\/#breadcrumb\"},\"inLanguage\":\"es\",\"potentialAction\":[{\"@type\":\"ReadAction\",\"target\":[\"https:\\\/\\\/cuartetoenlaweb.com.ar\\\/sitio\\\/quiebre-y-separacion-definitiva-julieta-ortega-y-la-crisis-que-la-llevo-al-final-definitivo\\\/\"]}]},{\"@type\":\"ImageObject\",\"inLanguage\":\"es\",\"@id\":\"https:\\\/\\\/cuartetoenlaweb.com.ar\\\/sitio\\\/quiebre-y-separacion-definitiva-julieta-ortega-y-la-crisis-que-la-llevo-al-final-definitivo\\\/#primaryimage\",\"url\":\"https:\\\/\\\/cuartetoenlaweb.com.ar\\\/sitio\\\/wp-content\\\/uploads\\\/2026\\\/05\\\/La-bomba-que-exploto-en-el-matrimonio-de-Nicole-Neumann-y-Manu-Urcera-22Separacion-y.22-359x226-1.jpg\",\"contentUrl\":\"https:\\\/\\\/cuartetoenlaweb.com.ar\\\/sitio\\\/wp-content\\\/uploads\\\/2026\\\/05\\\/La-bomba-que-exploto-en-el-matrimonio-de-Nicole-Neumann-y-Manu-Urcera-22Separacion-y.22-359x226-1.jpg\",\"width\":359,\"height\":226},{\"@type\":\"BreadcrumbList\",\"@id\":\"https:\\\/\\\/cuartetoenlaweb.com.ar\\\/sitio\\\/quiebre-y-separacion-definitiva-julieta-ortega-y-la-crisis-que-la-llevo-al-final-definitivo\\\/#breadcrumb\",\"itemListElement\":[{\"@type\":\"ListItem\",\"position\":1,\"name\":\"Portada\",\"item\":\"http:\\\/\\\/cuartetoenlaweb.com.ar\\\/sitio\\\/\"},{\"@type\":\"ListItem\",\"position\":2,\"name\":\"Quiebre y separaci\u00f3n definitiva: Julieta Ortega y la crisis que la llev\u00f3 al final definitivo\"}]},{\"@type\":\"WebSite\",\"@id\":\"http:\\\/\\\/cuartetoenlaweb.com.ar\\\/sitio\\\/#website\",\"url\":\"http:\\\/\\\/cuartetoenlaweb.com.ar\\\/sitio\\\/\",\"name\":\"Cuarteto en la Web\",\"description\":\"\",\"publisher\":{\"@id\":\"http:\\\/\\\/cuartetoenlaweb.com.ar\\\/sitio\\\/#organization\"},\"potentialAction\":[{\"@type\":\"SearchAction\",\"target\":{\"@type\":\"EntryPoint\",\"urlTemplate\":\"http:\\\/\\\/cuartetoenlaweb.com.ar\\\/sitio\\\/?s={search_term_string}\"},\"query-input\":{\"@type\":\"PropertyValueSpecification\",\"valueRequired\":true,\"valueName\":\"search_term_string\"}}],\"inLanguage\":\"es\"},{\"@type\":\"Organization\",\"@id\":\"http:\\\/\\\/cuartetoenlaweb.com.ar\\\/sitio\\\/#organization\",\"name\":\"Cuarteto en la Web\",\"url\":\"http:\\\/\\\/cuartetoenlaweb.com.ar\\\/sitio\\\/\",\"logo\":{\"@type\":\"ImageObject\",\"inLanguage\":\"es\",\"@id\":\"http:\\\/\\\/cuartetoenlaweb.com.ar\\\/sitio\\\/#\\\/schema\\\/logo\\\/image\\\/\",\"url\":\"https:\\\/\\\/cuartetoenlaweb.com.ar\\\/sitio\\\/wp-content\\\/uploads\\\/2025\\\/07\\\/cropped-cropped-logitoweb21.png\",\"contentUrl\":\"https:\\\/\\\/cuartetoenlaweb.com.ar\\\/sitio\\\/wp-content\\\/uploads\\\/2025\\\/07\\\/cropped-cropped-logitoweb21.png\",\"width\":199,\"height\":199,\"caption\":\"Cuarteto en la Web\"},\"image\":{\"@id\":\"http:\\\/\\\/cuartetoenlaweb.com.ar\\\/sitio\\\/#\\\/schema\\\/logo\\\/image\\\/\"}}]}<\/script>\n<!-- \/ Yoast SEO plugin. -->","yoast_head_json":{"title":"Quiebre y separaci\u00f3n definitiva: Julieta Ortega y la crisis que la llev\u00f3 al final definitivo - Cuarteto en la Web","robots":{"index":"index","follow":"follow","max-snippet":"max-snippet:-1","max-image-preview":"max-image-preview:large","max-video-preview":"max-video-preview:-1"},"canonical":"https:\/\/cuartetoenlaweb.com.ar\/sitio\/quiebre-y-separacion-definitiva-julieta-ortega-y-la-crisis-que-la-llevo-al-final-definitivo\/","og_locale":"es_ES","og_type":"article","og_title":"Quiebre y separaci\u00f3n definitiva: Julieta Ortega y la crisis que la llev\u00f3 al final definitivo - Cuarteto en la Web","og_description":"La ruptura de la amistad entre Andrea Rinc\u00f3n y Julieta","og_url":"https:\/\/cuartetoenlaweb.com.ar\/sitio\/quiebre-y-separacion-definitiva-julieta-ortega-y-la-crisis-que-la-llevo-al-final-definitivo\/","og_site_name":"Cuarteto en la Web","article_published_time":"2026-05-01T20:00:13+00:00","og_image":[{"url":"https:\/\/www.paparazzi.com.ar\/wp-content\/uploads\/2026\/05\/La-bomba-que-exploto-en-el-matrimonio-de-Nicole-Neumann-y-Manu-Urcera-22Separacion-y.22-359x226.jpg","type":"","width":"","height":""}],"twitter_card":"summary_large_image","twitter_misc":{"Tiempo de lectura":"2 minutos"},"schema":{"@context":"https:\/\/schema.org","@graph":[{"@type":"Article","@id":"https:\/\/cuartetoenlaweb.com.ar\/sitio\/quiebre-y-separacion-definitiva-julieta-ortega-y-la-crisis-que-la-llevo-al-final-definitivo\/#article","isPartOf":{"@id":"https:\/\/cuartetoenlaweb.com.ar\/sitio\/quiebre-y-separacion-definitiva-julieta-ortega-y-la-crisis-que-la-llevo-al-final-definitivo\/"},"author":{"name":"","@id":""},"headline":"Quiebre y separaci\u00f3n definitiva: Julieta Ortega y la crisis que la llev\u00f3 al final definitivo","datePublished":"2026-05-01T20:00:13+00:00","mainEntityOfPage":{"@id":"https:\/\/cuartetoenlaweb.com.ar\/sitio\/quiebre-y-separacion-definitiva-julieta-ortega-y-la-crisis-que-la-llevo-al-final-definitivo\/"},"wordCount":454,"publisher":{"@id":"http:\/\/cuartetoenlaweb.com.ar\/sitio\/#organization"},"image":{"@id":"https:\/\/cuartetoenlaweb.com.ar\/sitio\/quiebre-y-separacion-definitiva-julieta-ortega-y-la-crisis-que-la-llevo-al-final-definitivo\/#primaryimage"},"thumbnailUrl":"https:\/\/cuartetoenlaweb.com.ar\/sitio\/wp-content\/uploads\/2026\/05\/La-bomba-que-exploto-en-el-matrimonio-de-Nicole-Neumann-y-Manu-Urcera-22Separacion-y.22-359x226-1.jpg","articleSection":["ESPECT\u00c1CULO"],"inLanguage":"es"},{"@type":"WebPage","@id":"https:\/\/cuartetoenlaweb.com.ar\/sitio\/quiebre-y-separacion-definitiva-julieta-ortega-y-la-crisis-que-la-llevo-al-final-definitivo\/","url":"https:\/\/cuartetoenlaweb.com.ar\/sitio\/quiebre-y-separacion-definitiva-julieta-ortega-y-la-crisis-que-la-llevo-al-final-definitivo\/","name":"Quiebre y separaci\u00f3n definitiva: Julieta Ortega y la crisis que la llev\u00f3 al final definitivo - Cuarteto en la Web","isPartOf":{"@id":"http:\/\/cuartetoenlaweb.com.ar\/sitio\/#website"},"primaryImageOfPage":{"@id":"https:\/\/cuartetoenlaweb.com.ar\/sitio\/quiebre-y-separacion-definitiva-julieta-ortega-y-la-crisis-que-la-llevo-al-final-definitivo\/#primaryimage"},"image":{"@id":"https:\/\/cuartetoenlaweb.com.ar\/sitio\/quiebre-y-separacion-definitiva-julieta-ortega-y-la-crisis-que-la-llevo-al-final-definitivo\/#primaryimage"},"thumbnailUrl":"https:\/\/cuartetoenlaweb.com.ar\/sitio\/wp-content\/uploads\/2026\/05\/La-bomba-que-exploto-en-el-matrimonio-de-Nicole-Neumann-y-Manu-Urcera-22Separacion-y.22-359x226-1.jpg","datePublished":"2026-05-01T20:00:13+00:00","breadcrumb":{"@id":"https:\/\/cuartetoenlaweb.com.ar\/sitio\/quiebre-y-separacion-definitiva-julieta-ortega-y-la-crisis-que-la-llevo-al-final-definitivo\/#breadcrumb"},"inLanguage":"es","potentialAction":[{"@type":"ReadAction","target":["https:\/\/cuartetoenlaweb.com.ar\/sitio\/quiebre-y-separacion-definitiva-julieta-ortega-y-la-crisis-que-la-llevo-al-final-definitivo\/"]}]},{"@type":"ImageObject","inLanguage":"es","@id":"https:\/\/cuartetoenlaweb.com.ar\/sitio\/quiebre-y-separacion-definitiva-julieta-ortega-y-la-crisis-que-la-llevo-al-final-definitivo\/#primaryimage","url":"https:\/\/cuartetoenlaweb.com.ar\/sitio\/wp-content\/uploads\/2026\/05\/La-bomba-que-exploto-en-el-matrimonio-de-Nicole-Neumann-y-Manu-Urcera-22Separacion-y.22-359x226-1.jpg","contentUrl":"https:\/\/cuartetoenlaweb.com.ar\/sitio\/wp-content\/uploads\/2026\/05\/La-bomba-que-exploto-en-el-matrimonio-de-Nicole-Neumann-y-Manu-Urcera-22Separacion-y.22-359x226-1.jpg","width":359,"height":226},{"@type":"BreadcrumbList","@id":"https:\/\/cuartetoenlaweb.com.ar\/sitio\/quiebre-y-separacion-definitiva-julieta-ortega-y-la-crisis-que-la-llevo-al-final-definitivo\/#breadcrumb","itemListElement":[{"@type":"ListItem","position":1,"name":"Portada","item":"http:\/\/cuartetoenlaweb.com.ar\/sitio\/"},{"@type":"ListItem","position":2,"name":"Quiebre y separaci\u00f3n definitiva: Julieta Ortega y la crisis que la llev\u00f3 al final definitivo"}]},{"@type":"WebSite","@id":"http:\/\/cuartetoenlaweb.com.ar\/sitio\/#website","url":"http:\/\/cuartetoenlaweb.com.ar\/sitio\/","name":"Cuarteto en la Web","description":"","publisher":{"@id":"http:\/\/cuartetoenlaweb.com.ar\/sitio\/#organization"},"potentialAction":[{"@type":"SearchAction","target":{"@type":"EntryPoint","urlTemplate":"http:\/\/cuartetoenlaweb.com.ar\/sitio\/?s={search_term_string}"},"query-input":{"@type":"PropertyValueSpecification","valueRequired":true,"valueName":"search_term_string"}}],"inLanguage":"es"},{"@type":"Organization","@id":"http:\/\/cuartetoenlaweb.com.ar\/sitio\/#organization","name":"Cuarteto en la Web","url":"http:\/\/cuartetoenlaweb.com.ar\/sitio\/","logo":{"@type":"ImageObject","inLanguage":"es","@id":"http:\/\/cuartetoenlaweb.com.ar\/sitio\/#\/schema\/logo\/image\/","url":"https:\/\/cuartetoenlaweb.com.ar\/sitio\/wp-content\/uploads\/2025\/07\/cropped-cropped-logitoweb21.png","contentUrl":"https:\/\/cuartetoenlaweb.com.ar\/sitio\/wp-content\/uploads\/2025\/07\/cropped-cropped-logitoweb21.png","width":199,"height":199,"caption":"Cuarteto en la Web"},"image":{"@id":"http:\/\/cuartetoenlaweb.com.ar\/sitio\/#\/schema\/logo\/image\/"}}]}},"_links":{"self":[{"href":"https:\/\/cuartetoenlaweb.com.ar\/sitio\/wp-json\/wp\/v2\/posts\/19562","targetHints":{"allow":["GET"]}}],"collection":[{"href":"https:\/\/cuartetoenlaweb.com.ar\/sitio\/wp-json\/wp\/v2\/posts"}],"about":[{"href":"https:\/\/cuartetoenlaweb.com.ar\/sitio\/wp-json\/wp\/v2\/types\/post"}],"replies":[{"embeddable":true,"href":"https:\/\/cuartetoenlaweb.com.ar\/sitio\/wp-json\/wp\/v2\/comments?post=19562"}],"version-history":[{"count":0,"href":"https:\/\/cuartetoenlaweb.com.ar\/sitio\/wp-json\/wp\/v2\/posts\/19562\/revisions"}],"wp:featuredmedia":[{"embeddable":true,"href":"https:\/\/cuartetoenlaweb.com.ar\/sitio\/wp-json\/wp\/v2\/media\/19563"}],"wp:attachment":[{"href":"https:\/\/cuartetoenlaweb.com.ar\/sitio\/wp-json\/wp\/v2\/media?parent=19562"}],"wp:term":[{"taxonomy":"category","embeddable":true,"href":"https:\/\/cuartetoenlaweb.com.ar\/sitio\/wp-json\/wp\/v2\/categories?post=19562"},{"taxonomy":"post_tag","embeddable":true,"href":"https:\/\/cuartetoenlaweb.com.ar\/sitio\/wp-json\/wp\/v2\/tags?post=19562"}],"curies":[{"name":"wp","href":"https:\/\/api.w.org\/{rel}","templated":true}]}}