
{"id":19558,"date":"2026-05-01T17:00:10","date_gmt":"2026-05-01T20:00:10","guid":{"rendered":"https:\/\/cuartetoenlaweb.com.ar\/sitio\/moria-casan-destrozo-a-wanda-nara-por-la-nominacion-como-mejor-conductora-a-los-martin-fierro-esta-senora\/"},"modified":"2026-05-01T17:00:10","modified_gmt":"2026-05-01T20:00:10","slug":"moria-casan-destrozo-a-wanda-nara-por-la-nominacion-como-mejor-conductora-a-los-martin-fierro-esta-senora","status":"publish","type":"post","link":"https:\/\/cuartetoenlaweb.com.ar\/sitio\/moria-casan-destrozo-a-wanda-nara-por-la-nominacion-como-mejor-conductora-a-los-martin-fierro-esta-senora\/","title":{"rendered":"Moria Cas\u00e1n destroz\u00f3 a Wanda Nara por la nominaci\u00f3n como mejor conductora a los Mart\u00edn Fierro: \u201cEsta se\u00f1ora\u2026\u201d"},"content":{"rendered":"<p>La retroalimentaci\u00f3n de sus esc\u00e1ndalos personales, con su personaje p\u00fablico que construy\u00f3 durante d\u00e9cadas, actu\u00f3 como f\u00f3rmula para alcanzar ese anhelo de conducir en el prime time de la televisi\u00f3n argentina. <strong>Wanda Nara <\/strong>planific\u00f3 su destino y concret\u00f3 esa pulsi\u00f3n desesperada por trascender.<\/p>\n<p>Llamativamente, para muchos especialistas, la medi\u00e1tica consigui\u00f3 que APTRA la nomine como mejor conductora para los <em>Mart\u00edn Fierro de la televisi\u00f3n<\/em>, lo que activ\u00f3 f\u00e9rreos debates. En ese sentido, <strong>Moria Cas\u00e1n<\/strong> tambi\u00e9n se sum\u00f3 a la controversia y solt\u00f3 su opini\u00f3n filosa.<\/p>\n<p>En la edici\u00f3n del viernes, la <em>One<\/em> abord\u00f3 su inclusi\u00f3n en la terna y record\u00f3 su trayectoria. \u201cDebido a mi trabajo estoy nominada nuevamente, como tantos a\u00f1os que me ha premiado la gente de APTRA, para los Mart\u00edn Fierro como mejor conductora\u201d.<\/p>\n<div class=\"mt-box \">\n<h4 class=\"mt-heading\">Mir\u00e1 Tambi\u00e9n<\/h4>\n<p><a href=\"https:\/\/www.paparazzi.com.ar\/teve\/el-desopilante-audio-de-susana-gimenez-confirmando-que-no-va-a-los-martin-fierro-estoy-cansada-de\/\"><\/p>\n<div class=\"mt-content\">\n<div class=\"mt-image-container\"><img decoding=\"async\" src=\"https:\/\/www.paparazzi.com.ar\/wp-content\/uploads\/2026\/04\/Susana-Gimenez-1-359x226.jpg\" alt=\"El desopilante audio de Susana Gim\u00e9nez confirmando que no va a los Mart\u00edn Fierro: \u201cEstoy cansada de\u2026\u201d\" class=\"mt-image\" loading=\"lazy\" \/><\/div>\n<h5 class=\"mt-title\">El desopilante audio de Susana Gim\u00e9nez confirmando que no va a los Mart\u00edn Fierro: \u201cEstoy cansada de\u2026\u201d<\/h5>\n<\/div>\n<p><\/a><\/div>\n<p>En ese viaje por sus trabajos interminables, Moria enumer\u00f3:\u00a0 \u201cCreo que empec\u00e9 a ser conductora de la tele en mi primer programa, que se llam\u00f3 el Club Privado de Moria, que despu\u00e9s pas\u00f3 a ser Monumental Moria, ah\u00ed estuve muchos a\u00f1os. Despu\u00e9s pas\u00e9 por todo tipo de trabajos, talk show, canales diferentes y poder llegar a ustedes de otra manera, que no sea ni el cine ni el teatro, que estar ac\u00e1 todos los d\u00edas en la tele ofreci\u00e9ndoles lo mejor, realmente me siento muy honrada\u201d.<\/p>\n<h2 class=\"wp-block-heading\">MORIA CAS\u00c1N NINGUNE\u00d3 A WANDA NARA<\/h2>\n<p>En el estudio leyeron todas las famosas que pugnar\u00e1n por la estatuilla y le transmitieron: \u201cEst\u00e1s con Vero Lozano, Pamela David, Karina Mazzocco,Georgina Barbarossa, Mariana Fabbiani y con Wanda Nara\u201d. R\u00e1pidamente, Cas\u00e1n estall\u00f3 un comentario explosivo contra <a href=\"https:\/\/www.paparazzi.com.ar\/romances\/le-marco-la-cancha-la-fuerte-actitud-del-novio-de-wanda-nara-tras-verla-cerca-de-su-amante\/\">Wanda<\/a>: \u201cTodas mujeres del espect\u00e1culo salvo alguna por ah\u00ed&#8230; igual est\u00e1 en el espect\u00e1culo, pero no tiene linaje atr\u00e1s de trayectoria\u00bb.<\/p>\n<p>Experta en este oficio, Moria diferenci\u00f3 los beneficios que posee <a href=\"https:\/\/www.paparazzi.com.ar\/romances\/lo-queria-mas-wanda-o-lo-quiere-mas-la-china-el-video-y-la-foto-que-abrieron-una-gran-discusion-en-torno-a-mauro-icardi\/\">Wanda<\/a>: \u201cEstamos hablando adem\u00e1s, de que todas estas personas hacemos programas diarios, en vivo, y no grabados. La se\u00f1ora Nara hace un programa, pero grabado\u201d. Y asest\u00f3: \u201cEl grabado tiene una gran diferencia, falla algo, cort\u00e1s y volv\u00e9s a repetir. El vivo es lo que da, mi amor, es sin red, es un papito, mamita, ten\u00e9s impronta\u201d.<\/p>\n<div class=\"mt-box \">\n<h4 class=\"mt-heading\">Mir\u00e1 Tambi\u00e9n<\/h4>\n<p><a href=\"https:\/\/www.paparazzi.com.ar\/teve\/el-verdadero-motivo-de-paula-chaves-para-pelearse-a-muerte-con-la-china-suarez-le-mintio-con\/\"><\/p>\n<div class=\"mt-content\">\n<div class=\"mt-image-container\"><img decoding=\"async\" src=\"https:\/\/www.paparazzi.com.ar\/wp-content\/uploads\/2026\/04\/Paula-Chaves-China-Suarez-359x226.jpg\" alt=\"El verdadero motivo de Paula Chaves para pelearse a muerte con la China Su\u00e1rez: \u201cLe minti\u00f3 con\u2026\u201d\" class=\"mt-image\" loading=\"lazy\" \/><\/div>\n<h5 class=\"mt-title\">El verdadero motivo de Paula Chaves para pelearse a muerte con la China Su\u00e1rez: \u201cLe minti\u00f3 con\u2026\u201d<\/h5>\n<\/div>\n<p><\/a><\/div>\n<div class=\"mt-box \">\n<h4 class=\"mt-heading\">Mir\u00e1 Tambi\u00e9n<\/h4>\n<p><a href=\"https:\/\/www.paparazzi.com.ar\/romances\/filtran-la-crisis-tremenda-de-benjamin-vicuna-con-su-novia-anita-espasandin-se-pelean-mucho\/\"><\/p>\n<div class=\"mt-content\">\n<div class=\"mt-image-container\"><img decoding=\"async\" src=\"https:\/\/www.paparazzi.com.ar\/wp-content\/uploads\/2026\/04\/Anita-Espasandin-Benjamin-Vicuna-359x226.jpg\" alt=\"Filtran la crisis tremenda de Benjam\u00edn Vicu\u00f1a con su novia, Anita Espasand\u00edn: \u201cSe pelean mucho\u201d\" class=\"mt-image\" loading=\"lazy\" \/><\/div>\n<h5 class=\"mt-title\">Filtran la crisis tremenda de Benjam\u00edn Vicu\u00f1a con su novia, Anita Espasand\u00edn: \u201cSe pelean mucho\u201d<\/h5>\n<\/div>\n<p><\/a><\/div>\n<p><\/p>\n<p>The post <a href=\"https:\/\/www.paparazzi.com.ar\/teve\/moria-casan-destrozo-a-wanda-nara-por-la-nominacion-como-mejor-conductora-a-los-martin-fierro-esta-senora\/\">Moria Cas\u00e1n destroz\u00f3 a Wanda Nara por la nominaci\u00f3n como mejor conductora a los Mart\u00edn Fierro: \u201cEsta se\u00f1ora\u2026\u201d<\/a> appeared first on <a href=\"https:\/\/www.paparazzi.com.ar\">Revista Paparazzi<\/a>.<\/p>\n","protected":false},"excerpt":{"rendered":"<p>La retroalimentaci\u00f3n de sus esc\u00e1ndalos personales, con su personaje p\u00fablico<\/p>\n","protected":false},"author":0,"featured_media":19559,"comment_status":"","ping_status":"","sticky":false,"template":"","format":"standard","meta":{"footnotes":""},"categories":[12],"tags":[],"class_list":["post-19558","post","type-post","status-publish","format-standard","has-post-thumbnail","hentry","category-espectaculo"],"yoast_head":"<!-- This site is optimized with the Yoast SEO plugin v27.5 - https:\/\/yoast.com\/product\/yoast-seo-wordpress\/ -->\n<title>Moria Cas\u00e1n destroz\u00f3 a Wanda Nara por la nominaci\u00f3n como mejor conductora a los Mart\u00edn Fierro: \u201cEsta se\u00f1ora\u2026\u201d - Cuarteto en la Web<\/title>\n<meta name=\"robots\" content=\"index, follow, max-snippet:-1, max-image-preview:large, max-video-preview:-1\" \/>\n<link rel=\"canonical\" href=\"https:\/\/cuartetoenlaweb.com.ar\/sitio\/moria-casan-destrozo-a-wanda-nara-por-la-nominacion-como-mejor-conductora-a-los-martin-fierro-esta-senora\/\" \/>\n<meta property=\"og:locale\" content=\"es_ES\" \/>\n<meta property=\"og:type\" content=\"article\" \/>\n<meta property=\"og:title\" content=\"Moria Cas\u00e1n destroz\u00f3 a Wanda Nara por la nominaci\u00f3n como mejor conductora a los Mart\u00edn Fierro: \u201cEsta se\u00f1ora\u2026\u201d - Cuarteto en la Web\" \/>\n<meta property=\"og:description\" content=\"La retroalimentaci\u00f3n de sus esc\u00e1ndalos personales, con su personaje p\u00fablico\" \/>\n<meta property=\"og:url\" content=\"https:\/\/cuartetoenlaweb.com.ar\/sitio\/moria-casan-destrozo-a-wanda-nara-por-la-nominacion-como-mejor-conductora-a-los-martin-fierro-esta-senora\/\" \/>\n<meta property=\"og:site_name\" content=\"Cuarteto en la Web\" \/>\n<meta property=\"article:published_time\" content=\"2026-05-01T20:00:10+00:00\" \/>\n<meta property=\"og:image\" content=\"https:\/\/www.paparazzi.com.ar\/wp-content\/uploads\/2026\/04\/Susana-Gimenez-1-359x226.jpg\" \/>\n<meta name=\"twitter:card\" content=\"summary_large_image\" \/>\n<meta name=\"twitter:label1\" content=\"Tiempo de lectura\" \/>\n\t<meta name=\"twitter:data1\" content=\"2 minutos\" \/>\n<script type=\"application\/ld+json\" class=\"yoast-schema-graph\">{\"@context\":\"https:\\\/\\\/schema.org\",\"@graph\":[{\"@type\":\"Article\",\"@id\":\"https:\\\/\\\/cuartetoenlaweb.com.ar\\\/sitio\\\/moria-casan-destrozo-a-wanda-nara-por-la-nominacion-como-mejor-conductora-a-los-martin-fierro-esta-senora\\\/#article\",\"isPartOf\":{\"@id\":\"https:\\\/\\\/cuartetoenlaweb.com.ar\\\/sitio\\\/moria-casan-destrozo-a-wanda-nara-por-la-nominacion-como-mejor-conductora-a-los-martin-fierro-esta-senora\\\/\"},\"author\":{\"name\":\"\",\"@id\":\"\"},\"headline\":\"Moria Cas\u00e1n destroz\u00f3 a Wanda Nara por la nominaci\u00f3n como mejor conductora a los Mart\u00edn Fierro: \u201cEsta se\u00f1ora\u2026\u201d\",\"datePublished\":\"2026-05-01T20:00:10+00:00\",\"mainEntityOfPage\":{\"@id\":\"https:\\\/\\\/cuartetoenlaweb.com.ar\\\/sitio\\\/moria-casan-destrozo-a-wanda-nara-por-la-nominacion-como-mejor-conductora-a-los-martin-fierro-esta-senora\\\/\"},\"wordCount\":496,\"publisher\":{\"@id\":\"http:\\\/\\\/cuartetoenlaweb.com.ar\\\/sitio\\\/#organization\"},\"image\":{\"@id\":\"https:\\\/\\\/cuartetoenlaweb.com.ar\\\/sitio\\\/moria-casan-destrozo-a-wanda-nara-por-la-nominacion-como-mejor-conductora-a-los-martin-fierro-esta-senora\\\/#primaryimage\"},\"thumbnailUrl\":\"https:\\\/\\\/cuartetoenlaweb.com.ar\\\/sitio\\\/wp-content\\\/uploads\\\/2026\\\/05\\\/Susana-Gimenez-1-359x226-1.jpg\",\"articleSection\":[\"ESPECT\u00c1CULO\"],\"inLanguage\":\"es\"},{\"@type\":\"WebPage\",\"@id\":\"https:\\\/\\\/cuartetoenlaweb.com.ar\\\/sitio\\\/moria-casan-destrozo-a-wanda-nara-por-la-nominacion-como-mejor-conductora-a-los-martin-fierro-esta-senora\\\/\",\"url\":\"https:\\\/\\\/cuartetoenlaweb.com.ar\\\/sitio\\\/moria-casan-destrozo-a-wanda-nara-por-la-nominacion-como-mejor-conductora-a-los-martin-fierro-esta-senora\\\/\",\"name\":\"Moria Cas\u00e1n destroz\u00f3 a Wanda Nara por la nominaci\u00f3n como mejor conductora a los Mart\u00edn Fierro: \u201cEsta se\u00f1ora\u2026\u201d - Cuarteto en la Web\",\"isPartOf\":{\"@id\":\"http:\\\/\\\/cuartetoenlaweb.com.ar\\\/sitio\\\/#website\"},\"primaryImageOfPage\":{\"@id\":\"https:\\\/\\\/cuartetoenlaweb.com.ar\\\/sitio\\\/moria-casan-destrozo-a-wanda-nara-por-la-nominacion-como-mejor-conductora-a-los-martin-fierro-esta-senora\\\/#primaryimage\"},\"image\":{\"@id\":\"https:\\\/\\\/cuartetoenlaweb.com.ar\\\/sitio\\\/moria-casan-destrozo-a-wanda-nara-por-la-nominacion-como-mejor-conductora-a-los-martin-fierro-esta-senora\\\/#primaryimage\"},\"thumbnailUrl\":\"https:\\\/\\\/cuartetoenlaweb.com.ar\\\/sitio\\\/wp-content\\\/uploads\\\/2026\\\/05\\\/Susana-Gimenez-1-359x226-1.jpg\",\"datePublished\":\"2026-05-01T20:00:10+00:00\",\"breadcrumb\":{\"@id\":\"https:\\\/\\\/cuartetoenlaweb.com.ar\\\/sitio\\\/moria-casan-destrozo-a-wanda-nara-por-la-nominacion-como-mejor-conductora-a-los-martin-fierro-esta-senora\\\/#breadcrumb\"},\"inLanguage\":\"es\",\"potentialAction\":[{\"@type\":\"ReadAction\",\"target\":[\"https:\\\/\\\/cuartetoenlaweb.com.ar\\\/sitio\\\/moria-casan-destrozo-a-wanda-nara-por-la-nominacion-como-mejor-conductora-a-los-martin-fierro-esta-senora\\\/\"]}]},{\"@type\":\"ImageObject\",\"inLanguage\":\"es\",\"@id\":\"https:\\\/\\\/cuartetoenlaweb.com.ar\\\/sitio\\\/moria-casan-destrozo-a-wanda-nara-por-la-nominacion-como-mejor-conductora-a-los-martin-fierro-esta-senora\\\/#primaryimage\",\"url\":\"https:\\\/\\\/cuartetoenlaweb.com.ar\\\/sitio\\\/wp-content\\\/uploads\\\/2026\\\/05\\\/Susana-Gimenez-1-359x226-1.jpg\",\"contentUrl\":\"https:\\\/\\\/cuartetoenlaweb.com.ar\\\/sitio\\\/wp-content\\\/uploads\\\/2026\\\/05\\\/Susana-Gimenez-1-359x226-1.jpg\",\"width\":359,\"height\":226},{\"@type\":\"BreadcrumbList\",\"@id\":\"https:\\\/\\\/cuartetoenlaweb.com.ar\\\/sitio\\\/moria-casan-destrozo-a-wanda-nara-por-la-nominacion-como-mejor-conductora-a-los-martin-fierro-esta-senora\\\/#breadcrumb\",\"itemListElement\":[{\"@type\":\"ListItem\",\"position\":1,\"name\":\"Portada\",\"item\":\"http:\\\/\\\/cuartetoenlaweb.com.ar\\\/sitio\\\/\"},{\"@type\":\"ListItem\",\"position\":2,\"name\":\"Moria Cas\u00e1n destroz\u00f3 a Wanda Nara por la nominaci\u00f3n como mejor conductora a los Mart\u00edn Fierro: \u201cEsta se\u00f1ora\u2026\u201d\"}]},{\"@type\":\"WebSite\",\"@id\":\"http:\\\/\\\/cuartetoenlaweb.com.ar\\\/sitio\\\/#website\",\"url\":\"http:\\\/\\\/cuartetoenlaweb.com.ar\\\/sitio\\\/\",\"name\":\"Cuarteto en la Web\",\"description\":\"\",\"publisher\":{\"@id\":\"http:\\\/\\\/cuartetoenlaweb.com.ar\\\/sitio\\\/#organization\"},\"potentialAction\":[{\"@type\":\"SearchAction\",\"target\":{\"@type\":\"EntryPoint\",\"urlTemplate\":\"http:\\\/\\\/cuartetoenlaweb.com.ar\\\/sitio\\\/?s={search_term_string}\"},\"query-input\":{\"@type\":\"PropertyValueSpecification\",\"valueRequired\":true,\"valueName\":\"search_term_string\"}}],\"inLanguage\":\"es\"},{\"@type\":\"Organization\",\"@id\":\"http:\\\/\\\/cuartetoenlaweb.com.ar\\\/sitio\\\/#organization\",\"name\":\"Cuarteto en la Web\",\"url\":\"http:\\\/\\\/cuartetoenlaweb.com.ar\\\/sitio\\\/\",\"logo\":{\"@type\":\"ImageObject\",\"inLanguage\":\"es\",\"@id\":\"http:\\\/\\\/cuartetoenlaweb.com.ar\\\/sitio\\\/#\\\/schema\\\/logo\\\/image\\\/\",\"url\":\"https:\\\/\\\/cuartetoenlaweb.com.ar\\\/sitio\\\/wp-content\\\/uploads\\\/2025\\\/07\\\/cropped-cropped-logitoweb21.png\",\"contentUrl\":\"https:\\\/\\\/cuartetoenlaweb.com.ar\\\/sitio\\\/wp-content\\\/uploads\\\/2025\\\/07\\\/cropped-cropped-logitoweb21.png\",\"width\":199,\"height\":199,\"caption\":\"Cuarteto en la Web\"},\"image\":{\"@id\":\"http:\\\/\\\/cuartetoenlaweb.com.ar\\\/sitio\\\/#\\\/schema\\\/logo\\\/image\\\/\"}}]}<\/script>\n<!-- \/ Yoast SEO plugin. -->","yoast_head_json":{"title":"Moria Cas\u00e1n destroz\u00f3 a Wanda Nara por la nominaci\u00f3n como mejor conductora a los Mart\u00edn Fierro: \u201cEsta se\u00f1ora\u2026\u201d - Cuarteto en la Web","robots":{"index":"index","follow":"follow","max-snippet":"max-snippet:-1","max-image-preview":"max-image-preview:large","max-video-preview":"max-video-preview:-1"},"canonical":"https:\/\/cuartetoenlaweb.com.ar\/sitio\/moria-casan-destrozo-a-wanda-nara-por-la-nominacion-como-mejor-conductora-a-los-martin-fierro-esta-senora\/","og_locale":"es_ES","og_type":"article","og_title":"Moria Cas\u00e1n destroz\u00f3 a Wanda Nara por la nominaci\u00f3n como mejor conductora a los Mart\u00edn Fierro: \u201cEsta se\u00f1ora\u2026\u201d - Cuarteto en la Web","og_description":"La retroalimentaci\u00f3n de sus esc\u00e1ndalos personales, con su personaje p\u00fablico","og_url":"https:\/\/cuartetoenlaweb.com.ar\/sitio\/moria-casan-destrozo-a-wanda-nara-por-la-nominacion-como-mejor-conductora-a-los-martin-fierro-esta-senora\/","og_site_name":"Cuarteto en la Web","article_published_time":"2026-05-01T20:00:10+00:00","og_image":[{"url":"https:\/\/www.paparazzi.com.ar\/wp-content\/uploads\/2026\/04\/Susana-Gimenez-1-359x226.jpg","type":"","width":"","height":""}],"twitter_card":"summary_large_image","twitter_misc":{"Tiempo de lectura":"2 minutos"},"schema":{"@context":"https:\/\/schema.org","@graph":[{"@type":"Article","@id":"https:\/\/cuartetoenlaweb.com.ar\/sitio\/moria-casan-destrozo-a-wanda-nara-por-la-nominacion-como-mejor-conductora-a-los-martin-fierro-esta-senora\/#article","isPartOf":{"@id":"https:\/\/cuartetoenlaweb.com.ar\/sitio\/moria-casan-destrozo-a-wanda-nara-por-la-nominacion-como-mejor-conductora-a-los-martin-fierro-esta-senora\/"},"author":{"name":"","@id":""},"headline":"Moria Cas\u00e1n destroz\u00f3 a Wanda Nara por la nominaci\u00f3n como mejor conductora a los Mart\u00edn Fierro: \u201cEsta se\u00f1ora\u2026\u201d","datePublished":"2026-05-01T20:00:10+00:00","mainEntityOfPage":{"@id":"https:\/\/cuartetoenlaweb.com.ar\/sitio\/moria-casan-destrozo-a-wanda-nara-por-la-nominacion-como-mejor-conductora-a-los-martin-fierro-esta-senora\/"},"wordCount":496,"publisher":{"@id":"http:\/\/cuartetoenlaweb.com.ar\/sitio\/#organization"},"image":{"@id":"https:\/\/cuartetoenlaweb.com.ar\/sitio\/moria-casan-destrozo-a-wanda-nara-por-la-nominacion-como-mejor-conductora-a-los-martin-fierro-esta-senora\/#primaryimage"},"thumbnailUrl":"https:\/\/cuartetoenlaweb.com.ar\/sitio\/wp-content\/uploads\/2026\/05\/Susana-Gimenez-1-359x226-1.jpg","articleSection":["ESPECT\u00c1CULO"],"inLanguage":"es"},{"@type":"WebPage","@id":"https:\/\/cuartetoenlaweb.com.ar\/sitio\/moria-casan-destrozo-a-wanda-nara-por-la-nominacion-como-mejor-conductora-a-los-martin-fierro-esta-senora\/","url":"https:\/\/cuartetoenlaweb.com.ar\/sitio\/moria-casan-destrozo-a-wanda-nara-por-la-nominacion-como-mejor-conductora-a-los-martin-fierro-esta-senora\/","name":"Moria Cas\u00e1n destroz\u00f3 a Wanda Nara por la nominaci\u00f3n como mejor conductora a los Mart\u00edn Fierro: \u201cEsta se\u00f1ora\u2026\u201d - Cuarteto en la Web","isPartOf":{"@id":"http:\/\/cuartetoenlaweb.com.ar\/sitio\/#website"},"primaryImageOfPage":{"@id":"https:\/\/cuartetoenlaweb.com.ar\/sitio\/moria-casan-destrozo-a-wanda-nara-por-la-nominacion-como-mejor-conductora-a-los-martin-fierro-esta-senora\/#primaryimage"},"image":{"@id":"https:\/\/cuartetoenlaweb.com.ar\/sitio\/moria-casan-destrozo-a-wanda-nara-por-la-nominacion-como-mejor-conductora-a-los-martin-fierro-esta-senora\/#primaryimage"},"thumbnailUrl":"https:\/\/cuartetoenlaweb.com.ar\/sitio\/wp-content\/uploads\/2026\/05\/Susana-Gimenez-1-359x226-1.jpg","datePublished":"2026-05-01T20:00:10+00:00","breadcrumb":{"@id":"https:\/\/cuartetoenlaweb.com.ar\/sitio\/moria-casan-destrozo-a-wanda-nara-por-la-nominacion-como-mejor-conductora-a-los-martin-fierro-esta-senora\/#breadcrumb"},"inLanguage":"es","potentialAction":[{"@type":"ReadAction","target":["https:\/\/cuartetoenlaweb.com.ar\/sitio\/moria-casan-destrozo-a-wanda-nara-por-la-nominacion-como-mejor-conductora-a-los-martin-fierro-esta-senora\/"]}]},{"@type":"ImageObject","inLanguage":"es","@id":"https:\/\/cuartetoenlaweb.com.ar\/sitio\/moria-casan-destrozo-a-wanda-nara-por-la-nominacion-como-mejor-conductora-a-los-martin-fierro-esta-senora\/#primaryimage","url":"https:\/\/cuartetoenlaweb.com.ar\/sitio\/wp-content\/uploads\/2026\/05\/Susana-Gimenez-1-359x226-1.jpg","contentUrl":"https:\/\/cuartetoenlaweb.com.ar\/sitio\/wp-content\/uploads\/2026\/05\/Susana-Gimenez-1-359x226-1.jpg","width":359,"height":226},{"@type":"BreadcrumbList","@id":"https:\/\/cuartetoenlaweb.com.ar\/sitio\/moria-casan-destrozo-a-wanda-nara-por-la-nominacion-como-mejor-conductora-a-los-martin-fierro-esta-senora\/#breadcrumb","itemListElement":[{"@type":"ListItem","position":1,"name":"Portada","item":"http:\/\/cuartetoenlaweb.com.ar\/sitio\/"},{"@type":"ListItem","position":2,"name":"Moria Cas\u00e1n destroz\u00f3 a Wanda Nara por la nominaci\u00f3n como mejor conductora a los Mart\u00edn Fierro: \u201cEsta se\u00f1ora\u2026\u201d"}]},{"@type":"WebSite","@id":"http:\/\/cuartetoenlaweb.com.ar\/sitio\/#website","url":"http:\/\/cuartetoenlaweb.com.ar\/sitio\/","name":"Cuarteto en la Web","description":"","publisher":{"@id":"http:\/\/cuartetoenlaweb.com.ar\/sitio\/#organization"},"potentialAction":[{"@type":"SearchAction","target":{"@type":"EntryPoint","urlTemplate":"http:\/\/cuartetoenlaweb.com.ar\/sitio\/?s={search_term_string}"},"query-input":{"@type":"PropertyValueSpecification","valueRequired":true,"valueName":"search_term_string"}}],"inLanguage":"es"},{"@type":"Organization","@id":"http:\/\/cuartetoenlaweb.com.ar\/sitio\/#organization","name":"Cuarteto en la Web","url":"http:\/\/cuartetoenlaweb.com.ar\/sitio\/","logo":{"@type":"ImageObject","inLanguage":"es","@id":"http:\/\/cuartetoenlaweb.com.ar\/sitio\/#\/schema\/logo\/image\/","url":"https:\/\/cuartetoenlaweb.com.ar\/sitio\/wp-content\/uploads\/2025\/07\/cropped-cropped-logitoweb21.png","contentUrl":"https:\/\/cuartetoenlaweb.com.ar\/sitio\/wp-content\/uploads\/2025\/07\/cropped-cropped-logitoweb21.png","width":199,"height":199,"caption":"Cuarteto en la Web"},"image":{"@id":"http:\/\/cuartetoenlaweb.com.ar\/sitio\/#\/schema\/logo\/image\/"}}]}},"_links":{"self":[{"href":"https:\/\/cuartetoenlaweb.com.ar\/sitio\/wp-json\/wp\/v2\/posts\/19558","targetHints":{"allow":["GET"]}}],"collection":[{"href":"https:\/\/cuartetoenlaweb.com.ar\/sitio\/wp-json\/wp\/v2\/posts"}],"about":[{"href":"https:\/\/cuartetoenlaweb.com.ar\/sitio\/wp-json\/wp\/v2\/types\/post"}],"replies":[{"embeddable":true,"href":"https:\/\/cuartetoenlaweb.com.ar\/sitio\/wp-json\/wp\/v2\/comments?post=19558"}],"version-history":[{"count":0,"href":"https:\/\/cuartetoenlaweb.com.ar\/sitio\/wp-json\/wp\/v2\/posts\/19558\/revisions"}],"wp:featuredmedia":[{"embeddable":true,"href":"https:\/\/cuartetoenlaweb.com.ar\/sitio\/wp-json\/wp\/v2\/media\/19559"}],"wp:attachment":[{"href":"https:\/\/cuartetoenlaweb.com.ar\/sitio\/wp-json\/wp\/v2\/media?parent=19558"}],"wp:term":[{"taxonomy":"category","embeddable":true,"href":"https:\/\/cuartetoenlaweb.com.ar\/sitio\/wp-json\/wp\/v2\/categories?post=19558"},{"taxonomy":"post_tag","embeddable":true,"href":"https:\/\/cuartetoenlaweb.com.ar\/sitio\/wp-json\/wp\/v2\/tags?post=19558"}],"curies":[{"name":"wp","href":"https:\/\/api.w.org\/{rel}","templated":true}]}}