
{"id":19536,"date":"2026-05-01T10:00:28","date_gmt":"2026-05-01T13:00:28","guid":{"rendered":"https:\/\/cuartetoenlaweb.com.ar\/sitio\/empleadas-domesticas-se-convoca-a-la-comision-para-debatir-incrementos-salariales\/"},"modified":"2026-05-01T10:00:28","modified_gmt":"2026-05-01T13:00:28","slug":"empleadas-domesticas-se-convoca-a-la-comision-para-debatir-incrementos-salariales","status":"publish","type":"post","link":"https:\/\/cuartetoenlaweb.com.ar\/sitio\/empleadas-domesticas-se-convoca-a-la-comision-para-debatir-incrementos-salariales\/","title":{"rendered":"Empleadas dom\u00e9sticas: se convoca a la Comisi\u00f3n para debatir incrementos salariales"},"content":{"rendered":"<div class=\"postie-post\">\n<div>     El Gobierno ha convocado a la Comisi\u00f3n Nacional de Trabajo en Casas Particulares para una reuni\u00f3n programada para el jueves 30 de abril, seg\u00fan establece la Resoluci\u00f3n N\u00b0 3 de dicha Comisi\u00f3n, publicada recientemente en el Bolet\u00edn Oficial.<\/p>\n<p>El objetivo de esta convocatoria, que incluye a representantes del sector empresarial y sindical, es analizar la evoluci\u00f3n de las remuneraciones m\u00ednimas para los trabajadores de casas particulares que est\u00e1n bajo el r\u00e9gimen especial de la Ley N\u00ba 26.844.<\/p>\n<p>El inicio del a\u00f1o ha tra\u00eddo consigo una mayor erosi\u00f3n del poder adquisitivo de los salarios del personal dom\u00e9stico. Durante la administraci\u00f3n de Javier Milei, el ingreso de estos trabajadores ha sufrido una disminuci\u00f3n real que oscila entre el 32% y el 35%.<\/p>\n<p>Este segmento es el m\u00e1s numeroso dentro del mercado laboral y presenta altos niveles de informalidad, con una ca\u00edda del salario real que es comparable a la que se observa en el sector p\u00fablico nacional.<\/p>\n<p>Las empleadas de tareas generales, la categor\u00eda m\u00e1s com\u00fan, perciben un salario mensual de $ 410.773, lo que equivale a $ 3.348 por hora. En noviembre de 2023, el salario era de $ 160.791 o $ 1.311 por hora.<\/p>\n<p>Esto representa un incremento del 155.5% en 29 meses (o del 167.9% si se considera un bono no remunerativo), en contraste con una inflaci\u00f3n que alcanz\u00f3 el 293.4% hasta marzo.<\/p>\n<p>Los $ 3.348 por hora son insuficientes para comprar un pan lactal de 390 gramos, que en marzo costaba $ 3.570,28, o una gaseosa de 1.5 litros, cuyo precio era de $ 3.379, de acuerdo con los datos del INDEC.<\/p>\n<p>De este modo, el personal dom\u00e9stico -que asciende a 1.7 millones de trabajadoras, de las cuales m\u00e1s del 75% se encuentra en la informalidad- experimentar\u00e1 una ca\u00edda de poder adquisitivo superior al 33% durante la actual gesti\u00f3n, un impacto que es mayor que el registrado durante los gobiernos anteriores.<\/p>\n<p>El \u00faltimo aumento, establecido el 11 de marzo, se incorpora a este contexto.<\/p>\n<p>Seg\u00fan el informe m\u00e1s reciente de la Seguridad Social, las trabajadoras que aportaron al sistema previsional alcanzaron en enero de 2026 un total de 442.867, lo que representa una disminuci\u00f3n del 4.7% en comparaci\u00f3n con los 464.504 de noviembre de 2023.<\/p>\n<p>Esta ca\u00edda se ha visto exacerbada por la p\u00e9rdida de ingresos que ha afectado a la clase media que habitualmente emplea personal dom\u00e9stico.<\/p>\n<p>El \u00faltimo Informe de Informalidad Laboral del INDEC, correspondiente al cuarto trimestre de 2025, se\u00f1ala que el personal dom\u00e9stico presenta un 78% de empleo no registrado, el porcentaje m\u00e1s alto entre todas las actividades, seguido por el sector de la construcci\u00f3n, que tiene un 73.8%. <\/p>\n<\/div>\n<\/div>\n","protected":false},"excerpt":{"rendered":"<p>El Gobierno ha convocado a la Comisi\u00f3n Nacional de Trabajo<\/p>\n","protected":false},"author":0,"featured_media":19537,"comment_status":"","ping_status":"","sticky":false,"template":"","format":"standard","meta":{"footnotes":""},"categories":[65],"tags":[],"class_list":["post-19536","post","type-post","status-publish","format-standard","has-post-thumbnail","hentry","category-pais"],"yoast_head":"<!-- This site is optimized with the Yoast SEO plugin v27.5 - https:\/\/yoast.com\/product\/yoast-seo-wordpress\/ -->\n<title>Empleadas dom\u00e9sticas: se convoca a la Comisi\u00f3n para debatir incrementos salariales - Cuarteto en la Web<\/title>\n<meta name=\"robots\" content=\"index, follow, max-snippet:-1, max-image-preview:large, max-video-preview:-1\" \/>\n<link rel=\"canonical\" href=\"https:\/\/cuartetoenlaweb.com.ar\/sitio\/empleadas-domesticas-se-convoca-a-la-comision-para-debatir-incrementos-salariales\/\" \/>\n<meta property=\"og:locale\" content=\"es_ES\" \/>\n<meta property=\"og:type\" content=\"article\" \/>\n<meta property=\"og:title\" content=\"Empleadas dom\u00e9sticas: se convoca a la Comisi\u00f3n para debatir incrementos salariales - Cuarteto en la Web\" \/>\n<meta property=\"og:description\" content=\"El Gobierno ha convocado a la Comisi\u00f3n Nacional de Trabajo\" \/>\n<meta property=\"og:url\" content=\"https:\/\/cuartetoenlaweb.com.ar\/sitio\/empleadas-domesticas-se-convoca-a-la-comision-para-debatir-incrementos-salariales\/\" \/>\n<meta property=\"og:site_name\" content=\"Cuarteto en la Web\" \/>\n<meta property=\"article:published_time\" content=\"2026-05-01T13:00:28+00:00\" \/>\n<meta name=\"twitter:card\" content=\"summary_large_image\" \/>\n<meta name=\"twitter:label1\" content=\"Tiempo de lectura\" \/>\n\t<meta name=\"twitter:data1\" content=\"2 minutos\" \/>\n<script type=\"application\/ld+json\" class=\"yoast-schema-graph\">{\"@context\":\"https:\\\/\\\/schema.org\",\"@graph\":[{\"@type\":\"Article\",\"@id\":\"https:\\\/\\\/cuartetoenlaweb.com.ar\\\/sitio\\\/empleadas-domesticas-se-convoca-a-la-comision-para-debatir-incrementos-salariales\\\/#article\",\"isPartOf\":{\"@id\":\"https:\\\/\\\/cuartetoenlaweb.com.ar\\\/sitio\\\/empleadas-domesticas-se-convoca-a-la-comision-para-debatir-incrementos-salariales\\\/\"},\"author\":{\"name\":\"\",\"@id\":\"\"},\"headline\":\"Empleadas dom\u00e9sticas: se convoca a la Comisi\u00f3n para debatir incrementos salariales\",\"datePublished\":\"2026-05-01T13:00:28+00:00\",\"mainEntityOfPage\":{\"@id\":\"https:\\\/\\\/cuartetoenlaweb.com.ar\\\/sitio\\\/empleadas-domesticas-se-convoca-a-la-comision-para-debatir-incrementos-salariales\\\/\"},\"wordCount\":448,\"publisher\":{\"@id\":\"http:\\\/\\\/cuartetoenlaweb.com.ar\\\/sitio\\\/#organization\"},\"image\":{\"@id\":\"https:\\\/\\\/cuartetoenlaweb.com.ar\\\/sitio\\\/empleadas-domesticas-se-convoca-a-la-comision-para-debatir-incrementos-salariales\\\/#primaryimage\"},\"thumbnailUrl\":\"https:\\\/\\\/cuartetoenlaweb.com.ar\\\/sitio\\\/wp-content\\\/uploads\\\/2026\\\/05\\\/portadax-8.png\",\"articleSection\":[\"PAIS\"],\"inLanguage\":\"es\"},{\"@type\":\"WebPage\",\"@id\":\"https:\\\/\\\/cuartetoenlaweb.com.ar\\\/sitio\\\/empleadas-domesticas-se-convoca-a-la-comision-para-debatir-incrementos-salariales\\\/\",\"url\":\"https:\\\/\\\/cuartetoenlaweb.com.ar\\\/sitio\\\/empleadas-domesticas-se-convoca-a-la-comision-para-debatir-incrementos-salariales\\\/\",\"name\":\"Empleadas dom\u00e9sticas: se convoca a la Comisi\u00f3n para debatir incrementos salariales - Cuarteto en la Web\",\"isPartOf\":{\"@id\":\"http:\\\/\\\/cuartetoenlaweb.com.ar\\\/sitio\\\/#website\"},\"primaryImageOfPage\":{\"@id\":\"https:\\\/\\\/cuartetoenlaweb.com.ar\\\/sitio\\\/empleadas-domesticas-se-convoca-a-la-comision-para-debatir-incrementos-salariales\\\/#primaryimage\"},\"image\":{\"@id\":\"https:\\\/\\\/cuartetoenlaweb.com.ar\\\/sitio\\\/empleadas-domesticas-se-convoca-a-la-comision-para-debatir-incrementos-salariales\\\/#primaryimage\"},\"thumbnailUrl\":\"https:\\\/\\\/cuartetoenlaweb.com.ar\\\/sitio\\\/wp-content\\\/uploads\\\/2026\\\/05\\\/portadax-8.png\",\"datePublished\":\"2026-05-01T13:00:28+00:00\",\"breadcrumb\":{\"@id\":\"https:\\\/\\\/cuartetoenlaweb.com.ar\\\/sitio\\\/empleadas-domesticas-se-convoca-a-la-comision-para-debatir-incrementos-salariales\\\/#breadcrumb\"},\"inLanguage\":\"es\",\"potentialAction\":[{\"@type\":\"ReadAction\",\"target\":[\"https:\\\/\\\/cuartetoenlaweb.com.ar\\\/sitio\\\/empleadas-domesticas-se-convoca-a-la-comision-para-debatir-incrementos-salariales\\\/\"]}]},{\"@type\":\"ImageObject\",\"inLanguage\":\"es\",\"@id\":\"https:\\\/\\\/cuartetoenlaweb.com.ar\\\/sitio\\\/empleadas-domesticas-se-convoca-a-la-comision-para-debatir-incrementos-salariales\\\/#primaryimage\",\"url\":\"https:\\\/\\\/cuartetoenlaweb.com.ar\\\/sitio\\\/wp-content\\\/uploads\\\/2026\\\/05\\\/portadax-8.png\",\"contentUrl\":\"https:\\\/\\\/cuartetoenlaweb.com.ar\\\/sitio\\\/wp-content\\\/uploads\\\/2026\\\/05\\\/portadax-8.png\",\"width\":1366,\"height\":768},{\"@type\":\"BreadcrumbList\",\"@id\":\"https:\\\/\\\/cuartetoenlaweb.com.ar\\\/sitio\\\/empleadas-domesticas-se-convoca-a-la-comision-para-debatir-incrementos-salariales\\\/#breadcrumb\",\"itemListElement\":[{\"@type\":\"ListItem\",\"position\":1,\"name\":\"Portada\",\"item\":\"http:\\\/\\\/cuartetoenlaweb.com.ar\\\/sitio\\\/\"},{\"@type\":\"ListItem\",\"position\":2,\"name\":\"Empleadas dom\u00e9sticas: se convoca a la Comisi\u00f3n para debatir incrementos salariales\"}]},{\"@type\":\"WebSite\",\"@id\":\"http:\\\/\\\/cuartetoenlaweb.com.ar\\\/sitio\\\/#website\",\"url\":\"http:\\\/\\\/cuartetoenlaweb.com.ar\\\/sitio\\\/\",\"name\":\"Cuarteto en la Web\",\"description\":\"\",\"publisher\":{\"@id\":\"http:\\\/\\\/cuartetoenlaweb.com.ar\\\/sitio\\\/#organization\"},\"potentialAction\":[{\"@type\":\"SearchAction\",\"target\":{\"@type\":\"EntryPoint\",\"urlTemplate\":\"http:\\\/\\\/cuartetoenlaweb.com.ar\\\/sitio\\\/?s={search_term_string}\"},\"query-input\":{\"@type\":\"PropertyValueSpecification\",\"valueRequired\":true,\"valueName\":\"search_term_string\"}}],\"inLanguage\":\"es\"},{\"@type\":\"Organization\",\"@id\":\"http:\\\/\\\/cuartetoenlaweb.com.ar\\\/sitio\\\/#organization\",\"name\":\"Cuarteto en la Web\",\"url\":\"http:\\\/\\\/cuartetoenlaweb.com.ar\\\/sitio\\\/\",\"logo\":{\"@type\":\"ImageObject\",\"inLanguage\":\"es\",\"@id\":\"http:\\\/\\\/cuartetoenlaweb.com.ar\\\/sitio\\\/#\\\/schema\\\/logo\\\/image\\\/\",\"url\":\"https:\\\/\\\/cuartetoenlaweb.com.ar\\\/sitio\\\/wp-content\\\/uploads\\\/2025\\\/07\\\/cropped-cropped-logitoweb21.png\",\"contentUrl\":\"https:\\\/\\\/cuartetoenlaweb.com.ar\\\/sitio\\\/wp-content\\\/uploads\\\/2025\\\/07\\\/cropped-cropped-logitoweb21.png\",\"width\":199,\"height\":199,\"caption\":\"Cuarteto en la Web\"},\"image\":{\"@id\":\"http:\\\/\\\/cuartetoenlaweb.com.ar\\\/sitio\\\/#\\\/schema\\\/logo\\\/image\\\/\"}}]}<\/script>\n<!-- \/ Yoast SEO plugin. -->","yoast_head_json":{"title":"Empleadas dom\u00e9sticas: se convoca a la Comisi\u00f3n para debatir incrementos salariales - Cuarteto en la Web","robots":{"index":"index","follow":"follow","max-snippet":"max-snippet:-1","max-image-preview":"max-image-preview:large","max-video-preview":"max-video-preview:-1"},"canonical":"https:\/\/cuartetoenlaweb.com.ar\/sitio\/empleadas-domesticas-se-convoca-a-la-comision-para-debatir-incrementos-salariales\/","og_locale":"es_ES","og_type":"article","og_title":"Empleadas dom\u00e9sticas: se convoca a la Comisi\u00f3n para debatir incrementos salariales - Cuarteto en la Web","og_description":"El Gobierno ha convocado a la Comisi\u00f3n Nacional de Trabajo","og_url":"https:\/\/cuartetoenlaweb.com.ar\/sitio\/empleadas-domesticas-se-convoca-a-la-comision-para-debatir-incrementos-salariales\/","og_site_name":"Cuarteto en la Web","article_published_time":"2026-05-01T13:00:28+00:00","twitter_card":"summary_large_image","twitter_misc":{"Tiempo de lectura":"2 minutos"},"schema":{"@context":"https:\/\/schema.org","@graph":[{"@type":"Article","@id":"https:\/\/cuartetoenlaweb.com.ar\/sitio\/empleadas-domesticas-se-convoca-a-la-comision-para-debatir-incrementos-salariales\/#article","isPartOf":{"@id":"https:\/\/cuartetoenlaweb.com.ar\/sitio\/empleadas-domesticas-se-convoca-a-la-comision-para-debatir-incrementos-salariales\/"},"author":{"name":"","@id":""},"headline":"Empleadas dom\u00e9sticas: se convoca a la Comisi\u00f3n para debatir incrementos salariales","datePublished":"2026-05-01T13:00:28+00:00","mainEntityOfPage":{"@id":"https:\/\/cuartetoenlaweb.com.ar\/sitio\/empleadas-domesticas-se-convoca-a-la-comision-para-debatir-incrementos-salariales\/"},"wordCount":448,"publisher":{"@id":"http:\/\/cuartetoenlaweb.com.ar\/sitio\/#organization"},"image":{"@id":"https:\/\/cuartetoenlaweb.com.ar\/sitio\/empleadas-domesticas-se-convoca-a-la-comision-para-debatir-incrementos-salariales\/#primaryimage"},"thumbnailUrl":"https:\/\/cuartetoenlaweb.com.ar\/sitio\/wp-content\/uploads\/2026\/05\/portadax-8.png","articleSection":["PAIS"],"inLanguage":"es"},{"@type":"WebPage","@id":"https:\/\/cuartetoenlaweb.com.ar\/sitio\/empleadas-domesticas-se-convoca-a-la-comision-para-debatir-incrementos-salariales\/","url":"https:\/\/cuartetoenlaweb.com.ar\/sitio\/empleadas-domesticas-se-convoca-a-la-comision-para-debatir-incrementos-salariales\/","name":"Empleadas dom\u00e9sticas: se convoca a la Comisi\u00f3n para debatir incrementos salariales - Cuarteto en la Web","isPartOf":{"@id":"http:\/\/cuartetoenlaweb.com.ar\/sitio\/#website"},"primaryImageOfPage":{"@id":"https:\/\/cuartetoenlaweb.com.ar\/sitio\/empleadas-domesticas-se-convoca-a-la-comision-para-debatir-incrementos-salariales\/#primaryimage"},"image":{"@id":"https:\/\/cuartetoenlaweb.com.ar\/sitio\/empleadas-domesticas-se-convoca-a-la-comision-para-debatir-incrementos-salariales\/#primaryimage"},"thumbnailUrl":"https:\/\/cuartetoenlaweb.com.ar\/sitio\/wp-content\/uploads\/2026\/05\/portadax-8.png","datePublished":"2026-05-01T13:00:28+00:00","breadcrumb":{"@id":"https:\/\/cuartetoenlaweb.com.ar\/sitio\/empleadas-domesticas-se-convoca-a-la-comision-para-debatir-incrementos-salariales\/#breadcrumb"},"inLanguage":"es","potentialAction":[{"@type":"ReadAction","target":["https:\/\/cuartetoenlaweb.com.ar\/sitio\/empleadas-domesticas-se-convoca-a-la-comision-para-debatir-incrementos-salariales\/"]}]},{"@type":"ImageObject","inLanguage":"es","@id":"https:\/\/cuartetoenlaweb.com.ar\/sitio\/empleadas-domesticas-se-convoca-a-la-comision-para-debatir-incrementos-salariales\/#primaryimage","url":"https:\/\/cuartetoenlaweb.com.ar\/sitio\/wp-content\/uploads\/2026\/05\/portadax-8.png","contentUrl":"https:\/\/cuartetoenlaweb.com.ar\/sitio\/wp-content\/uploads\/2026\/05\/portadax-8.png","width":1366,"height":768},{"@type":"BreadcrumbList","@id":"https:\/\/cuartetoenlaweb.com.ar\/sitio\/empleadas-domesticas-se-convoca-a-la-comision-para-debatir-incrementos-salariales\/#breadcrumb","itemListElement":[{"@type":"ListItem","position":1,"name":"Portada","item":"http:\/\/cuartetoenlaweb.com.ar\/sitio\/"},{"@type":"ListItem","position":2,"name":"Empleadas dom\u00e9sticas: se convoca a la Comisi\u00f3n para debatir incrementos salariales"}]},{"@type":"WebSite","@id":"http:\/\/cuartetoenlaweb.com.ar\/sitio\/#website","url":"http:\/\/cuartetoenlaweb.com.ar\/sitio\/","name":"Cuarteto en la Web","description":"","publisher":{"@id":"http:\/\/cuartetoenlaweb.com.ar\/sitio\/#organization"},"potentialAction":[{"@type":"SearchAction","target":{"@type":"EntryPoint","urlTemplate":"http:\/\/cuartetoenlaweb.com.ar\/sitio\/?s={search_term_string}"},"query-input":{"@type":"PropertyValueSpecification","valueRequired":true,"valueName":"search_term_string"}}],"inLanguage":"es"},{"@type":"Organization","@id":"http:\/\/cuartetoenlaweb.com.ar\/sitio\/#organization","name":"Cuarteto en la Web","url":"http:\/\/cuartetoenlaweb.com.ar\/sitio\/","logo":{"@type":"ImageObject","inLanguage":"es","@id":"http:\/\/cuartetoenlaweb.com.ar\/sitio\/#\/schema\/logo\/image\/","url":"https:\/\/cuartetoenlaweb.com.ar\/sitio\/wp-content\/uploads\/2025\/07\/cropped-cropped-logitoweb21.png","contentUrl":"https:\/\/cuartetoenlaweb.com.ar\/sitio\/wp-content\/uploads\/2025\/07\/cropped-cropped-logitoweb21.png","width":199,"height":199,"caption":"Cuarteto en la Web"},"image":{"@id":"http:\/\/cuartetoenlaweb.com.ar\/sitio\/#\/schema\/logo\/image\/"}}]}},"_links":{"self":[{"href":"https:\/\/cuartetoenlaweb.com.ar\/sitio\/wp-json\/wp\/v2\/posts\/19536","targetHints":{"allow":["GET"]}}],"collection":[{"href":"https:\/\/cuartetoenlaweb.com.ar\/sitio\/wp-json\/wp\/v2\/posts"}],"about":[{"href":"https:\/\/cuartetoenlaweb.com.ar\/sitio\/wp-json\/wp\/v2\/types\/post"}],"replies":[{"embeddable":true,"href":"https:\/\/cuartetoenlaweb.com.ar\/sitio\/wp-json\/wp\/v2\/comments?post=19536"}],"version-history":[{"count":0,"href":"https:\/\/cuartetoenlaweb.com.ar\/sitio\/wp-json\/wp\/v2\/posts\/19536\/revisions"}],"wp:featuredmedia":[{"embeddable":true,"href":"https:\/\/cuartetoenlaweb.com.ar\/sitio\/wp-json\/wp\/v2\/media\/19537"}],"wp:attachment":[{"href":"https:\/\/cuartetoenlaweb.com.ar\/sitio\/wp-json\/wp\/v2\/media?parent=19536"}],"wp:term":[{"taxonomy":"category","embeddable":true,"href":"https:\/\/cuartetoenlaweb.com.ar\/sitio\/wp-json\/wp\/v2\/categories?post=19536"},{"taxonomy":"post_tag","embeddable":true,"href":"https:\/\/cuartetoenlaweb.com.ar\/sitio\/wp-json\/wp\/v2\/tags?post=19536"}],"curies":[{"name":"wp","href":"https:\/\/api.w.org\/{rel}","templated":true}]}}