
{"id":19532,"date":"2026-05-01T10:00:20","date_gmt":"2026-05-01T13:00:20","guid":{"rendered":"https:\/\/cuartetoenlaweb.com.ar\/sitio\/los-padres-de-luna-la-nina-de-6-anos-fallecida-en-un-accidente-escolar-donaron-sus-organos\/"},"modified":"2026-05-01T10:00:20","modified_gmt":"2026-05-01T13:00:20","slug":"los-padres-de-luna-la-nina-de-6-anos-fallecida-en-un-accidente-escolar-donaron-sus-organos","status":"publish","type":"post","link":"https:\/\/cuartetoenlaweb.com.ar\/sitio\/los-padres-de-luna-la-nina-de-6-anos-fallecida-en-un-accidente-escolar-donaron-sus-organos\/","title":{"rendered":"Los padres de Luna, la ni\u00f1a de 6 a\u00f1os fallecida en un accidente escolar, donaron sus \u00f3rganos"},"content":{"rendered":"<div class=\"postie-post\">\n<div>     En un acto conmovedor, los padres de Luna Miqueo Cuello, la peque\u00f1a de 6 a\u00f1os que perdi\u00f3 la vida en un tr\u00e1gico accidente durante el recreo en una escuela de Rosario, han decidido donar sus \u00f3rganos. &#8220;Quiero que se la recuerde por su vida, no por su final. Donar es multiplicar el amor&#8221;, manifest\u00f3 Ricardo Miqueo, el padre de la ni\u00f1a, en una emotiva publicaci\u00f3n en Facebook.<\/p>\n<p>El tr\u00e1gico evento ocurri\u00f3 el viernes por la tarde, cuando Luna se cay\u00f3 en la Escuela N\u00b0 117 Islas Malvinas, donde estaba en primer grado, golpe\u00e1ndose la cabeza contra un banco de cemento. <\/p>\n<p>De acuerdo con las autoridades policiales, el establecimiento educativo inform\u00f3 que, alrededor de las 14.30, la ni\u00f1a se hab\u00eda tropezado debido a sus cordones desatados, aunque la familia rechaz\u00f3 esta versi\u00f3n. <\/p>\n<p>&#8220;Cuando yo llegu\u00e9, la encontr\u00e9 a mi hija tirada en el piso, toda ensangrentada, boca de costado y orinada. Yo trabajo de seguridad en un sanatorio y sab\u00e9s las veces que me ha llegado gente as\u00ed, es cuando te da un infarto, entonces me agarr\u00f3 la desesperaci\u00f3n&#8221;, relat\u00f3 el padre de la ni\u00f1a. <\/p>\n<p>Luna, quien cumpli\u00f3 6 a\u00f1os el 15 de marzo, naci\u00f3 al inicio de la pandemia por COVID-19 y era hija de Ricardo Miqueo (43) y Danisa Cuello (38), quienes adem\u00e1s son padres de un beb\u00e9 que se acerca a los seis meses. <\/p>\n<p>&#8220;Solamente escuch\u00e9 un rumor de que los cordones los ten\u00eda desatados. La agarr\u00e9 en la camilla y los cordones estaban tal cual yo se los at\u00e9, porque siempre se los ataba con doble nudo&#8221;, precis\u00f3 Miqueo, indign\u00e1ndose ante la hip\u00f3tesis que se culpaba a su hija de haber tropezado. <\/p>\n<p>El padre, que pens\u00f3 que se trataba de un incidente leve cuando recibi\u00f3 la llamada, fue informado de que Luna se hab\u00eda golpeado, sangraba por la nariz y ten\u00eda &#8220;un rasp\u00f3n&#8221;. <\/p>\n<p>Fuentes judiciales confirmaron que la causa de muerte fue un traumatismo de cr\u00e1neo, y la Fiscal\u00eda General de Rosario decidi\u00f3 no practicar una autopsia. <\/p>\n<p>Eduardo Cas\u00edn, director del Hospital de Ni\u00f1os V\u00edctor J. Vilela, inform\u00f3 que la ni\u00f1a sufri\u00f3 una broncoaspiraci\u00f3n en la ambulancia y destac\u00f3 la importancia de la ablaci\u00f3n de sus \u00f3rganos (ri\u00f1ones, c\u00f3rneas y v\u00e1lvulas card\u00edacas) como un &#8220;acto de inmensa solidaridad&#8221;. <\/p>\n<p>Luna falleci\u00f3 el domingo y, como muestra de duelo, la escuela suspendi\u00f3 las clases el lunes. <\/p>\n<p>En su publicaci\u00f3n en Facebook, Miqueo comparti\u00f3 su recuerdo de Luna: &#8220;Mi hija Luna era una ni\u00f1a profundamente alegre, ocurrente y llena de amor. Ten\u00eda una forma \u00fanica de mirar el mundo, con una dulzura y una generosidad que se sent\u00edan en cada lugar al que iba. Le encantaba jugar, re\u00edr, compartir, y ten\u00eda esa capacidad tan especial de hacer sentir bien a los dem\u00e1s&#8221;. <\/p>\n<p>El padre continu\u00f3: &#8220;Desde muy chiquita, a sus 2 a\u00f1os, comenz\u00f3 el jard\u00edn, la colonia y distintas actividades. En cada uno de esos espacios dej\u00f3 una huella. No s\u00f3lo por su energ\u00eda y su alegr\u00eda, sino tambi\u00e9n por su forma de vincularse, por su cari\u00f1o sincero y su manera de incluir a todos&#8221;. <\/p>\n<\/div>\n<\/div>\n","protected":false},"excerpt":{"rendered":"<p>En un acto conmovedor, los padres de Luna Miqueo Cuello,<\/p>\n","protected":false},"author":0,"featured_media":19533,"comment_status":"","ping_status":"","sticky":false,"template":"","format":"standard","meta":{"footnotes":""},"categories":[65],"tags":[],"class_list":["post-19532","post","type-post","status-publish","format-standard","has-post-thumbnail","hentry","category-pais"],"yoast_head":"<!-- This site is optimized with the Yoast SEO plugin v27.5 - https:\/\/yoast.com\/product\/yoast-seo-wordpress\/ -->\n<title>Los padres de Luna, la ni\u00f1a de 6 a\u00f1os fallecida en un accidente escolar, donaron sus \u00f3rganos - Cuarteto en la Web<\/title>\n<meta name=\"robots\" content=\"index, follow, max-snippet:-1, max-image-preview:large, max-video-preview:-1\" \/>\n<link rel=\"canonical\" href=\"https:\/\/cuartetoenlaweb.com.ar\/sitio\/los-padres-de-luna-la-nina-de-6-anos-fallecida-en-un-accidente-escolar-donaron-sus-organos\/\" \/>\n<meta property=\"og:locale\" content=\"es_ES\" \/>\n<meta property=\"og:type\" content=\"article\" \/>\n<meta property=\"og:title\" content=\"Los padres de Luna, la ni\u00f1a de 6 a\u00f1os fallecida en un accidente escolar, donaron sus \u00f3rganos - Cuarteto en la Web\" \/>\n<meta property=\"og:description\" content=\"En un acto conmovedor, los padres de Luna Miqueo Cuello,\" \/>\n<meta property=\"og:url\" content=\"https:\/\/cuartetoenlaweb.com.ar\/sitio\/los-padres-de-luna-la-nina-de-6-anos-fallecida-en-un-accidente-escolar-donaron-sus-organos\/\" \/>\n<meta property=\"og:site_name\" content=\"Cuarteto en la Web\" \/>\n<meta property=\"article:published_time\" content=\"2026-05-01T13:00:20+00:00\" \/>\n<meta name=\"twitter:card\" content=\"summary_large_image\" \/>\n<meta name=\"twitter:label1\" content=\"Tiempo de lectura\" \/>\n\t<meta name=\"twitter:data1\" content=\"3 minutos\" \/>\n<script type=\"application\/ld+json\" class=\"yoast-schema-graph\">{\"@context\":\"https:\\\/\\\/schema.org\",\"@graph\":[{\"@type\":\"Article\",\"@id\":\"https:\\\/\\\/cuartetoenlaweb.com.ar\\\/sitio\\\/los-padres-de-luna-la-nina-de-6-anos-fallecida-en-un-accidente-escolar-donaron-sus-organos\\\/#article\",\"isPartOf\":{\"@id\":\"https:\\\/\\\/cuartetoenlaweb.com.ar\\\/sitio\\\/los-padres-de-luna-la-nina-de-6-anos-fallecida-en-un-accidente-escolar-donaron-sus-organos\\\/\"},\"author\":{\"name\":\"\",\"@id\":\"\"},\"headline\":\"Los padres de Luna, la ni\u00f1a de 6 a\u00f1os fallecida en un accidente escolar, donaron sus \u00f3rganos\",\"datePublished\":\"2026-05-01T13:00:20+00:00\",\"mainEntityOfPage\":{\"@id\":\"https:\\\/\\\/cuartetoenlaweb.com.ar\\\/sitio\\\/los-padres-de-luna-la-nina-de-6-anos-fallecida-en-un-accidente-escolar-donaron-sus-organos\\\/\"},\"wordCount\":562,\"publisher\":{\"@id\":\"http:\\\/\\\/cuartetoenlaweb.com.ar\\\/sitio\\\/#organization\"},\"image\":{\"@id\":\"https:\\\/\\\/cuartetoenlaweb.com.ar\\\/sitio\\\/los-padres-de-luna-la-nina-de-6-anos-fallecida-en-un-accidente-escolar-donaron-sus-organos\\\/#primaryimage\"},\"thumbnailUrl\":\"https:\\\/\\\/cuartetoenlaweb.com.ar\\\/sitio\\\/wp-content\\\/uploads\\\/2026\\\/05\\\/portadax-6.png\",\"articleSection\":[\"PAIS\"],\"inLanguage\":\"es\"},{\"@type\":\"WebPage\",\"@id\":\"https:\\\/\\\/cuartetoenlaweb.com.ar\\\/sitio\\\/los-padres-de-luna-la-nina-de-6-anos-fallecida-en-un-accidente-escolar-donaron-sus-organos\\\/\",\"url\":\"https:\\\/\\\/cuartetoenlaweb.com.ar\\\/sitio\\\/los-padres-de-luna-la-nina-de-6-anos-fallecida-en-un-accidente-escolar-donaron-sus-organos\\\/\",\"name\":\"Los padres de Luna, la ni\u00f1a de 6 a\u00f1os fallecida en un accidente escolar, donaron sus \u00f3rganos - Cuarteto en la Web\",\"isPartOf\":{\"@id\":\"http:\\\/\\\/cuartetoenlaweb.com.ar\\\/sitio\\\/#website\"},\"primaryImageOfPage\":{\"@id\":\"https:\\\/\\\/cuartetoenlaweb.com.ar\\\/sitio\\\/los-padres-de-luna-la-nina-de-6-anos-fallecida-en-un-accidente-escolar-donaron-sus-organos\\\/#primaryimage\"},\"image\":{\"@id\":\"https:\\\/\\\/cuartetoenlaweb.com.ar\\\/sitio\\\/los-padres-de-luna-la-nina-de-6-anos-fallecida-en-un-accidente-escolar-donaron-sus-organos\\\/#primaryimage\"},\"thumbnailUrl\":\"https:\\\/\\\/cuartetoenlaweb.com.ar\\\/sitio\\\/wp-content\\\/uploads\\\/2026\\\/05\\\/portadax-6.png\",\"datePublished\":\"2026-05-01T13:00:20+00:00\",\"breadcrumb\":{\"@id\":\"https:\\\/\\\/cuartetoenlaweb.com.ar\\\/sitio\\\/los-padres-de-luna-la-nina-de-6-anos-fallecida-en-un-accidente-escolar-donaron-sus-organos\\\/#breadcrumb\"},\"inLanguage\":\"es\",\"potentialAction\":[{\"@type\":\"ReadAction\",\"target\":[\"https:\\\/\\\/cuartetoenlaweb.com.ar\\\/sitio\\\/los-padres-de-luna-la-nina-de-6-anos-fallecida-en-un-accidente-escolar-donaron-sus-organos\\\/\"]}]},{\"@type\":\"ImageObject\",\"inLanguage\":\"es\",\"@id\":\"https:\\\/\\\/cuartetoenlaweb.com.ar\\\/sitio\\\/los-padres-de-luna-la-nina-de-6-anos-fallecida-en-un-accidente-escolar-donaron-sus-organos\\\/#primaryimage\",\"url\":\"https:\\\/\\\/cuartetoenlaweb.com.ar\\\/sitio\\\/wp-content\\\/uploads\\\/2026\\\/05\\\/portadax-6.png\",\"contentUrl\":\"https:\\\/\\\/cuartetoenlaweb.com.ar\\\/sitio\\\/wp-content\\\/uploads\\\/2026\\\/05\\\/portadax-6.png\",\"width\":1366,\"height\":768},{\"@type\":\"BreadcrumbList\",\"@id\":\"https:\\\/\\\/cuartetoenlaweb.com.ar\\\/sitio\\\/los-padres-de-luna-la-nina-de-6-anos-fallecida-en-un-accidente-escolar-donaron-sus-organos\\\/#breadcrumb\",\"itemListElement\":[{\"@type\":\"ListItem\",\"position\":1,\"name\":\"Portada\",\"item\":\"http:\\\/\\\/cuartetoenlaweb.com.ar\\\/sitio\\\/\"},{\"@type\":\"ListItem\",\"position\":2,\"name\":\"Los padres de Luna, la ni\u00f1a de 6 a\u00f1os fallecida en un accidente escolar, donaron sus \u00f3rganos\"}]},{\"@type\":\"WebSite\",\"@id\":\"http:\\\/\\\/cuartetoenlaweb.com.ar\\\/sitio\\\/#website\",\"url\":\"http:\\\/\\\/cuartetoenlaweb.com.ar\\\/sitio\\\/\",\"name\":\"Cuarteto en la Web\",\"description\":\"\",\"publisher\":{\"@id\":\"http:\\\/\\\/cuartetoenlaweb.com.ar\\\/sitio\\\/#organization\"},\"potentialAction\":[{\"@type\":\"SearchAction\",\"target\":{\"@type\":\"EntryPoint\",\"urlTemplate\":\"http:\\\/\\\/cuartetoenlaweb.com.ar\\\/sitio\\\/?s={search_term_string}\"},\"query-input\":{\"@type\":\"PropertyValueSpecification\",\"valueRequired\":true,\"valueName\":\"search_term_string\"}}],\"inLanguage\":\"es\"},{\"@type\":\"Organization\",\"@id\":\"http:\\\/\\\/cuartetoenlaweb.com.ar\\\/sitio\\\/#organization\",\"name\":\"Cuarteto en la Web\",\"url\":\"http:\\\/\\\/cuartetoenlaweb.com.ar\\\/sitio\\\/\",\"logo\":{\"@type\":\"ImageObject\",\"inLanguage\":\"es\",\"@id\":\"http:\\\/\\\/cuartetoenlaweb.com.ar\\\/sitio\\\/#\\\/schema\\\/logo\\\/image\\\/\",\"url\":\"https:\\\/\\\/cuartetoenlaweb.com.ar\\\/sitio\\\/wp-content\\\/uploads\\\/2025\\\/07\\\/cropped-cropped-logitoweb21.png\",\"contentUrl\":\"https:\\\/\\\/cuartetoenlaweb.com.ar\\\/sitio\\\/wp-content\\\/uploads\\\/2025\\\/07\\\/cropped-cropped-logitoweb21.png\",\"width\":199,\"height\":199,\"caption\":\"Cuarteto en la Web\"},\"image\":{\"@id\":\"http:\\\/\\\/cuartetoenlaweb.com.ar\\\/sitio\\\/#\\\/schema\\\/logo\\\/image\\\/\"}}]}<\/script>\n<!-- \/ Yoast SEO plugin. -->","yoast_head_json":{"title":"Los padres de Luna, la ni\u00f1a de 6 a\u00f1os fallecida en un accidente escolar, donaron sus \u00f3rganos - Cuarteto en la Web","robots":{"index":"index","follow":"follow","max-snippet":"max-snippet:-1","max-image-preview":"max-image-preview:large","max-video-preview":"max-video-preview:-1"},"canonical":"https:\/\/cuartetoenlaweb.com.ar\/sitio\/los-padres-de-luna-la-nina-de-6-anos-fallecida-en-un-accidente-escolar-donaron-sus-organos\/","og_locale":"es_ES","og_type":"article","og_title":"Los padres de Luna, la ni\u00f1a de 6 a\u00f1os fallecida en un accidente escolar, donaron sus \u00f3rganos - Cuarteto en la Web","og_description":"En un acto conmovedor, los padres de Luna Miqueo Cuello,","og_url":"https:\/\/cuartetoenlaweb.com.ar\/sitio\/los-padres-de-luna-la-nina-de-6-anos-fallecida-en-un-accidente-escolar-donaron-sus-organos\/","og_site_name":"Cuarteto en la Web","article_published_time":"2026-05-01T13:00:20+00:00","twitter_card":"summary_large_image","twitter_misc":{"Tiempo de lectura":"3 minutos"},"schema":{"@context":"https:\/\/schema.org","@graph":[{"@type":"Article","@id":"https:\/\/cuartetoenlaweb.com.ar\/sitio\/los-padres-de-luna-la-nina-de-6-anos-fallecida-en-un-accidente-escolar-donaron-sus-organos\/#article","isPartOf":{"@id":"https:\/\/cuartetoenlaweb.com.ar\/sitio\/los-padres-de-luna-la-nina-de-6-anos-fallecida-en-un-accidente-escolar-donaron-sus-organos\/"},"author":{"name":"","@id":""},"headline":"Los padres de Luna, la ni\u00f1a de 6 a\u00f1os fallecida en un accidente escolar, donaron sus \u00f3rganos","datePublished":"2026-05-01T13:00:20+00:00","mainEntityOfPage":{"@id":"https:\/\/cuartetoenlaweb.com.ar\/sitio\/los-padres-de-luna-la-nina-de-6-anos-fallecida-en-un-accidente-escolar-donaron-sus-organos\/"},"wordCount":562,"publisher":{"@id":"http:\/\/cuartetoenlaweb.com.ar\/sitio\/#organization"},"image":{"@id":"https:\/\/cuartetoenlaweb.com.ar\/sitio\/los-padres-de-luna-la-nina-de-6-anos-fallecida-en-un-accidente-escolar-donaron-sus-organos\/#primaryimage"},"thumbnailUrl":"https:\/\/cuartetoenlaweb.com.ar\/sitio\/wp-content\/uploads\/2026\/05\/portadax-6.png","articleSection":["PAIS"],"inLanguage":"es"},{"@type":"WebPage","@id":"https:\/\/cuartetoenlaweb.com.ar\/sitio\/los-padres-de-luna-la-nina-de-6-anos-fallecida-en-un-accidente-escolar-donaron-sus-organos\/","url":"https:\/\/cuartetoenlaweb.com.ar\/sitio\/los-padres-de-luna-la-nina-de-6-anos-fallecida-en-un-accidente-escolar-donaron-sus-organos\/","name":"Los padres de Luna, la ni\u00f1a de 6 a\u00f1os fallecida en un accidente escolar, donaron sus \u00f3rganos - Cuarteto en la Web","isPartOf":{"@id":"http:\/\/cuartetoenlaweb.com.ar\/sitio\/#website"},"primaryImageOfPage":{"@id":"https:\/\/cuartetoenlaweb.com.ar\/sitio\/los-padres-de-luna-la-nina-de-6-anos-fallecida-en-un-accidente-escolar-donaron-sus-organos\/#primaryimage"},"image":{"@id":"https:\/\/cuartetoenlaweb.com.ar\/sitio\/los-padres-de-luna-la-nina-de-6-anos-fallecida-en-un-accidente-escolar-donaron-sus-organos\/#primaryimage"},"thumbnailUrl":"https:\/\/cuartetoenlaweb.com.ar\/sitio\/wp-content\/uploads\/2026\/05\/portadax-6.png","datePublished":"2026-05-01T13:00:20+00:00","breadcrumb":{"@id":"https:\/\/cuartetoenlaweb.com.ar\/sitio\/los-padres-de-luna-la-nina-de-6-anos-fallecida-en-un-accidente-escolar-donaron-sus-organos\/#breadcrumb"},"inLanguage":"es","potentialAction":[{"@type":"ReadAction","target":["https:\/\/cuartetoenlaweb.com.ar\/sitio\/los-padres-de-luna-la-nina-de-6-anos-fallecida-en-un-accidente-escolar-donaron-sus-organos\/"]}]},{"@type":"ImageObject","inLanguage":"es","@id":"https:\/\/cuartetoenlaweb.com.ar\/sitio\/los-padres-de-luna-la-nina-de-6-anos-fallecida-en-un-accidente-escolar-donaron-sus-organos\/#primaryimage","url":"https:\/\/cuartetoenlaweb.com.ar\/sitio\/wp-content\/uploads\/2026\/05\/portadax-6.png","contentUrl":"https:\/\/cuartetoenlaweb.com.ar\/sitio\/wp-content\/uploads\/2026\/05\/portadax-6.png","width":1366,"height":768},{"@type":"BreadcrumbList","@id":"https:\/\/cuartetoenlaweb.com.ar\/sitio\/los-padres-de-luna-la-nina-de-6-anos-fallecida-en-un-accidente-escolar-donaron-sus-organos\/#breadcrumb","itemListElement":[{"@type":"ListItem","position":1,"name":"Portada","item":"http:\/\/cuartetoenlaweb.com.ar\/sitio\/"},{"@type":"ListItem","position":2,"name":"Los padres de Luna, la ni\u00f1a de 6 a\u00f1os fallecida en un accidente escolar, donaron sus \u00f3rganos"}]},{"@type":"WebSite","@id":"http:\/\/cuartetoenlaweb.com.ar\/sitio\/#website","url":"http:\/\/cuartetoenlaweb.com.ar\/sitio\/","name":"Cuarteto en la Web","description":"","publisher":{"@id":"http:\/\/cuartetoenlaweb.com.ar\/sitio\/#organization"},"potentialAction":[{"@type":"SearchAction","target":{"@type":"EntryPoint","urlTemplate":"http:\/\/cuartetoenlaweb.com.ar\/sitio\/?s={search_term_string}"},"query-input":{"@type":"PropertyValueSpecification","valueRequired":true,"valueName":"search_term_string"}}],"inLanguage":"es"},{"@type":"Organization","@id":"http:\/\/cuartetoenlaweb.com.ar\/sitio\/#organization","name":"Cuarteto en la Web","url":"http:\/\/cuartetoenlaweb.com.ar\/sitio\/","logo":{"@type":"ImageObject","inLanguage":"es","@id":"http:\/\/cuartetoenlaweb.com.ar\/sitio\/#\/schema\/logo\/image\/","url":"https:\/\/cuartetoenlaweb.com.ar\/sitio\/wp-content\/uploads\/2025\/07\/cropped-cropped-logitoweb21.png","contentUrl":"https:\/\/cuartetoenlaweb.com.ar\/sitio\/wp-content\/uploads\/2025\/07\/cropped-cropped-logitoweb21.png","width":199,"height":199,"caption":"Cuarteto en la Web"},"image":{"@id":"http:\/\/cuartetoenlaweb.com.ar\/sitio\/#\/schema\/logo\/image\/"}}]}},"_links":{"self":[{"href":"https:\/\/cuartetoenlaweb.com.ar\/sitio\/wp-json\/wp\/v2\/posts\/19532","targetHints":{"allow":["GET"]}}],"collection":[{"href":"https:\/\/cuartetoenlaweb.com.ar\/sitio\/wp-json\/wp\/v2\/posts"}],"about":[{"href":"https:\/\/cuartetoenlaweb.com.ar\/sitio\/wp-json\/wp\/v2\/types\/post"}],"replies":[{"embeddable":true,"href":"https:\/\/cuartetoenlaweb.com.ar\/sitio\/wp-json\/wp\/v2\/comments?post=19532"}],"version-history":[{"count":0,"href":"https:\/\/cuartetoenlaweb.com.ar\/sitio\/wp-json\/wp\/v2\/posts\/19532\/revisions"}],"wp:featuredmedia":[{"embeddable":true,"href":"https:\/\/cuartetoenlaweb.com.ar\/sitio\/wp-json\/wp\/v2\/media\/19533"}],"wp:attachment":[{"href":"https:\/\/cuartetoenlaweb.com.ar\/sitio\/wp-json\/wp\/v2\/media?parent=19532"}],"wp:term":[{"taxonomy":"category","embeddable":true,"href":"https:\/\/cuartetoenlaweb.com.ar\/sitio\/wp-json\/wp\/v2\/categories?post=19532"},{"taxonomy":"post_tag","embeddable":true,"href":"https:\/\/cuartetoenlaweb.com.ar\/sitio\/wp-json\/wp\/v2\/tags?post=19532"}],"curies":[{"name":"wp","href":"https:\/\/api.w.org\/{rel}","templated":true}]}}