
{"id":19502,"date":"2026-05-01T05:00:55","date_gmt":"2026-05-01T08:00:55","guid":{"rendered":"https:\/\/cuartetoenlaweb.com.ar\/sitio\/triple-femicidio-en-florencio-varela-el-lunes-extraditan-a-pequeno-j\/"},"modified":"2026-05-01T05:00:55","modified_gmt":"2026-05-01T08:00:55","slug":"triple-femicidio-en-florencio-varela-el-lunes-extraditan-a-pequeno-j","status":"publish","type":"post","link":"https:\/\/cuartetoenlaweb.com.ar\/sitio\/triple-femicidio-en-florencio-varela-el-lunes-extraditan-a-pequeno-j\/","title":{"rendered":"Triple femicidio en Florencio Varela: el lunes extraditan a &quot;Peque\u00f1o J&quot;"},"content":{"rendered":"<p>El proceso judicial por el triple femicidio ocurrido en Florencio Varela sumar\u00e1 un cap\u00edtulo clave el pr\u00f3ximo lunes por la tarde con el arribo al pa\u00eds de \u201cPeque\u00f1o J\u201d, seg\u00fan confirmaron a la Agencia Noticias Argentinas.<\/p>\n<p>El acusado, que se encontraba detenido en Per\u00fa tras ser se\u00f1alado como uno de los principales responsables de la organizaci\u00f3n criminal vinculada al caso, ser\u00e1 trasladado bajo un estricto operativo de seguridad para responder ante las autoridades locales por su presunta participaci\u00f3n en el violento episodio que conmocion\u00f3 a la zona sur del conurbano.<\/p>\n<p>Tony Janzen Valverde Victoriano, alias \u201cPeque\u00f1o J\u201d, fue capturado meses atr\u00e1s en territorio peruano y su extradici\u00f3n ingres\u00f3 en la etapa final luego de que ese pa\u00eds notificara formalmente su disponibilidad para el traslado a la Argentina. Su llegada permitir\u00e1 avanzar con nuevas instancias judiciales en una causa que investiga un entramado narco detr\u00e1s del asesinato de Lara Guti\u00e9rrez, Brenda del Castillo y Morena Verdi.<\/p>\n<p>Las familias de las v\u00edctimas esperan que la presencia del acusado en el pa\u00eds acelere el proceso judicial y reclaman la pena m\u00e1xima para todos los involucrados en uno de los casos criminales m\u00e1s impactantes de los \u00faltimos a\u00f1os.<\/p><\/p>\n","protected":false},"excerpt":{"rendered":"<p>El proceso judicial por el triple femicidio ocurrido en Florencio<\/p>\n","protected":false},"author":0,"featured_media":19503,"comment_status":"","ping_status":"","sticky":false,"template":"","format":"standard","meta":{"footnotes":""},"categories":[65],"tags":[],"class_list":["post-19502","post","type-post","status-publish","format-standard","has-post-thumbnail","hentry","category-pais"],"yoast_head":"<!-- This site is optimized with the Yoast SEO plugin v27.5 - https:\/\/yoast.com\/product\/yoast-seo-wordpress\/ -->\n<title>Triple femicidio en Florencio Varela: el lunes extraditan a &quot;Peque\u00f1o J&quot; - Cuarteto en la Web<\/title>\n<meta name=\"robots\" content=\"index, follow, max-snippet:-1, max-image-preview:large, max-video-preview:-1\" \/>\n<link rel=\"canonical\" href=\"https:\/\/cuartetoenlaweb.com.ar\/sitio\/triple-femicidio-en-florencio-varela-el-lunes-extraditan-a-pequeno-j\/\" \/>\n<meta property=\"og:locale\" content=\"es_ES\" \/>\n<meta property=\"og:type\" content=\"article\" \/>\n<meta property=\"og:title\" content=\"Triple femicidio en Florencio Varela: el lunes extraditan a &quot;Peque\u00f1o J&quot; - Cuarteto en la Web\" \/>\n<meta property=\"og:description\" content=\"El proceso judicial por el triple femicidio ocurrido en Florencio\" \/>\n<meta property=\"og:url\" content=\"https:\/\/cuartetoenlaweb.com.ar\/sitio\/triple-femicidio-en-florencio-varela-el-lunes-extraditan-a-pequeno-j\/\" \/>\n<meta property=\"og:site_name\" content=\"Cuarteto en la Web\" \/>\n<meta property=\"article:published_time\" content=\"2026-05-01T08:00:55+00:00\" \/>\n<meta name=\"twitter:card\" content=\"summary_large_image\" \/>\n<meta name=\"twitter:label1\" content=\"Tiempo de lectura\" \/>\n\t<meta name=\"twitter:data1\" content=\"1 minuto\" \/>\n<script type=\"application\/ld+json\" class=\"yoast-schema-graph\">{\"@context\":\"https:\\\/\\\/schema.org\",\"@graph\":[{\"@type\":\"Article\",\"@id\":\"https:\\\/\\\/cuartetoenlaweb.com.ar\\\/sitio\\\/triple-femicidio-en-florencio-varela-el-lunes-extraditan-a-pequeno-j\\\/#article\",\"isPartOf\":{\"@id\":\"https:\\\/\\\/cuartetoenlaweb.com.ar\\\/sitio\\\/triple-femicidio-en-florencio-varela-el-lunes-extraditan-a-pequeno-j\\\/\"},\"author\":{\"name\":\"\",\"@id\":\"\"},\"headline\":\"Triple femicidio en Florencio Varela: el lunes extraditan a &quot;Peque\u00f1o J&quot;\",\"datePublished\":\"2026-05-01T08:00:55+00:00\",\"mainEntityOfPage\":{\"@id\":\"https:\\\/\\\/cuartetoenlaweb.com.ar\\\/sitio\\\/triple-femicidio-en-florencio-varela-el-lunes-extraditan-a-pequeno-j\\\/\"},\"wordCount\":227,\"publisher\":{\"@id\":\"http:\\\/\\\/cuartetoenlaweb.com.ar\\\/sitio\\\/#organization\"},\"image\":{\"@id\":\"https:\\\/\\\/cuartetoenlaweb.com.ar\\\/sitio\\\/triple-femicidio-en-florencio-varela-el-lunes-extraditan-a-pequeno-j\\\/#primaryimage\"},\"thumbnailUrl\":\"https:\\\/\\\/cuartetoenlaweb.com.ar\\\/sitio\\\/wp-content\\\/uploads\\\/2026\\\/05\\\/portadax-4.png\",\"articleSection\":[\"PAIS\"],\"inLanguage\":\"es\"},{\"@type\":\"WebPage\",\"@id\":\"https:\\\/\\\/cuartetoenlaweb.com.ar\\\/sitio\\\/triple-femicidio-en-florencio-varela-el-lunes-extraditan-a-pequeno-j\\\/\",\"url\":\"https:\\\/\\\/cuartetoenlaweb.com.ar\\\/sitio\\\/triple-femicidio-en-florencio-varela-el-lunes-extraditan-a-pequeno-j\\\/\",\"name\":\"Triple femicidio en Florencio Varela: el lunes extraditan a &quot;Peque\u00f1o J&quot; - Cuarteto en la Web\",\"isPartOf\":{\"@id\":\"http:\\\/\\\/cuartetoenlaweb.com.ar\\\/sitio\\\/#website\"},\"primaryImageOfPage\":{\"@id\":\"https:\\\/\\\/cuartetoenlaweb.com.ar\\\/sitio\\\/triple-femicidio-en-florencio-varela-el-lunes-extraditan-a-pequeno-j\\\/#primaryimage\"},\"image\":{\"@id\":\"https:\\\/\\\/cuartetoenlaweb.com.ar\\\/sitio\\\/triple-femicidio-en-florencio-varela-el-lunes-extraditan-a-pequeno-j\\\/#primaryimage\"},\"thumbnailUrl\":\"https:\\\/\\\/cuartetoenlaweb.com.ar\\\/sitio\\\/wp-content\\\/uploads\\\/2026\\\/05\\\/portadax-4.png\",\"datePublished\":\"2026-05-01T08:00:55+00:00\",\"breadcrumb\":{\"@id\":\"https:\\\/\\\/cuartetoenlaweb.com.ar\\\/sitio\\\/triple-femicidio-en-florencio-varela-el-lunes-extraditan-a-pequeno-j\\\/#breadcrumb\"},\"inLanguage\":\"es\",\"potentialAction\":[{\"@type\":\"ReadAction\",\"target\":[\"https:\\\/\\\/cuartetoenlaweb.com.ar\\\/sitio\\\/triple-femicidio-en-florencio-varela-el-lunes-extraditan-a-pequeno-j\\\/\"]}]},{\"@type\":\"ImageObject\",\"inLanguage\":\"es\",\"@id\":\"https:\\\/\\\/cuartetoenlaweb.com.ar\\\/sitio\\\/triple-femicidio-en-florencio-varela-el-lunes-extraditan-a-pequeno-j\\\/#primaryimage\",\"url\":\"https:\\\/\\\/cuartetoenlaweb.com.ar\\\/sitio\\\/wp-content\\\/uploads\\\/2026\\\/05\\\/portadax-4.png\",\"contentUrl\":\"https:\\\/\\\/cuartetoenlaweb.com.ar\\\/sitio\\\/wp-content\\\/uploads\\\/2026\\\/05\\\/portadax-4.png\",\"width\":1366,\"height\":768},{\"@type\":\"BreadcrumbList\",\"@id\":\"https:\\\/\\\/cuartetoenlaweb.com.ar\\\/sitio\\\/triple-femicidio-en-florencio-varela-el-lunes-extraditan-a-pequeno-j\\\/#breadcrumb\",\"itemListElement\":[{\"@type\":\"ListItem\",\"position\":1,\"name\":\"Portada\",\"item\":\"http:\\\/\\\/cuartetoenlaweb.com.ar\\\/sitio\\\/\"},{\"@type\":\"ListItem\",\"position\":2,\"name\":\"Triple femicidio en Florencio Varela: el lunes extraditan a &quot;Peque\u00f1o J&quot;\"}]},{\"@type\":\"WebSite\",\"@id\":\"http:\\\/\\\/cuartetoenlaweb.com.ar\\\/sitio\\\/#website\",\"url\":\"http:\\\/\\\/cuartetoenlaweb.com.ar\\\/sitio\\\/\",\"name\":\"Cuarteto en la Web\",\"description\":\"\",\"publisher\":{\"@id\":\"http:\\\/\\\/cuartetoenlaweb.com.ar\\\/sitio\\\/#organization\"},\"potentialAction\":[{\"@type\":\"SearchAction\",\"target\":{\"@type\":\"EntryPoint\",\"urlTemplate\":\"http:\\\/\\\/cuartetoenlaweb.com.ar\\\/sitio\\\/?s={search_term_string}\"},\"query-input\":{\"@type\":\"PropertyValueSpecification\",\"valueRequired\":true,\"valueName\":\"search_term_string\"}}],\"inLanguage\":\"es\"},{\"@type\":\"Organization\",\"@id\":\"http:\\\/\\\/cuartetoenlaweb.com.ar\\\/sitio\\\/#organization\",\"name\":\"Cuarteto en la Web\",\"url\":\"http:\\\/\\\/cuartetoenlaweb.com.ar\\\/sitio\\\/\",\"logo\":{\"@type\":\"ImageObject\",\"inLanguage\":\"es\",\"@id\":\"http:\\\/\\\/cuartetoenlaweb.com.ar\\\/sitio\\\/#\\\/schema\\\/logo\\\/image\\\/\",\"url\":\"https:\\\/\\\/cuartetoenlaweb.com.ar\\\/sitio\\\/wp-content\\\/uploads\\\/2025\\\/07\\\/cropped-cropped-logitoweb21.png\",\"contentUrl\":\"https:\\\/\\\/cuartetoenlaweb.com.ar\\\/sitio\\\/wp-content\\\/uploads\\\/2025\\\/07\\\/cropped-cropped-logitoweb21.png\",\"width\":199,\"height\":199,\"caption\":\"Cuarteto en la Web\"},\"image\":{\"@id\":\"http:\\\/\\\/cuartetoenlaweb.com.ar\\\/sitio\\\/#\\\/schema\\\/logo\\\/image\\\/\"}}]}<\/script>\n<!-- \/ Yoast SEO plugin. -->","yoast_head_json":{"title":"Triple femicidio en Florencio Varela: el lunes extraditan a &quot;Peque\u00f1o J&quot; - Cuarteto en la Web","robots":{"index":"index","follow":"follow","max-snippet":"max-snippet:-1","max-image-preview":"max-image-preview:large","max-video-preview":"max-video-preview:-1"},"canonical":"https:\/\/cuartetoenlaweb.com.ar\/sitio\/triple-femicidio-en-florencio-varela-el-lunes-extraditan-a-pequeno-j\/","og_locale":"es_ES","og_type":"article","og_title":"Triple femicidio en Florencio Varela: el lunes extraditan a &quot;Peque\u00f1o J&quot; - Cuarteto en la Web","og_description":"El proceso judicial por el triple femicidio ocurrido en Florencio","og_url":"https:\/\/cuartetoenlaweb.com.ar\/sitio\/triple-femicidio-en-florencio-varela-el-lunes-extraditan-a-pequeno-j\/","og_site_name":"Cuarteto en la Web","article_published_time":"2026-05-01T08:00:55+00:00","twitter_card":"summary_large_image","twitter_misc":{"Tiempo de lectura":"1 minuto"},"schema":{"@context":"https:\/\/schema.org","@graph":[{"@type":"Article","@id":"https:\/\/cuartetoenlaweb.com.ar\/sitio\/triple-femicidio-en-florencio-varela-el-lunes-extraditan-a-pequeno-j\/#article","isPartOf":{"@id":"https:\/\/cuartetoenlaweb.com.ar\/sitio\/triple-femicidio-en-florencio-varela-el-lunes-extraditan-a-pequeno-j\/"},"author":{"name":"","@id":""},"headline":"Triple femicidio en Florencio Varela: el lunes extraditan a &quot;Peque\u00f1o J&quot;","datePublished":"2026-05-01T08:00:55+00:00","mainEntityOfPage":{"@id":"https:\/\/cuartetoenlaweb.com.ar\/sitio\/triple-femicidio-en-florencio-varela-el-lunes-extraditan-a-pequeno-j\/"},"wordCount":227,"publisher":{"@id":"http:\/\/cuartetoenlaweb.com.ar\/sitio\/#organization"},"image":{"@id":"https:\/\/cuartetoenlaweb.com.ar\/sitio\/triple-femicidio-en-florencio-varela-el-lunes-extraditan-a-pequeno-j\/#primaryimage"},"thumbnailUrl":"https:\/\/cuartetoenlaweb.com.ar\/sitio\/wp-content\/uploads\/2026\/05\/portadax-4.png","articleSection":["PAIS"],"inLanguage":"es"},{"@type":"WebPage","@id":"https:\/\/cuartetoenlaweb.com.ar\/sitio\/triple-femicidio-en-florencio-varela-el-lunes-extraditan-a-pequeno-j\/","url":"https:\/\/cuartetoenlaweb.com.ar\/sitio\/triple-femicidio-en-florencio-varela-el-lunes-extraditan-a-pequeno-j\/","name":"Triple femicidio en Florencio Varela: el lunes extraditan a &quot;Peque\u00f1o J&quot; - Cuarteto en la Web","isPartOf":{"@id":"http:\/\/cuartetoenlaweb.com.ar\/sitio\/#website"},"primaryImageOfPage":{"@id":"https:\/\/cuartetoenlaweb.com.ar\/sitio\/triple-femicidio-en-florencio-varela-el-lunes-extraditan-a-pequeno-j\/#primaryimage"},"image":{"@id":"https:\/\/cuartetoenlaweb.com.ar\/sitio\/triple-femicidio-en-florencio-varela-el-lunes-extraditan-a-pequeno-j\/#primaryimage"},"thumbnailUrl":"https:\/\/cuartetoenlaweb.com.ar\/sitio\/wp-content\/uploads\/2026\/05\/portadax-4.png","datePublished":"2026-05-01T08:00:55+00:00","breadcrumb":{"@id":"https:\/\/cuartetoenlaweb.com.ar\/sitio\/triple-femicidio-en-florencio-varela-el-lunes-extraditan-a-pequeno-j\/#breadcrumb"},"inLanguage":"es","potentialAction":[{"@type":"ReadAction","target":["https:\/\/cuartetoenlaweb.com.ar\/sitio\/triple-femicidio-en-florencio-varela-el-lunes-extraditan-a-pequeno-j\/"]}]},{"@type":"ImageObject","inLanguage":"es","@id":"https:\/\/cuartetoenlaweb.com.ar\/sitio\/triple-femicidio-en-florencio-varela-el-lunes-extraditan-a-pequeno-j\/#primaryimage","url":"https:\/\/cuartetoenlaweb.com.ar\/sitio\/wp-content\/uploads\/2026\/05\/portadax-4.png","contentUrl":"https:\/\/cuartetoenlaweb.com.ar\/sitio\/wp-content\/uploads\/2026\/05\/portadax-4.png","width":1366,"height":768},{"@type":"BreadcrumbList","@id":"https:\/\/cuartetoenlaweb.com.ar\/sitio\/triple-femicidio-en-florencio-varela-el-lunes-extraditan-a-pequeno-j\/#breadcrumb","itemListElement":[{"@type":"ListItem","position":1,"name":"Portada","item":"http:\/\/cuartetoenlaweb.com.ar\/sitio\/"},{"@type":"ListItem","position":2,"name":"Triple femicidio en Florencio Varela: el lunes extraditan a &quot;Peque\u00f1o J&quot;"}]},{"@type":"WebSite","@id":"http:\/\/cuartetoenlaweb.com.ar\/sitio\/#website","url":"http:\/\/cuartetoenlaweb.com.ar\/sitio\/","name":"Cuarteto en la Web","description":"","publisher":{"@id":"http:\/\/cuartetoenlaweb.com.ar\/sitio\/#organization"},"potentialAction":[{"@type":"SearchAction","target":{"@type":"EntryPoint","urlTemplate":"http:\/\/cuartetoenlaweb.com.ar\/sitio\/?s={search_term_string}"},"query-input":{"@type":"PropertyValueSpecification","valueRequired":true,"valueName":"search_term_string"}}],"inLanguage":"es"},{"@type":"Organization","@id":"http:\/\/cuartetoenlaweb.com.ar\/sitio\/#organization","name":"Cuarteto en la Web","url":"http:\/\/cuartetoenlaweb.com.ar\/sitio\/","logo":{"@type":"ImageObject","inLanguage":"es","@id":"http:\/\/cuartetoenlaweb.com.ar\/sitio\/#\/schema\/logo\/image\/","url":"https:\/\/cuartetoenlaweb.com.ar\/sitio\/wp-content\/uploads\/2025\/07\/cropped-cropped-logitoweb21.png","contentUrl":"https:\/\/cuartetoenlaweb.com.ar\/sitio\/wp-content\/uploads\/2025\/07\/cropped-cropped-logitoweb21.png","width":199,"height":199,"caption":"Cuarteto en la Web"},"image":{"@id":"http:\/\/cuartetoenlaweb.com.ar\/sitio\/#\/schema\/logo\/image\/"}}]}},"_links":{"self":[{"href":"https:\/\/cuartetoenlaweb.com.ar\/sitio\/wp-json\/wp\/v2\/posts\/19502","targetHints":{"allow":["GET"]}}],"collection":[{"href":"https:\/\/cuartetoenlaweb.com.ar\/sitio\/wp-json\/wp\/v2\/posts"}],"about":[{"href":"https:\/\/cuartetoenlaweb.com.ar\/sitio\/wp-json\/wp\/v2\/types\/post"}],"replies":[{"embeddable":true,"href":"https:\/\/cuartetoenlaweb.com.ar\/sitio\/wp-json\/wp\/v2\/comments?post=19502"}],"version-history":[{"count":0,"href":"https:\/\/cuartetoenlaweb.com.ar\/sitio\/wp-json\/wp\/v2\/posts\/19502\/revisions"}],"wp:featuredmedia":[{"embeddable":true,"href":"https:\/\/cuartetoenlaweb.com.ar\/sitio\/wp-json\/wp\/v2\/media\/19503"}],"wp:attachment":[{"href":"https:\/\/cuartetoenlaweb.com.ar\/sitio\/wp-json\/wp\/v2\/media?parent=19502"}],"wp:term":[{"taxonomy":"category","embeddable":true,"href":"https:\/\/cuartetoenlaweb.com.ar\/sitio\/wp-json\/wp\/v2\/categories?post=19502"},{"taxonomy":"post_tag","embeddable":true,"href":"https:\/\/cuartetoenlaweb.com.ar\/sitio\/wp-json\/wp\/v2\/tags?post=19502"}],"curies":[{"name":"wp","href":"https:\/\/api.w.org\/{rel}","templated":true}]}}