
{"id":19458,"date":"2026-04-30T21:00:06","date_gmt":"2026-05-01T00:00:06","guid":{"rendered":"https:\/\/cuartetoenlaweb.com.ar\/sitio\/prision-preventiva-para-el-taxista-que-transportaba-300-ampollas-de-fentanilo-provenientes-de-paraguay\/"},"modified":"2026-04-30T21:00:06","modified_gmt":"2026-05-01T00:00:06","slug":"prision-preventiva-para-el-taxista-que-transportaba-300-ampollas-de-fentanilo-provenientes-de-paraguay","status":"publish","type":"post","link":"https:\/\/cuartetoenlaweb.com.ar\/sitio\/prision-preventiva-para-el-taxista-que-transportaba-300-ampollas-de-fentanilo-provenientes-de-paraguay\/","title":{"rendered":"Prisi\u00f3n preventiva para el taxista que transportaba 300 ampollas de fentanilo provenientes de Paraguay"},"content":{"rendered":"<p>Buenos Aires, 30 abril (NA) &#8212; El taxista que transportaba 300 ampollas de fentanilo provenientes de Paraguay fue imputado y cuenta con un pedido de prisi\u00f3n preventiva de 60 d\u00edas, en car\u00e1cter de autor del delito de transporte de estupefacientes, que trasladaba escondidos en el asiento trasero de su veh\u00edculo, cuando fue detenido en Corrientes.<\/p>\n<p>Seg\u00fan supo la Agencia Noticias Argentinas y, tal como indic\u00f3 Fiscales.gob, el hombre oriundo de la provincia de Misiones no contaba con el aval legal de tenencia ni de transporte al momento en que agentes de Gendarmer\u00eda Nacional encontraron las tres cajas.<\/p>\n<p>Durante una audiencia formal, el juez interviniente dispuso la medida mencionada y el mismo plazo para la investigaci\u00f3n penal preparatoria.<\/p>\n<p>El imputado fue detenido cuando personal de la Secci\u00f3n N\u00facleo, dependiente del Escuadr\u00f3n 47 \u201cItuzaing\u00f3\u201d, realizaba un patrullaje sobre la Ruta Provincial n\u00ba 34 y, a la altura del cementerio Santo Tom\u00e1s, fren\u00f3 la marcha de un autom\u00f3vil Chevrolet Classic, utilizado para el servicio de taxi.<\/p>\n<p>Durante el control, los uniformados constataron que el conductor viajaba sin acompa\u00f1antes y que debajo de su asiento se encontraban tres cajas ocultas con ampollas de sustancia l\u00edquida, destaca el informe de Gendarmer\u00eda.<\/p>\n<p>De este modo, le solicitaron al involucrado la documentaci\u00f3n que avale la legal tenencia y transporte, a lo que el conductor neg\u00f3 poseerla, por lo que se procedi\u00f3 a tomar contacto con el magistrado interviniente, quien orden\u00f3 la incautaci\u00f3n de las ampollas.<\/p>\n<p>El total fue determinado por personal de Criminal\u00edstica, que realiz\u00f3 la apertura de las cajas, contabilizando 300 ampollas (de 2 miligramos cada una), a las que se les practic\u00f3 la prueba de orientaci\u00f3n de campo, arrojando positivo para fentanilo, producido por un laboratorio de la Rep\u00fablica del Paraguay.<\/p>\n<p>Este f\u00e1rmaco es un potente opioide sint\u00e9tico, 50 veces m\u00e1s potente que la hero\u00edna y hasta 100 veces m\u00e1s potente que la morfina, y se utiliza en el \u00e1mbito de la salud como analg\u00e9sico y anest\u00e9sico para dolor intenso, generalmente en contextos de cuidados paliativos y cirug\u00edas.<\/p>\n<p>Finalmente, la Fiscal\u00eda Federal de Corrientes dispuso la incautaci\u00f3n de las ampollas de dicho opioide, el secuestro del veh\u00edculo y la detenci\u00f3n del ciudadano en car\u00e1cter de incomunicado.<\/p>\n<p>En el pa\u00eds hay preocupaci\u00f3n por el transporte ilegal de dichos f\u00e1rmacos, muchos de los cuales provienen de la Triple Frontera, lo que provoca una menor trazabilidad de los productos.. #AgenciaNA<\/p>\n","protected":false},"excerpt":{"rendered":"<p>Buenos Aires, 30 abril (NA) &#8212; El taxista que transportaba<\/p>\n","protected":false},"author":0,"featured_media":19459,"comment_status":"","ping_status":"","sticky":false,"template":"","format":"standard","meta":{"footnotes":""},"categories":[65],"tags":[],"class_list":["post-19458","post","type-post","status-publish","format-standard","has-post-thumbnail","hentry","category-pais"],"yoast_head":"<!-- This site is optimized with the Yoast SEO plugin v27.5 - https:\/\/yoast.com\/product\/yoast-seo-wordpress\/ -->\n<title>Prisi\u00f3n preventiva para el taxista que transportaba 300 ampollas de fentanilo provenientes de Paraguay - Cuarteto en la Web<\/title>\n<meta name=\"robots\" content=\"index, follow, max-snippet:-1, max-image-preview:large, max-video-preview:-1\" \/>\n<link rel=\"canonical\" href=\"https:\/\/cuartetoenlaweb.com.ar\/sitio\/prision-preventiva-para-el-taxista-que-transportaba-300-ampollas-de-fentanilo-provenientes-de-paraguay\/\" \/>\n<meta property=\"og:locale\" content=\"es_ES\" \/>\n<meta property=\"og:type\" content=\"article\" \/>\n<meta property=\"og:title\" content=\"Prisi\u00f3n preventiva para el taxista que transportaba 300 ampollas de fentanilo provenientes de Paraguay - Cuarteto en la Web\" \/>\n<meta property=\"og:description\" content=\"Buenos Aires, 30 abril (NA) &#8212; El taxista que transportaba\" \/>\n<meta property=\"og:url\" content=\"https:\/\/cuartetoenlaweb.com.ar\/sitio\/prision-preventiva-para-el-taxista-que-transportaba-300-ampollas-de-fentanilo-provenientes-de-paraguay\/\" \/>\n<meta property=\"og:site_name\" content=\"Cuarteto en la Web\" \/>\n<meta property=\"article:published_time\" content=\"2026-05-01T00:00:06+00:00\" \/>\n<meta name=\"twitter:card\" content=\"summary_large_image\" \/>\n<meta name=\"twitter:label1\" content=\"Tiempo de lectura\" \/>\n\t<meta name=\"twitter:data1\" content=\"2 minutos\" \/>\n<script type=\"application\/ld+json\" class=\"yoast-schema-graph\">{\"@context\":\"https:\\\/\\\/schema.org\",\"@graph\":[{\"@type\":\"Article\",\"@id\":\"https:\\\/\\\/cuartetoenlaweb.com.ar\\\/sitio\\\/prision-preventiva-para-el-taxista-que-transportaba-300-ampollas-de-fentanilo-provenientes-de-paraguay\\\/#article\",\"isPartOf\":{\"@id\":\"https:\\\/\\\/cuartetoenlaweb.com.ar\\\/sitio\\\/prision-preventiva-para-el-taxista-que-transportaba-300-ampollas-de-fentanilo-provenientes-de-paraguay\\\/\"},\"author\":{\"name\":\"\",\"@id\":\"\"},\"headline\":\"Prisi\u00f3n preventiva para el taxista que transportaba 300 ampollas de fentanilo provenientes de Paraguay\",\"datePublished\":\"2026-05-01T00:00:06+00:00\",\"mainEntityOfPage\":{\"@id\":\"https:\\\/\\\/cuartetoenlaweb.com.ar\\\/sitio\\\/prision-preventiva-para-el-taxista-que-transportaba-300-ampollas-de-fentanilo-provenientes-de-paraguay\\\/\"},\"wordCount\":434,\"publisher\":{\"@id\":\"http:\\\/\\\/cuartetoenlaweb.com.ar\\\/sitio\\\/#organization\"},\"image\":{\"@id\":\"https:\\\/\\\/cuartetoenlaweb.com.ar\\\/sitio\\\/prision-preventiva-para-el-taxista-que-transportaba-300-ampollas-de-fentanilo-provenientes-de-paraguay\\\/#primaryimage\"},\"thumbnailUrl\":\"https:\\\/\\\/cuartetoenlaweb.com.ar\\\/sitio\\\/wp-content\\\/uploads\\\/2026\\\/04\\\/720-734.jpeg\",\"articleSection\":[\"PAIS\"],\"inLanguage\":\"es\"},{\"@type\":\"WebPage\",\"@id\":\"https:\\\/\\\/cuartetoenlaweb.com.ar\\\/sitio\\\/prision-preventiva-para-el-taxista-que-transportaba-300-ampollas-de-fentanilo-provenientes-de-paraguay\\\/\",\"url\":\"https:\\\/\\\/cuartetoenlaweb.com.ar\\\/sitio\\\/prision-preventiva-para-el-taxista-que-transportaba-300-ampollas-de-fentanilo-provenientes-de-paraguay\\\/\",\"name\":\"Prisi\u00f3n preventiva para el taxista que transportaba 300 ampollas de fentanilo provenientes de Paraguay - Cuarteto en la Web\",\"isPartOf\":{\"@id\":\"http:\\\/\\\/cuartetoenlaweb.com.ar\\\/sitio\\\/#website\"},\"primaryImageOfPage\":{\"@id\":\"https:\\\/\\\/cuartetoenlaweb.com.ar\\\/sitio\\\/prision-preventiva-para-el-taxista-que-transportaba-300-ampollas-de-fentanilo-provenientes-de-paraguay\\\/#primaryimage\"},\"image\":{\"@id\":\"https:\\\/\\\/cuartetoenlaweb.com.ar\\\/sitio\\\/prision-preventiva-para-el-taxista-que-transportaba-300-ampollas-de-fentanilo-provenientes-de-paraguay\\\/#primaryimage\"},\"thumbnailUrl\":\"https:\\\/\\\/cuartetoenlaweb.com.ar\\\/sitio\\\/wp-content\\\/uploads\\\/2026\\\/04\\\/720-734.jpeg\",\"datePublished\":\"2026-05-01T00:00:06+00:00\",\"breadcrumb\":{\"@id\":\"https:\\\/\\\/cuartetoenlaweb.com.ar\\\/sitio\\\/prision-preventiva-para-el-taxista-que-transportaba-300-ampollas-de-fentanilo-provenientes-de-paraguay\\\/#breadcrumb\"},\"inLanguage\":\"es\",\"potentialAction\":[{\"@type\":\"ReadAction\",\"target\":[\"https:\\\/\\\/cuartetoenlaweb.com.ar\\\/sitio\\\/prision-preventiva-para-el-taxista-que-transportaba-300-ampollas-de-fentanilo-provenientes-de-paraguay\\\/\"]}]},{\"@type\":\"ImageObject\",\"inLanguage\":\"es\",\"@id\":\"https:\\\/\\\/cuartetoenlaweb.com.ar\\\/sitio\\\/prision-preventiva-para-el-taxista-que-transportaba-300-ampollas-de-fentanilo-provenientes-de-paraguay\\\/#primaryimage\",\"url\":\"https:\\\/\\\/cuartetoenlaweb.com.ar\\\/sitio\\\/wp-content\\\/uploads\\\/2026\\\/04\\\/720-734.jpeg\",\"contentUrl\":\"https:\\\/\\\/cuartetoenlaweb.com.ar\\\/sitio\\\/wp-content\\\/uploads\\\/2026\\\/04\\\/720-734.jpeg\",\"width\":1078,\"height\":720},{\"@type\":\"BreadcrumbList\",\"@id\":\"https:\\\/\\\/cuartetoenlaweb.com.ar\\\/sitio\\\/prision-preventiva-para-el-taxista-que-transportaba-300-ampollas-de-fentanilo-provenientes-de-paraguay\\\/#breadcrumb\",\"itemListElement\":[{\"@type\":\"ListItem\",\"position\":1,\"name\":\"Portada\",\"item\":\"http:\\\/\\\/cuartetoenlaweb.com.ar\\\/sitio\\\/\"},{\"@type\":\"ListItem\",\"position\":2,\"name\":\"Prisi\u00f3n preventiva para el taxista que transportaba 300 ampollas de fentanilo provenientes de Paraguay\"}]},{\"@type\":\"WebSite\",\"@id\":\"http:\\\/\\\/cuartetoenlaweb.com.ar\\\/sitio\\\/#website\",\"url\":\"http:\\\/\\\/cuartetoenlaweb.com.ar\\\/sitio\\\/\",\"name\":\"Cuarteto en la Web\",\"description\":\"\",\"publisher\":{\"@id\":\"http:\\\/\\\/cuartetoenlaweb.com.ar\\\/sitio\\\/#organization\"},\"potentialAction\":[{\"@type\":\"SearchAction\",\"target\":{\"@type\":\"EntryPoint\",\"urlTemplate\":\"http:\\\/\\\/cuartetoenlaweb.com.ar\\\/sitio\\\/?s={search_term_string}\"},\"query-input\":{\"@type\":\"PropertyValueSpecification\",\"valueRequired\":true,\"valueName\":\"search_term_string\"}}],\"inLanguage\":\"es\"},{\"@type\":\"Organization\",\"@id\":\"http:\\\/\\\/cuartetoenlaweb.com.ar\\\/sitio\\\/#organization\",\"name\":\"Cuarteto en la Web\",\"url\":\"http:\\\/\\\/cuartetoenlaweb.com.ar\\\/sitio\\\/\",\"logo\":{\"@type\":\"ImageObject\",\"inLanguage\":\"es\",\"@id\":\"http:\\\/\\\/cuartetoenlaweb.com.ar\\\/sitio\\\/#\\\/schema\\\/logo\\\/image\\\/\",\"url\":\"https:\\\/\\\/cuartetoenlaweb.com.ar\\\/sitio\\\/wp-content\\\/uploads\\\/2025\\\/07\\\/cropped-cropped-logitoweb21.png\",\"contentUrl\":\"https:\\\/\\\/cuartetoenlaweb.com.ar\\\/sitio\\\/wp-content\\\/uploads\\\/2025\\\/07\\\/cropped-cropped-logitoweb21.png\",\"width\":199,\"height\":199,\"caption\":\"Cuarteto en la Web\"},\"image\":{\"@id\":\"http:\\\/\\\/cuartetoenlaweb.com.ar\\\/sitio\\\/#\\\/schema\\\/logo\\\/image\\\/\"}}]}<\/script>\n<!-- \/ Yoast SEO plugin. -->","yoast_head_json":{"title":"Prisi\u00f3n preventiva para el taxista que transportaba 300 ampollas de fentanilo provenientes de Paraguay - Cuarteto en la Web","robots":{"index":"index","follow":"follow","max-snippet":"max-snippet:-1","max-image-preview":"max-image-preview:large","max-video-preview":"max-video-preview:-1"},"canonical":"https:\/\/cuartetoenlaweb.com.ar\/sitio\/prision-preventiva-para-el-taxista-que-transportaba-300-ampollas-de-fentanilo-provenientes-de-paraguay\/","og_locale":"es_ES","og_type":"article","og_title":"Prisi\u00f3n preventiva para el taxista que transportaba 300 ampollas de fentanilo provenientes de Paraguay - Cuarteto en la Web","og_description":"Buenos Aires, 30 abril (NA) &#8212; El taxista que transportaba","og_url":"https:\/\/cuartetoenlaweb.com.ar\/sitio\/prision-preventiva-para-el-taxista-que-transportaba-300-ampollas-de-fentanilo-provenientes-de-paraguay\/","og_site_name":"Cuarteto en la Web","article_published_time":"2026-05-01T00:00:06+00:00","twitter_card":"summary_large_image","twitter_misc":{"Tiempo de lectura":"2 minutos"},"schema":{"@context":"https:\/\/schema.org","@graph":[{"@type":"Article","@id":"https:\/\/cuartetoenlaweb.com.ar\/sitio\/prision-preventiva-para-el-taxista-que-transportaba-300-ampollas-de-fentanilo-provenientes-de-paraguay\/#article","isPartOf":{"@id":"https:\/\/cuartetoenlaweb.com.ar\/sitio\/prision-preventiva-para-el-taxista-que-transportaba-300-ampollas-de-fentanilo-provenientes-de-paraguay\/"},"author":{"name":"","@id":""},"headline":"Prisi\u00f3n preventiva para el taxista que transportaba 300 ampollas de fentanilo provenientes de Paraguay","datePublished":"2026-05-01T00:00:06+00:00","mainEntityOfPage":{"@id":"https:\/\/cuartetoenlaweb.com.ar\/sitio\/prision-preventiva-para-el-taxista-que-transportaba-300-ampollas-de-fentanilo-provenientes-de-paraguay\/"},"wordCount":434,"publisher":{"@id":"http:\/\/cuartetoenlaweb.com.ar\/sitio\/#organization"},"image":{"@id":"https:\/\/cuartetoenlaweb.com.ar\/sitio\/prision-preventiva-para-el-taxista-que-transportaba-300-ampollas-de-fentanilo-provenientes-de-paraguay\/#primaryimage"},"thumbnailUrl":"https:\/\/cuartetoenlaweb.com.ar\/sitio\/wp-content\/uploads\/2026\/04\/720-734.jpeg","articleSection":["PAIS"],"inLanguage":"es"},{"@type":"WebPage","@id":"https:\/\/cuartetoenlaweb.com.ar\/sitio\/prision-preventiva-para-el-taxista-que-transportaba-300-ampollas-de-fentanilo-provenientes-de-paraguay\/","url":"https:\/\/cuartetoenlaweb.com.ar\/sitio\/prision-preventiva-para-el-taxista-que-transportaba-300-ampollas-de-fentanilo-provenientes-de-paraguay\/","name":"Prisi\u00f3n preventiva para el taxista que transportaba 300 ampollas de fentanilo provenientes de Paraguay - Cuarteto en la Web","isPartOf":{"@id":"http:\/\/cuartetoenlaweb.com.ar\/sitio\/#website"},"primaryImageOfPage":{"@id":"https:\/\/cuartetoenlaweb.com.ar\/sitio\/prision-preventiva-para-el-taxista-que-transportaba-300-ampollas-de-fentanilo-provenientes-de-paraguay\/#primaryimage"},"image":{"@id":"https:\/\/cuartetoenlaweb.com.ar\/sitio\/prision-preventiva-para-el-taxista-que-transportaba-300-ampollas-de-fentanilo-provenientes-de-paraguay\/#primaryimage"},"thumbnailUrl":"https:\/\/cuartetoenlaweb.com.ar\/sitio\/wp-content\/uploads\/2026\/04\/720-734.jpeg","datePublished":"2026-05-01T00:00:06+00:00","breadcrumb":{"@id":"https:\/\/cuartetoenlaweb.com.ar\/sitio\/prision-preventiva-para-el-taxista-que-transportaba-300-ampollas-de-fentanilo-provenientes-de-paraguay\/#breadcrumb"},"inLanguage":"es","potentialAction":[{"@type":"ReadAction","target":["https:\/\/cuartetoenlaweb.com.ar\/sitio\/prision-preventiva-para-el-taxista-que-transportaba-300-ampollas-de-fentanilo-provenientes-de-paraguay\/"]}]},{"@type":"ImageObject","inLanguage":"es","@id":"https:\/\/cuartetoenlaweb.com.ar\/sitio\/prision-preventiva-para-el-taxista-que-transportaba-300-ampollas-de-fentanilo-provenientes-de-paraguay\/#primaryimage","url":"https:\/\/cuartetoenlaweb.com.ar\/sitio\/wp-content\/uploads\/2026\/04\/720-734.jpeg","contentUrl":"https:\/\/cuartetoenlaweb.com.ar\/sitio\/wp-content\/uploads\/2026\/04\/720-734.jpeg","width":1078,"height":720},{"@type":"BreadcrumbList","@id":"https:\/\/cuartetoenlaweb.com.ar\/sitio\/prision-preventiva-para-el-taxista-que-transportaba-300-ampollas-de-fentanilo-provenientes-de-paraguay\/#breadcrumb","itemListElement":[{"@type":"ListItem","position":1,"name":"Portada","item":"http:\/\/cuartetoenlaweb.com.ar\/sitio\/"},{"@type":"ListItem","position":2,"name":"Prisi\u00f3n preventiva para el taxista que transportaba 300 ampollas de fentanilo provenientes de Paraguay"}]},{"@type":"WebSite","@id":"http:\/\/cuartetoenlaweb.com.ar\/sitio\/#website","url":"http:\/\/cuartetoenlaweb.com.ar\/sitio\/","name":"Cuarteto en la Web","description":"","publisher":{"@id":"http:\/\/cuartetoenlaweb.com.ar\/sitio\/#organization"},"potentialAction":[{"@type":"SearchAction","target":{"@type":"EntryPoint","urlTemplate":"http:\/\/cuartetoenlaweb.com.ar\/sitio\/?s={search_term_string}"},"query-input":{"@type":"PropertyValueSpecification","valueRequired":true,"valueName":"search_term_string"}}],"inLanguage":"es"},{"@type":"Organization","@id":"http:\/\/cuartetoenlaweb.com.ar\/sitio\/#organization","name":"Cuarteto en la Web","url":"http:\/\/cuartetoenlaweb.com.ar\/sitio\/","logo":{"@type":"ImageObject","inLanguage":"es","@id":"http:\/\/cuartetoenlaweb.com.ar\/sitio\/#\/schema\/logo\/image\/","url":"https:\/\/cuartetoenlaweb.com.ar\/sitio\/wp-content\/uploads\/2025\/07\/cropped-cropped-logitoweb21.png","contentUrl":"https:\/\/cuartetoenlaweb.com.ar\/sitio\/wp-content\/uploads\/2025\/07\/cropped-cropped-logitoweb21.png","width":199,"height":199,"caption":"Cuarteto en la Web"},"image":{"@id":"http:\/\/cuartetoenlaweb.com.ar\/sitio\/#\/schema\/logo\/image\/"}}]}},"_links":{"self":[{"href":"https:\/\/cuartetoenlaweb.com.ar\/sitio\/wp-json\/wp\/v2\/posts\/19458","targetHints":{"allow":["GET"]}}],"collection":[{"href":"https:\/\/cuartetoenlaweb.com.ar\/sitio\/wp-json\/wp\/v2\/posts"}],"about":[{"href":"https:\/\/cuartetoenlaweb.com.ar\/sitio\/wp-json\/wp\/v2\/types\/post"}],"replies":[{"embeddable":true,"href":"https:\/\/cuartetoenlaweb.com.ar\/sitio\/wp-json\/wp\/v2\/comments?post=19458"}],"version-history":[{"count":0,"href":"https:\/\/cuartetoenlaweb.com.ar\/sitio\/wp-json\/wp\/v2\/posts\/19458\/revisions"}],"wp:featuredmedia":[{"embeddable":true,"href":"https:\/\/cuartetoenlaweb.com.ar\/sitio\/wp-json\/wp\/v2\/media\/19459"}],"wp:attachment":[{"href":"https:\/\/cuartetoenlaweb.com.ar\/sitio\/wp-json\/wp\/v2\/media?parent=19458"}],"wp:term":[{"taxonomy":"category","embeddable":true,"href":"https:\/\/cuartetoenlaweb.com.ar\/sitio\/wp-json\/wp\/v2\/categories?post=19458"},{"taxonomy":"post_tag","embeddable":true,"href":"https:\/\/cuartetoenlaweb.com.ar\/sitio\/wp-json\/wp\/v2\/tags?post=19458"}],"curies":[{"name":"wp","href":"https:\/\/api.w.org\/{rel}","templated":true}]}}