
{"id":19456,"date":"2026-04-30T21:00:00","date_gmt":"2026-05-01T00:00:00","guid":{"rendered":"https:\/\/cuartetoenlaweb.com.ar\/sitio\/se-adelanta-el-regreso-de-las-lluvias-a-buenos-aires-el-informe-meteorologico\/"},"modified":"2026-04-30T21:00:00","modified_gmt":"2026-05-01T00:00:00","slug":"se-adelanta-el-regreso-de-las-lluvias-a-buenos-aires-el-informe-meteorologico","status":"publish","type":"post","link":"https:\/\/cuartetoenlaweb.com.ar\/sitio\/se-adelanta-el-regreso-de-las-lluvias-a-buenos-aires-el-informe-meteorologico\/","title":{"rendered":"Se adelanta el regreso de las lluvias a Buenos Aires: el informe meteorol\u00f3gico"},"content":{"rendered":"<p>Buenos Aires, 30 abril (NA) \u2013 El Servicio Meteorol\u00f3gico Nacional (SMN) modific\u00f3 las previsiones de lluvias para la Ciudad de Buenos Aires y el conurbano bonaerense y las mismas se podr\u00edan adelantar para este mismo viernes primero de mayo, justo en el D\u00eda del Trabajador.<\/p>\n<p>Seg\u00fan los registros a los que accedi\u00f3 la Agencia Noticias Argentinas, las lluvias llegar\u00edan a la zona del AMBA en horas de la tarde de este viernes, con lluvias aisladas.<\/p>\n<p>M\u00e1s all\u00e1 de los posibles chaparrones, para este viernes se espera una fuerte suba en las marcas t\u00e9rmicas m\u00e1ximas, que llegar\u00e1n a los 25 grados, mientras que la m\u00ednima se ubicar\u00e1n por arriba de los 10 grados. <\/p>\n<p>Para el resto del fin de semana, tanto el s\u00e1bado como el domingo, habr\u00e1 una fuerte baja en las temperaturas, con m\u00ednimas que apenas superar\u00edan los 5 grados y m\u00e1ximas que no llegar\u00e1n a los 20.<\/p>\n<p>#AgenciaNA<\/p>\n","protected":false},"excerpt":{"rendered":"<p>Buenos Aires, 30 abril (NA) \u2013 El Servicio Meteorol\u00f3gico Nacional<\/p>\n","protected":false},"author":0,"featured_media":19457,"comment_status":"","ping_status":"","sticky":false,"template":"","format":"standard","meta":{"footnotes":""},"categories":[65],"tags":[],"class_list":["post-19456","post","type-post","status-publish","format-standard","has-post-thumbnail","hentry","category-pais"],"yoast_head":"<!-- This site is optimized with the Yoast SEO plugin v27.5 - https:\/\/yoast.com\/product\/yoast-seo-wordpress\/ -->\n<title>Se adelanta el regreso de las lluvias a Buenos Aires: el informe meteorol\u00f3gico - Cuarteto en la Web<\/title>\n<meta name=\"robots\" content=\"index, follow, max-snippet:-1, max-image-preview:large, max-video-preview:-1\" \/>\n<link rel=\"canonical\" href=\"https:\/\/cuartetoenlaweb.com.ar\/sitio\/se-adelanta-el-regreso-de-las-lluvias-a-buenos-aires-el-informe-meteorologico\/\" \/>\n<meta property=\"og:locale\" content=\"es_ES\" \/>\n<meta property=\"og:type\" content=\"article\" \/>\n<meta property=\"og:title\" content=\"Se adelanta el regreso de las lluvias a Buenos Aires: el informe meteorol\u00f3gico - Cuarteto en la Web\" \/>\n<meta property=\"og:description\" content=\"Buenos Aires, 30 abril (NA) \u2013 El Servicio Meteorol\u00f3gico Nacional\" \/>\n<meta property=\"og:url\" content=\"https:\/\/cuartetoenlaweb.com.ar\/sitio\/se-adelanta-el-regreso-de-las-lluvias-a-buenos-aires-el-informe-meteorologico\/\" \/>\n<meta property=\"og:site_name\" content=\"Cuarteto en la Web\" \/>\n<meta property=\"article:published_time\" content=\"2026-05-01T00:00:00+00:00\" \/>\n<meta name=\"twitter:card\" content=\"summary_large_image\" \/>\n<meta name=\"twitter:label1\" content=\"Tiempo de lectura\" \/>\n\t<meta name=\"twitter:data1\" content=\"1 minuto\" \/>\n<script type=\"application\/ld+json\" class=\"yoast-schema-graph\">{\"@context\":\"https:\\\/\\\/schema.org\",\"@graph\":[{\"@type\":\"Article\",\"@id\":\"https:\\\/\\\/cuartetoenlaweb.com.ar\\\/sitio\\\/se-adelanta-el-regreso-de-las-lluvias-a-buenos-aires-el-informe-meteorologico\\\/#article\",\"isPartOf\":{\"@id\":\"https:\\\/\\\/cuartetoenlaweb.com.ar\\\/sitio\\\/se-adelanta-el-regreso-de-las-lluvias-a-buenos-aires-el-informe-meteorologico\\\/\"},\"author\":{\"name\":\"\",\"@id\":\"\"},\"headline\":\"Se adelanta el regreso de las lluvias a Buenos Aires: el informe meteorol\u00f3gico\",\"datePublished\":\"2026-05-01T00:00:00+00:00\",\"mainEntityOfPage\":{\"@id\":\"https:\\\/\\\/cuartetoenlaweb.com.ar\\\/sitio\\\/se-adelanta-el-regreso-de-las-lluvias-a-buenos-aires-el-informe-meteorologico\\\/\"},\"wordCount\":173,\"publisher\":{\"@id\":\"http:\\\/\\\/cuartetoenlaweb.com.ar\\\/sitio\\\/#organization\"},\"image\":{\"@id\":\"https:\\\/\\\/cuartetoenlaweb.com.ar\\\/sitio\\\/se-adelanta-el-regreso-de-las-lluvias-a-buenos-aires-el-informe-meteorologico\\\/#primaryimage\"},\"thumbnailUrl\":\"https:\\\/\\\/cuartetoenlaweb.com.ar\\\/sitio\\\/wp-content\\\/uploads\\\/2026\\\/04\\\/720-733.jpeg\",\"articleSection\":[\"PAIS\"],\"inLanguage\":\"es\"},{\"@type\":\"WebPage\",\"@id\":\"https:\\\/\\\/cuartetoenlaweb.com.ar\\\/sitio\\\/se-adelanta-el-regreso-de-las-lluvias-a-buenos-aires-el-informe-meteorologico\\\/\",\"url\":\"https:\\\/\\\/cuartetoenlaweb.com.ar\\\/sitio\\\/se-adelanta-el-regreso-de-las-lluvias-a-buenos-aires-el-informe-meteorologico\\\/\",\"name\":\"Se adelanta el regreso de las lluvias a Buenos Aires: el informe meteorol\u00f3gico - Cuarteto en la Web\",\"isPartOf\":{\"@id\":\"http:\\\/\\\/cuartetoenlaweb.com.ar\\\/sitio\\\/#website\"},\"primaryImageOfPage\":{\"@id\":\"https:\\\/\\\/cuartetoenlaweb.com.ar\\\/sitio\\\/se-adelanta-el-regreso-de-las-lluvias-a-buenos-aires-el-informe-meteorologico\\\/#primaryimage\"},\"image\":{\"@id\":\"https:\\\/\\\/cuartetoenlaweb.com.ar\\\/sitio\\\/se-adelanta-el-regreso-de-las-lluvias-a-buenos-aires-el-informe-meteorologico\\\/#primaryimage\"},\"thumbnailUrl\":\"https:\\\/\\\/cuartetoenlaweb.com.ar\\\/sitio\\\/wp-content\\\/uploads\\\/2026\\\/04\\\/720-733.jpeg\",\"datePublished\":\"2026-05-01T00:00:00+00:00\",\"breadcrumb\":{\"@id\":\"https:\\\/\\\/cuartetoenlaweb.com.ar\\\/sitio\\\/se-adelanta-el-regreso-de-las-lluvias-a-buenos-aires-el-informe-meteorologico\\\/#breadcrumb\"},\"inLanguage\":\"es\",\"potentialAction\":[{\"@type\":\"ReadAction\",\"target\":[\"https:\\\/\\\/cuartetoenlaweb.com.ar\\\/sitio\\\/se-adelanta-el-regreso-de-las-lluvias-a-buenos-aires-el-informe-meteorologico\\\/\"]}]},{\"@type\":\"ImageObject\",\"inLanguage\":\"es\",\"@id\":\"https:\\\/\\\/cuartetoenlaweb.com.ar\\\/sitio\\\/se-adelanta-el-regreso-de-las-lluvias-a-buenos-aires-el-informe-meteorologico\\\/#primaryimage\",\"url\":\"https:\\\/\\\/cuartetoenlaweb.com.ar\\\/sitio\\\/wp-content\\\/uploads\\\/2026\\\/04\\\/720-733.jpeg\",\"contentUrl\":\"https:\\\/\\\/cuartetoenlaweb.com.ar\\\/sitio\\\/wp-content\\\/uploads\\\/2026\\\/04\\\/720-733.jpeg\",\"width\":1024,\"height\":720},{\"@type\":\"BreadcrumbList\",\"@id\":\"https:\\\/\\\/cuartetoenlaweb.com.ar\\\/sitio\\\/se-adelanta-el-regreso-de-las-lluvias-a-buenos-aires-el-informe-meteorologico\\\/#breadcrumb\",\"itemListElement\":[{\"@type\":\"ListItem\",\"position\":1,\"name\":\"Portada\",\"item\":\"http:\\\/\\\/cuartetoenlaweb.com.ar\\\/sitio\\\/\"},{\"@type\":\"ListItem\",\"position\":2,\"name\":\"Se adelanta el regreso de las lluvias a Buenos Aires: el informe meteorol\u00f3gico\"}]},{\"@type\":\"WebSite\",\"@id\":\"http:\\\/\\\/cuartetoenlaweb.com.ar\\\/sitio\\\/#website\",\"url\":\"http:\\\/\\\/cuartetoenlaweb.com.ar\\\/sitio\\\/\",\"name\":\"Cuarteto en la Web\",\"description\":\"\",\"publisher\":{\"@id\":\"http:\\\/\\\/cuartetoenlaweb.com.ar\\\/sitio\\\/#organization\"},\"potentialAction\":[{\"@type\":\"SearchAction\",\"target\":{\"@type\":\"EntryPoint\",\"urlTemplate\":\"http:\\\/\\\/cuartetoenlaweb.com.ar\\\/sitio\\\/?s={search_term_string}\"},\"query-input\":{\"@type\":\"PropertyValueSpecification\",\"valueRequired\":true,\"valueName\":\"search_term_string\"}}],\"inLanguage\":\"es\"},{\"@type\":\"Organization\",\"@id\":\"http:\\\/\\\/cuartetoenlaweb.com.ar\\\/sitio\\\/#organization\",\"name\":\"Cuarteto en la Web\",\"url\":\"http:\\\/\\\/cuartetoenlaweb.com.ar\\\/sitio\\\/\",\"logo\":{\"@type\":\"ImageObject\",\"inLanguage\":\"es\",\"@id\":\"http:\\\/\\\/cuartetoenlaweb.com.ar\\\/sitio\\\/#\\\/schema\\\/logo\\\/image\\\/\",\"url\":\"https:\\\/\\\/cuartetoenlaweb.com.ar\\\/sitio\\\/wp-content\\\/uploads\\\/2025\\\/07\\\/cropped-cropped-logitoweb21.png\",\"contentUrl\":\"https:\\\/\\\/cuartetoenlaweb.com.ar\\\/sitio\\\/wp-content\\\/uploads\\\/2025\\\/07\\\/cropped-cropped-logitoweb21.png\",\"width\":199,\"height\":199,\"caption\":\"Cuarteto en la Web\"},\"image\":{\"@id\":\"http:\\\/\\\/cuartetoenlaweb.com.ar\\\/sitio\\\/#\\\/schema\\\/logo\\\/image\\\/\"}}]}<\/script>\n<!-- \/ Yoast SEO plugin. -->","yoast_head_json":{"title":"Se adelanta el regreso de las lluvias a Buenos Aires: el informe meteorol\u00f3gico - Cuarteto en la Web","robots":{"index":"index","follow":"follow","max-snippet":"max-snippet:-1","max-image-preview":"max-image-preview:large","max-video-preview":"max-video-preview:-1"},"canonical":"https:\/\/cuartetoenlaweb.com.ar\/sitio\/se-adelanta-el-regreso-de-las-lluvias-a-buenos-aires-el-informe-meteorologico\/","og_locale":"es_ES","og_type":"article","og_title":"Se adelanta el regreso de las lluvias a Buenos Aires: el informe meteorol\u00f3gico - Cuarteto en la Web","og_description":"Buenos Aires, 30 abril (NA) \u2013 El Servicio Meteorol\u00f3gico Nacional","og_url":"https:\/\/cuartetoenlaweb.com.ar\/sitio\/se-adelanta-el-regreso-de-las-lluvias-a-buenos-aires-el-informe-meteorologico\/","og_site_name":"Cuarteto en la Web","article_published_time":"2026-05-01T00:00:00+00:00","twitter_card":"summary_large_image","twitter_misc":{"Tiempo de lectura":"1 minuto"},"schema":{"@context":"https:\/\/schema.org","@graph":[{"@type":"Article","@id":"https:\/\/cuartetoenlaweb.com.ar\/sitio\/se-adelanta-el-regreso-de-las-lluvias-a-buenos-aires-el-informe-meteorologico\/#article","isPartOf":{"@id":"https:\/\/cuartetoenlaweb.com.ar\/sitio\/se-adelanta-el-regreso-de-las-lluvias-a-buenos-aires-el-informe-meteorologico\/"},"author":{"name":"","@id":""},"headline":"Se adelanta el regreso de las lluvias a Buenos Aires: el informe meteorol\u00f3gico","datePublished":"2026-05-01T00:00:00+00:00","mainEntityOfPage":{"@id":"https:\/\/cuartetoenlaweb.com.ar\/sitio\/se-adelanta-el-regreso-de-las-lluvias-a-buenos-aires-el-informe-meteorologico\/"},"wordCount":173,"publisher":{"@id":"http:\/\/cuartetoenlaweb.com.ar\/sitio\/#organization"},"image":{"@id":"https:\/\/cuartetoenlaweb.com.ar\/sitio\/se-adelanta-el-regreso-de-las-lluvias-a-buenos-aires-el-informe-meteorologico\/#primaryimage"},"thumbnailUrl":"https:\/\/cuartetoenlaweb.com.ar\/sitio\/wp-content\/uploads\/2026\/04\/720-733.jpeg","articleSection":["PAIS"],"inLanguage":"es"},{"@type":"WebPage","@id":"https:\/\/cuartetoenlaweb.com.ar\/sitio\/se-adelanta-el-regreso-de-las-lluvias-a-buenos-aires-el-informe-meteorologico\/","url":"https:\/\/cuartetoenlaweb.com.ar\/sitio\/se-adelanta-el-regreso-de-las-lluvias-a-buenos-aires-el-informe-meteorologico\/","name":"Se adelanta el regreso de las lluvias a Buenos Aires: el informe meteorol\u00f3gico - Cuarteto en la Web","isPartOf":{"@id":"http:\/\/cuartetoenlaweb.com.ar\/sitio\/#website"},"primaryImageOfPage":{"@id":"https:\/\/cuartetoenlaweb.com.ar\/sitio\/se-adelanta-el-regreso-de-las-lluvias-a-buenos-aires-el-informe-meteorologico\/#primaryimage"},"image":{"@id":"https:\/\/cuartetoenlaweb.com.ar\/sitio\/se-adelanta-el-regreso-de-las-lluvias-a-buenos-aires-el-informe-meteorologico\/#primaryimage"},"thumbnailUrl":"https:\/\/cuartetoenlaweb.com.ar\/sitio\/wp-content\/uploads\/2026\/04\/720-733.jpeg","datePublished":"2026-05-01T00:00:00+00:00","breadcrumb":{"@id":"https:\/\/cuartetoenlaweb.com.ar\/sitio\/se-adelanta-el-regreso-de-las-lluvias-a-buenos-aires-el-informe-meteorologico\/#breadcrumb"},"inLanguage":"es","potentialAction":[{"@type":"ReadAction","target":["https:\/\/cuartetoenlaweb.com.ar\/sitio\/se-adelanta-el-regreso-de-las-lluvias-a-buenos-aires-el-informe-meteorologico\/"]}]},{"@type":"ImageObject","inLanguage":"es","@id":"https:\/\/cuartetoenlaweb.com.ar\/sitio\/se-adelanta-el-regreso-de-las-lluvias-a-buenos-aires-el-informe-meteorologico\/#primaryimage","url":"https:\/\/cuartetoenlaweb.com.ar\/sitio\/wp-content\/uploads\/2026\/04\/720-733.jpeg","contentUrl":"https:\/\/cuartetoenlaweb.com.ar\/sitio\/wp-content\/uploads\/2026\/04\/720-733.jpeg","width":1024,"height":720},{"@type":"BreadcrumbList","@id":"https:\/\/cuartetoenlaweb.com.ar\/sitio\/se-adelanta-el-regreso-de-las-lluvias-a-buenos-aires-el-informe-meteorologico\/#breadcrumb","itemListElement":[{"@type":"ListItem","position":1,"name":"Portada","item":"http:\/\/cuartetoenlaweb.com.ar\/sitio\/"},{"@type":"ListItem","position":2,"name":"Se adelanta el regreso de las lluvias a Buenos Aires: el informe meteorol\u00f3gico"}]},{"@type":"WebSite","@id":"http:\/\/cuartetoenlaweb.com.ar\/sitio\/#website","url":"http:\/\/cuartetoenlaweb.com.ar\/sitio\/","name":"Cuarteto en la Web","description":"","publisher":{"@id":"http:\/\/cuartetoenlaweb.com.ar\/sitio\/#organization"},"potentialAction":[{"@type":"SearchAction","target":{"@type":"EntryPoint","urlTemplate":"http:\/\/cuartetoenlaweb.com.ar\/sitio\/?s={search_term_string}"},"query-input":{"@type":"PropertyValueSpecification","valueRequired":true,"valueName":"search_term_string"}}],"inLanguage":"es"},{"@type":"Organization","@id":"http:\/\/cuartetoenlaweb.com.ar\/sitio\/#organization","name":"Cuarteto en la Web","url":"http:\/\/cuartetoenlaweb.com.ar\/sitio\/","logo":{"@type":"ImageObject","inLanguage":"es","@id":"http:\/\/cuartetoenlaweb.com.ar\/sitio\/#\/schema\/logo\/image\/","url":"https:\/\/cuartetoenlaweb.com.ar\/sitio\/wp-content\/uploads\/2025\/07\/cropped-cropped-logitoweb21.png","contentUrl":"https:\/\/cuartetoenlaweb.com.ar\/sitio\/wp-content\/uploads\/2025\/07\/cropped-cropped-logitoweb21.png","width":199,"height":199,"caption":"Cuarteto en la Web"},"image":{"@id":"http:\/\/cuartetoenlaweb.com.ar\/sitio\/#\/schema\/logo\/image\/"}}]}},"_links":{"self":[{"href":"https:\/\/cuartetoenlaweb.com.ar\/sitio\/wp-json\/wp\/v2\/posts\/19456","targetHints":{"allow":["GET"]}}],"collection":[{"href":"https:\/\/cuartetoenlaweb.com.ar\/sitio\/wp-json\/wp\/v2\/posts"}],"about":[{"href":"https:\/\/cuartetoenlaweb.com.ar\/sitio\/wp-json\/wp\/v2\/types\/post"}],"replies":[{"embeddable":true,"href":"https:\/\/cuartetoenlaweb.com.ar\/sitio\/wp-json\/wp\/v2\/comments?post=19456"}],"version-history":[{"count":0,"href":"https:\/\/cuartetoenlaweb.com.ar\/sitio\/wp-json\/wp\/v2\/posts\/19456\/revisions"}],"wp:featuredmedia":[{"embeddable":true,"href":"https:\/\/cuartetoenlaweb.com.ar\/sitio\/wp-json\/wp\/v2\/media\/19457"}],"wp:attachment":[{"href":"https:\/\/cuartetoenlaweb.com.ar\/sitio\/wp-json\/wp\/v2\/media?parent=19456"}],"wp:term":[{"taxonomy":"category","embeddable":true,"href":"https:\/\/cuartetoenlaweb.com.ar\/sitio\/wp-json\/wp\/v2\/categories?post=19456"},{"taxonomy":"post_tag","embeddable":true,"href":"https:\/\/cuartetoenlaweb.com.ar\/sitio\/wp-json\/wp\/v2\/tags?post=19456"}],"curies":[{"name":"wp","href":"https:\/\/api.w.org\/{rel}","templated":true}]}}