
{"id":19454,"date":"2026-04-30T20:59:57","date_gmt":"2026-04-30T23:59:57","guid":{"rendered":"https:\/\/cuartetoenlaweb.com.ar\/sitio\/el-lunes-vuelve-a-abrir-la-sala-de-periodistas-en-la-casa-rosada\/"},"modified":"2026-04-30T20:59:57","modified_gmt":"2026-04-30T23:59:57","slug":"el-lunes-vuelve-a-abrir-la-sala-de-periodistas-en-la-casa-rosada","status":"publish","type":"post","link":"https:\/\/cuartetoenlaweb.com.ar\/sitio\/el-lunes-vuelve-a-abrir-la-sala-de-periodistas-en-la-casa-rosada\/","title":{"rendered":"El lunes vuelve a abrir la sala de periodistas en la Casa Rosada"},"content":{"rendered":"<p>Buenos Aires, 30 abril (NA) \u2013 Los periodistas acreditados en la Casa Rosada podr\u00e1n volver a ingresar a la sala de prensa este lunes, luego de que la misma estuviera cerrada durante una semana entera. <\/p>\n<p>Seg\u00fan pudo averiguar la Agencia Noticias Argentinas, \u201cse habilita el ingreso a los periodistas a la Casa Rosada de este lunes a la sala de prensa\u201d, aclarando que habr\u00e1 lugares habilitados para que puedan moverse y otros permanecer\u00e1n acotados. <\/p>\n<p>Adem\u00e1s, se anuncia que para este lunes habr\u00e1 una conferencia de prensa, a las 11 de la ma\u00f1ana, del jefe de Gabinete, Manuel Adorni. Todav\u00eda no se inform\u00f3 si habr\u00e1 preguntas y de haberlas si se sortear\u00e1n los periodistas.<\/p>\n<p>LAS RAZONES QUE EXPUSO EL GOBIERNO PARA CERRAR LA SALA<\/p>\n<p>\u201cAclaraci\u00f3n. La decisi\u00f3n de quitar las huellas dactilares a los periodistas acreditados de Casa Rosada se tom\u00f3 de manera preventiva ante la denuncia de Casa Militar por espionaje ilegal\u201d, expres\u00f3 Javier Lanari, vocero oficial, en su cuenta de la red social X.<\/p>\n<p>El funcionario, que no indic\u00f3 hasta cuando se extender\u00e1 la prohibici\u00f3n, aclar\u00f3 que la medida se adopt\u00f3 con \u201cel \u00fanico fin de garantizar la seguridad nacional\u201d.<\/p>\n<p>Lanari se refiri\u00f3 ese modo a la decisi\u00f3n del presidente Javier Milei, que no tiene antecedentes desde el retorno democr\u00e1tico de 1983, de cerrar la Sala de Periodistas de la Casa de Gobierno.<\/p>\n<p>Seg\u00fan pudo conocer la Agencia Noticias Argentinas, la medida obedeci\u00f3 a una filmaci\u00f3n no autorizada que habr\u00eda realizado un programa de la se\u00f1al de noticias TN, que fue denunciado por la Casa Militar, el organismo que tiene a su cargo la seguridad del Presidente y de la sede gubernamental.<\/p>\n<p>#AgenciaNA<\/p>\n","protected":false},"excerpt":{"rendered":"<p>Buenos Aires, 30 abril (NA) \u2013 Los periodistas acreditados en<\/p>\n","protected":false},"author":0,"featured_media":19455,"comment_status":"","ping_status":"","sticky":false,"template":"","format":"standard","meta":{"footnotes":""},"categories":[65],"tags":[],"class_list":["post-19454","post","type-post","status-publish","format-standard","has-post-thumbnail","hentry","category-pais"],"yoast_head":"<!-- This site is optimized with the Yoast SEO plugin v27.5 - https:\/\/yoast.com\/product\/yoast-seo-wordpress\/ -->\n<title>El lunes vuelve a abrir la sala de periodistas en la Casa Rosada - Cuarteto en la Web<\/title>\n<meta name=\"robots\" content=\"index, follow, max-snippet:-1, max-image-preview:large, max-video-preview:-1\" \/>\n<link rel=\"canonical\" href=\"https:\/\/cuartetoenlaweb.com.ar\/sitio\/el-lunes-vuelve-a-abrir-la-sala-de-periodistas-en-la-casa-rosada\/\" \/>\n<meta property=\"og:locale\" content=\"es_ES\" \/>\n<meta property=\"og:type\" content=\"article\" \/>\n<meta property=\"og:title\" content=\"El lunes vuelve a abrir la sala de periodistas en la Casa Rosada - Cuarteto en la Web\" \/>\n<meta property=\"og:description\" content=\"Buenos Aires, 30 abril (NA) \u2013 Los periodistas acreditados en\" \/>\n<meta property=\"og:url\" content=\"https:\/\/cuartetoenlaweb.com.ar\/sitio\/el-lunes-vuelve-a-abrir-la-sala-de-periodistas-en-la-casa-rosada\/\" \/>\n<meta property=\"og:site_name\" content=\"Cuarteto en la Web\" \/>\n<meta property=\"article:published_time\" content=\"2026-04-30T23:59:57+00:00\" \/>\n<meta name=\"twitter:card\" content=\"summary_large_image\" \/>\n<meta name=\"twitter:label1\" content=\"Tiempo de lectura\" \/>\n\t<meta name=\"twitter:data1\" content=\"1 minuto\" \/>\n<script type=\"application\/ld+json\" class=\"yoast-schema-graph\">{\"@context\":\"https:\\\/\\\/schema.org\",\"@graph\":[{\"@type\":\"Article\",\"@id\":\"https:\\\/\\\/cuartetoenlaweb.com.ar\\\/sitio\\\/el-lunes-vuelve-a-abrir-la-sala-de-periodistas-en-la-casa-rosada\\\/#article\",\"isPartOf\":{\"@id\":\"https:\\\/\\\/cuartetoenlaweb.com.ar\\\/sitio\\\/el-lunes-vuelve-a-abrir-la-sala-de-periodistas-en-la-casa-rosada\\\/\"},\"author\":{\"name\":\"\",\"@id\":\"\"},\"headline\":\"El lunes vuelve a abrir la sala de periodistas en la Casa Rosada\",\"datePublished\":\"2026-04-30T23:59:57+00:00\",\"mainEntityOfPage\":{\"@id\":\"https:\\\/\\\/cuartetoenlaweb.com.ar\\\/sitio\\\/el-lunes-vuelve-a-abrir-la-sala-de-periodistas-en-la-casa-rosada\\\/\"},\"wordCount\":299,\"publisher\":{\"@id\":\"http:\\\/\\\/cuartetoenlaweb.com.ar\\\/sitio\\\/#organization\"},\"image\":{\"@id\":\"https:\\\/\\\/cuartetoenlaweb.com.ar\\\/sitio\\\/el-lunes-vuelve-a-abrir-la-sala-de-periodistas-en-la-casa-rosada\\\/#primaryimage\"},\"thumbnailUrl\":\"https:\\\/\\\/cuartetoenlaweb.com.ar\\\/sitio\\\/wp-content\\\/uploads\\\/2026\\\/04\\\/720-732.jpeg\",\"articleSection\":[\"PAIS\"],\"inLanguage\":\"es\"},{\"@type\":\"WebPage\",\"@id\":\"https:\\\/\\\/cuartetoenlaweb.com.ar\\\/sitio\\\/el-lunes-vuelve-a-abrir-la-sala-de-periodistas-en-la-casa-rosada\\\/\",\"url\":\"https:\\\/\\\/cuartetoenlaweb.com.ar\\\/sitio\\\/el-lunes-vuelve-a-abrir-la-sala-de-periodistas-en-la-casa-rosada\\\/\",\"name\":\"El lunes vuelve a abrir la sala de periodistas en la Casa Rosada - Cuarteto en la Web\",\"isPartOf\":{\"@id\":\"http:\\\/\\\/cuartetoenlaweb.com.ar\\\/sitio\\\/#website\"},\"primaryImageOfPage\":{\"@id\":\"https:\\\/\\\/cuartetoenlaweb.com.ar\\\/sitio\\\/el-lunes-vuelve-a-abrir-la-sala-de-periodistas-en-la-casa-rosada\\\/#primaryimage\"},\"image\":{\"@id\":\"https:\\\/\\\/cuartetoenlaweb.com.ar\\\/sitio\\\/el-lunes-vuelve-a-abrir-la-sala-de-periodistas-en-la-casa-rosada\\\/#primaryimage\"},\"thumbnailUrl\":\"https:\\\/\\\/cuartetoenlaweb.com.ar\\\/sitio\\\/wp-content\\\/uploads\\\/2026\\\/04\\\/720-732.jpeg\",\"datePublished\":\"2026-04-30T23:59:57+00:00\",\"breadcrumb\":{\"@id\":\"https:\\\/\\\/cuartetoenlaweb.com.ar\\\/sitio\\\/el-lunes-vuelve-a-abrir-la-sala-de-periodistas-en-la-casa-rosada\\\/#breadcrumb\"},\"inLanguage\":\"es\",\"potentialAction\":[{\"@type\":\"ReadAction\",\"target\":[\"https:\\\/\\\/cuartetoenlaweb.com.ar\\\/sitio\\\/el-lunes-vuelve-a-abrir-la-sala-de-periodistas-en-la-casa-rosada\\\/\"]}]},{\"@type\":\"ImageObject\",\"inLanguage\":\"es\",\"@id\":\"https:\\\/\\\/cuartetoenlaweb.com.ar\\\/sitio\\\/el-lunes-vuelve-a-abrir-la-sala-de-periodistas-en-la-casa-rosada\\\/#primaryimage\",\"url\":\"https:\\\/\\\/cuartetoenlaweb.com.ar\\\/sitio\\\/wp-content\\\/uploads\\\/2026\\\/04\\\/720-732.jpeg\",\"contentUrl\":\"https:\\\/\\\/cuartetoenlaweb.com.ar\\\/sitio\\\/wp-content\\\/uploads\\\/2026\\\/04\\\/720-732.jpeg\",\"width\":1180,\"height\":720},{\"@type\":\"BreadcrumbList\",\"@id\":\"https:\\\/\\\/cuartetoenlaweb.com.ar\\\/sitio\\\/el-lunes-vuelve-a-abrir-la-sala-de-periodistas-en-la-casa-rosada\\\/#breadcrumb\",\"itemListElement\":[{\"@type\":\"ListItem\",\"position\":1,\"name\":\"Portada\",\"item\":\"http:\\\/\\\/cuartetoenlaweb.com.ar\\\/sitio\\\/\"},{\"@type\":\"ListItem\",\"position\":2,\"name\":\"El lunes vuelve a abrir la sala de periodistas en la Casa Rosada\"}]},{\"@type\":\"WebSite\",\"@id\":\"http:\\\/\\\/cuartetoenlaweb.com.ar\\\/sitio\\\/#website\",\"url\":\"http:\\\/\\\/cuartetoenlaweb.com.ar\\\/sitio\\\/\",\"name\":\"Cuarteto en la Web\",\"description\":\"\",\"publisher\":{\"@id\":\"http:\\\/\\\/cuartetoenlaweb.com.ar\\\/sitio\\\/#organization\"},\"potentialAction\":[{\"@type\":\"SearchAction\",\"target\":{\"@type\":\"EntryPoint\",\"urlTemplate\":\"http:\\\/\\\/cuartetoenlaweb.com.ar\\\/sitio\\\/?s={search_term_string}\"},\"query-input\":{\"@type\":\"PropertyValueSpecification\",\"valueRequired\":true,\"valueName\":\"search_term_string\"}}],\"inLanguage\":\"es\"},{\"@type\":\"Organization\",\"@id\":\"http:\\\/\\\/cuartetoenlaweb.com.ar\\\/sitio\\\/#organization\",\"name\":\"Cuarteto en la Web\",\"url\":\"http:\\\/\\\/cuartetoenlaweb.com.ar\\\/sitio\\\/\",\"logo\":{\"@type\":\"ImageObject\",\"inLanguage\":\"es\",\"@id\":\"http:\\\/\\\/cuartetoenlaweb.com.ar\\\/sitio\\\/#\\\/schema\\\/logo\\\/image\\\/\",\"url\":\"https:\\\/\\\/cuartetoenlaweb.com.ar\\\/sitio\\\/wp-content\\\/uploads\\\/2025\\\/07\\\/cropped-cropped-logitoweb21.png\",\"contentUrl\":\"https:\\\/\\\/cuartetoenlaweb.com.ar\\\/sitio\\\/wp-content\\\/uploads\\\/2025\\\/07\\\/cropped-cropped-logitoweb21.png\",\"width\":199,\"height\":199,\"caption\":\"Cuarteto en la Web\"},\"image\":{\"@id\":\"http:\\\/\\\/cuartetoenlaweb.com.ar\\\/sitio\\\/#\\\/schema\\\/logo\\\/image\\\/\"}}]}<\/script>\n<!-- \/ Yoast SEO plugin. -->","yoast_head_json":{"title":"El lunes vuelve a abrir la sala de periodistas en la Casa Rosada - Cuarteto en la Web","robots":{"index":"index","follow":"follow","max-snippet":"max-snippet:-1","max-image-preview":"max-image-preview:large","max-video-preview":"max-video-preview:-1"},"canonical":"https:\/\/cuartetoenlaweb.com.ar\/sitio\/el-lunes-vuelve-a-abrir-la-sala-de-periodistas-en-la-casa-rosada\/","og_locale":"es_ES","og_type":"article","og_title":"El lunes vuelve a abrir la sala de periodistas en la Casa Rosada - Cuarteto en la Web","og_description":"Buenos Aires, 30 abril (NA) \u2013 Los periodistas acreditados en","og_url":"https:\/\/cuartetoenlaweb.com.ar\/sitio\/el-lunes-vuelve-a-abrir-la-sala-de-periodistas-en-la-casa-rosada\/","og_site_name":"Cuarteto en la Web","article_published_time":"2026-04-30T23:59:57+00:00","twitter_card":"summary_large_image","twitter_misc":{"Tiempo de lectura":"1 minuto"},"schema":{"@context":"https:\/\/schema.org","@graph":[{"@type":"Article","@id":"https:\/\/cuartetoenlaweb.com.ar\/sitio\/el-lunes-vuelve-a-abrir-la-sala-de-periodistas-en-la-casa-rosada\/#article","isPartOf":{"@id":"https:\/\/cuartetoenlaweb.com.ar\/sitio\/el-lunes-vuelve-a-abrir-la-sala-de-periodistas-en-la-casa-rosada\/"},"author":{"name":"","@id":""},"headline":"El lunes vuelve a abrir la sala de periodistas en la Casa Rosada","datePublished":"2026-04-30T23:59:57+00:00","mainEntityOfPage":{"@id":"https:\/\/cuartetoenlaweb.com.ar\/sitio\/el-lunes-vuelve-a-abrir-la-sala-de-periodistas-en-la-casa-rosada\/"},"wordCount":299,"publisher":{"@id":"http:\/\/cuartetoenlaweb.com.ar\/sitio\/#organization"},"image":{"@id":"https:\/\/cuartetoenlaweb.com.ar\/sitio\/el-lunes-vuelve-a-abrir-la-sala-de-periodistas-en-la-casa-rosada\/#primaryimage"},"thumbnailUrl":"https:\/\/cuartetoenlaweb.com.ar\/sitio\/wp-content\/uploads\/2026\/04\/720-732.jpeg","articleSection":["PAIS"],"inLanguage":"es"},{"@type":"WebPage","@id":"https:\/\/cuartetoenlaweb.com.ar\/sitio\/el-lunes-vuelve-a-abrir-la-sala-de-periodistas-en-la-casa-rosada\/","url":"https:\/\/cuartetoenlaweb.com.ar\/sitio\/el-lunes-vuelve-a-abrir-la-sala-de-periodistas-en-la-casa-rosada\/","name":"El lunes vuelve a abrir la sala de periodistas en la Casa Rosada - Cuarteto en la Web","isPartOf":{"@id":"http:\/\/cuartetoenlaweb.com.ar\/sitio\/#website"},"primaryImageOfPage":{"@id":"https:\/\/cuartetoenlaweb.com.ar\/sitio\/el-lunes-vuelve-a-abrir-la-sala-de-periodistas-en-la-casa-rosada\/#primaryimage"},"image":{"@id":"https:\/\/cuartetoenlaweb.com.ar\/sitio\/el-lunes-vuelve-a-abrir-la-sala-de-periodistas-en-la-casa-rosada\/#primaryimage"},"thumbnailUrl":"https:\/\/cuartetoenlaweb.com.ar\/sitio\/wp-content\/uploads\/2026\/04\/720-732.jpeg","datePublished":"2026-04-30T23:59:57+00:00","breadcrumb":{"@id":"https:\/\/cuartetoenlaweb.com.ar\/sitio\/el-lunes-vuelve-a-abrir-la-sala-de-periodistas-en-la-casa-rosada\/#breadcrumb"},"inLanguage":"es","potentialAction":[{"@type":"ReadAction","target":["https:\/\/cuartetoenlaweb.com.ar\/sitio\/el-lunes-vuelve-a-abrir-la-sala-de-periodistas-en-la-casa-rosada\/"]}]},{"@type":"ImageObject","inLanguage":"es","@id":"https:\/\/cuartetoenlaweb.com.ar\/sitio\/el-lunes-vuelve-a-abrir-la-sala-de-periodistas-en-la-casa-rosada\/#primaryimage","url":"https:\/\/cuartetoenlaweb.com.ar\/sitio\/wp-content\/uploads\/2026\/04\/720-732.jpeg","contentUrl":"https:\/\/cuartetoenlaweb.com.ar\/sitio\/wp-content\/uploads\/2026\/04\/720-732.jpeg","width":1180,"height":720},{"@type":"BreadcrumbList","@id":"https:\/\/cuartetoenlaweb.com.ar\/sitio\/el-lunes-vuelve-a-abrir-la-sala-de-periodistas-en-la-casa-rosada\/#breadcrumb","itemListElement":[{"@type":"ListItem","position":1,"name":"Portada","item":"http:\/\/cuartetoenlaweb.com.ar\/sitio\/"},{"@type":"ListItem","position":2,"name":"El lunes vuelve a abrir la sala de periodistas en la Casa Rosada"}]},{"@type":"WebSite","@id":"http:\/\/cuartetoenlaweb.com.ar\/sitio\/#website","url":"http:\/\/cuartetoenlaweb.com.ar\/sitio\/","name":"Cuarteto en la Web","description":"","publisher":{"@id":"http:\/\/cuartetoenlaweb.com.ar\/sitio\/#organization"},"potentialAction":[{"@type":"SearchAction","target":{"@type":"EntryPoint","urlTemplate":"http:\/\/cuartetoenlaweb.com.ar\/sitio\/?s={search_term_string}"},"query-input":{"@type":"PropertyValueSpecification","valueRequired":true,"valueName":"search_term_string"}}],"inLanguage":"es"},{"@type":"Organization","@id":"http:\/\/cuartetoenlaweb.com.ar\/sitio\/#organization","name":"Cuarteto en la Web","url":"http:\/\/cuartetoenlaweb.com.ar\/sitio\/","logo":{"@type":"ImageObject","inLanguage":"es","@id":"http:\/\/cuartetoenlaweb.com.ar\/sitio\/#\/schema\/logo\/image\/","url":"https:\/\/cuartetoenlaweb.com.ar\/sitio\/wp-content\/uploads\/2025\/07\/cropped-cropped-logitoweb21.png","contentUrl":"https:\/\/cuartetoenlaweb.com.ar\/sitio\/wp-content\/uploads\/2025\/07\/cropped-cropped-logitoweb21.png","width":199,"height":199,"caption":"Cuarteto en la Web"},"image":{"@id":"http:\/\/cuartetoenlaweb.com.ar\/sitio\/#\/schema\/logo\/image\/"}}]}},"_links":{"self":[{"href":"https:\/\/cuartetoenlaweb.com.ar\/sitio\/wp-json\/wp\/v2\/posts\/19454","targetHints":{"allow":["GET"]}}],"collection":[{"href":"https:\/\/cuartetoenlaweb.com.ar\/sitio\/wp-json\/wp\/v2\/posts"}],"about":[{"href":"https:\/\/cuartetoenlaweb.com.ar\/sitio\/wp-json\/wp\/v2\/types\/post"}],"replies":[{"embeddable":true,"href":"https:\/\/cuartetoenlaweb.com.ar\/sitio\/wp-json\/wp\/v2\/comments?post=19454"}],"version-history":[{"count":0,"href":"https:\/\/cuartetoenlaweb.com.ar\/sitio\/wp-json\/wp\/v2\/posts\/19454\/revisions"}],"wp:featuredmedia":[{"embeddable":true,"href":"https:\/\/cuartetoenlaweb.com.ar\/sitio\/wp-json\/wp\/v2\/media\/19455"}],"wp:attachment":[{"href":"https:\/\/cuartetoenlaweb.com.ar\/sitio\/wp-json\/wp\/v2\/media?parent=19454"}],"wp:term":[{"taxonomy":"category","embeddable":true,"href":"https:\/\/cuartetoenlaweb.com.ar\/sitio\/wp-json\/wp\/v2\/categories?post=19454"},{"taxonomy":"post_tag","embeddable":true,"href":"https:\/\/cuartetoenlaweb.com.ar\/sitio\/wp-json\/wp\/v2\/tags?post=19454"}],"curies":[{"name":"wp","href":"https:\/\/api.w.org\/{rel}","templated":true}]}}